{"id":181113,"date":"2018-10-29T14:04:11","date_gmt":"2018-10-29T13:04:11","guid":{"rendered":"http:\/\/kapitalis.com\/tunisie\/?p=181113"},"modified":"2018-10-29T14:05:35","modified_gmt":"2018-10-29T13:05:35","slug":"kerkennah-perturbation-des-traversees-du-loud-a-cause-de-la-meteo","status":"publish","type":"post","link":"https:\/\/kapitalis.com\/tunisie\/2018\/10\/29\/kerkennah-perturbation-des-traversees-du-loud-a-cause-de-la-meteo\/","title":{"rendered":"Kerkennah : Perturbation des travers\u00e9es du Loud \u00e0 cause de la m\u00e9t\u00e9o"},"content":{"rendered":"<p style=\"text-align: center;\"><img loading=\"lazy\" decoding=\"async\" class=\"alignnone size-full wp-image-181118\" src=\"http:\/\/kapitalis.com\/tunisie\/wp-content\/uploads\/2018\/10\/Sfax-m\u00e9t\u00e9o-temp\u00eate.jpg\" alt=\"\" width=\"626\" height=\"380\" \/><\/p>\n<p style=\"text-align: center;\"><em>Sfax aujourd&rsquo;hui, lundi 29 octobre 2018.<\/em><\/p>\n<p><em><strong>Les voyages du bateau \u201cLoud\u201d entre Sfax et l\u2019\u00eele de Kerkennah conna\u00eetront des perturbations, tout au long de cette journ\u00e9e du lundi 29 octobre 2018, \u00e0 cause des conditions m\u00e9t\u00e9orologiques, notamment de forts vents accompagn\u00e9s de ph\u00e9nom\u00e8nes de sable.<\/strong><\/em><!--more--><\/p>\n<p>Les travers\u00e9es de la matin\u00e9e ont \u00e9t\u00e9 annul\u00e9es, pr\u00e9cise la Soci\u00e9t\u00e9 nouvelle de transport Kerkennah (Sonotrak), en annon\u00e7ant que les travers\u00e9es pr\u00e9vues pour le reste de la journ\u00e9e seront perturb\u00e9es et que la d\u00e9cision de leur maintien ou annulation sera annonc\u00e9e 30 minutes avant l\u2019heure du pr\u00e9vue du d\u00e9part.<\/p>\n<p>La Sonotrak assure avoir pris cette d\u00e9cision pour la s\u00e9curit\u00e9 des citoyens.<\/p>\n<p>Par ailleurs, des temp\u00eates de sables ont r\u00e9duit la visibilit\u00e9 sur les routes et les automobilistes sont appel\u00e9s \u00e0 la prudence.<\/p>\n<p style=\"text-align: right;\"><strong>Y. N.<\/strong><\/p>\n<blockquote class=\"wp-embedded-content\" data-secret=\"pslqE29dgT\"><p><a href=\"https:\/\/kapitalis.com\/tunisie\/2018\/10\/29\/meteo-des-vents-a-100km-h-avec-phenomenes-de-sable\/\">M\u00e9t\u00e9o &#8211; Tunisie : Des vents \u00e0 100km\/h avec ph\u00e9nom\u00e8nes de sable<\/a><\/p><\/blockquote>\n<p><iframe loading=\"lazy\" class=\"wp-embedded-content\" sandbox=\"allow-scripts\" security=\"restricted\" style=\"position: absolute; clip: rect(1px, 1px, 1px, 1px);\" title=\"\u00ab\u00a0M\u00e9t\u00e9o &#8211; Tunisie : Des vents \u00e0 100km\/h avec ph\u00e9nom\u00e8nes de sable\u00a0\u00bb &#8212; Kapitalis\" src=\"https:\/\/kapitalis.com\/tunisie\/2018\/10\/29\/meteo-des-vents-a-100km-h-avec-phenomenes-de-sable\/embed\/#?secret=MwD2yksHn5#?secret=pslqE29dgT\" data-secret=\"pslqE29dgT\" width=\"600\" height=\"338\" frameborder=\"0\" marginwidth=\"0\" marginheight=\"0\" scrolling=\"no\"><\/iframe><\/p>\n","protected":false},"excerpt":{"rendered":"<p>Sfax aujourd&rsquo;hui, lundi 29 octobre 2018. Les voyages du bateau \u201cLoud\u201d entre Sfax et l\u2019\u00eele de Kerkennah conna\u00eetront des perturbations, tout au long de cette journ\u00e9e du lundi 29 octobre 2018, \u00e0 cause des conditions m\u00e9t\u00e9orologiques, notamment de forts vents accompagn\u00e9s de ph\u00e9nom\u00e8nes de sable.<\/p>\n","protected":false},"author":6,"featured_media":181118,"comment_status":"open","ping_status":"open","sticky":false,"template":"","format":"standard","meta":{"footnotes":""},"categories":[998,2433],"tags":[4479,603,918,4029],"class_list":["post-181113","post","type-post","status-publish","format-standard","has-post-thumbnail","hentry","category-societe","category-tunisie","tag-kerkennah","tag-meteo","tag-transport","tag-vents"],"yoast_head":"<!-- This site is optimized with the Yoast SEO plugin v26.6 - https:\/\/yoast.com\/wordpress\/plugins\/seo\/ -->\n<title>Kerkennah : Perturbation des travers\u00e9es du Loud \u00e0 cause de la m\u00e9t\u00e9o - Kapitalis<\/title>\n<meta name=\"robots\" content=\"index, follow, max-snippet:-1, max-image-preview:large, max-video-preview:-1\" \/>\n<link rel=\"canonical\" href=\"https:\/\/kapitalis.com\/tunisie\/2018\/10\/29\/kerkennah-perturbation-des-traversees-du-loud-a-cause-de-la-meteo\/\" \/>\n<meta property=\"og:locale\" content=\"fr_FR\" \/>\n<meta property=\"og:type\" content=\"article\" \/>\n<meta property=\"og:title\" content=\"Kerkennah : Perturbation des travers\u00e9es du Loud \u00e0 cause de la m\u00e9t\u00e9o - Kapitalis\" \/>\n<meta property=\"og:description\" content=\"Sfax aujourd&rsquo;hui, lundi 29 octobre 2018. Les voyages du bateau \u201cLoud\u201d entre Sfax et l\u2019\u00eele de Kerkennah conna\u00eetront des perturbations, tout au long de cette journ\u00e9e du lundi 29 octobre 2018, \u00e0 cause des conditions m\u00e9t\u00e9orologiques, notamment de forts vents accompagn\u00e9s de ph\u00e9nom\u00e8nes de sable.\" \/>\n<meta property=\"og:url\" content=\"https:\/\/kapitalis.com\/tunisie\/2018\/10\/29\/kerkennah-perturbation-des-traversees-du-loud-a-cause-de-la-meteo\/\" \/>\n<meta property=\"og:site_name\" content=\"Kapitalis\" \/>\n<meta property=\"article:publisher\" content=\"https:\/\/www.facebook.com\/KapitalisInfo\/\" \/>\n<meta property=\"article:published_time\" content=\"2018-10-29T13:04:11+00:00\" \/>\n<meta property=\"article:modified_time\" content=\"2018-10-29T13:05:35+00:00\" \/>\n<meta property=\"og:image\" content=\"https:\/\/kapitalis.com\/tunisie\/wp-content\/uploads\/2022\/05\/kapitalis-logo-fb.png\" \/>\n\t<meta property=\"og:image:width\" content=\"1200\" \/>\n\t<meta property=\"og:image:height\" content=\"630\" \/>\n\t<meta property=\"og:image:type\" content=\"image\/png\" \/>\n<meta name=\"author\" content=\"Yusra NY\" \/>\n<meta name=\"twitter:card\" content=\"summary_large_image\" \/>\n<meta name=\"twitter:creator\" content=\"@KapitalisInfo\" \/>\n<meta name=\"twitter:site\" content=\"@KapitalisInfo\" \/>\n<meta name=\"twitter:label1\" content=\"\u00c9crit par\" \/>\n\t<meta name=\"twitter:data1\" content=\"Yusra NY\" \/>\n\t<meta name=\"twitter:label2\" content=\"Dur\u00e9e de lecture estim\u00e9e\" \/>\n\t<meta name=\"twitter:data2\" content=\"1 minute\" \/>\n<script type=\"application\/ld+json\" class=\"yoast-schema-graph\">{\"@context\":\"https:\/\/schema.org\",\"@graph\":[{\"@type\":\"Article\",\"@id\":\"https:\/\/kapitalis.com\/tunisie\/2018\/10\/29\/kerkennah-perturbation-des-traversees-du-loud-a-cause-de-la-meteo\/#article\",\"isPartOf\":{\"@id\":\"https:\/\/kapitalis.com\/tunisie\/2018\/10\/29\/kerkennah-perturbation-des-traversees-du-loud-a-cause-de-la-meteo\/\"},\"author\":{\"name\":\"Yusra NY\",\"@id\":\"https:\/\/kapitalis.com\/tunisie\/#\/schema\/person\/74bbde0154d49d790a92aaeac5bc01d5\"},\"headline\":\"Kerkennah : Perturbation des travers\u00e9es du Loud \u00e0 cause de la m\u00e9t\u00e9o\",\"datePublished\":\"2018-10-29T13:04:11+00:00\",\"dateModified\":\"2018-10-29T13:05:35+00:00\",\"mainEntityOfPage\":{\"@id\":\"https:\/\/kapitalis.com\/tunisie\/2018\/10\/29\/kerkennah-perturbation-des-traversees-du-loud-a-cause-de-la-meteo\/\"},\"wordCount\":169,\"commentCount\":0,\"publisher\":{\"@id\":\"https:\/\/kapitalis.com\/tunisie\/#organization\"},\"image\":{\"@id\":\"https:\/\/kapitalis.com\/tunisie\/2018\/10\/29\/kerkennah-perturbation-des-traversees-du-loud-a-cause-de-la-meteo\/#primaryimage\"},\"thumbnailUrl\":\"\",\"keywords\":[\"Kerkennah\",\"m\u00e9t\u00e9o\",\"transport\",\"vents\"],\"articleSection\":[\"SOCIETE\",\"Tunisie\"],\"inLanguage\":\"fr-FR\",\"potentialAction\":[{\"@type\":\"CommentAction\",\"name\":\"Comment\",\"target\":[\"https:\/\/kapitalis.com\/tunisie\/2018\/10\/29\/kerkennah-perturbation-des-traversees-du-loud-a-cause-de-la-meteo\/#respond\"]}]},{\"@type\":\"WebPage\",\"@id\":\"https:\/\/kapitalis.com\/tunisie\/2018\/10\/29\/kerkennah-perturbation-des-traversees-du-loud-a-cause-de-la-meteo\/\",\"url\":\"https:\/\/kapitalis.com\/tunisie\/2018\/10\/29\/kerkennah-perturbation-des-traversees-du-loud-a-cause-de-la-meteo\/\",\"name\":\"Kerkennah : Perturbation des travers\u00e9es du Loud \u00e0 cause de la m\u00e9t\u00e9o - Kapitalis\",\"isPartOf\":{\"@id\":\"https:\/\/kapitalis.com\/tunisie\/#website\"},\"primaryImageOfPage\":{\"@id\":\"https:\/\/kapitalis.com\/tunisie\/2018\/10\/29\/kerkennah-perturbation-des-traversees-du-loud-a-cause-de-la-meteo\/#primaryimage\"},\"image\":{\"@id\":\"https:\/\/kapitalis.com\/tunisie\/2018\/10\/29\/kerkennah-perturbation-des-traversees-du-loud-a-cause-de-la-meteo\/#primaryimage\"},\"thumbnailUrl\":\"\",\"datePublished\":\"2018-10-29T13:04:11+00:00\",\"dateModified\":\"2018-10-29T13:05:35+00:00\",\"breadcrumb\":{\"@id\":\"https:\/\/kapitalis.com\/tunisie\/2018\/10\/29\/kerkennah-perturbation-des-traversees-du-loud-a-cause-de-la-meteo\/#breadcrumb\"},\"inLanguage\":\"fr-FR\",\"potentialAction\":[{\"@type\":\"ReadAction\",\"target\":[\"https:\/\/kapitalis.com\/tunisie\/2018\/10\/29\/kerkennah-perturbation-des-traversees-du-loud-a-cause-de-la-meteo\/\"]}]},{\"@type\":\"ImageObject\",\"inLanguage\":\"fr-FR\",\"@id\":\"https:\/\/kapitalis.com\/tunisie\/2018\/10\/29\/kerkennah-perturbation-des-traversees-du-loud-a-cause-de-la-meteo\/#primaryimage\",\"url\":\"\",\"contentUrl\":\"\"},{\"@type\":\"BreadcrumbList\",\"@id\":\"https:\/\/kapitalis.com\/tunisie\/2018\/10\/29\/kerkennah-perturbation-des-traversees-du-loud-a-cause-de-la-meteo\/#breadcrumb\",\"itemListElement\":[{\"@type\":\"ListItem\",\"position\":1,\"name\":\"Accueil\",\"item\":\"https:\/\/kapitalis.com\/tunisie\/\"},{\"@type\":\"ListItem\",\"position\":2,\"name\":\"Kerkennah : Perturbation des travers\u00e9es du Loud \u00e0 cause de la m\u00e9t\u00e9o\"}]},{\"@type\":\"WebSite\",\"@id\":\"https:\/\/kapitalis.com\/tunisie\/#website\",\"url\":\"https:\/\/kapitalis.com\/tunisie\/\",\"name\":\"Kapitalis\",\"description\":\"L&#039;actualit\u00e9 en Tunisie et dans le monde\",\"publisher\":{\"@id\":\"https:\/\/kapitalis.com\/tunisie\/#organization\"},\"potentialAction\":[{\"@type\":\"SearchAction\",\"target\":{\"@type\":\"EntryPoint\",\"urlTemplate\":\"https:\/\/kapitalis.com\/tunisie\/?s={search_term_string}\"},\"query-input\":{\"@type\":\"PropertyValueSpecification\",\"valueRequired\":true,\"valueName\":\"search_term_string\"}}],\"inLanguage\":\"fr-FR\"},{\"@type\":\"Organization\",\"@id\":\"https:\/\/kapitalis.com\/tunisie\/#organization\",\"name\":\"Kapitalis\",\"url\":\"https:\/\/kapitalis.com\/tunisie\/\",\"logo\":{\"@type\":\"ImageObject\",\"inLanguage\":\"fr-FR\",\"@id\":\"https:\/\/kapitalis.com\/tunisie\/#\/schema\/logo\/image\/\",\"url\":\"https:\/\/kapitalis.com\/tunisie\/wp-content\/uploads\/2022\/05\/Kapitalis-big-size.png\",\"contentUrl\":\"https:\/\/kapitalis.com\/tunisie\/wp-content\/uploads\/2022\/05\/Kapitalis-big-size.png\",\"width\":5000,\"height\":1500,\"caption\":\"Kapitalis\"},\"image\":{\"@id\":\"https:\/\/kapitalis.com\/tunisie\/#\/schema\/logo\/image\/\"},\"sameAs\":[\"https:\/\/www.facebook.com\/KapitalisInfo\/\",\"https:\/\/x.com\/KapitalisInfo\",\"https:\/\/www.youtube.com\/channel\/UC-yDYrHyfFBWWZaOw3FPg9Q\"]},{\"@type\":\"Person\",\"@id\":\"https:\/\/kapitalis.com\/tunisie\/#\/schema\/person\/74bbde0154d49d790a92aaeac5bc01d5\",\"name\":\"Yusra NY\",\"url\":\"https:\/\/kapitalis.com\/tunisie\/author\/yuza_adam\/\"}]}<\/script>\n<!-- \/ Yoast SEO plugin. -->","yoast_head_json":{"title":"Kerkennah : Perturbation des travers\u00e9es du Loud \u00e0 cause de la m\u00e9t\u00e9o - Kapitalis","robots":{"index":"index","follow":"follow","max-snippet":"max-snippet:-1","max-image-preview":"max-image-preview:large","max-video-preview":"max-video-preview:-1"},"canonical":"https:\/\/kapitalis.com\/tunisie\/2018\/10\/29\/kerkennah-perturbation-des-traversees-du-loud-a-cause-de-la-meteo\/","og_locale":"fr_FR","og_type":"article","og_title":"Kerkennah : Perturbation des travers\u00e9es du Loud \u00e0 cause de la m\u00e9t\u00e9o - Kapitalis","og_description":"Sfax aujourd&rsquo;hui, lundi 29 octobre 2018. Les voyages du bateau \u201cLoud\u201d entre Sfax et l\u2019\u00eele de Kerkennah conna\u00eetront des perturbations, tout au long de cette journ\u00e9e du lundi 29 octobre 2018, \u00e0 cause des conditions m\u00e9t\u00e9orologiques, notamment de forts vents accompagn\u00e9s de ph\u00e9nom\u00e8nes de sable.","og_url":"https:\/\/kapitalis.com\/tunisie\/2018\/10\/29\/kerkennah-perturbation-des-traversees-du-loud-a-cause-de-la-meteo\/","og_site_name":"Kapitalis","article_publisher":"https:\/\/www.facebook.com\/KapitalisInfo\/","article_published_time":"2018-10-29T13:04:11+00:00","article_modified_time":"2018-10-29T13:05:35+00:00","og_image":[{"width":1200,"height":630,"url":"https:\/\/kapitalis.com\/tunisie\/wp-content\/uploads\/2022\/05\/kapitalis-logo-fb.png","type":"image\/png"}],"author":"Yusra NY","twitter_card":"summary_large_image","twitter_creator":"@KapitalisInfo","twitter_site":"@KapitalisInfo","twitter_misc":{"\u00c9crit par":"Yusra NY","Dur\u00e9e de lecture estim\u00e9e":"1 minute"},"schema":{"@context":"https:\/\/schema.org","@graph":[{"@type":"Article","@id":"https:\/\/kapitalis.com\/tunisie\/2018\/10\/29\/kerkennah-perturbation-des-traversees-du-loud-a-cause-de-la-meteo\/#article","isPartOf":{"@id":"https:\/\/kapitalis.com\/tunisie\/2018\/10\/29\/kerkennah-perturbation-des-traversees-du-loud-a-cause-de-la-meteo\/"},"author":{"name":"Yusra NY","@id":"https:\/\/kapitalis.com\/tunisie\/#\/schema\/person\/74bbde0154d49d790a92aaeac5bc01d5"},"headline":"Kerkennah : Perturbation des travers\u00e9es du Loud \u00e0 cause de la m\u00e9t\u00e9o","datePublished":"2018-10-29T13:04:11+00:00","dateModified":"2018-10-29T13:05:35+00:00","mainEntityOfPage":{"@id":"https:\/\/kapitalis.com\/tunisie\/2018\/10\/29\/kerkennah-perturbation-des-traversees-du-loud-a-cause-de-la-meteo\/"},"wordCount":169,"commentCount":0,"publisher":{"@id":"https:\/\/kapitalis.com\/tunisie\/#organization"},"image":{"@id":"https:\/\/kapitalis.com\/tunisie\/2018\/10\/29\/kerkennah-perturbation-des-traversees-du-loud-a-cause-de-la-meteo\/#primaryimage"},"thumbnailUrl":"","keywords":["Kerkennah","m\u00e9t\u00e9o","transport","vents"],"articleSection":["SOCIETE","Tunisie"],"inLanguage":"fr-FR","potentialAction":[{"@type":"CommentAction","name":"Comment","target":["https:\/\/kapitalis.com\/tunisie\/2018\/10\/29\/kerkennah-perturbation-des-traversees-du-loud-a-cause-de-la-meteo\/#respond"]}]},{"@type":"WebPage","@id":"https:\/\/kapitalis.com\/tunisie\/2018\/10\/29\/kerkennah-perturbation-des-traversees-du-loud-a-cause-de-la-meteo\/","url":"https:\/\/kapitalis.com\/tunisie\/2018\/10\/29\/kerkennah-perturbation-des-traversees-du-loud-a-cause-de-la-meteo\/","name":"Kerkennah : Perturbation des travers\u00e9es du Loud \u00e0 cause de la m\u00e9t\u00e9o - Kapitalis","isPartOf":{"@id":"https:\/\/kapitalis.com\/tunisie\/#website"},"primaryImageOfPage":{"@id":"https:\/\/kapitalis.com\/tunisie\/2018\/10\/29\/kerkennah-perturbation-des-traversees-du-loud-a-cause-de-la-meteo\/#primaryimage"},"image":{"@id":"https:\/\/kapitalis.com\/tunisie\/2018\/10\/29\/kerkennah-perturbation-des-traversees-du-loud-a-cause-de-la-meteo\/#primaryimage"},"thumbnailUrl":"","datePublished":"2018-10-29T13:04:11+00:00","dateModified":"2018-10-29T13:05:35+00:00","breadcrumb":{"@id":"https:\/\/kapitalis.com\/tunisie\/2018\/10\/29\/kerkennah-perturbation-des-traversees-du-loud-a-cause-de-la-meteo\/#breadcrumb"},"inLanguage":"fr-FR","potentialAction":[{"@type":"ReadAction","target":["https:\/\/kapitalis.com\/tunisie\/2018\/10\/29\/kerkennah-perturbation-des-traversees-du-loud-a-cause-de-la-meteo\/"]}]},{"@type":"ImageObject","inLanguage":"fr-FR","@id":"https:\/\/kapitalis.com\/tunisie\/2018\/10\/29\/kerkennah-perturbation-des-traversees-du-loud-a-cause-de-la-meteo\/#primaryimage","url":"","contentUrl":""},{"@type":"BreadcrumbList","@id":"https:\/\/kapitalis.com\/tunisie\/2018\/10\/29\/kerkennah-perturbation-des-traversees-du-loud-a-cause-de-la-meteo\/#breadcrumb","itemListElement":[{"@type":"ListItem","position":1,"name":"Accueil","item":"https:\/\/kapitalis.com\/tunisie\/"},{"@type":"ListItem","position":2,"name":"Kerkennah : Perturbation des travers\u00e9es du Loud \u00e0 cause de la m\u00e9t\u00e9o"}]},{"@type":"WebSite","@id":"https:\/\/kapitalis.com\/tunisie\/#website","url":"https:\/\/kapitalis.com\/tunisie\/","name":"Kapitalis","description":"L&#039;actualit\u00e9 en Tunisie et dans le monde","publisher":{"@id":"https:\/\/kapitalis.com\/tunisie\/#organization"},"potentialAction":[{"@type":"SearchAction","target":{"@type":"EntryPoint","urlTemplate":"https:\/\/kapitalis.com\/tunisie\/?s={search_term_string}"},"query-input":{"@type":"PropertyValueSpecification","valueRequired":true,"valueName":"search_term_string"}}],"inLanguage":"fr-FR"},{"@type":"Organization","@id":"https:\/\/kapitalis.com\/tunisie\/#organization","name":"Kapitalis","url":"https:\/\/kapitalis.com\/tunisie\/","logo":{"@type":"ImageObject","inLanguage":"fr-FR","@id":"https:\/\/kapitalis.com\/tunisie\/#\/schema\/logo\/image\/","url":"https:\/\/kapitalis.com\/tunisie\/wp-content\/uploads\/2022\/05\/Kapitalis-big-size.png","contentUrl":"https:\/\/kapitalis.com\/tunisie\/wp-content\/uploads\/2022\/05\/Kapitalis-big-size.png","width":5000,"height":1500,"caption":"Kapitalis"},"image":{"@id":"https:\/\/kapitalis.com\/tunisie\/#\/schema\/logo\/image\/"},"sameAs":["https:\/\/www.facebook.com\/KapitalisInfo\/","https:\/\/x.com\/KapitalisInfo","https:\/\/www.youtube.com\/channel\/UC-yDYrHyfFBWWZaOw3FPg9Q"]},{"@type":"Person","@id":"https:\/\/kapitalis.com\/tunisie\/#\/schema\/person\/74bbde0154d49d790a92aaeac5bc01d5","name":"Yusra NY","url":"https:\/\/kapitalis.com\/tunisie\/author\/yuza_adam\/"}]}},"_links":{"self":[{"href":"https:\/\/kapitalis.com\/tunisie\/wp-json\/wp\/v2\/posts\/181113","targetHints":{"allow":["GET"]}}],"collection":[{"href":"https:\/\/kapitalis.com\/tunisie\/wp-json\/wp\/v2\/posts"}],"about":[{"href":"https:\/\/kapitalis.com\/tunisie\/wp-json\/wp\/v2\/types\/post"}],"author":[{"embeddable":true,"href":"https:\/\/kapitalis.com\/tunisie\/wp-json\/wp\/v2\/users\/6"}],"replies":[{"embeddable":true,"href":"https:\/\/kapitalis.com\/tunisie\/wp-json\/wp\/v2\/comments?post=181113"}],"version-history":[{"count":0,"href":"https:\/\/kapitalis.com\/tunisie\/wp-json\/wp\/v2\/posts\/181113\/revisions"}],"wp:featuredmedia":[{"embeddable":true,"href":"https:\/\/kapitalis.com\/tunisie\/wp-json\/wp\/v2\/media\/181118"}],"wp:attachment":[{"href":"https:\/\/kapitalis.com\/tunisie\/wp-json\/wp\/v2\/media?parent=181113"}],"wp:term":[{"taxonomy":"category","embeddable":true,"href":"https:\/\/kapitalis.com\/tunisie\/wp-json\/wp\/v2\/categories?post=181113"},{"taxonomy":"post_tag","embeddable":true,"href":"https:\/\/kapitalis.com\/tunisie\/wp-json\/wp\/v2\/tags?post=181113"}],"curies":[{"name":"wp","href":"https:\/\/api.w.org\/{rel}","templated":true}]}}