{"id":181253,"date":"2018-10-30T09:14:53","date_gmt":"2018-10-30T08:14:53","guid":{"rendered":"http:\/\/kapitalis.com\/tunisie\/?p=181253"},"modified":"2018-10-30T09:14:53","modified_gmt":"2018-10-30T08:14:53","slug":"attentat-suicide-a-tunis-les-jcc-se-tiendront-a-la-date-convenue","status":"publish","type":"post","link":"https:\/\/kapitalis.com\/tunisie\/2018\/10\/30\/attentat-suicide-a-tunis-les-jcc-se-tiendront-a-la-date-convenue\/","title":{"rendered":"Attentat-suicide \u00e0 Tunis : Les JCC se tiendront \u00e0 la date convenue"},"content":{"rendered":"<p style=\"text-align: center;\"><img loading=\"lazy\" decoding=\"async\" class=\"alignnone size-full wp-image-173988\" src=\"http:\/\/kapitalis.com\/tunisie\/wp-content\/uploads\/2018\/09\/JCC-2018.jpg\" alt=\"\" width=\"626\" height=\"380\" \/><\/p>\n<p><em><strong>En d\u00e9pit de l&rsquo;attentat-suicide d&rsquo;hier, lundi 29 octobre 2018, \u00e0 l&rsquo;avenue Habib Bourguiba, au centre-ville de Tunis, l&rsquo;ouverture des Journ\u00e9es cin\u00e9matographique de Carthage (JCC) aura bien lieu, le samedi 3 novembre prochain, informe le comit\u00e9 d&rsquo;organisation.<\/strong><\/em><!--more--><\/p>\n<p>Le directeur des JCC, N\u00e9jib Ayed, et les membres du comit\u00e9 d&rsquo;organisation ont fermement condamn\u00e9 le l\u00e2che attentat-suicide perp\u00e9tr\u00e9 hier par une jeune femme et qui a fait 20 bless\u00e9s, 15 agents s\u00e9curitaires,\u00a0dont 2 ayant subi une op\u00e9ration chirurgicale au niveau de la jambe, et 5 civils dont 2 enfants, tous l\u00e9g\u00e8rement bless\u00e9s.<\/p>\n<p>\u00ab<em>A l\u2019image de la Tunisie, les JCC, lieu de libert\u00e9 et de r\u00e9sistance, ne plieront pas devant les porteurs de projets obscurantistes, et fid\u00e8les \u00e0 leurs convictions, continueront \u00e0 clamer haut et fort que seule la culture est un rempart infranchissable contre l\u2019ignorance et les entreprises mortif\u00e8res. Le terrorisme aujourd\u2019hui\u00a0est un ph\u00e9nom\u00e8ne global et malheureusement personne n\u2019est \u00e0 l\u2019abri<\/em>\u00bb, indique le communiqu\u00e9 des JCC publi\u00e9 hier.<\/p>\n<p>Le comit\u00e9 d&rsquo;organisation informe, par ailleurs, que le festival se tiendra \u00e0 la date convenue (du 3 au 10 novembre) et sera une occasion pour c\u00e9l\u00e9brer\u00a0les valeurs de tol\u00e9rance, d\u2019ouverture et de la vie face au nihilisme.<\/p>\n<p style=\"text-align: right;\"><strong>E. B. A.<\/strong><\/p>\n<blockquote class=\"wp-embedded-content\" data-secret=\"Y74uqSCyeP\"><p><a href=\"https:\/\/kapitalis.com\/tunisie\/2018\/10\/29\/une-bombe-artisanale-utilisee-dans-lattentat-de-lavenue-bourguiba\/\">Une bombe artisanale utilis\u00e9e dans l\u2019attentat de l\u2019avenue Bourguiba<\/a><\/p><\/blockquote>\n<p><iframe loading=\"lazy\" class=\"wp-embedded-content\" sandbox=\"allow-scripts\" security=\"restricted\" style=\"position: absolute; clip: rect(1px, 1px, 1px, 1px);\" title=\"\u00ab\u00a0Une bombe artisanale utilis\u00e9e dans l\u2019attentat de l\u2019avenue Bourguiba\u00a0\u00bb &#8212; Kapitalis\" src=\"https:\/\/kapitalis.com\/tunisie\/2018\/10\/29\/une-bombe-artisanale-utilisee-dans-lattentat-de-lavenue-bourguiba\/embed\/#?secret=SbSnmDtWMm#?secret=Y74uqSCyeP\" data-secret=\"Y74uqSCyeP\" width=\"600\" height=\"338\" frameborder=\"0\" marginwidth=\"0\" marginheight=\"0\" scrolling=\"no\"><\/iframe><\/p>\n<blockquote class=\"wp-embedded-content\" data-secret=\"LpRpcSaqx4\"><p><a href=\"https:\/\/kapitalis.com\/tunisie\/2018\/10\/18\/jcc-2018-vers-une-meilleure-organisation-et-un-retour-aux-sources\/\">JCC 2018 : Vers une meilleure organisation et un retour aux sources<\/a><\/p><\/blockquote>\n<p><iframe loading=\"lazy\" class=\"wp-embedded-content\" sandbox=\"allow-scripts\" security=\"restricted\" style=\"position: absolute; clip: rect(1px, 1px, 1px, 1px);\" title=\"\u00ab\u00a0JCC 2018 : Vers une meilleure organisation et un retour aux sources\u00a0\u00bb &#8212; Kapitalis\" src=\"https:\/\/kapitalis.com\/tunisie\/2018\/10\/18\/jcc-2018-vers-une-meilleure-organisation-et-un-retour-aux-sources\/embed\/#?secret=nvjsT9a6GX#?secret=LpRpcSaqx4\" data-secret=\"LpRpcSaqx4\" width=\"600\" height=\"338\" frameborder=\"0\" marginwidth=\"0\" marginheight=\"0\" scrolling=\"no\"><\/iframe><\/p>\n","protected":false},"excerpt":{"rendered":"<p>En d\u00e9pit de l&rsquo;attentat-suicide d&rsquo;hier, lundi 29 octobre 2018, \u00e0 l&rsquo;avenue Habib Bourguiba, au centre-ville de Tunis, l&rsquo;ouverture des Journ\u00e9es cin\u00e9matographique de Carthage (JCC) aura bien lieu, le samedi 3 novembre prochain, informe le comit\u00e9 d&rsquo;organisation.<\/p>\n","protected":false},"author":16,"featured_media":0,"comment_status":"open","ping_status":"open","sticky":false,"template":"","format":"standard","meta":{"footnotes":""},"categories":[994,2433],"tags":[10043,2358,510,52224,8175],"class_list":["post-181253","post","type-post","status-publish","format-standard","hentry","category-culture","category-tunisie","tag-attentat-suicide","tag-habib-bourguiba","tag-jcc","tag-mouna-guebla","tag-nejib-ayed"],"yoast_head":"<!-- This site is optimized with the Yoast SEO plugin v26.6 - https:\/\/yoast.com\/wordpress\/plugins\/seo\/ -->\n<title>Attentat-suicide \u00e0 Tunis : Les JCC se tiendront \u00e0 la date convenue - Kapitalis<\/title>\n<meta name=\"robots\" content=\"index, follow, max-snippet:-1, max-image-preview:large, max-video-preview:-1\" \/>\n<link rel=\"canonical\" href=\"https:\/\/kapitalis.com\/tunisie\/2018\/10\/30\/attentat-suicide-a-tunis-les-jcc-se-tiendront-a-la-date-convenue\/\" \/>\n<meta property=\"og:locale\" content=\"fr_FR\" \/>\n<meta property=\"og:type\" content=\"article\" \/>\n<meta property=\"og:title\" content=\"Attentat-suicide \u00e0 Tunis : Les JCC se tiendront \u00e0 la date convenue - Kapitalis\" \/>\n<meta property=\"og:description\" content=\"En d\u00e9pit de l&rsquo;attentat-suicide d&rsquo;hier, lundi 29 octobre 2018, \u00e0 l&rsquo;avenue Habib Bourguiba, au centre-ville de Tunis, l&rsquo;ouverture des Journ\u00e9es cin\u00e9matographique de Carthage (JCC) aura bien lieu, le samedi 3 novembre prochain, informe le comit\u00e9 d&rsquo;organisation.\" \/>\n<meta property=\"og:url\" content=\"https:\/\/kapitalis.com\/tunisie\/2018\/10\/30\/attentat-suicide-a-tunis-les-jcc-se-tiendront-a-la-date-convenue\/\" \/>\n<meta property=\"og:site_name\" content=\"Kapitalis\" \/>\n<meta property=\"article:publisher\" content=\"https:\/\/www.facebook.com\/KapitalisInfo\/\" \/>\n<meta property=\"article:published_time\" content=\"2018-10-30T08:14:53+00:00\" \/>\n<meta property=\"og:image\" content=\"http:\/\/kapitalis.com\/tunisie\/wp-content\/uploads\/2018\/09\/JCC-2018.jpg\" \/>\n<meta name=\"author\" content=\"emna benabdallah\" \/>\n<meta name=\"twitter:card\" content=\"summary_large_image\" \/>\n<meta name=\"twitter:creator\" content=\"@KapitalisInfo\" \/>\n<meta name=\"twitter:site\" content=\"@KapitalisInfo\" \/>\n<meta name=\"twitter:label1\" content=\"\u00c9crit par\" \/>\n\t<meta name=\"twitter:data1\" content=\"emna benabdallah\" \/>\n\t<meta name=\"twitter:label2\" content=\"Dur\u00e9e de lecture estim\u00e9e\" \/>\n\t<meta name=\"twitter:data2\" content=\"1 minute\" \/>\n<script type=\"application\/ld+json\" class=\"yoast-schema-graph\">{\"@context\":\"https:\/\/schema.org\",\"@graph\":[{\"@type\":\"Article\",\"@id\":\"https:\/\/kapitalis.com\/tunisie\/2018\/10\/30\/attentat-suicide-a-tunis-les-jcc-se-tiendront-a-la-date-convenue\/#article\",\"isPartOf\":{\"@id\":\"https:\/\/kapitalis.com\/tunisie\/2018\/10\/30\/attentat-suicide-a-tunis-les-jcc-se-tiendront-a-la-date-convenue\/\"},\"author\":{\"name\":\"emna benabdallah\",\"@id\":\"https:\/\/kapitalis.com\/tunisie\/#\/schema\/person\/2c6e134b2f3369dffcd1daf5f087d28b\"},\"headline\":\"Attentat-suicide \u00e0 Tunis : Les JCC se tiendront \u00e0 la date convenue\",\"datePublished\":\"2018-10-30T08:14:53+00:00\",\"mainEntityOfPage\":{\"@id\":\"https:\/\/kapitalis.com\/tunisie\/2018\/10\/30\/attentat-suicide-a-tunis-les-jcc-se-tiendront-a-la-date-convenue\/\"},\"wordCount\":229,\"commentCount\":0,\"publisher\":{\"@id\":\"https:\/\/kapitalis.com\/tunisie\/#organization\"},\"image\":{\"@id\":\"https:\/\/kapitalis.com\/tunisie\/2018\/10\/30\/attentat-suicide-a-tunis-les-jcc-se-tiendront-a-la-date-convenue\/#primaryimage\"},\"thumbnailUrl\":\"http:\/\/kapitalis.com\/tunisie\/wp-content\/uploads\/2018\/09\/JCC-2018.jpg\",\"keywords\":[\"attentat suicide\",\"Habib Bourguiba\",\"JCC\",\"Mouna Guebla\",\"Nejib Ayed\"],\"articleSection\":[\"CULTURE\",\"Tunisie\"],\"inLanguage\":\"fr-FR\",\"potentialAction\":[{\"@type\":\"CommentAction\",\"name\":\"Comment\",\"target\":[\"https:\/\/kapitalis.com\/tunisie\/2018\/10\/30\/attentat-suicide-a-tunis-les-jcc-se-tiendront-a-la-date-convenue\/#respond\"]}]},{\"@type\":\"WebPage\",\"@id\":\"https:\/\/kapitalis.com\/tunisie\/2018\/10\/30\/attentat-suicide-a-tunis-les-jcc-se-tiendront-a-la-date-convenue\/\",\"url\":\"https:\/\/kapitalis.com\/tunisie\/2018\/10\/30\/attentat-suicide-a-tunis-les-jcc-se-tiendront-a-la-date-convenue\/\",\"name\":\"Attentat-suicide \u00e0 Tunis : Les JCC se tiendront \u00e0 la date convenue - Kapitalis\",\"isPartOf\":{\"@id\":\"https:\/\/kapitalis.com\/tunisie\/#website\"},\"primaryImageOfPage\":{\"@id\":\"https:\/\/kapitalis.com\/tunisie\/2018\/10\/30\/attentat-suicide-a-tunis-les-jcc-se-tiendront-a-la-date-convenue\/#primaryimage\"},\"image\":{\"@id\":\"https:\/\/kapitalis.com\/tunisie\/2018\/10\/30\/attentat-suicide-a-tunis-les-jcc-se-tiendront-a-la-date-convenue\/#primaryimage\"},\"thumbnailUrl\":\"http:\/\/kapitalis.com\/tunisie\/wp-content\/uploads\/2018\/09\/JCC-2018.jpg\",\"datePublished\":\"2018-10-30T08:14:53+00:00\",\"breadcrumb\":{\"@id\":\"https:\/\/kapitalis.com\/tunisie\/2018\/10\/30\/attentat-suicide-a-tunis-les-jcc-se-tiendront-a-la-date-convenue\/#breadcrumb\"},\"inLanguage\":\"fr-FR\",\"potentialAction\":[{\"@type\":\"ReadAction\",\"target\":[\"https:\/\/kapitalis.com\/tunisie\/2018\/10\/30\/attentat-suicide-a-tunis-les-jcc-se-tiendront-a-la-date-convenue\/\"]}]},{\"@type\":\"ImageObject\",\"inLanguage\":\"fr-FR\",\"@id\":\"https:\/\/kapitalis.com\/tunisie\/2018\/10\/30\/attentat-suicide-a-tunis-les-jcc-se-tiendront-a-la-date-convenue\/#primaryimage\",\"url\":\"http:\/\/kapitalis.com\/tunisie\/wp-content\/uploads\/2018\/09\/JCC-2018.jpg\",\"contentUrl\":\"http:\/\/kapitalis.com\/tunisie\/wp-content\/uploads\/2018\/09\/JCC-2018.jpg\"},{\"@type\":\"BreadcrumbList\",\"@id\":\"https:\/\/kapitalis.com\/tunisie\/2018\/10\/30\/attentat-suicide-a-tunis-les-jcc-se-tiendront-a-la-date-convenue\/#breadcrumb\",\"itemListElement\":[{\"@type\":\"ListItem\",\"position\":1,\"name\":\"Accueil\",\"item\":\"https:\/\/kapitalis.com\/tunisie\/\"},{\"@type\":\"ListItem\",\"position\":2,\"name\":\"Attentat-suicide \u00e0 Tunis : Les JCC se tiendront \u00e0 la date convenue\"}]},{\"@type\":\"WebSite\",\"@id\":\"https:\/\/kapitalis.com\/tunisie\/#website\",\"url\":\"https:\/\/kapitalis.com\/tunisie\/\",\"name\":\"Kapitalis\",\"description\":\"L&#039;actualit\u00e9 en Tunisie et dans le monde\",\"publisher\":{\"@id\":\"https:\/\/kapitalis.com\/tunisie\/#organization\"},\"potentialAction\":[{\"@type\":\"SearchAction\",\"target\":{\"@type\":\"EntryPoint\",\"urlTemplate\":\"https:\/\/kapitalis.com\/tunisie\/?s={search_term_string}\"},\"query-input\":{\"@type\":\"PropertyValueSpecification\",\"valueRequired\":true,\"valueName\":\"search_term_string\"}}],\"inLanguage\":\"fr-FR\"},{\"@type\":\"Organization\",\"@id\":\"https:\/\/kapitalis.com\/tunisie\/#organization\",\"name\":\"Kapitalis\",\"url\":\"https:\/\/kapitalis.com\/tunisie\/\",\"logo\":{\"@type\":\"ImageObject\",\"inLanguage\":\"fr-FR\",\"@id\":\"https:\/\/kapitalis.com\/tunisie\/#\/schema\/logo\/image\/\",\"url\":\"https:\/\/kapitalis.com\/tunisie\/wp-content\/uploads\/2022\/05\/Kapitalis-big-size.png\",\"contentUrl\":\"https:\/\/kapitalis.com\/tunisie\/wp-content\/uploads\/2022\/05\/Kapitalis-big-size.png\",\"width\":5000,\"height\":1500,\"caption\":\"Kapitalis\"},\"image\":{\"@id\":\"https:\/\/kapitalis.com\/tunisie\/#\/schema\/logo\/image\/\"},\"sameAs\":[\"https:\/\/www.facebook.com\/KapitalisInfo\/\",\"https:\/\/x.com\/KapitalisInfo\",\"https:\/\/www.youtube.com\/channel\/UC-yDYrHyfFBWWZaOw3FPg9Q\"]},{\"@type\":\"Person\",\"@id\":\"https:\/\/kapitalis.com\/tunisie\/#\/schema\/person\/2c6e134b2f3369dffcd1daf5f087d28b\",\"name\":\"emna benabdallah\",\"url\":\"https:\/\/kapitalis.com\/tunisie\/author\/emna\/\"}]}<\/script>\n<!-- \/ Yoast SEO plugin. -->","yoast_head_json":{"title":"Attentat-suicide \u00e0 Tunis : Les JCC se tiendront \u00e0 la date convenue - Kapitalis","robots":{"index":"index","follow":"follow","max-snippet":"max-snippet:-1","max-image-preview":"max-image-preview:large","max-video-preview":"max-video-preview:-1"},"canonical":"https:\/\/kapitalis.com\/tunisie\/2018\/10\/30\/attentat-suicide-a-tunis-les-jcc-se-tiendront-a-la-date-convenue\/","og_locale":"fr_FR","og_type":"article","og_title":"Attentat-suicide \u00e0 Tunis : Les JCC se tiendront \u00e0 la date convenue - Kapitalis","og_description":"En d\u00e9pit de l&rsquo;attentat-suicide d&rsquo;hier, lundi 29 octobre 2018, \u00e0 l&rsquo;avenue Habib Bourguiba, au centre-ville de Tunis, l&rsquo;ouverture des Journ\u00e9es cin\u00e9matographique de Carthage (JCC) aura bien lieu, le samedi 3 novembre prochain, informe le comit\u00e9 d&rsquo;organisation.","og_url":"https:\/\/kapitalis.com\/tunisie\/2018\/10\/30\/attentat-suicide-a-tunis-les-jcc-se-tiendront-a-la-date-convenue\/","og_site_name":"Kapitalis","article_publisher":"https:\/\/www.facebook.com\/KapitalisInfo\/","article_published_time":"2018-10-30T08:14:53+00:00","og_image":[{"url":"http:\/\/kapitalis.com\/tunisie\/wp-content\/uploads\/2018\/09\/JCC-2018.jpg","type":"","width":"","height":""}],"author":"emna benabdallah","twitter_card":"summary_large_image","twitter_creator":"@KapitalisInfo","twitter_site":"@KapitalisInfo","twitter_misc":{"\u00c9crit par":"emna benabdallah","Dur\u00e9e de lecture estim\u00e9e":"1 minute"},"schema":{"@context":"https:\/\/schema.org","@graph":[{"@type":"Article","@id":"https:\/\/kapitalis.com\/tunisie\/2018\/10\/30\/attentat-suicide-a-tunis-les-jcc-se-tiendront-a-la-date-convenue\/#article","isPartOf":{"@id":"https:\/\/kapitalis.com\/tunisie\/2018\/10\/30\/attentat-suicide-a-tunis-les-jcc-se-tiendront-a-la-date-convenue\/"},"author":{"name":"emna benabdallah","@id":"https:\/\/kapitalis.com\/tunisie\/#\/schema\/person\/2c6e134b2f3369dffcd1daf5f087d28b"},"headline":"Attentat-suicide \u00e0 Tunis : Les JCC se tiendront \u00e0 la date convenue","datePublished":"2018-10-30T08:14:53+00:00","mainEntityOfPage":{"@id":"https:\/\/kapitalis.com\/tunisie\/2018\/10\/30\/attentat-suicide-a-tunis-les-jcc-se-tiendront-a-la-date-convenue\/"},"wordCount":229,"commentCount":0,"publisher":{"@id":"https:\/\/kapitalis.com\/tunisie\/#organization"},"image":{"@id":"https:\/\/kapitalis.com\/tunisie\/2018\/10\/30\/attentat-suicide-a-tunis-les-jcc-se-tiendront-a-la-date-convenue\/#primaryimage"},"thumbnailUrl":"http:\/\/kapitalis.com\/tunisie\/wp-content\/uploads\/2018\/09\/JCC-2018.jpg","keywords":["attentat suicide","Habib Bourguiba","JCC","Mouna Guebla","Nejib Ayed"],"articleSection":["CULTURE","Tunisie"],"inLanguage":"fr-FR","potentialAction":[{"@type":"CommentAction","name":"Comment","target":["https:\/\/kapitalis.com\/tunisie\/2018\/10\/30\/attentat-suicide-a-tunis-les-jcc-se-tiendront-a-la-date-convenue\/#respond"]}]},{"@type":"WebPage","@id":"https:\/\/kapitalis.com\/tunisie\/2018\/10\/30\/attentat-suicide-a-tunis-les-jcc-se-tiendront-a-la-date-convenue\/","url":"https:\/\/kapitalis.com\/tunisie\/2018\/10\/30\/attentat-suicide-a-tunis-les-jcc-se-tiendront-a-la-date-convenue\/","name":"Attentat-suicide \u00e0 Tunis : Les JCC se tiendront \u00e0 la date convenue - Kapitalis","isPartOf":{"@id":"https:\/\/kapitalis.com\/tunisie\/#website"},"primaryImageOfPage":{"@id":"https:\/\/kapitalis.com\/tunisie\/2018\/10\/30\/attentat-suicide-a-tunis-les-jcc-se-tiendront-a-la-date-convenue\/#primaryimage"},"image":{"@id":"https:\/\/kapitalis.com\/tunisie\/2018\/10\/30\/attentat-suicide-a-tunis-les-jcc-se-tiendront-a-la-date-convenue\/#primaryimage"},"thumbnailUrl":"http:\/\/kapitalis.com\/tunisie\/wp-content\/uploads\/2018\/09\/JCC-2018.jpg","datePublished":"2018-10-30T08:14:53+00:00","breadcrumb":{"@id":"https:\/\/kapitalis.com\/tunisie\/2018\/10\/30\/attentat-suicide-a-tunis-les-jcc-se-tiendront-a-la-date-convenue\/#breadcrumb"},"inLanguage":"fr-FR","potentialAction":[{"@type":"ReadAction","target":["https:\/\/kapitalis.com\/tunisie\/2018\/10\/30\/attentat-suicide-a-tunis-les-jcc-se-tiendront-a-la-date-convenue\/"]}]},{"@type":"ImageObject","inLanguage":"fr-FR","@id":"https:\/\/kapitalis.com\/tunisie\/2018\/10\/30\/attentat-suicide-a-tunis-les-jcc-se-tiendront-a-la-date-convenue\/#primaryimage","url":"http:\/\/kapitalis.com\/tunisie\/wp-content\/uploads\/2018\/09\/JCC-2018.jpg","contentUrl":"http:\/\/kapitalis.com\/tunisie\/wp-content\/uploads\/2018\/09\/JCC-2018.jpg"},{"@type":"BreadcrumbList","@id":"https:\/\/kapitalis.com\/tunisie\/2018\/10\/30\/attentat-suicide-a-tunis-les-jcc-se-tiendront-a-la-date-convenue\/#breadcrumb","itemListElement":[{"@type":"ListItem","position":1,"name":"Accueil","item":"https:\/\/kapitalis.com\/tunisie\/"},{"@type":"ListItem","position":2,"name":"Attentat-suicide \u00e0 Tunis : Les JCC se tiendront \u00e0 la date convenue"}]},{"@type":"WebSite","@id":"https:\/\/kapitalis.com\/tunisie\/#website","url":"https:\/\/kapitalis.com\/tunisie\/","name":"Kapitalis","description":"L&#039;actualit\u00e9 en Tunisie et dans le monde","publisher":{"@id":"https:\/\/kapitalis.com\/tunisie\/#organization"},"potentialAction":[{"@type":"SearchAction","target":{"@type":"EntryPoint","urlTemplate":"https:\/\/kapitalis.com\/tunisie\/?s={search_term_string}"},"query-input":{"@type":"PropertyValueSpecification","valueRequired":true,"valueName":"search_term_string"}}],"inLanguage":"fr-FR"},{"@type":"Organization","@id":"https:\/\/kapitalis.com\/tunisie\/#organization","name":"Kapitalis","url":"https:\/\/kapitalis.com\/tunisie\/","logo":{"@type":"ImageObject","inLanguage":"fr-FR","@id":"https:\/\/kapitalis.com\/tunisie\/#\/schema\/logo\/image\/","url":"https:\/\/kapitalis.com\/tunisie\/wp-content\/uploads\/2022\/05\/Kapitalis-big-size.png","contentUrl":"https:\/\/kapitalis.com\/tunisie\/wp-content\/uploads\/2022\/05\/Kapitalis-big-size.png","width":5000,"height":1500,"caption":"Kapitalis"},"image":{"@id":"https:\/\/kapitalis.com\/tunisie\/#\/schema\/logo\/image\/"},"sameAs":["https:\/\/www.facebook.com\/KapitalisInfo\/","https:\/\/x.com\/KapitalisInfo","https:\/\/www.youtube.com\/channel\/UC-yDYrHyfFBWWZaOw3FPg9Q"]},{"@type":"Person","@id":"https:\/\/kapitalis.com\/tunisie\/#\/schema\/person\/2c6e134b2f3369dffcd1daf5f087d28b","name":"emna benabdallah","url":"https:\/\/kapitalis.com\/tunisie\/author\/emna\/"}]}},"_links":{"self":[{"href":"https:\/\/kapitalis.com\/tunisie\/wp-json\/wp\/v2\/posts\/181253","targetHints":{"allow":["GET"]}}],"collection":[{"href":"https:\/\/kapitalis.com\/tunisie\/wp-json\/wp\/v2\/posts"}],"about":[{"href":"https:\/\/kapitalis.com\/tunisie\/wp-json\/wp\/v2\/types\/post"}],"author":[{"embeddable":true,"href":"https:\/\/kapitalis.com\/tunisie\/wp-json\/wp\/v2\/users\/16"}],"replies":[{"embeddable":true,"href":"https:\/\/kapitalis.com\/tunisie\/wp-json\/wp\/v2\/comments?post=181253"}],"version-history":[{"count":0,"href":"https:\/\/kapitalis.com\/tunisie\/wp-json\/wp\/v2\/posts\/181253\/revisions"}],"wp:attachment":[{"href":"https:\/\/kapitalis.com\/tunisie\/wp-json\/wp\/v2\/media?parent=181253"}],"wp:term":[{"taxonomy":"category","embeddable":true,"href":"https:\/\/kapitalis.com\/tunisie\/wp-json\/wp\/v2\/categories?post=181253"},{"taxonomy":"post_tag","embeddable":true,"href":"https:\/\/kapitalis.com\/tunisie\/wp-json\/wp\/v2\/tags?post=181253"}],"curies":[{"name":"wp","href":"https:\/\/api.w.org\/{rel}","templated":true}]}}