{"id":181271,"date":"2018-10-30T09:32:49","date_gmt":"2018-10-30T08:32:49","guid":{"rendered":"http:\/\/kapitalis.com\/tunisie\/?p=181271"},"modified":"2018-10-30T09:32:49","modified_gmt":"2018-10-30T08:32:49","slug":"ruby-dar-el-marsa-accueille-la-25e-edition-de-mood-talent","status":"publish","type":"post","link":"https:\/\/kapitalis.com\/tunisie\/2018\/10\/30\/ruby-dar-el-marsa-accueille-la-25e-edition-de-mood-talent\/","title":{"rendered":"\u00abRuby\u00bb : Dar El Marsa accueille la 25e \u00e9dition de Mood Talent"},"content":{"rendered":"<p style=\"text-align: center;\"><img loading=\"lazy\" decoding=\"async\" class=\"alignnone size-full wp-image-181272\" src=\"http:\/\/kapitalis.com\/tunisie\/wp-content\/uploads\/2018\/10\/Mood-Talent-Ruby.jpg\" alt=\"\" width=\"626\" height=\"380\" \/><\/p>\n<p><em><strong>La 25e \u00e9dition de Mood Talent, intitul\u00e9 \u00abRuby\u00bb, se d\u00e9roulera du 2 au 4 novembre 2017, \u00e0 Dar El Marsa, dans la banlieue nord de Tunis, en pr\u00e9sence de 18 cr\u00e9ateurs\/artisans.<\/strong><\/em><\/p>\n<p><!--more--><\/p>\n<p>Pour la premi\u00e8re fois, le salon pr\u00e9sentera les cr\u00e9ations de Orkis Deco, Yassou Gui, Krunfull et Mignon.<\/p>\n<p>Le public pourra d\u00e9couvrir les nouvelles collections de Louisa Creations, Sofia Bessi, Mon Sac Couffin, By Sa\u00efda, 3afsa Najet, Camelia Scent, NT Tunisia, les chocolats et dattes de Mains d\u2019Or, l\u2019artisanat traditionnel de Aschi&#8230;<\/p>\n<p>Le salon des cr\u00e9ateurs de mode, d\u00e9co, accessoires a \u00e9galement annonc\u00e9 son programme complet pour le dernier trimestre 2018 :<\/p>\n<p>&#8211; 25e \u00e9dition, Ruby, les 2, 3 et 4 novembre \u00e0 Dar El Marsa;<\/p>\n<p>&#8211; 26e \u00e9dition, Jade, les 23, 24 et 25 novembre \u00e0 Dar El Marsa;<\/p>\n<p>&#8211; 27e \u00e9dition, Sfax, courant d\u00e9cembre (date restant \u00e0 pr\u00e9ciser).<\/p>\n<p>Ce sera la 2e \u00e9dition du salon \u00e0 Sfax. Mood Talent envisage de r\u00e9p\u00e9ter l\u2019op\u00e9ration au moins 4 fois en 2019, afin de faire d\u00e9couvrir r\u00e9guli\u00e8rement les nouvelles collections des cr\u00e9ateurs\/artisans du Grand Tunis dans la capitale du Sud.<\/p>\n<p><em><strong>Source<\/strong><\/em> : communiqu\u00e9.<\/p>\n","protected":false},"excerpt":{"rendered":"<p>La 25e \u00e9dition de Mood Talent, intitul\u00e9 \u00abRuby\u00bb, se d\u00e9roulera du 2 au 4 novembre 2017, \u00e0 Dar El Marsa, dans la banlieue nord de Tunis, en pr\u00e9sence de 18 cr\u00e9ateurs\/artisans.<\/p>\n","protected":false},"author":8,"featured_media":181272,"comment_status":"open","ping_status":"open","sticky":false,"template":"","format":"standard","meta":{"footnotes":""},"categories":[994,2433],"tags":[18952,36722],"class_list":["post-181271","post","type-post","status-publish","format-standard","has-post-thumbnail","hentry","category-culture","category-tunisie","tag-dar-el-marsa","tag-mood-talent"],"yoast_head":"<!-- This site is optimized with the Yoast SEO plugin v26.6 - https:\/\/yoast.com\/wordpress\/plugins\/seo\/ -->\n<title>\u00abRuby\u00bb : Dar El Marsa accueille la 25e \u00e9dition de Mood Talent - Kapitalis<\/title>\n<meta name=\"robots\" content=\"index, follow, max-snippet:-1, max-image-preview:large, max-video-preview:-1\" \/>\n<link rel=\"canonical\" href=\"https:\/\/kapitalis.com\/tunisie\/2018\/10\/30\/ruby-dar-el-marsa-accueille-la-25e-edition-de-mood-talent\/\" \/>\n<meta property=\"og:locale\" content=\"fr_FR\" \/>\n<meta property=\"og:type\" content=\"article\" \/>\n<meta property=\"og:title\" content=\"\u00abRuby\u00bb : Dar El Marsa accueille la 25e \u00e9dition de Mood Talent - Kapitalis\" \/>\n<meta property=\"og:description\" content=\"La 25e \u00e9dition de Mood Talent, intitul\u00e9 \u00abRuby\u00bb, se d\u00e9roulera du 2 au 4 novembre 2017, \u00e0 Dar El Marsa, dans la banlieue nord de Tunis, en pr\u00e9sence de 18 cr\u00e9ateurs\/artisans.\" \/>\n<meta property=\"og:url\" content=\"https:\/\/kapitalis.com\/tunisie\/2018\/10\/30\/ruby-dar-el-marsa-accueille-la-25e-edition-de-mood-talent\/\" \/>\n<meta property=\"og:site_name\" content=\"Kapitalis\" \/>\n<meta property=\"article:publisher\" content=\"https:\/\/www.facebook.com\/KapitalisInfo\/\" \/>\n<meta property=\"article:published_time\" content=\"2018-10-30T08:32:49+00:00\" \/>\n<meta property=\"og:image\" content=\"https:\/\/kapitalis.com\/tunisie\/wp-content\/uploads\/2022\/05\/kapitalis-logo-fb.png\" \/>\n\t<meta property=\"og:image:width\" content=\"1200\" \/>\n\t<meta property=\"og:image:height\" content=\"630\" \/>\n\t<meta property=\"og:image:type\" content=\"image\/png\" \/>\n<meta name=\"author\" content=\"webmaster kapitalis\" \/>\n<meta name=\"twitter:card\" content=\"summary_large_image\" \/>\n<meta name=\"twitter:creator\" content=\"@KapitalisInfo\" \/>\n<meta name=\"twitter:site\" content=\"@KapitalisInfo\" \/>\n<meta name=\"twitter:label1\" content=\"\u00c9crit par\" \/>\n\t<meta name=\"twitter:data1\" content=\"webmaster kapitalis\" \/>\n\t<meta name=\"twitter:label2\" content=\"Dur\u00e9e de lecture estim\u00e9e\" \/>\n\t<meta name=\"twitter:data2\" content=\"1 minute\" \/>\n<script type=\"application\/ld+json\" class=\"yoast-schema-graph\">{\"@context\":\"https:\/\/schema.org\",\"@graph\":[{\"@type\":\"Article\",\"@id\":\"https:\/\/kapitalis.com\/tunisie\/2018\/10\/30\/ruby-dar-el-marsa-accueille-la-25e-edition-de-mood-talent\/#article\",\"isPartOf\":{\"@id\":\"https:\/\/kapitalis.com\/tunisie\/2018\/10\/30\/ruby-dar-el-marsa-accueille-la-25e-edition-de-mood-talent\/\"},\"author\":{\"name\":\"webmaster kapitalis\",\"@id\":\"https:\/\/kapitalis.com\/tunisie\/#\/schema\/person\/d71f33a9ca44f7bad4698210b480c8e9\"},\"headline\":\"\u00abRuby\u00bb : Dar El Marsa accueille la 25e \u00e9dition de Mood Talent\",\"datePublished\":\"2018-10-30T08:32:49+00:00\",\"mainEntityOfPage\":{\"@id\":\"https:\/\/kapitalis.com\/tunisie\/2018\/10\/30\/ruby-dar-el-marsa-accueille-la-25e-edition-de-mood-talent\/\"},\"wordCount\":197,\"commentCount\":0,\"publisher\":{\"@id\":\"https:\/\/kapitalis.com\/tunisie\/#organization\"},\"image\":{\"@id\":\"https:\/\/kapitalis.com\/tunisie\/2018\/10\/30\/ruby-dar-el-marsa-accueille-la-25e-edition-de-mood-talent\/#primaryimage\"},\"thumbnailUrl\":\"\",\"keywords\":[\"Dar El Marsa\",\"Mood Talent\"],\"articleSection\":[\"CULTURE\",\"Tunisie\"],\"inLanguage\":\"fr-FR\",\"potentialAction\":[{\"@type\":\"CommentAction\",\"name\":\"Comment\",\"target\":[\"https:\/\/kapitalis.com\/tunisie\/2018\/10\/30\/ruby-dar-el-marsa-accueille-la-25e-edition-de-mood-talent\/#respond\"]}]},{\"@type\":\"WebPage\",\"@id\":\"https:\/\/kapitalis.com\/tunisie\/2018\/10\/30\/ruby-dar-el-marsa-accueille-la-25e-edition-de-mood-talent\/\",\"url\":\"https:\/\/kapitalis.com\/tunisie\/2018\/10\/30\/ruby-dar-el-marsa-accueille-la-25e-edition-de-mood-talent\/\",\"name\":\"\u00abRuby\u00bb : Dar El Marsa accueille la 25e \u00e9dition de Mood Talent - Kapitalis\",\"isPartOf\":{\"@id\":\"https:\/\/kapitalis.com\/tunisie\/#website\"},\"primaryImageOfPage\":{\"@id\":\"https:\/\/kapitalis.com\/tunisie\/2018\/10\/30\/ruby-dar-el-marsa-accueille-la-25e-edition-de-mood-talent\/#primaryimage\"},\"image\":{\"@id\":\"https:\/\/kapitalis.com\/tunisie\/2018\/10\/30\/ruby-dar-el-marsa-accueille-la-25e-edition-de-mood-talent\/#primaryimage\"},\"thumbnailUrl\":\"\",\"datePublished\":\"2018-10-30T08:32:49+00:00\",\"breadcrumb\":{\"@id\":\"https:\/\/kapitalis.com\/tunisie\/2018\/10\/30\/ruby-dar-el-marsa-accueille-la-25e-edition-de-mood-talent\/#breadcrumb\"},\"inLanguage\":\"fr-FR\",\"potentialAction\":[{\"@type\":\"ReadAction\",\"target\":[\"https:\/\/kapitalis.com\/tunisie\/2018\/10\/30\/ruby-dar-el-marsa-accueille-la-25e-edition-de-mood-talent\/\"]}]},{\"@type\":\"ImageObject\",\"inLanguage\":\"fr-FR\",\"@id\":\"https:\/\/kapitalis.com\/tunisie\/2018\/10\/30\/ruby-dar-el-marsa-accueille-la-25e-edition-de-mood-talent\/#primaryimage\",\"url\":\"\",\"contentUrl\":\"\"},{\"@type\":\"BreadcrumbList\",\"@id\":\"https:\/\/kapitalis.com\/tunisie\/2018\/10\/30\/ruby-dar-el-marsa-accueille-la-25e-edition-de-mood-talent\/#breadcrumb\",\"itemListElement\":[{\"@type\":\"ListItem\",\"position\":1,\"name\":\"Accueil\",\"item\":\"https:\/\/kapitalis.com\/tunisie\/\"},{\"@type\":\"ListItem\",\"position\":2,\"name\":\"\u00abRuby\u00bb : Dar El Marsa accueille la 25e \u00e9dition de Mood Talent\"}]},{\"@type\":\"WebSite\",\"@id\":\"https:\/\/kapitalis.com\/tunisie\/#website\",\"url\":\"https:\/\/kapitalis.com\/tunisie\/\",\"name\":\"Kapitalis\",\"description\":\"L&#039;actualit\u00e9 en Tunisie et dans le monde\",\"publisher\":{\"@id\":\"https:\/\/kapitalis.com\/tunisie\/#organization\"},\"potentialAction\":[{\"@type\":\"SearchAction\",\"target\":{\"@type\":\"EntryPoint\",\"urlTemplate\":\"https:\/\/kapitalis.com\/tunisie\/?s={search_term_string}\"},\"query-input\":{\"@type\":\"PropertyValueSpecification\",\"valueRequired\":true,\"valueName\":\"search_term_string\"}}],\"inLanguage\":\"fr-FR\"},{\"@type\":\"Organization\",\"@id\":\"https:\/\/kapitalis.com\/tunisie\/#organization\",\"name\":\"Kapitalis\",\"url\":\"https:\/\/kapitalis.com\/tunisie\/\",\"logo\":{\"@type\":\"ImageObject\",\"inLanguage\":\"fr-FR\",\"@id\":\"https:\/\/kapitalis.com\/tunisie\/#\/schema\/logo\/image\/\",\"url\":\"https:\/\/kapitalis.com\/tunisie\/wp-content\/uploads\/2022\/05\/Kapitalis-big-size.png\",\"contentUrl\":\"https:\/\/kapitalis.com\/tunisie\/wp-content\/uploads\/2022\/05\/Kapitalis-big-size.png\",\"width\":5000,\"height\":1500,\"caption\":\"Kapitalis\"},\"image\":{\"@id\":\"https:\/\/kapitalis.com\/tunisie\/#\/schema\/logo\/image\/\"},\"sameAs\":[\"https:\/\/www.facebook.com\/KapitalisInfo\/\",\"https:\/\/x.com\/KapitalisInfo\",\"https:\/\/www.youtube.com\/channel\/UC-yDYrHyfFBWWZaOw3FPg9Q\"]},{\"@type\":\"Person\",\"@id\":\"https:\/\/kapitalis.com\/tunisie\/#\/schema\/person\/d71f33a9ca44f7bad4698210b480c8e9\",\"name\":\"webmaster kapitalis\",\"url\":\"https:\/\/kapitalis.com\/tunisie\/author\/webmaster-kapitalis\/\"}]}<\/script>\n<!-- \/ Yoast SEO plugin. -->","yoast_head_json":{"title":"\u00abRuby\u00bb : Dar El Marsa accueille la 25e \u00e9dition de Mood Talent - Kapitalis","robots":{"index":"index","follow":"follow","max-snippet":"max-snippet:-1","max-image-preview":"max-image-preview:large","max-video-preview":"max-video-preview:-1"},"canonical":"https:\/\/kapitalis.com\/tunisie\/2018\/10\/30\/ruby-dar-el-marsa-accueille-la-25e-edition-de-mood-talent\/","og_locale":"fr_FR","og_type":"article","og_title":"\u00abRuby\u00bb : Dar El Marsa accueille la 25e \u00e9dition de Mood Talent - Kapitalis","og_description":"La 25e \u00e9dition de Mood Talent, intitul\u00e9 \u00abRuby\u00bb, se d\u00e9roulera du 2 au 4 novembre 2017, \u00e0 Dar El Marsa, dans la banlieue nord de Tunis, en pr\u00e9sence de 18 cr\u00e9ateurs\/artisans.","og_url":"https:\/\/kapitalis.com\/tunisie\/2018\/10\/30\/ruby-dar-el-marsa-accueille-la-25e-edition-de-mood-talent\/","og_site_name":"Kapitalis","article_publisher":"https:\/\/www.facebook.com\/KapitalisInfo\/","article_published_time":"2018-10-30T08:32:49+00:00","og_image":[{"width":1200,"height":630,"url":"https:\/\/kapitalis.com\/tunisie\/wp-content\/uploads\/2022\/05\/kapitalis-logo-fb.png","type":"image\/png"}],"author":"webmaster kapitalis","twitter_card":"summary_large_image","twitter_creator":"@KapitalisInfo","twitter_site":"@KapitalisInfo","twitter_misc":{"\u00c9crit par":"webmaster kapitalis","Dur\u00e9e de lecture estim\u00e9e":"1 minute"},"schema":{"@context":"https:\/\/schema.org","@graph":[{"@type":"Article","@id":"https:\/\/kapitalis.com\/tunisie\/2018\/10\/30\/ruby-dar-el-marsa-accueille-la-25e-edition-de-mood-talent\/#article","isPartOf":{"@id":"https:\/\/kapitalis.com\/tunisie\/2018\/10\/30\/ruby-dar-el-marsa-accueille-la-25e-edition-de-mood-talent\/"},"author":{"name":"webmaster kapitalis","@id":"https:\/\/kapitalis.com\/tunisie\/#\/schema\/person\/d71f33a9ca44f7bad4698210b480c8e9"},"headline":"\u00abRuby\u00bb : Dar El Marsa accueille la 25e \u00e9dition de Mood Talent","datePublished":"2018-10-30T08:32:49+00:00","mainEntityOfPage":{"@id":"https:\/\/kapitalis.com\/tunisie\/2018\/10\/30\/ruby-dar-el-marsa-accueille-la-25e-edition-de-mood-talent\/"},"wordCount":197,"commentCount":0,"publisher":{"@id":"https:\/\/kapitalis.com\/tunisie\/#organization"},"image":{"@id":"https:\/\/kapitalis.com\/tunisie\/2018\/10\/30\/ruby-dar-el-marsa-accueille-la-25e-edition-de-mood-talent\/#primaryimage"},"thumbnailUrl":"","keywords":["Dar El Marsa","Mood Talent"],"articleSection":["CULTURE","Tunisie"],"inLanguage":"fr-FR","potentialAction":[{"@type":"CommentAction","name":"Comment","target":["https:\/\/kapitalis.com\/tunisie\/2018\/10\/30\/ruby-dar-el-marsa-accueille-la-25e-edition-de-mood-talent\/#respond"]}]},{"@type":"WebPage","@id":"https:\/\/kapitalis.com\/tunisie\/2018\/10\/30\/ruby-dar-el-marsa-accueille-la-25e-edition-de-mood-talent\/","url":"https:\/\/kapitalis.com\/tunisie\/2018\/10\/30\/ruby-dar-el-marsa-accueille-la-25e-edition-de-mood-talent\/","name":"\u00abRuby\u00bb : Dar El Marsa accueille la 25e \u00e9dition de Mood Talent - Kapitalis","isPartOf":{"@id":"https:\/\/kapitalis.com\/tunisie\/#website"},"primaryImageOfPage":{"@id":"https:\/\/kapitalis.com\/tunisie\/2018\/10\/30\/ruby-dar-el-marsa-accueille-la-25e-edition-de-mood-talent\/#primaryimage"},"image":{"@id":"https:\/\/kapitalis.com\/tunisie\/2018\/10\/30\/ruby-dar-el-marsa-accueille-la-25e-edition-de-mood-talent\/#primaryimage"},"thumbnailUrl":"","datePublished":"2018-10-30T08:32:49+00:00","breadcrumb":{"@id":"https:\/\/kapitalis.com\/tunisie\/2018\/10\/30\/ruby-dar-el-marsa-accueille-la-25e-edition-de-mood-talent\/#breadcrumb"},"inLanguage":"fr-FR","potentialAction":[{"@type":"ReadAction","target":["https:\/\/kapitalis.com\/tunisie\/2018\/10\/30\/ruby-dar-el-marsa-accueille-la-25e-edition-de-mood-talent\/"]}]},{"@type":"ImageObject","inLanguage":"fr-FR","@id":"https:\/\/kapitalis.com\/tunisie\/2018\/10\/30\/ruby-dar-el-marsa-accueille-la-25e-edition-de-mood-talent\/#primaryimage","url":"","contentUrl":""},{"@type":"BreadcrumbList","@id":"https:\/\/kapitalis.com\/tunisie\/2018\/10\/30\/ruby-dar-el-marsa-accueille-la-25e-edition-de-mood-talent\/#breadcrumb","itemListElement":[{"@type":"ListItem","position":1,"name":"Accueil","item":"https:\/\/kapitalis.com\/tunisie\/"},{"@type":"ListItem","position":2,"name":"\u00abRuby\u00bb : Dar El Marsa accueille la 25e \u00e9dition de Mood Talent"}]},{"@type":"WebSite","@id":"https:\/\/kapitalis.com\/tunisie\/#website","url":"https:\/\/kapitalis.com\/tunisie\/","name":"Kapitalis","description":"L&#039;actualit\u00e9 en Tunisie et dans le monde","publisher":{"@id":"https:\/\/kapitalis.com\/tunisie\/#organization"},"potentialAction":[{"@type":"SearchAction","target":{"@type":"EntryPoint","urlTemplate":"https:\/\/kapitalis.com\/tunisie\/?s={search_term_string}"},"query-input":{"@type":"PropertyValueSpecification","valueRequired":true,"valueName":"search_term_string"}}],"inLanguage":"fr-FR"},{"@type":"Organization","@id":"https:\/\/kapitalis.com\/tunisie\/#organization","name":"Kapitalis","url":"https:\/\/kapitalis.com\/tunisie\/","logo":{"@type":"ImageObject","inLanguage":"fr-FR","@id":"https:\/\/kapitalis.com\/tunisie\/#\/schema\/logo\/image\/","url":"https:\/\/kapitalis.com\/tunisie\/wp-content\/uploads\/2022\/05\/Kapitalis-big-size.png","contentUrl":"https:\/\/kapitalis.com\/tunisie\/wp-content\/uploads\/2022\/05\/Kapitalis-big-size.png","width":5000,"height":1500,"caption":"Kapitalis"},"image":{"@id":"https:\/\/kapitalis.com\/tunisie\/#\/schema\/logo\/image\/"},"sameAs":["https:\/\/www.facebook.com\/KapitalisInfo\/","https:\/\/x.com\/KapitalisInfo","https:\/\/www.youtube.com\/channel\/UC-yDYrHyfFBWWZaOw3FPg9Q"]},{"@type":"Person","@id":"https:\/\/kapitalis.com\/tunisie\/#\/schema\/person\/d71f33a9ca44f7bad4698210b480c8e9","name":"webmaster kapitalis","url":"https:\/\/kapitalis.com\/tunisie\/author\/webmaster-kapitalis\/"}]}},"_links":{"self":[{"href":"https:\/\/kapitalis.com\/tunisie\/wp-json\/wp\/v2\/posts\/181271","targetHints":{"allow":["GET"]}}],"collection":[{"href":"https:\/\/kapitalis.com\/tunisie\/wp-json\/wp\/v2\/posts"}],"about":[{"href":"https:\/\/kapitalis.com\/tunisie\/wp-json\/wp\/v2\/types\/post"}],"author":[{"embeddable":true,"href":"https:\/\/kapitalis.com\/tunisie\/wp-json\/wp\/v2\/users\/8"}],"replies":[{"embeddable":true,"href":"https:\/\/kapitalis.com\/tunisie\/wp-json\/wp\/v2\/comments?post=181271"}],"version-history":[{"count":0,"href":"https:\/\/kapitalis.com\/tunisie\/wp-json\/wp\/v2\/posts\/181271\/revisions"}],"wp:featuredmedia":[{"embeddable":true,"href":"https:\/\/kapitalis.com\/tunisie\/wp-json\/wp\/v2\/media\/181272"}],"wp:attachment":[{"href":"https:\/\/kapitalis.com\/tunisie\/wp-json\/wp\/v2\/media?parent=181271"}],"wp:term":[{"taxonomy":"category","embeddable":true,"href":"https:\/\/kapitalis.com\/tunisie\/wp-json\/wp\/v2\/categories?post=181271"},{"taxonomy":"post_tag","embeddable":true,"href":"https:\/\/kapitalis.com\/tunisie\/wp-json\/wp\/v2\/tags?post=181271"}],"curies":[{"name":"wp","href":"https:\/\/api.w.org\/{rel}","templated":true}]}}