{"id":181297,"date":"2018-10-30T11:35:02","date_gmt":"2018-10-30T10:35:02","guid":{"rendered":"http:\/\/kapitalis.com\/tunisie\/?p=181297"},"modified":"2018-10-30T11:35:02","modified_gmt":"2018-10-30T10:35:02","slug":"la-reaction-irresponsable-du-premier-responsable-des-malheurs-des-tunisiens","status":"publish","type":"post","link":"https:\/\/kapitalis.com\/tunisie\/2018\/10\/30\/la-reaction-irresponsable-du-premier-responsable-des-malheurs-des-tunisiens\/","title":{"rendered":"La r\u00e9action irresponsable du premier responsable des malheurs des Tunisiens"},"content":{"rendered":"<p style=\"text-align: center;\"><img loading=\"lazy\" decoding=\"async\" class=\"alignnone size-full wp-image-181298\" src=\"http:\/\/kapitalis.com\/tunisie\/wp-content\/uploads\/2018\/10\/Beji-Caid-Essebsi.jpg\" alt=\"\" width=\"626\" height=\"380\" \/><\/p>\n<p><em><strong>\u00abNous avons cru avoir \u00e9radiqu\u00e9 le terrorisme, mais en r\u00e9alit\u00e9, nous esp\u00e9rons qu\u2019il ne va pas, lui, nous faire dispara\u00eetre\u00bb. C\u2019est en ces termes cyniques et d\u00e9missionnaires que le pr\u00e9sident B\u00e9ji Ca\u00efd Essebsi (BCE) a r\u00e9agi \u00e0 l\u2019attentat-kamikaze perp\u00e9tr\u00e9, hier, lundi 29 octobre 2019, au centre-ville de Tunis, pr\u00e8s d\u2019un v\u00e9hicule de police.<\/strong><\/em><\/p>\n<p>Par <strong>Kh\u00e9maies Krimi<\/strong><\/p>\n<p><!--more--><\/p>\n<p>Cette d\u00e9claration, faite \u00e0 partir de Berlin (Allemagne), o\u00f9 il d\u00e9barquait en d\u00e9but de l\u2019apr\u00e8s-midi, pour assister au sommet du G20 sur l&rsquo;investissement, a \u00e9t\u00e9 qualifi\u00e9e d\u2019indigne et d\u2019irresponsable par les observateurs politiques. Elle remet \u00e0 l\u2019esprit une c\u00e9l\u00e8bre phrase du musicien rock irlandais Bono quant il disait : <em>\u00abLe droit d\u2019\u00eatre irresponsable et stupide est quelque chose qui m\u2019est tr\u00e8s cher. Et heureusement, c\u2019est quelque chose que je fais bien\u00bb.<\/em><\/p>\n<h3>Le cynisme d\u2019un sous-pr\u00e9sident qui se r\u00eave grand<\/h3>\n<p>La seule diff\u00e9rence entre BCE et Bono c\u2019est que e dernier est un artiste <em>\u00abje-m\u2019en-foutiste\u00bb<\/em> doubl\u00e9 d\u2019un \u00e9lectron libre. Il peut tout se permettre tant que ses d\u00e9clarations n\u2019engagent que sa personne.<\/p>\n<p>Par contre, BCE est un chef d\u2019Etat responsable du devenir de tout un pays. Il n\u2019a en principe ni le droit ni le devoir moral d\u2019\u00eatre aussi irresponsable. Il a oubli\u00e9 surtout qu\u2019il est le pr\u00e9sident du seul pays relativement d\u00e9mocratique dans le monde arabe, ce qui est cens\u00e9 amplifier encore sa responsabilit\u00e9 historique.<\/p>\n<p>BCE, qui se vantait pourtant de ne jamais parler des affaires int\u00e9rieures de la Tunisie quand il est loin du pays, est sorti, cette fois, de la r\u00e9serve que lui impose sa position de chef d\u2019Etat, signe qu\u2019il est en train de perdre les p\u00e9dales et de jouer ses derni\u00e8res cartes politiques.<\/p>\n<p>En principe, dans de telles circonstances douloureuses, il aurait d\u00fb commencer par remonter le moral de son peuple, l\u2019encourager \u00e0 r\u00e9sister au terrorisme et \u00e0 croire en la capacit\u00e9 des ses institutions \u00e0 \u00e9radiquer ce fl\u00e9au. H\u00e9las, il a fait exactement le contraire.<\/p>\n<p>D\u2019ailleurs, sentant que BCE a commis une grosse bourde, les d\u00e9chiffreurs officiels de ses discours (ses conseillers) se sont pr\u00e9cipit\u00e9s, hier soir et t\u00f4t ce matin, sur les plateaux des t\u00e9l\u00e9visions et les studios des radios pour expliquer les bonnes intentions du pr\u00e9sident. Trop tard, le mal est fait.<\/p>\n<h3>BCE, le grand expert du sabotage politique<\/h3>\n<p>Autre indice de l\u2019irresponsabilit\u00e9 du chef de l\u2019Etat, dont le mandat s\u2019ach\u00e8vera heureusement dans un peu plus d\u2019un an, sa f\u00e2cheuse tendance \u00e0 faire endosser \u00e0 toute la classe politique du pays, sans nuance aucune, la responsabilit\u00e9 de la d\u00e9liquescence de l\u2019Etat et de la r\u00e9surgence du terrorisme. Tout en s\u2019excluant lui-m\u00eame, par simple effet de rh\u00e9torique, de cette m\u00eame classe.<\/p>\n<p>Dans sa d\u00e9claration controvers\u00e9e diffus\u00e9e sur la page officielle de la pr\u00e9sidence de la r\u00e9publique, M. Ca\u00efd Essebsi a d\u00e9plor\u00e9 le climat politique d\u00e9l\u00e9t\u00e8re qui \u00abest de nature \u00e0 nous distraire des pr\u00e9occupations r\u00e9elles du pays\u00bb, puisque, selon lui <em>\u00abcertains, se focalisent sur les fauteuils, les responsabilit\u00e9s ou les appartenances partisanes\u00bb.<\/em><\/p>\n<p>Pourtant, tout le monde sait qu\u2019il assume lui-m\u00eame, en tr\u00e8s grande partie, la responsabilit\u00e9 de la d\u00e9t\u00e9rioration du climat politique dans le pays. Depuis son accession \u00e0 la magistrature supr\u00eame, d\u00e9but 2015, non pas par comp\u00e9tence av\u00e9r\u00e9e mais par un coup de pouce du hasard de l\u2019Histoire, il n\u2019a commis que des bourdes d\u00e9sastreuses pour le pays.<\/p>\n<p>N\u2019oublions pas que c\u2019est lui qui a <em>\u00abnomm\u00e9\u00bb<\/em> un homme \u00e0 lui \u00e0 la pr\u00e9sidence du parlement, Mohamed Ennaceur, docile, effac\u00e9 et compl\u00e8tement soumis \u00e0 ses desiderata.<\/p>\n<p>C\u2019est lui aussi qui a voulu partager le pouvoir avec un parti qui ne l\u00e2che rien, Ennahdha en l\u2019occurrence, au nom d\u2019un consensus qui a men\u00e9 le pays \u00e0 la banqueroute.<\/p>\n<p>C\u2019est lui qui a nomm\u00e9 Habib Essid chef du gouvernement avant de faire feu de tout bois pour l\u2019\u00e9vincer de mani\u00e8re humiliante, parce qu\u2019il n\u2019a pas voulu r\u00e9pondre \u00e0 ses caprices.<\/p>\n<p>C\u2019est lui \u00e9galement qui a nomm\u00e9 Youssef Chahed pour remplacer Habib Essid avant de d\u00e9cider de l\u2019\u00e9carter, projet qu\u2019il n\u2019a pas pu mener \u00e0 terme en raison du refus de l\u2019int\u00e9ress\u00e9 de lui offrir sa d\u00e9mission sur un plateau. D\u2019o\u00f9 le blocage institutionnel que vit, actuellement, le pays par le fait d\u2019un pouvoir ex\u00e9cutif divis\u00e9.<\/p>\n<p>C\u2019est lui, par ailleurs, qui a tout fait pour disloquer Nidaa Tounes, le parti qui l\u2019a fait acc\u00e9der \u00e0 la pr\u00e9sidence et pour le confier \u00e0 son rejeton Hafedh Caid Essebsi, qui s\u2019y est comport\u00e9 comme un \u00e9l\u00e9phant dans un magasin de porcelaine.<\/p>\n<p>Tout cela pour dire que ce pr\u00e9sident combinard, qui n\u2019a rien \u00e0 envier \u00e0 Tullius D\u00e9tritus, le c\u00e9l\u00e8bre semeur de zizanie de la BD<em> \u2018\u2018Ast\u00e9rix\u2019\u2019,<\/em> a \u00e9t\u00e9, le moins que l\u2019on puisse dire, tr\u00e8s improductif et tr\u00e8s nuisible pour le pays. Son r\u00e8gne constitue une parenth\u00e8se regrettable et dramatique dans l\u2019Histoire de notre pays.<\/p>\n<p>Esp\u00e9rons que les Tunisiens comprendront enfin qu\u2019ils ont en 2019 une salutaire \u00e9ch\u00e9ance, les prochaines \u00e9lections g\u00e9n\u00e9rales, pour donner une claque d\u00e9mocratique \u00e0 ces \u00abcadavres qui bougent\u00bb et \u00e0 choisir des militants patriotes capables d\u2019\u00e9difier une 3e r\u00e9publique plus probe, plus prosp\u00e8re et plus digne de leurs aspirations.<\/p>\n","protected":false},"excerpt":{"rendered":"<p>\u00abNous avons cru avoir \u00e9radiqu\u00e9 le terrorisme, mais en r\u00e9alit\u00e9, nous esp\u00e9rons qu\u2019il ne va pas, lui, nous faire dispara\u00eetre\u00bb. C\u2019est en ces termes cyniques et d\u00e9missionnaires que le pr\u00e9sident B\u00e9ji Ca\u00efd Essebsi (BCE) a r\u00e9agi \u00e0 l\u2019attentat-kamikaze perp\u00e9tr\u00e9, hier, lundi 29 octobre 2019, au centre-ville de Tunis, pr\u00e8s d\u2019un v\u00e9hicule de police. Par Kh\u00e9maies&#8230;<\/p>\n","protected":false},"author":8,"featured_media":181298,"comment_status":"open","ping_status":"open","sticky":false,"template":"","format":"standard","meta":{"footnotes":""},"categories":[992,997,2433],"tags":[52225,1108,435,1648,49571],"class_list":["post-181297","post","type-post","status-publish","format-standard","has-post-thumbnail","hentry","category-a-la-une","category-politique","category-tunisie","tag-attentat-kamikaze","tag-beji-caid-essebsi","tag-habib-essid","tag-islamistes","tag-nidaa-tounes"],"yoast_head":"<!-- This site is optimized with the Yoast SEO plugin v26.6 - https:\/\/yoast.com\/wordpress\/plugins\/seo\/ -->\n<title>La r\u00e9action irresponsable du premier responsable des malheurs des Tunisiens - Kapitalis<\/title>\n<meta name=\"robots\" content=\"index, follow, max-snippet:-1, max-image-preview:large, max-video-preview:-1\" \/>\n<link rel=\"canonical\" href=\"https:\/\/kapitalis.com\/tunisie\/2018\/10\/30\/la-reaction-irresponsable-du-premier-responsable-des-malheurs-des-tunisiens\/\" \/>\n<meta property=\"og:locale\" content=\"fr_FR\" \/>\n<meta property=\"og:type\" content=\"article\" \/>\n<meta property=\"og:title\" content=\"La r\u00e9action irresponsable du premier responsable des malheurs des Tunisiens - Kapitalis\" \/>\n<meta property=\"og:description\" content=\"\u00abNous avons cru avoir \u00e9radiqu\u00e9 le terrorisme, mais en r\u00e9alit\u00e9, nous esp\u00e9rons qu\u2019il ne va pas, lui, nous faire dispara\u00eetre\u00bb. C\u2019est en ces termes cyniques et d\u00e9missionnaires que le pr\u00e9sident B\u00e9ji Ca\u00efd Essebsi (BCE) a r\u00e9agi \u00e0 l\u2019attentat-kamikaze perp\u00e9tr\u00e9, hier, lundi 29 octobre 2019, au centre-ville de Tunis, pr\u00e8s d\u2019un v\u00e9hicule de police. Par Kh\u00e9maies...\" \/>\n<meta property=\"og:url\" content=\"https:\/\/kapitalis.com\/tunisie\/2018\/10\/30\/la-reaction-irresponsable-du-premier-responsable-des-malheurs-des-tunisiens\/\" \/>\n<meta property=\"og:site_name\" content=\"Kapitalis\" \/>\n<meta property=\"article:publisher\" content=\"https:\/\/www.facebook.com\/KapitalisInfo\/\" \/>\n<meta property=\"article:published_time\" content=\"2018-10-30T10:35:02+00:00\" \/>\n<meta property=\"og:image\" content=\"https:\/\/kapitalis.com\/tunisie\/wp-content\/uploads\/2022\/05\/kapitalis-logo-fb.png\" \/>\n\t<meta property=\"og:image:width\" content=\"1200\" \/>\n\t<meta property=\"og:image:height\" content=\"630\" \/>\n\t<meta property=\"og:image:type\" content=\"image\/png\" \/>\n<meta name=\"author\" content=\"webmaster kapitalis\" \/>\n<meta name=\"twitter:card\" content=\"summary_large_image\" \/>\n<meta name=\"twitter:creator\" content=\"@KapitalisInfo\" \/>\n<meta name=\"twitter:site\" content=\"@KapitalisInfo\" \/>\n<meta name=\"twitter:label1\" content=\"\u00c9crit par\" \/>\n\t<meta name=\"twitter:data1\" content=\"webmaster kapitalis\" \/>\n\t<meta name=\"twitter:label2\" content=\"Dur\u00e9e de lecture estim\u00e9e\" \/>\n\t<meta name=\"twitter:data2\" content=\"5 minutes\" \/>\n<script type=\"application\/ld+json\" class=\"yoast-schema-graph\">{\"@context\":\"https:\/\/schema.org\",\"@graph\":[{\"@type\":\"Article\",\"@id\":\"https:\/\/kapitalis.com\/tunisie\/2018\/10\/30\/la-reaction-irresponsable-du-premier-responsable-des-malheurs-des-tunisiens\/#article\",\"isPartOf\":{\"@id\":\"https:\/\/kapitalis.com\/tunisie\/2018\/10\/30\/la-reaction-irresponsable-du-premier-responsable-des-malheurs-des-tunisiens\/\"},\"author\":{\"name\":\"webmaster kapitalis\",\"@id\":\"https:\/\/kapitalis.com\/tunisie\/#\/schema\/person\/d71f33a9ca44f7bad4698210b480c8e9\"},\"headline\":\"La r\u00e9action irresponsable du premier responsable des malheurs des Tunisiens\",\"datePublished\":\"2018-10-30T10:35:02+00:00\",\"mainEntityOfPage\":{\"@id\":\"https:\/\/kapitalis.com\/tunisie\/2018\/10\/30\/la-reaction-irresponsable-du-premier-responsable-des-malheurs-des-tunisiens\/\"},\"wordCount\":969,\"commentCount\":20,\"publisher\":{\"@id\":\"https:\/\/kapitalis.com\/tunisie\/#organization\"},\"image\":{\"@id\":\"https:\/\/kapitalis.com\/tunisie\/2018\/10\/30\/la-reaction-irresponsable-du-premier-responsable-des-malheurs-des-tunisiens\/#primaryimage\"},\"thumbnailUrl\":\"\",\"keywords\":[\"attentat kamikaze\",\"B\u00e9ji Ca\u00efd Essebsi\",\"Habib Essid\",\"islamistes\",\"Nidaa Tounes\"],\"articleSection\":[\"A LA UNE\",\"POLITIQUE\",\"Tunisie\"],\"inLanguage\":\"fr-FR\",\"potentialAction\":[{\"@type\":\"CommentAction\",\"name\":\"Comment\",\"target\":[\"https:\/\/kapitalis.com\/tunisie\/2018\/10\/30\/la-reaction-irresponsable-du-premier-responsable-des-malheurs-des-tunisiens\/#respond\"]}]},{\"@type\":\"WebPage\",\"@id\":\"https:\/\/kapitalis.com\/tunisie\/2018\/10\/30\/la-reaction-irresponsable-du-premier-responsable-des-malheurs-des-tunisiens\/\",\"url\":\"https:\/\/kapitalis.com\/tunisie\/2018\/10\/30\/la-reaction-irresponsable-du-premier-responsable-des-malheurs-des-tunisiens\/\",\"name\":\"La r\u00e9action irresponsable du premier responsable des malheurs des Tunisiens - Kapitalis\",\"isPartOf\":{\"@id\":\"https:\/\/kapitalis.com\/tunisie\/#website\"},\"primaryImageOfPage\":{\"@id\":\"https:\/\/kapitalis.com\/tunisie\/2018\/10\/30\/la-reaction-irresponsable-du-premier-responsable-des-malheurs-des-tunisiens\/#primaryimage\"},\"image\":{\"@id\":\"https:\/\/kapitalis.com\/tunisie\/2018\/10\/30\/la-reaction-irresponsable-du-premier-responsable-des-malheurs-des-tunisiens\/#primaryimage\"},\"thumbnailUrl\":\"\",\"datePublished\":\"2018-10-30T10:35:02+00:00\",\"breadcrumb\":{\"@id\":\"https:\/\/kapitalis.com\/tunisie\/2018\/10\/30\/la-reaction-irresponsable-du-premier-responsable-des-malheurs-des-tunisiens\/#breadcrumb\"},\"inLanguage\":\"fr-FR\",\"potentialAction\":[{\"@type\":\"ReadAction\",\"target\":[\"https:\/\/kapitalis.com\/tunisie\/2018\/10\/30\/la-reaction-irresponsable-du-premier-responsable-des-malheurs-des-tunisiens\/\"]}]},{\"@type\":\"ImageObject\",\"inLanguage\":\"fr-FR\",\"@id\":\"https:\/\/kapitalis.com\/tunisie\/2018\/10\/30\/la-reaction-irresponsable-du-premier-responsable-des-malheurs-des-tunisiens\/#primaryimage\",\"url\":\"\",\"contentUrl\":\"\"},{\"@type\":\"BreadcrumbList\",\"@id\":\"https:\/\/kapitalis.com\/tunisie\/2018\/10\/30\/la-reaction-irresponsable-du-premier-responsable-des-malheurs-des-tunisiens\/#breadcrumb\",\"itemListElement\":[{\"@type\":\"ListItem\",\"position\":1,\"name\":\"Accueil\",\"item\":\"https:\/\/kapitalis.com\/tunisie\/\"},{\"@type\":\"ListItem\",\"position\":2,\"name\":\"La r\u00e9action irresponsable du premier responsable des malheurs des Tunisiens\"}]},{\"@type\":\"WebSite\",\"@id\":\"https:\/\/kapitalis.com\/tunisie\/#website\",\"url\":\"https:\/\/kapitalis.com\/tunisie\/\",\"name\":\"Kapitalis\",\"description\":\"L&#039;actualit\u00e9 en Tunisie et dans le monde\",\"publisher\":{\"@id\":\"https:\/\/kapitalis.com\/tunisie\/#organization\"},\"potentialAction\":[{\"@type\":\"SearchAction\",\"target\":{\"@type\":\"EntryPoint\",\"urlTemplate\":\"https:\/\/kapitalis.com\/tunisie\/?s={search_term_string}\"},\"query-input\":{\"@type\":\"PropertyValueSpecification\",\"valueRequired\":true,\"valueName\":\"search_term_string\"}}],\"inLanguage\":\"fr-FR\"},{\"@type\":\"Organization\",\"@id\":\"https:\/\/kapitalis.com\/tunisie\/#organization\",\"name\":\"Kapitalis\",\"url\":\"https:\/\/kapitalis.com\/tunisie\/\",\"logo\":{\"@type\":\"ImageObject\",\"inLanguage\":\"fr-FR\",\"@id\":\"https:\/\/kapitalis.com\/tunisie\/#\/schema\/logo\/image\/\",\"url\":\"https:\/\/kapitalis.com\/tunisie\/wp-content\/uploads\/2022\/05\/Kapitalis-big-size.png\",\"contentUrl\":\"https:\/\/kapitalis.com\/tunisie\/wp-content\/uploads\/2022\/05\/Kapitalis-big-size.png\",\"width\":5000,\"height\":1500,\"caption\":\"Kapitalis\"},\"image\":{\"@id\":\"https:\/\/kapitalis.com\/tunisie\/#\/schema\/logo\/image\/\"},\"sameAs\":[\"https:\/\/www.facebook.com\/KapitalisInfo\/\",\"https:\/\/x.com\/KapitalisInfo\",\"https:\/\/www.youtube.com\/channel\/UC-yDYrHyfFBWWZaOw3FPg9Q\"]},{\"@type\":\"Person\",\"@id\":\"https:\/\/kapitalis.com\/tunisie\/#\/schema\/person\/d71f33a9ca44f7bad4698210b480c8e9\",\"name\":\"webmaster kapitalis\",\"url\":\"https:\/\/kapitalis.com\/tunisie\/author\/webmaster-kapitalis\/\"}]}<\/script>\n<!-- \/ Yoast SEO plugin. -->","yoast_head_json":{"title":"La r\u00e9action irresponsable du premier responsable des malheurs des Tunisiens - Kapitalis","robots":{"index":"index","follow":"follow","max-snippet":"max-snippet:-1","max-image-preview":"max-image-preview:large","max-video-preview":"max-video-preview:-1"},"canonical":"https:\/\/kapitalis.com\/tunisie\/2018\/10\/30\/la-reaction-irresponsable-du-premier-responsable-des-malheurs-des-tunisiens\/","og_locale":"fr_FR","og_type":"article","og_title":"La r\u00e9action irresponsable du premier responsable des malheurs des Tunisiens - Kapitalis","og_description":"\u00abNous avons cru avoir \u00e9radiqu\u00e9 le terrorisme, mais en r\u00e9alit\u00e9, nous esp\u00e9rons qu\u2019il ne va pas, lui, nous faire dispara\u00eetre\u00bb. C\u2019est en ces termes cyniques et d\u00e9missionnaires que le pr\u00e9sident B\u00e9ji Ca\u00efd Essebsi (BCE) a r\u00e9agi \u00e0 l\u2019attentat-kamikaze perp\u00e9tr\u00e9, hier, lundi 29 octobre 2019, au centre-ville de Tunis, pr\u00e8s d\u2019un v\u00e9hicule de police. Par Kh\u00e9maies...","og_url":"https:\/\/kapitalis.com\/tunisie\/2018\/10\/30\/la-reaction-irresponsable-du-premier-responsable-des-malheurs-des-tunisiens\/","og_site_name":"Kapitalis","article_publisher":"https:\/\/www.facebook.com\/KapitalisInfo\/","article_published_time":"2018-10-30T10:35:02+00:00","og_image":[{"width":1200,"height":630,"url":"https:\/\/kapitalis.com\/tunisie\/wp-content\/uploads\/2022\/05\/kapitalis-logo-fb.png","type":"image\/png"}],"author":"webmaster kapitalis","twitter_card":"summary_large_image","twitter_creator":"@KapitalisInfo","twitter_site":"@KapitalisInfo","twitter_misc":{"\u00c9crit par":"webmaster kapitalis","Dur\u00e9e de lecture estim\u00e9e":"5 minutes"},"schema":{"@context":"https:\/\/schema.org","@graph":[{"@type":"Article","@id":"https:\/\/kapitalis.com\/tunisie\/2018\/10\/30\/la-reaction-irresponsable-du-premier-responsable-des-malheurs-des-tunisiens\/#article","isPartOf":{"@id":"https:\/\/kapitalis.com\/tunisie\/2018\/10\/30\/la-reaction-irresponsable-du-premier-responsable-des-malheurs-des-tunisiens\/"},"author":{"name":"webmaster kapitalis","@id":"https:\/\/kapitalis.com\/tunisie\/#\/schema\/person\/d71f33a9ca44f7bad4698210b480c8e9"},"headline":"La r\u00e9action irresponsable du premier responsable des malheurs des Tunisiens","datePublished":"2018-10-30T10:35:02+00:00","mainEntityOfPage":{"@id":"https:\/\/kapitalis.com\/tunisie\/2018\/10\/30\/la-reaction-irresponsable-du-premier-responsable-des-malheurs-des-tunisiens\/"},"wordCount":969,"commentCount":20,"publisher":{"@id":"https:\/\/kapitalis.com\/tunisie\/#organization"},"image":{"@id":"https:\/\/kapitalis.com\/tunisie\/2018\/10\/30\/la-reaction-irresponsable-du-premier-responsable-des-malheurs-des-tunisiens\/#primaryimage"},"thumbnailUrl":"","keywords":["attentat kamikaze","B\u00e9ji Ca\u00efd Essebsi","Habib Essid","islamistes","Nidaa Tounes"],"articleSection":["A LA UNE","POLITIQUE","Tunisie"],"inLanguage":"fr-FR","potentialAction":[{"@type":"CommentAction","name":"Comment","target":["https:\/\/kapitalis.com\/tunisie\/2018\/10\/30\/la-reaction-irresponsable-du-premier-responsable-des-malheurs-des-tunisiens\/#respond"]}]},{"@type":"WebPage","@id":"https:\/\/kapitalis.com\/tunisie\/2018\/10\/30\/la-reaction-irresponsable-du-premier-responsable-des-malheurs-des-tunisiens\/","url":"https:\/\/kapitalis.com\/tunisie\/2018\/10\/30\/la-reaction-irresponsable-du-premier-responsable-des-malheurs-des-tunisiens\/","name":"La r\u00e9action irresponsable du premier responsable des malheurs des Tunisiens - Kapitalis","isPartOf":{"@id":"https:\/\/kapitalis.com\/tunisie\/#website"},"primaryImageOfPage":{"@id":"https:\/\/kapitalis.com\/tunisie\/2018\/10\/30\/la-reaction-irresponsable-du-premier-responsable-des-malheurs-des-tunisiens\/#primaryimage"},"image":{"@id":"https:\/\/kapitalis.com\/tunisie\/2018\/10\/30\/la-reaction-irresponsable-du-premier-responsable-des-malheurs-des-tunisiens\/#primaryimage"},"thumbnailUrl":"","datePublished":"2018-10-30T10:35:02+00:00","breadcrumb":{"@id":"https:\/\/kapitalis.com\/tunisie\/2018\/10\/30\/la-reaction-irresponsable-du-premier-responsable-des-malheurs-des-tunisiens\/#breadcrumb"},"inLanguage":"fr-FR","potentialAction":[{"@type":"ReadAction","target":["https:\/\/kapitalis.com\/tunisie\/2018\/10\/30\/la-reaction-irresponsable-du-premier-responsable-des-malheurs-des-tunisiens\/"]}]},{"@type":"ImageObject","inLanguage":"fr-FR","@id":"https:\/\/kapitalis.com\/tunisie\/2018\/10\/30\/la-reaction-irresponsable-du-premier-responsable-des-malheurs-des-tunisiens\/#primaryimage","url":"","contentUrl":""},{"@type":"BreadcrumbList","@id":"https:\/\/kapitalis.com\/tunisie\/2018\/10\/30\/la-reaction-irresponsable-du-premier-responsable-des-malheurs-des-tunisiens\/#breadcrumb","itemListElement":[{"@type":"ListItem","position":1,"name":"Accueil","item":"https:\/\/kapitalis.com\/tunisie\/"},{"@type":"ListItem","position":2,"name":"La r\u00e9action irresponsable du premier responsable des malheurs des Tunisiens"}]},{"@type":"WebSite","@id":"https:\/\/kapitalis.com\/tunisie\/#website","url":"https:\/\/kapitalis.com\/tunisie\/","name":"Kapitalis","description":"L&#039;actualit\u00e9 en Tunisie et dans le monde","publisher":{"@id":"https:\/\/kapitalis.com\/tunisie\/#organization"},"potentialAction":[{"@type":"SearchAction","target":{"@type":"EntryPoint","urlTemplate":"https:\/\/kapitalis.com\/tunisie\/?s={search_term_string}"},"query-input":{"@type":"PropertyValueSpecification","valueRequired":true,"valueName":"search_term_string"}}],"inLanguage":"fr-FR"},{"@type":"Organization","@id":"https:\/\/kapitalis.com\/tunisie\/#organization","name":"Kapitalis","url":"https:\/\/kapitalis.com\/tunisie\/","logo":{"@type":"ImageObject","inLanguage":"fr-FR","@id":"https:\/\/kapitalis.com\/tunisie\/#\/schema\/logo\/image\/","url":"https:\/\/kapitalis.com\/tunisie\/wp-content\/uploads\/2022\/05\/Kapitalis-big-size.png","contentUrl":"https:\/\/kapitalis.com\/tunisie\/wp-content\/uploads\/2022\/05\/Kapitalis-big-size.png","width":5000,"height":1500,"caption":"Kapitalis"},"image":{"@id":"https:\/\/kapitalis.com\/tunisie\/#\/schema\/logo\/image\/"},"sameAs":["https:\/\/www.facebook.com\/KapitalisInfo\/","https:\/\/x.com\/KapitalisInfo","https:\/\/www.youtube.com\/channel\/UC-yDYrHyfFBWWZaOw3FPg9Q"]},{"@type":"Person","@id":"https:\/\/kapitalis.com\/tunisie\/#\/schema\/person\/d71f33a9ca44f7bad4698210b480c8e9","name":"webmaster kapitalis","url":"https:\/\/kapitalis.com\/tunisie\/author\/webmaster-kapitalis\/"}]}},"_links":{"self":[{"href":"https:\/\/kapitalis.com\/tunisie\/wp-json\/wp\/v2\/posts\/181297","targetHints":{"allow":["GET"]}}],"collection":[{"href":"https:\/\/kapitalis.com\/tunisie\/wp-json\/wp\/v2\/posts"}],"about":[{"href":"https:\/\/kapitalis.com\/tunisie\/wp-json\/wp\/v2\/types\/post"}],"author":[{"embeddable":true,"href":"https:\/\/kapitalis.com\/tunisie\/wp-json\/wp\/v2\/users\/8"}],"replies":[{"embeddable":true,"href":"https:\/\/kapitalis.com\/tunisie\/wp-json\/wp\/v2\/comments?post=181297"}],"version-history":[{"count":0,"href":"https:\/\/kapitalis.com\/tunisie\/wp-json\/wp\/v2\/posts\/181297\/revisions"}],"wp:featuredmedia":[{"embeddable":true,"href":"https:\/\/kapitalis.com\/tunisie\/wp-json\/wp\/v2\/media\/181298"}],"wp:attachment":[{"href":"https:\/\/kapitalis.com\/tunisie\/wp-json\/wp\/v2\/media?parent=181297"}],"wp:term":[{"taxonomy":"category","embeddable":true,"href":"https:\/\/kapitalis.com\/tunisie\/wp-json\/wp\/v2\/categories?post=181297"},{"taxonomy":"post_tag","embeddable":true,"href":"https:\/\/kapitalis.com\/tunisie\/wp-json\/wp\/v2\/tags?post=181297"}],"curies":[{"name":"wp","href":"https:\/\/api.w.org\/{rel}","templated":true}]}}