{"id":181350,"date":"2018-10-30T17:06:41","date_gmt":"2018-10-30T16:06:41","guid":{"rendered":"http:\/\/kapitalis.com\/tunisie\/?p=181350"},"modified":"2018-10-30T17:06:41","modified_gmt":"2018-10-30T16:06:41","slug":"mnihla-une-niqabee-glorifie-lattaque-de-tunis-et-agresse-sa-belle-mere","status":"publish","type":"post","link":"https:\/\/kapitalis.com\/tunisie\/2018\/10\/30\/mnihla-une-niqabee-glorifie-lattaque-de-tunis-et-agresse-sa-belle-mere\/","title":{"rendered":"Mnihla : Une niqab\u00e9e glorifie l\u2019attaque de Tunis et agresse sa belle m\u00e8re"},"content":{"rendered":"<p style=\"text-align: center;\"><img loading=\"lazy\" decoding=\"async\" class=\"alignnone size-full wp-image-89514\" src=\"http:\/\/kapitalis.com\/tunisie\/wp-content\/uploads\/2017\/04\/Niqab\u00e9e-niqab.jpg\" alt=\"\" width=\"626\" height=\"380\" \/><\/p>\n<p><em><strong>Une dame a port\u00e9 plainte aujourd\u2019hui, mardi 30 octobre 2018, contre sa belle-fille, une niqab\u00e9e de 23 ans, habitant \u00e0 Mnihla (Ariana). Elle l&rsquo;accuse\u00a0d&rsquo;avoir glorifi\u00e9 l\u2019attentat kamikaze perp\u00e9tr\u00e9 hier au centre-ville de Tunis.<\/strong><\/em><!--more--><\/p>\n<p>La belle-m\u00e8re affirme avoir reproch\u00e9 \u00e0 sa belle-fille\u00a0d&rsquo;avoir fait l\u2019\u00e9loge des terroristes,\u00a0qui, selon ses dires,\u00a0l\u2019a insult\u00e9e et accus\u00e9e de m\u00e9cr\u00e9ance, avant de l\u2019agresser physiquement. C&rsquo;est ainsi qu&rsquo;elle a alert\u00e9 la police et le minist\u00e8re public,\u00a0qui a ordonn\u00e9 l&rsquo;arrestation de la suspecte.<\/p>\n<p>Rappelons que l&rsquo;attaque perp\u00e9tr\u00e9e hier par la kamikaze Mena Guebla (30 ans), devant un centre commercial \u00e0 l&rsquo;avenue Habib Bourguiba de Tunis, a fait <a href=\"http:\/\/kapitalis.com\/tunisie\/2018\/10\/30\/attaque-kamikaze-tunis-sept-blesses-ont-quitte-aujourdhui-lhopital\/\" target=\"_blank\" rel=\"noopener\">20 bless\u00e9s<\/a> dont 15 policiers et 2 enfants. Sept d&rsquo;entre eux ont pu quitter l&rsquo;h\u00f4pital.<\/p>\n<p>Deux personnes ont d\u00e9j\u00e0 \u00e9t\u00e9 arr\u00eat\u00e9es pour avoir glorifi\u00e9 cet attentat, dont une femme \u00e0 Hammamet, travaillant dans un centre de massage.<\/p>\n<p style=\"text-align: right;\"><strong>Y. N.<\/strong><\/p>\n<blockquote class=\"wp-embedded-content\" data-secret=\"IxjYGyicmf\"><p><a href=\"https:\/\/kapitalis.com\/tunisie\/2018\/10\/30\/deux-individus-arretes-pour-avoir-glorifie-lattentat-suicide-de-tunis\/\">Deux individus arr\u00eat\u00e9s pour avoir glorifi\u00e9 l&rsquo;attentat-suicide de Tunis<\/a><\/p><\/blockquote>\n<p><iframe loading=\"lazy\" class=\"wp-embedded-content\" sandbox=\"allow-scripts\" security=\"restricted\" style=\"position: absolute; clip: rect(1px, 1px, 1px, 1px);\" title=\"\u00ab\u00a0Deux individus arr\u00eat\u00e9s pour avoir glorifi\u00e9 l&rsquo;attentat-suicide de Tunis\u00a0\u00bb &#8212; Kapitalis\" src=\"https:\/\/kapitalis.com\/tunisie\/2018\/10\/30\/deux-individus-arretes-pour-avoir-glorifie-lattentat-suicide-de-tunis\/embed\/#?secret=vA8kRwGeiL#?secret=IxjYGyicmf\" data-secret=\"IxjYGyicmf\" width=\"600\" height=\"338\" frameborder=\"0\" marginwidth=\"0\" marginheight=\"0\" scrolling=\"no\"><\/iframe><\/p>\n<blockquote class=\"wp-embedded-content\" data-secret=\"hsudeCi4F9\"><p><a href=\"https:\/\/kapitalis.com\/tunisie\/2018\/10\/30\/attentat-de-tunis-revelations-de-la-perquisition-au-domicile-de-la-kamikaze\/\">Attentat de Tunis : R\u00e9v\u00e9lations de la perquisition au domicile de la kamikaze<\/a><\/p><\/blockquote>\n<p><iframe loading=\"lazy\" class=\"wp-embedded-content\" sandbox=\"allow-scripts\" security=\"restricted\" style=\"position: absolute; clip: rect(1px, 1px, 1px, 1px);\" title=\"\u00ab\u00a0Attentat de Tunis : R\u00e9v\u00e9lations de la perquisition au domicile de la kamikaze\u00a0\u00bb &#8212; Kapitalis\" src=\"https:\/\/kapitalis.com\/tunisie\/2018\/10\/30\/attentat-de-tunis-revelations-de-la-perquisition-au-domicile-de-la-kamikaze\/embed\/#?secret=vrJuMBCZ2f#?secret=hsudeCi4F9\" data-secret=\"hsudeCi4F9\" width=\"600\" height=\"338\" frameborder=\"0\" marginwidth=\"0\" marginheight=\"0\" scrolling=\"no\"><\/iframe><\/p>\n","protected":false},"excerpt":{"rendered":"<p>Une dame a port\u00e9 plainte aujourd\u2019hui, mardi 30 octobre 2018, contre sa belle-fille, une niqab\u00e9e de 23 ans, habitant \u00e0 Mnihla (Ariana). Elle l&rsquo;accuse\u00a0d&rsquo;avoir glorifi\u00e9 l\u2019attentat kamikaze perp\u00e9tr\u00e9 hier au centre-ville de Tunis.<\/p>\n","protected":false},"author":6,"featured_media":0,"comment_status":"open","ping_status":"open","sticky":false,"template":"","format":"standard","meta":{"footnotes":""},"categories":[998,2433],"tags":[79,52225,27586,5520,52243,8459,2239,898],"class_list":["post-181350","post","type-post","status-publish","format-standard","hentry","category-societe","category-tunisie","tag-ariana","tag-attentat-kamikaze","tag-av-habib-bourguiba","tag-extremiste","tag-mena-guebla","tag-mnihla","tag-niqab","tag-terroriste"],"yoast_head":"<!-- This site is optimized with the Yoast SEO plugin v26.6 - https:\/\/yoast.com\/wordpress\/plugins\/seo\/ -->\n<title>Mnihla : Une niqab\u00e9e glorifie l\u2019attaque de Tunis et agresse sa belle m\u00e8re - Kapitalis<\/title>\n<meta name=\"robots\" content=\"index, follow, max-snippet:-1, max-image-preview:large, max-video-preview:-1\" \/>\n<link rel=\"canonical\" href=\"https:\/\/kapitalis.com\/tunisie\/2018\/10\/30\/mnihla-une-niqabee-glorifie-lattaque-de-tunis-et-agresse-sa-belle-mere\/\" \/>\n<meta property=\"og:locale\" content=\"fr_FR\" \/>\n<meta property=\"og:type\" content=\"article\" \/>\n<meta property=\"og:title\" content=\"Mnihla : Une niqab\u00e9e glorifie l\u2019attaque de Tunis et agresse sa belle m\u00e8re - Kapitalis\" \/>\n<meta property=\"og:description\" content=\"Une dame a port\u00e9 plainte aujourd\u2019hui, mardi 30 octobre 2018, contre sa belle-fille, une niqab\u00e9e de 23 ans, habitant \u00e0 Mnihla (Ariana). Elle l&rsquo;accuse\u00a0d&rsquo;avoir glorifi\u00e9 l\u2019attentat kamikaze perp\u00e9tr\u00e9 hier au centre-ville de Tunis.\" \/>\n<meta property=\"og:url\" content=\"https:\/\/kapitalis.com\/tunisie\/2018\/10\/30\/mnihla-une-niqabee-glorifie-lattaque-de-tunis-et-agresse-sa-belle-mere\/\" \/>\n<meta property=\"og:site_name\" content=\"Kapitalis\" \/>\n<meta property=\"article:publisher\" content=\"https:\/\/www.facebook.com\/KapitalisInfo\/\" \/>\n<meta property=\"article:published_time\" content=\"2018-10-30T16:06:41+00:00\" \/>\n<meta property=\"og:image\" content=\"https:\/\/kapitalis.com\/tunisie\/wp-content\/uploads\/2022\/05\/kapitalis-logo-fb.png\" \/>\n\t<meta property=\"og:image:width\" content=\"1200\" \/>\n\t<meta property=\"og:image:height\" content=\"630\" \/>\n\t<meta property=\"og:image:type\" content=\"image\/png\" \/>\n<meta name=\"author\" content=\"Yusra NY\" \/>\n<meta name=\"twitter:card\" content=\"summary_large_image\" \/>\n<meta name=\"twitter:creator\" content=\"@KapitalisInfo\" \/>\n<meta name=\"twitter:site\" content=\"@KapitalisInfo\" \/>\n<meta name=\"twitter:label1\" content=\"\u00c9crit par\" \/>\n\t<meta name=\"twitter:data1\" content=\"Yusra NY\" \/>\n\t<meta name=\"twitter:label2\" content=\"Dur\u00e9e de lecture estim\u00e9e\" \/>\n\t<meta name=\"twitter:data2\" content=\"1 minute\" \/>\n<script type=\"application\/ld+json\" class=\"yoast-schema-graph\">{\"@context\":\"https:\/\/schema.org\",\"@graph\":[{\"@type\":\"Article\",\"@id\":\"https:\/\/kapitalis.com\/tunisie\/2018\/10\/30\/mnihla-une-niqabee-glorifie-lattaque-de-tunis-et-agresse-sa-belle-mere\/#article\",\"isPartOf\":{\"@id\":\"https:\/\/kapitalis.com\/tunisie\/2018\/10\/30\/mnihla-une-niqabee-glorifie-lattaque-de-tunis-et-agresse-sa-belle-mere\/\"},\"author\":{\"name\":\"Yusra NY\",\"@id\":\"https:\/\/kapitalis.com\/tunisie\/#\/schema\/person\/74bbde0154d49d790a92aaeac5bc01d5\"},\"headline\":\"Mnihla : Une niqab\u00e9e glorifie l\u2019attaque de Tunis et agresse sa belle m\u00e8re\",\"datePublished\":\"2018-10-30T16:06:41+00:00\",\"mainEntityOfPage\":{\"@id\":\"https:\/\/kapitalis.com\/tunisie\/2018\/10\/30\/mnihla-une-niqabee-glorifie-lattaque-de-tunis-et-agresse-sa-belle-mere\/\"},\"wordCount\":176,\"commentCount\":2,\"publisher\":{\"@id\":\"https:\/\/kapitalis.com\/tunisie\/#organization\"},\"keywords\":[\"Ariana\",\"attentat kamikaze\",\"Av Habib Bourguiba\",\"extr\u00e9miste\",\"Mena Guebla\",\"Mnihla\",\"niqab\",\"terroriste\"],\"articleSection\":[\"SOCIETE\",\"Tunisie\"],\"inLanguage\":\"fr-FR\",\"potentialAction\":[{\"@type\":\"CommentAction\",\"name\":\"Comment\",\"target\":[\"https:\/\/kapitalis.com\/tunisie\/2018\/10\/30\/mnihla-une-niqabee-glorifie-lattaque-de-tunis-et-agresse-sa-belle-mere\/#respond\"]}]},{\"@type\":\"WebPage\",\"@id\":\"https:\/\/kapitalis.com\/tunisie\/2018\/10\/30\/mnihla-une-niqabee-glorifie-lattaque-de-tunis-et-agresse-sa-belle-mere\/\",\"url\":\"https:\/\/kapitalis.com\/tunisie\/2018\/10\/30\/mnihla-une-niqabee-glorifie-lattaque-de-tunis-et-agresse-sa-belle-mere\/\",\"name\":\"Mnihla : Une niqab\u00e9e glorifie l\u2019attaque de Tunis et agresse sa belle m\u00e8re - Kapitalis\",\"isPartOf\":{\"@id\":\"https:\/\/kapitalis.com\/tunisie\/#website\"},\"datePublished\":\"2018-10-30T16:06:41+00:00\",\"breadcrumb\":{\"@id\":\"https:\/\/kapitalis.com\/tunisie\/2018\/10\/30\/mnihla-une-niqabee-glorifie-lattaque-de-tunis-et-agresse-sa-belle-mere\/#breadcrumb\"},\"inLanguage\":\"fr-FR\",\"potentialAction\":[{\"@type\":\"ReadAction\",\"target\":[\"https:\/\/kapitalis.com\/tunisie\/2018\/10\/30\/mnihla-une-niqabee-glorifie-lattaque-de-tunis-et-agresse-sa-belle-mere\/\"]}]},{\"@type\":\"BreadcrumbList\",\"@id\":\"https:\/\/kapitalis.com\/tunisie\/2018\/10\/30\/mnihla-une-niqabee-glorifie-lattaque-de-tunis-et-agresse-sa-belle-mere\/#breadcrumb\",\"itemListElement\":[{\"@type\":\"ListItem\",\"position\":1,\"name\":\"Accueil\",\"item\":\"https:\/\/kapitalis.com\/tunisie\/\"},{\"@type\":\"ListItem\",\"position\":2,\"name\":\"Mnihla : Une niqab\u00e9e glorifie l\u2019attaque de Tunis et agresse sa belle m\u00e8re\"}]},{\"@type\":\"WebSite\",\"@id\":\"https:\/\/kapitalis.com\/tunisie\/#website\",\"url\":\"https:\/\/kapitalis.com\/tunisie\/\",\"name\":\"Kapitalis\",\"description\":\"L&#039;actualit\u00e9 en Tunisie et dans le monde\",\"publisher\":{\"@id\":\"https:\/\/kapitalis.com\/tunisie\/#organization\"},\"potentialAction\":[{\"@type\":\"SearchAction\",\"target\":{\"@type\":\"EntryPoint\",\"urlTemplate\":\"https:\/\/kapitalis.com\/tunisie\/?s={search_term_string}\"},\"query-input\":{\"@type\":\"PropertyValueSpecification\",\"valueRequired\":true,\"valueName\":\"search_term_string\"}}],\"inLanguage\":\"fr-FR\"},{\"@type\":\"Organization\",\"@id\":\"https:\/\/kapitalis.com\/tunisie\/#organization\",\"name\":\"Kapitalis\",\"url\":\"https:\/\/kapitalis.com\/tunisie\/\",\"logo\":{\"@type\":\"ImageObject\",\"inLanguage\":\"fr-FR\",\"@id\":\"https:\/\/kapitalis.com\/tunisie\/#\/schema\/logo\/image\/\",\"url\":\"https:\/\/kapitalis.com\/tunisie\/wp-content\/uploads\/2022\/05\/Kapitalis-big-size.png\",\"contentUrl\":\"https:\/\/kapitalis.com\/tunisie\/wp-content\/uploads\/2022\/05\/Kapitalis-big-size.png\",\"width\":5000,\"height\":1500,\"caption\":\"Kapitalis\"},\"image\":{\"@id\":\"https:\/\/kapitalis.com\/tunisie\/#\/schema\/logo\/image\/\"},\"sameAs\":[\"https:\/\/www.facebook.com\/KapitalisInfo\/\",\"https:\/\/x.com\/KapitalisInfo\",\"https:\/\/www.youtube.com\/channel\/UC-yDYrHyfFBWWZaOw3FPg9Q\"]},{\"@type\":\"Person\",\"@id\":\"https:\/\/kapitalis.com\/tunisie\/#\/schema\/person\/74bbde0154d49d790a92aaeac5bc01d5\",\"name\":\"Yusra NY\",\"url\":\"https:\/\/kapitalis.com\/tunisie\/author\/yuza_adam\/\"}]}<\/script>\n<!-- \/ Yoast SEO plugin. -->","yoast_head_json":{"title":"Mnihla : Une niqab\u00e9e glorifie l\u2019attaque de Tunis et agresse sa belle m\u00e8re - Kapitalis","robots":{"index":"index","follow":"follow","max-snippet":"max-snippet:-1","max-image-preview":"max-image-preview:large","max-video-preview":"max-video-preview:-1"},"canonical":"https:\/\/kapitalis.com\/tunisie\/2018\/10\/30\/mnihla-une-niqabee-glorifie-lattaque-de-tunis-et-agresse-sa-belle-mere\/","og_locale":"fr_FR","og_type":"article","og_title":"Mnihla : Une niqab\u00e9e glorifie l\u2019attaque de Tunis et agresse sa belle m\u00e8re - Kapitalis","og_description":"Une dame a port\u00e9 plainte aujourd\u2019hui, mardi 30 octobre 2018, contre sa belle-fille, une niqab\u00e9e de 23 ans, habitant \u00e0 Mnihla (Ariana). Elle l&rsquo;accuse\u00a0d&rsquo;avoir glorifi\u00e9 l\u2019attentat kamikaze perp\u00e9tr\u00e9 hier au centre-ville de Tunis.","og_url":"https:\/\/kapitalis.com\/tunisie\/2018\/10\/30\/mnihla-une-niqabee-glorifie-lattaque-de-tunis-et-agresse-sa-belle-mere\/","og_site_name":"Kapitalis","article_publisher":"https:\/\/www.facebook.com\/KapitalisInfo\/","article_published_time":"2018-10-30T16:06:41+00:00","og_image":[{"width":1200,"height":630,"url":"https:\/\/kapitalis.com\/tunisie\/wp-content\/uploads\/2022\/05\/kapitalis-logo-fb.png","type":"image\/png"}],"author":"Yusra NY","twitter_card":"summary_large_image","twitter_creator":"@KapitalisInfo","twitter_site":"@KapitalisInfo","twitter_misc":{"\u00c9crit par":"Yusra NY","Dur\u00e9e de lecture estim\u00e9e":"1 minute"},"schema":{"@context":"https:\/\/schema.org","@graph":[{"@type":"Article","@id":"https:\/\/kapitalis.com\/tunisie\/2018\/10\/30\/mnihla-une-niqabee-glorifie-lattaque-de-tunis-et-agresse-sa-belle-mere\/#article","isPartOf":{"@id":"https:\/\/kapitalis.com\/tunisie\/2018\/10\/30\/mnihla-une-niqabee-glorifie-lattaque-de-tunis-et-agresse-sa-belle-mere\/"},"author":{"name":"Yusra NY","@id":"https:\/\/kapitalis.com\/tunisie\/#\/schema\/person\/74bbde0154d49d790a92aaeac5bc01d5"},"headline":"Mnihla : Une niqab\u00e9e glorifie l\u2019attaque de Tunis et agresse sa belle m\u00e8re","datePublished":"2018-10-30T16:06:41+00:00","mainEntityOfPage":{"@id":"https:\/\/kapitalis.com\/tunisie\/2018\/10\/30\/mnihla-une-niqabee-glorifie-lattaque-de-tunis-et-agresse-sa-belle-mere\/"},"wordCount":176,"commentCount":2,"publisher":{"@id":"https:\/\/kapitalis.com\/tunisie\/#organization"},"keywords":["Ariana","attentat kamikaze","Av Habib Bourguiba","extr\u00e9miste","Mena Guebla","Mnihla","niqab","terroriste"],"articleSection":["SOCIETE","Tunisie"],"inLanguage":"fr-FR","potentialAction":[{"@type":"CommentAction","name":"Comment","target":["https:\/\/kapitalis.com\/tunisie\/2018\/10\/30\/mnihla-une-niqabee-glorifie-lattaque-de-tunis-et-agresse-sa-belle-mere\/#respond"]}]},{"@type":"WebPage","@id":"https:\/\/kapitalis.com\/tunisie\/2018\/10\/30\/mnihla-une-niqabee-glorifie-lattaque-de-tunis-et-agresse-sa-belle-mere\/","url":"https:\/\/kapitalis.com\/tunisie\/2018\/10\/30\/mnihla-une-niqabee-glorifie-lattaque-de-tunis-et-agresse-sa-belle-mere\/","name":"Mnihla : Une niqab\u00e9e glorifie l\u2019attaque de Tunis et agresse sa belle m\u00e8re - Kapitalis","isPartOf":{"@id":"https:\/\/kapitalis.com\/tunisie\/#website"},"datePublished":"2018-10-30T16:06:41+00:00","breadcrumb":{"@id":"https:\/\/kapitalis.com\/tunisie\/2018\/10\/30\/mnihla-une-niqabee-glorifie-lattaque-de-tunis-et-agresse-sa-belle-mere\/#breadcrumb"},"inLanguage":"fr-FR","potentialAction":[{"@type":"ReadAction","target":["https:\/\/kapitalis.com\/tunisie\/2018\/10\/30\/mnihla-une-niqabee-glorifie-lattaque-de-tunis-et-agresse-sa-belle-mere\/"]}]},{"@type":"BreadcrumbList","@id":"https:\/\/kapitalis.com\/tunisie\/2018\/10\/30\/mnihla-une-niqabee-glorifie-lattaque-de-tunis-et-agresse-sa-belle-mere\/#breadcrumb","itemListElement":[{"@type":"ListItem","position":1,"name":"Accueil","item":"https:\/\/kapitalis.com\/tunisie\/"},{"@type":"ListItem","position":2,"name":"Mnihla : Une niqab\u00e9e glorifie l\u2019attaque de Tunis et agresse sa belle m\u00e8re"}]},{"@type":"WebSite","@id":"https:\/\/kapitalis.com\/tunisie\/#website","url":"https:\/\/kapitalis.com\/tunisie\/","name":"Kapitalis","description":"L&#039;actualit\u00e9 en Tunisie et dans le monde","publisher":{"@id":"https:\/\/kapitalis.com\/tunisie\/#organization"},"potentialAction":[{"@type":"SearchAction","target":{"@type":"EntryPoint","urlTemplate":"https:\/\/kapitalis.com\/tunisie\/?s={search_term_string}"},"query-input":{"@type":"PropertyValueSpecification","valueRequired":true,"valueName":"search_term_string"}}],"inLanguage":"fr-FR"},{"@type":"Organization","@id":"https:\/\/kapitalis.com\/tunisie\/#organization","name":"Kapitalis","url":"https:\/\/kapitalis.com\/tunisie\/","logo":{"@type":"ImageObject","inLanguage":"fr-FR","@id":"https:\/\/kapitalis.com\/tunisie\/#\/schema\/logo\/image\/","url":"https:\/\/kapitalis.com\/tunisie\/wp-content\/uploads\/2022\/05\/Kapitalis-big-size.png","contentUrl":"https:\/\/kapitalis.com\/tunisie\/wp-content\/uploads\/2022\/05\/Kapitalis-big-size.png","width":5000,"height":1500,"caption":"Kapitalis"},"image":{"@id":"https:\/\/kapitalis.com\/tunisie\/#\/schema\/logo\/image\/"},"sameAs":["https:\/\/www.facebook.com\/KapitalisInfo\/","https:\/\/x.com\/KapitalisInfo","https:\/\/www.youtube.com\/channel\/UC-yDYrHyfFBWWZaOw3FPg9Q"]},{"@type":"Person","@id":"https:\/\/kapitalis.com\/tunisie\/#\/schema\/person\/74bbde0154d49d790a92aaeac5bc01d5","name":"Yusra NY","url":"https:\/\/kapitalis.com\/tunisie\/author\/yuza_adam\/"}]}},"_links":{"self":[{"href":"https:\/\/kapitalis.com\/tunisie\/wp-json\/wp\/v2\/posts\/181350","targetHints":{"allow":["GET"]}}],"collection":[{"href":"https:\/\/kapitalis.com\/tunisie\/wp-json\/wp\/v2\/posts"}],"about":[{"href":"https:\/\/kapitalis.com\/tunisie\/wp-json\/wp\/v2\/types\/post"}],"author":[{"embeddable":true,"href":"https:\/\/kapitalis.com\/tunisie\/wp-json\/wp\/v2\/users\/6"}],"replies":[{"embeddable":true,"href":"https:\/\/kapitalis.com\/tunisie\/wp-json\/wp\/v2\/comments?post=181350"}],"version-history":[{"count":0,"href":"https:\/\/kapitalis.com\/tunisie\/wp-json\/wp\/v2\/posts\/181350\/revisions"}],"wp:attachment":[{"href":"https:\/\/kapitalis.com\/tunisie\/wp-json\/wp\/v2\/media?parent=181350"}],"wp:term":[{"taxonomy":"category","embeddable":true,"href":"https:\/\/kapitalis.com\/tunisie\/wp-json\/wp\/v2\/categories?post=181350"},{"taxonomy":"post_tag","embeddable":true,"href":"https:\/\/kapitalis.com\/tunisie\/wp-json\/wp\/v2\/tags?post=181350"}],"curies":[{"name":"wp","href":"https:\/\/api.w.org\/{rel}","templated":true}]}}