{"id":181460,"date":"2018-10-31T12:35:39","date_gmt":"2018-10-31T11:35:39","guid":{"rendered":"http:\/\/kapitalis.com\/tunisie\/?p=181460"},"modified":"2018-11-01T12:58:11","modified_gmt":"2018-11-01T11:58:11","slug":"appel-aux-dons-pour-sauver-lorphelinat-diar-essabil-au-bardo","status":"publish","type":"post","link":"https:\/\/kapitalis.com\/tunisie\/2018\/10\/31\/appel-aux-dons-pour-sauver-lorphelinat-diar-essabil-au-bardo\/","title":{"rendered":"Appel aux dons pour sauver l&rsquo;orphelinat Diar Essabil au Bardo"},"content":{"rendered":"<p style=\"text-align: center;\"><img loading=\"lazy\" decoding=\"async\" class=\"alignnone size-full wp-image-181466\" src=\"http:\/\/kapitalis.com\/tunisie\/wp-content\/uploads\/2018\/10\/oprphelinat-Diar-Essabil-Bardo.jpg\" alt=\"\" width=\"626\" height=\"380\" \/><\/p>\n<p><em><strong>La propri\u00e9taire de la maison lou\u00e9e par l&rsquo;orphelinat Diar Essabil, au Bardo, \u00e0 l&rsquo;ouest de Tunis, va vendre son bien. Un appel aux dons \u00e9t\u00e9 lanc\u00e9 pour collecter le prix de vente de la maison et permettre aux 21 b\u00e9b\u00e9s de rester chez eux.<\/strong><\/em><!--more--><\/p>\n<p>C\u2019est Mounira Kaabi, pr\u00e9sidente de l\u2019association, qui a lanc\u00e9 cet appel, en expliquant que la propri\u00e9taire de la maison s&rsquo;est retrouv\u00e9e dans une situation qui l\u2019oblige \u00e0 vendre. Cela voudrait dire que les responsables de l\u2019orphelinat accueillant des b\u00e9b\u00e9s (de la naissance jusqu&rsquo;\u00e0 2 ans) devraient louer ailleurs.<\/p>\n<p>\u00ab<em>C&rsquo;est une tr\u00e8s grande maison s\u00e9curis\u00e9e, qui se trouve \u00e0 c\u00f4t\u00e9 d&rsquo;une caserne et qui est parfaitement adapt\u00e9e pour nos enfants. S\u2019ils sortent de cette maison pour une autre, il faudrait collecter des fonds pour d\u00e9m\u00e9nager \u00e0 nouveau. L&rsquo;orphelinat ne serait jamais propri\u00e9taire et l\u2019on pourrait se retrouver \u00e0 nouveau dans la m\u00eame situation\u00bb,<\/em> a indiqu\u00e9 Mme Kaabi, en expliquant qu\u2019il valait mieux acqu\u00e9rir cette maison du Bardo une fois pour toute.<\/p>\n<p>Pour ce faire, il faut trouver le prix demand\u00e9 par la propri\u00e9taire, \u00e0 savoir 600.000 dinars tunisiens (DT), dont l\u2019Etat a promis de payer 150.000 DT.<\/p>\n<p>\u00ab<em>Toute aide est bonne \u00e0 prendre, m\u00eame 10 dinars,<\/em> <em>c&rsquo;est la cause la plus belle et la plus juste. Il faut absolument aider ces enfants pour qu&rsquo;ils gardent leur maison<\/em>\u00bb, a insist\u00e9 la pr\u00e9sidente de Diar Essabil, en publiant sur la page de l\u2019orphelinat les coordonn\u00e9es bancaires pour les dons, que voici :<\/p>\n<p><em>B\u00e9n\u00e9ficiaire :\u00a0<\/em><em>Orphelinat Diar Essabil &#8211; Biat Hedi Chaker &#8211; Tunis<\/em><\/p>\n<p><em>RIB : 0810 4000 7420 0669 4002<\/em><\/p>\n<p><em>IBAN : TN59 0810 4000 7420 0669 4002<\/em><\/p>\n<p><em>SWIFT : BIATTNTT<\/em><\/p>\n<p style=\"text-align: right;\"><strong>Y. N.<\/strong><\/p>\n","protected":false},"excerpt":{"rendered":"<p>La propri\u00e9taire de la maison lou\u00e9e par l&rsquo;orphelinat Diar Essabil, au Bardo, \u00e0 l&rsquo;ouest de Tunis, va vendre son bien. Un appel aux dons \u00e9t\u00e9 lanc\u00e9 pour collecter le prix de vente de la maison et permettre aux 21 b\u00e9b\u00e9s de rester chez eux.<\/p>\n","protected":false},"author":6,"featured_media":181466,"comment_status":"open","ping_status":"open","sticky":false,"template":"","format":"standard","meta":{"footnotes":""},"categories":[998,2433],"tags":[132,1083,2431,321],"class_list":["post-181460","post","type-post","status-publish","format-standard","has-post-thumbnail","hentry","category-societe","category-tunisie","tag-bardo","tag-bebes","tag-dons","tag-enfants"],"yoast_head":"<!-- This site is optimized with the Yoast SEO plugin v26.6 - https:\/\/yoast.com\/wordpress\/plugins\/seo\/ -->\n<title>Appel aux dons pour sauver l&#039;orphelinat Diar Essabil au Bardo - Kapitalis<\/title>\n<meta name=\"robots\" content=\"index, follow, max-snippet:-1, max-image-preview:large, max-video-preview:-1\" \/>\n<link rel=\"canonical\" href=\"https:\/\/kapitalis.com\/tunisie\/2018\/10\/31\/appel-aux-dons-pour-sauver-lorphelinat-diar-essabil-au-bardo\/\" \/>\n<meta property=\"og:locale\" content=\"fr_FR\" \/>\n<meta property=\"og:type\" content=\"article\" \/>\n<meta property=\"og:title\" content=\"Appel aux dons pour sauver l&#039;orphelinat Diar Essabil au Bardo - Kapitalis\" \/>\n<meta property=\"og:description\" content=\"La propri\u00e9taire de la maison lou\u00e9e par l&rsquo;orphelinat Diar Essabil, au Bardo, \u00e0 l&rsquo;ouest de Tunis, va vendre son bien. Un appel aux dons \u00e9t\u00e9 lanc\u00e9 pour collecter le prix de vente de la maison et permettre aux 21 b\u00e9b\u00e9s de rester chez eux.\" \/>\n<meta property=\"og:url\" content=\"https:\/\/kapitalis.com\/tunisie\/2018\/10\/31\/appel-aux-dons-pour-sauver-lorphelinat-diar-essabil-au-bardo\/\" \/>\n<meta property=\"og:site_name\" content=\"Kapitalis\" \/>\n<meta property=\"article:publisher\" content=\"https:\/\/www.facebook.com\/KapitalisInfo\/\" \/>\n<meta property=\"article:published_time\" content=\"2018-10-31T11:35:39+00:00\" \/>\n<meta property=\"article:modified_time\" content=\"2018-11-01T11:58:11+00:00\" \/>\n<meta property=\"og:image\" content=\"https:\/\/kapitalis.com\/tunisie\/wp-content\/uploads\/2022\/05\/kapitalis-logo-fb.png\" \/>\n\t<meta property=\"og:image:width\" content=\"1200\" \/>\n\t<meta property=\"og:image:height\" content=\"630\" \/>\n\t<meta property=\"og:image:type\" content=\"image\/png\" \/>\n<meta name=\"author\" content=\"Yusra NY\" \/>\n<meta name=\"twitter:card\" content=\"summary_large_image\" \/>\n<meta name=\"twitter:creator\" content=\"@KapitalisInfo\" \/>\n<meta name=\"twitter:site\" content=\"@KapitalisInfo\" \/>\n<meta name=\"twitter:label1\" content=\"\u00c9crit par\" \/>\n\t<meta name=\"twitter:data1\" content=\"Yusra NY\" \/>\n\t<meta name=\"twitter:label2\" content=\"Dur\u00e9e de lecture estim\u00e9e\" \/>\n\t<meta name=\"twitter:data2\" content=\"1 minute\" \/>\n<script type=\"application\/ld+json\" class=\"yoast-schema-graph\">{\"@context\":\"https:\/\/schema.org\",\"@graph\":[{\"@type\":\"Article\",\"@id\":\"https:\/\/kapitalis.com\/tunisie\/2018\/10\/31\/appel-aux-dons-pour-sauver-lorphelinat-diar-essabil-au-bardo\/#article\",\"isPartOf\":{\"@id\":\"https:\/\/kapitalis.com\/tunisie\/2018\/10\/31\/appel-aux-dons-pour-sauver-lorphelinat-diar-essabil-au-bardo\/\"},\"author\":{\"name\":\"Yusra NY\",\"@id\":\"https:\/\/kapitalis.com\/tunisie\/#\/schema\/person\/74bbde0154d49d790a92aaeac5bc01d5\"},\"headline\":\"Appel aux dons pour sauver l&rsquo;orphelinat Diar Essabil au Bardo\",\"datePublished\":\"2018-10-31T11:35:39+00:00\",\"dateModified\":\"2018-11-01T11:58:11+00:00\",\"mainEntityOfPage\":{\"@id\":\"https:\/\/kapitalis.com\/tunisie\/2018\/10\/31\/appel-aux-dons-pour-sauver-lorphelinat-diar-essabil-au-bardo\/\"},\"wordCount\":291,\"commentCount\":5,\"publisher\":{\"@id\":\"https:\/\/kapitalis.com\/tunisie\/#organization\"},\"image\":{\"@id\":\"https:\/\/kapitalis.com\/tunisie\/2018\/10\/31\/appel-aux-dons-pour-sauver-lorphelinat-diar-essabil-au-bardo\/#primaryimage\"},\"thumbnailUrl\":\"\",\"keywords\":[\"Bardo\",\"b\u00e9b\u00e9s\",\"dons\",\"enfants\"],\"articleSection\":[\"SOCIETE\",\"Tunisie\"],\"inLanguage\":\"fr-FR\",\"potentialAction\":[{\"@type\":\"CommentAction\",\"name\":\"Comment\",\"target\":[\"https:\/\/kapitalis.com\/tunisie\/2018\/10\/31\/appel-aux-dons-pour-sauver-lorphelinat-diar-essabil-au-bardo\/#respond\"]}]},{\"@type\":\"WebPage\",\"@id\":\"https:\/\/kapitalis.com\/tunisie\/2018\/10\/31\/appel-aux-dons-pour-sauver-lorphelinat-diar-essabil-au-bardo\/\",\"url\":\"https:\/\/kapitalis.com\/tunisie\/2018\/10\/31\/appel-aux-dons-pour-sauver-lorphelinat-diar-essabil-au-bardo\/\",\"name\":\"Appel aux dons pour sauver l'orphelinat Diar Essabil au Bardo - Kapitalis\",\"isPartOf\":{\"@id\":\"https:\/\/kapitalis.com\/tunisie\/#website\"},\"primaryImageOfPage\":{\"@id\":\"https:\/\/kapitalis.com\/tunisie\/2018\/10\/31\/appel-aux-dons-pour-sauver-lorphelinat-diar-essabil-au-bardo\/#primaryimage\"},\"image\":{\"@id\":\"https:\/\/kapitalis.com\/tunisie\/2018\/10\/31\/appel-aux-dons-pour-sauver-lorphelinat-diar-essabil-au-bardo\/#primaryimage\"},\"thumbnailUrl\":\"\",\"datePublished\":\"2018-10-31T11:35:39+00:00\",\"dateModified\":\"2018-11-01T11:58:11+00:00\",\"breadcrumb\":{\"@id\":\"https:\/\/kapitalis.com\/tunisie\/2018\/10\/31\/appel-aux-dons-pour-sauver-lorphelinat-diar-essabil-au-bardo\/#breadcrumb\"},\"inLanguage\":\"fr-FR\",\"potentialAction\":[{\"@type\":\"ReadAction\",\"target\":[\"https:\/\/kapitalis.com\/tunisie\/2018\/10\/31\/appel-aux-dons-pour-sauver-lorphelinat-diar-essabil-au-bardo\/\"]}]},{\"@type\":\"ImageObject\",\"inLanguage\":\"fr-FR\",\"@id\":\"https:\/\/kapitalis.com\/tunisie\/2018\/10\/31\/appel-aux-dons-pour-sauver-lorphelinat-diar-essabil-au-bardo\/#primaryimage\",\"url\":\"\",\"contentUrl\":\"\"},{\"@type\":\"BreadcrumbList\",\"@id\":\"https:\/\/kapitalis.com\/tunisie\/2018\/10\/31\/appel-aux-dons-pour-sauver-lorphelinat-diar-essabil-au-bardo\/#breadcrumb\",\"itemListElement\":[{\"@type\":\"ListItem\",\"position\":1,\"name\":\"Accueil\",\"item\":\"https:\/\/kapitalis.com\/tunisie\/\"},{\"@type\":\"ListItem\",\"position\":2,\"name\":\"Appel aux dons pour sauver l&rsquo;orphelinat Diar Essabil au Bardo\"}]},{\"@type\":\"WebSite\",\"@id\":\"https:\/\/kapitalis.com\/tunisie\/#website\",\"url\":\"https:\/\/kapitalis.com\/tunisie\/\",\"name\":\"Kapitalis\",\"description\":\"L&#039;actualit\u00e9 en Tunisie et dans le monde\",\"publisher\":{\"@id\":\"https:\/\/kapitalis.com\/tunisie\/#organization\"},\"potentialAction\":[{\"@type\":\"SearchAction\",\"target\":{\"@type\":\"EntryPoint\",\"urlTemplate\":\"https:\/\/kapitalis.com\/tunisie\/?s={search_term_string}\"},\"query-input\":{\"@type\":\"PropertyValueSpecification\",\"valueRequired\":true,\"valueName\":\"search_term_string\"}}],\"inLanguage\":\"fr-FR\"},{\"@type\":\"Organization\",\"@id\":\"https:\/\/kapitalis.com\/tunisie\/#organization\",\"name\":\"Kapitalis\",\"url\":\"https:\/\/kapitalis.com\/tunisie\/\",\"logo\":{\"@type\":\"ImageObject\",\"inLanguage\":\"fr-FR\",\"@id\":\"https:\/\/kapitalis.com\/tunisie\/#\/schema\/logo\/image\/\",\"url\":\"https:\/\/kapitalis.com\/tunisie\/wp-content\/uploads\/2022\/05\/Kapitalis-big-size.png\",\"contentUrl\":\"https:\/\/kapitalis.com\/tunisie\/wp-content\/uploads\/2022\/05\/Kapitalis-big-size.png\",\"width\":5000,\"height\":1500,\"caption\":\"Kapitalis\"},\"image\":{\"@id\":\"https:\/\/kapitalis.com\/tunisie\/#\/schema\/logo\/image\/\"},\"sameAs\":[\"https:\/\/www.facebook.com\/KapitalisInfo\/\",\"https:\/\/x.com\/KapitalisInfo\",\"https:\/\/www.youtube.com\/channel\/UC-yDYrHyfFBWWZaOw3FPg9Q\"]},{\"@type\":\"Person\",\"@id\":\"https:\/\/kapitalis.com\/tunisie\/#\/schema\/person\/74bbde0154d49d790a92aaeac5bc01d5\",\"name\":\"Yusra NY\",\"url\":\"https:\/\/kapitalis.com\/tunisie\/author\/yuza_adam\/\"}]}<\/script>\n<!-- \/ Yoast SEO plugin. -->","yoast_head_json":{"title":"Appel aux dons pour sauver l'orphelinat Diar Essabil au Bardo - Kapitalis","robots":{"index":"index","follow":"follow","max-snippet":"max-snippet:-1","max-image-preview":"max-image-preview:large","max-video-preview":"max-video-preview:-1"},"canonical":"https:\/\/kapitalis.com\/tunisie\/2018\/10\/31\/appel-aux-dons-pour-sauver-lorphelinat-diar-essabil-au-bardo\/","og_locale":"fr_FR","og_type":"article","og_title":"Appel aux dons pour sauver l'orphelinat Diar Essabil au Bardo - Kapitalis","og_description":"La propri\u00e9taire de la maison lou\u00e9e par l&rsquo;orphelinat Diar Essabil, au Bardo, \u00e0 l&rsquo;ouest de Tunis, va vendre son bien. Un appel aux dons \u00e9t\u00e9 lanc\u00e9 pour collecter le prix de vente de la maison et permettre aux 21 b\u00e9b\u00e9s de rester chez eux.","og_url":"https:\/\/kapitalis.com\/tunisie\/2018\/10\/31\/appel-aux-dons-pour-sauver-lorphelinat-diar-essabil-au-bardo\/","og_site_name":"Kapitalis","article_publisher":"https:\/\/www.facebook.com\/KapitalisInfo\/","article_published_time":"2018-10-31T11:35:39+00:00","article_modified_time":"2018-11-01T11:58:11+00:00","og_image":[{"width":1200,"height":630,"url":"https:\/\/kapitalis.com\/tunisie\/wp-content\/uploads\/2022\/05\/kapitalis-logo-fb.png","type":"image\/png"}],"author":"Yusra NY","twitter_card":"summary_large_image","twitter_creator":"@KapitalisInfo","twitter_site":"@KapitalisInfo","twitter_misc":{"\u00c9crit par":"Yusra NY","Dur\u00e9e de lecture estim\u00e9e":"1 minute"},"schema":{"@context":"https:\/\/schema.org","@graph":[{"@type":"Article","@id":"https:\/\/kapitalis.com\/tunisie\/2018\/10\/31\/appel-aux-dons-pour-sauver-lorphelinat-diar-essabil-au-bardo\/#article","isPartOf":{"@id":"https:\/\/kapitalis.com\/tunisie\/2018\/10\/31\/appel-aux-dons-pour-sauver-lorphelinat-diar-essabil-au-bardo\/"},"author":{"name":"Yusra NY","@id":"https:\/\/kapitalis.com\/tunisie\/#\/schema\/person\/74bbde0154d49d790a92aaeac5bc01d5"},"headline":"Appel aux dons pour sauver l&rsquo;orphelinat Diar Essabil au Bardo","datePublished":"2018-10-31T11:35:39+00:00","dateModified":"2018-11-01T11:58:11+00:00","mainEntityOfPage":{"@id":"https:\/\/kapitalis.com\/tunisie\/2018\/10\/31\/appel-aux-dons-pour-sauver-lorphelinat-diar-essabil-au-bardo\/"},"wordCount":291,"commentCount":5,"publisher":{"@id":"https:\/\/kapitalis.com\/tunisie\/#organization"},"image":{"@id":"https:\/\/kapitalis.com\/tunisie\/2018\/10\/31\/appel-aux-dons-pour-sauver-lorphelinat-diar-essabil-au-bardo\/#primaryimage"},"thumbnailUrl":"","keywords":["Bardo","b\u00e9b\u00e9s","dons","enfants"],"articleSection":["SOCIETE","Tunisie"],"inLanguage":"fr-FR","potentialAction":[{"@type":"CommentAction","name":"Comment","target":["https:\/\/kapitalis.com\/tunisie\/2018\/10\/31\/appel-aux-dons-pour-sauver-lorphelinat-diar-essabil-au-bardo\/#respond"]}]},{"@type":"WebPage","@id":"https:\/\/kapitalis.com\/tunisie\/2018\/10\/31\/appel-aux-dons-pour-sauver-lorphelinat-diar-essabil-au-bardo\/","url":"https:\/\/kapitalis.com\/tunisie\/2018\/10\/31\/appel-aux-dons-pour-sauver-lorphelinat-diar-essabil-au-bardo\/","name":"Appel aux dons pour sauver l'orphelinat Diar Essabil au Bardo - Kapitalis","isPartOf":{"@id":"https:\/\/kapitalis.com\/tunisie\/#website"},"primaryImageOfPage":{"@id":"https:\/\/kapitalis.com\/tunisie\/2018\/10\/31\/appel-aux-dons-pour-sauver-lorphelinat-diar-essabil-au-bardo\/#primaryimage"},"image":{"@id":"https:\/\/kapitalis.com\/tunisie\/2018\/10\/31\/appel-aux-dons-pour-sauver-lorphelinat-diar-essabil-au-bardo\/#primaryimage"},"thumbnailUrl":"","datePublished":"2018-10-31T11:35:39+00:00","dateModified":"2018-11-01T11:58:11+00:00","breadcrumb":{"@id":"https:\/\/kapitalis.com\/tunisie\/2018\/10\/31\/appel-aux-dons-pour-sauver-lorphelinat-diar-essabil-au-bardo\/#breadcrumb"},"inLanguage":"fr-FR","potentialAction":[{"@type":"ReadAction","target":["https:\/\/kapitalis.com\/tunisie\/2018\/10\/31\/appel-aux-dons-pour-sauver-lorphelinat-diar-essabil-au-bardo\/"]}]},{"@type":"ImageObject","inLanguage":"fr-FR","@id":"https:\/\/kapitalis.com\/tunisie\/2018\/10\/31\/appel-aux-dons-pour-sauver-lorphelinat-diar-essabil-au-bardo\/#primaryimage","url":"","contentUrl":""},{"@type":"BreadcrumbList","@id":"https:\/\/kapitalis.com\/tunisie\/2018\/10\/31\/appel-aux-dons-pour-sauver-lorphelinat-diar-essabil-au-bardo\/#breadcrumb","itemListElement":[{"@type":"ListItem","position":1,"name":"Accueil","item":"https:\/\/kapitalis.com\/tunisie\/"},{"@type":"ListItem","position":2,"name":"Appel aux dons pour sauver l&rsquo;orphelinat Diar Essabil au Bardo"}]},{"@type":"WebSite","@id":"https:\/\/kapitalis.com\/tunisie\/#website","url":"https:\/\/kapitalis.com\/tunisie\/","name":"Kapitalis","description":"L&#039;actualit\u00e9 en Tunisie et dans le monde","publisher":{"@id":"https:\/\/kapitalis.com\/tunisie\/#organization"},"potentialAction":[{"@type":"SearchAction","target":{"@type":"EntryPoint","urlTemplate":"https:\/\/kapitalis.com\/tunisie\/?s={search_term_string}"},"query-input":{"@type":"PropertyValueSpecification","valueRequired":true,"valueName":"search_term_string"}}],"inLanguage":"fr-FR"},{"@type":"Organization","@id":"https:\/\/kapitalis.com\/tunisie\/#organization","name":"Kapitalis","url":"https:\/\/kapitalis.com\/tunisie\/","logo":{"@type":"ImageObject","inLanguage":"fr-FR","@id":"https:\/\/kapitalis.com\/tunisie\/#\/schema\/logo\/image\/","url":"https:\/\/kapitalis.com\/tunisie\/wp-content\/uploads\/2022\/05\/Kapitalis-big-size.png","contentUrl":"https:\/\/kapitalis.com\/tunisie\/wp-content\/uploads\/2022\/05\/Kapitalis-big-size.png","width":5000,"height":1500,"caption":"Kapitalis"},"image":{"@id":"https:\/\/kapitalis.com\/tunisie\/#\/schema\/logo\/image\/"},"sameAs":["https:\/\/www.facebook.com\/KapitalisInfo\/","https:\/\/x.com\/KapitalisInfo","https:\/\/www.youtube.com\/channel\/UC-yDYrHyfFBWWZaOw3FPg9Q"]},{"@type":"Person","@id":"https:\/\/kapitalis.com\/tunisie\/#\/schema\/person\/74bbde0154d49d790a92aaeac5bc01d5","name":"Yusra NY","url":"https:\/\/kapitalis.com\/tunisie\/author\/yuza_adam\/"}]}},"_links":{"self":[{"href":"https:\/\/kapitalis.com\/tunisie\/wp-json\/wp\/v2\/posts\/181460","targetHints":{"allow":["GET"]}}],"collection":[{"href":"https:\/\/kapitalis.com\/tunisie\/wp-json\/wp\/v2\/posts"}],"about":[{"href":"https:\/\/kapitalis.com\/tunisie\/wp-json\/wp\/v2\/types\/post"}],"author":[{"embeddable":true,"href":"https:\/\/kapitalis.com\/tunisie\/wp-json\/wp\/v2\/users\/6"}],"replies":[{"embeddable":true,"href":"https:\/\/kapitalis.com\/tunisie\/wp-json\/wp\/v2\/comments?post=181460"}],"version-history":[{"count":0,"href":"https:\/\/kapitalis.com\/tunisie\/wp-json\/wp\/v2\/posts\/181460\/revisions"}],"wp:featuredmedia":[{"embeddable":true,"href":"https:\/\/kapitalis.com\/tunisie\/wp-json\/wp\/v2\/media\/181466"}],"wp:attachment":[{"href":"https:\/\/kapitalis.com\/tunisie\/wp-json\/wp\/v2\/media?parent=181460"}],"wp:term":[{"taxonomy":"category","embeddable":true,"href":"https:\/\/kapitalis.com\/tunisie\/wp-json\/wp\/v2\/categories?post=181460"},{"taxonomy":"post_tag","embeddable":true,"href":"https:\/\/kapitalis.com\/tunisie\/wp-json\/wp\/v2\/tags?post=181460"}],"curies":[{"name":"wp","href":"https:\/\/api.w.org\/{rel}","templated":true}]}}