{"id":181492,"date":"2018-10-31T14:29:03","date_gmt":"2018-10-31T13:29:03","guid":{"rendered":"http:\/\/kapitalis.com\/tunisie\/?p=181492"},"modified":"2018-10-31T14:29:03","modified_gmt":"2018-10-31T13:29:03","slug":"cite-ettahdhamen-un-pere-denonce-son-fils-salafiste","status":"publish","type":"post","link":"https:\/\/kapitalis.com\/tunisie\/2018\/10\/31\/cite-ettahdhamen-un-pere-denonce-son-fils-salafiste\/","title":{"rendered":"Cit\u00e9 Ettahdhamen : Un p\u00e8re d\u00e9nonce son fils salafiste"},"content":{"rendered":"<p style=\"text-align: center;\"><img loading=\"lazy\" decoding=\"async\" class=\"alignnone size-full wp-image-92207\" src=\"http:\/\/kapitalis.com\/tunisie\/wp-content\/uploads\/2017\/04\/arrestation-mains-sales-.jpg\" alt=\"\" width=\"626\" height=\"380\" \/><\/p>\n<p><em><strong>Un salafiste de 31 ans a \u00e9t\u00e9 arr\u00eat\u00e9 hier, mardi 30 octobre 2018, \u00e0 cit\u00e9 Ettadhamen (Ariana), apr\u00e8s une alerte donn\u00e9e par son p\u00e8re \u00e0 la garde nationale. Ce dernier dit avoir remarqu\u00e9 un comportement suspect de son fils.<\/strong><\/em><!--more--><\/p>\n<p>Selon le plaignant, son fils fr\u00e9quente des extr\u00e9mistes religieux qui sont de plus en plus radicalis\u00e9s et qui auraient, selon ses dires, glorifi\u00e9 l\u2019attaque kamikaze perp\u00e9tr\u00e9e lundi dernier au centre-ville de Tunis. Il ajoute qu\u2019il a essay\u00e9 de parler avec son fils et de le raisonner, mais ce dernier lui aurait r\u00e9pondu que l\u2019Etat m\u00e8ne une guerre contre l\u2019islam et qu\u2019il se doit de prot\u00e9ger sa religion.<\/p>\n<p>L\u2019homme a pr\u00e9f\u00e9r\u00e9 alerter la police qui a arr\u00eat\u00e9 le suspect. Sur son ordinateur, les agents ont d\u00e9couvert qu\u2019il est en lien virtuel avec des jihadistes dans les zones de conflits.<\/p>\n<p>Le minist\u00e8re public a ordonn\u00e9 sa mise en d\u00e9tention.<\/p>\n<p style=\"text-align: right;\"><strong>Y. N.<\/strong><\/p>\n<blockquote class=\"wp-embedded-content\" data-secret=\"Nsx5m8JJ8U\"><p><a href=\"https:\/\/kapitalis.com\/tunisie\/2018\/10\/30\/mnihla-une-niqabee-glorifie-lattaque-de-tunis-et-agresse-sa-belle-mere\/\">Mnihla : Une niqab\u00e9e glorifie l\u2019attaque de Tunis et agresse sa belle m\u00e8re<\/a><\/p><\/blockquote>\n<p><iframe loading=\"lazy\" class=\"wp-embedded-content\" sandbox=\"allow-scripts\" security=\"restricted\" style=\"position: absolute; clip: rect(1px, 1px, 1px, 1px);\" title=\"\u00ab\u00a0Mnihla : Une niqab\u00e9e glorifie l\u2019attaque de Tunis et agresse sa belle m\u00e8re\u00a0\u00bb &#8212; Kapitalis\" src=\"https:\/\/kapitalis.com\/tunisie\/2018\/10\/30\/mnihla-une-niqabee-glorifie-lattaque-de-tunis-et-agresse-sa-belle-mere\/embed\/#?secret=0cRJc21X5k#?secret=Nsx5m8JJ8U\" data-secret=\"Nsx5m8JJ8U\" width=\"600\" height=\"338\" frameborder=\"0\" marginwidth=\"0\" marginheight=\"0\" scrolling=\"no\"><\/iframe><\/p>\n<blockquote class=\"wp-embedded-content\" data-secret=\"fSPgb2bLRE\"><p><a href=\"https:\/\/kapitalis.com\/tunisie\/2017\/09\/09\/tebourba-une-mere-denonce-son-fils-terroriste\/\">Tebourba : Une m\u00e8re d\u00e9nonce son fils terroriste<\/a><\/p><\/blockquote>\n<p><iframe loading=\"lazy\" class=\"wp-embedded-content\" sandbox=\"allow-scripts\" security=\"restricted\" style=\"position: absolute; clip: rect(1px, 1px, 1px, 1px);\" title=\"\u00ab\u00a0Tebourba : Une m\u00e8re d\u00e9nonce son fils terroriste\u00a0\u00bb &#8212; Kapitalis\" src=\"https:\/\/kapitalis.com\/tunisie\/2017\/09\/09\/tebourba-une-mere-denonce-son-fils-terroriste\/embed\/#?secret=G6IPT8PpNb#?secret=fSPgb2bLRE\" data-secret=\"fSPgb2bLRE\" width=\"600\" height=\"338\" frameborder=\"0\" marginwidth=\"0\" marginheight=\"0\" scrolling=\"no\"><\/iframe><\/p>\n","protected":false},"excerpt":{"rendered":"<p>Un salafiste de 31 ans a \u00e9t\u00e9 arr\u00eat\u00e9 hier, mardi 30 octobre 2018, \u00e0 cit\u00e9 Ettadhamen (Ariana), apr\u00e8s une alerte donn\u00e9e par son p\u00e8re \u00e0 la garde nationale. Ce dernier dit avoir remarqu\u00e9 un comportement suspect de son fils.<\/p>\n","protected":false},"author":6,"featured_media":0,"comment_status":"open","ping_status":"open","sticky":false,"template":"","format":"standard","meta":{"footnotes":""},"categories":[998,2433],"tags":[79,1499,500,516,2355],"class_list":["post-181492","post","type-post","status-publish","format-standard","hentry","category-societe","category-tunisie","tag-ariana","tag-extremistes-religieux","tag-islam","tag-jihadiste","tag-salafiste"],"yoast_head":"<!-- This site is optimized with the Yoast SEO plugin v26.6 - https:\/\/yoast.com\/wordpress\/plugins\/seo\/ -->\n<title>Cit\u00e9 Ettahdhamen : Un p\u00e8re d\u00e9nonce son fils salafiste - Kapitalis<\/title>\n<meta name=\"robots\" content=\"index, follow, max-snippet:-1, max-image-preview:large, max-video-preview:-1\" \/>\n<link rel=\"canonical\" href=\"https:\/\/kapitalis.com\/tunisie\/2018\/10\/31\/cite-ettahdhamen-un-pere-denonce-son-fils-salafiste\/\" \/>\n<meta property=\"og:locale\" content=\"fr_FR\" \/>\n<meta property=\"og:type\" content=\"article\" \/>\n<meta property=\"og:title\" content=\"Cit\u00e9 Ettahdhamen : Un p\u00e8re d\u00e9nonce son fils salafiste - Kapitalis\" \/>\n<meta property=\"og:description\" content=\"Un salafiste de 31 ans a \u00e9t\u00e9 arr\u00eat\u00e9 hier, mardi 30 octobre 2018, \u00e0 cit\u00e9 Ettadhamen (Ariana), apr\u00e8s une alerte donn\u00e9e par son p\u00e8re \u00e0 la garde nationale. Ce dernier dit avoir remarqu\u00e9 un comportement suspect de son fils.\" \/>\n<meta property=\"og:url\" content=\"https:\/\/kapitalis.com\/tunisie\/2018\/10\/31\/cite-ettahdhamen-un-pere-denonce-son-fils-salafiste\/\" \/>\n<meta property=\"og:site_name\" content=\"Kapitalis\" \/>\n<meta property=\"article:publisher\" content=\"https:\/\/www.facebook.com\/KapitalisInfo\/\" \/>\n<meta property=\"article:published_time\" content=\"2018-10-31T13:29:03+00:00\" \/>\n<meta property=\"og:image\" content=\"http:\/\/kapitalis.com\/tunisie\/wp-content\/uploads\/2017\/04\/arrestation-mains-sales-.jpg\" \/>\n<meta name=\"author\" content=\"Yusra NY\" \/>\n<meta name=\"twitter:card\" content=\"summary_large_image\" \/>\n<meta name=\"twitter:creator\" content=\"@KapitalisInfo\" \/>\n<meta name=\"twitter:site\" content=\"@KapitalisInfo\" \/>\n<meta name=\"twitter:label1\" content=\"\u00c9crit par\" \/>\n\t<meta name=\"twitter:data1\" content=\"Yusra NY\" \/>\n\t<meta name=\"twitter:label2\" content=\"Dur\u00e9e de lecture estim\u00e9e\" \/>\n\t<meta name=\"twitter:data2\" content=\"1 minute\" \/>\n<script type=\"application\/ld+json\" class=\"yoast-schema-graph\">{\"@context\":\"https:\/\/schema.org\",\"@graph\":[{\"@type\":\"Article\",\"@id\":\"https:\/\/kapitalis.com\/tunisie\/2018\/10\/31\/cite-ettahdhamen-un-pere-denonce-son-fils-salafiste\/#article\",\"isPartOf\":{\"@id\":\"https:\/\/kapitalis.com\/tunisie\/2018\/10\/31\/cite-ettahdhamen-un-pere-denonce-son-fils-salafiste\/\"},\"author\":{\"name\":\"Yusra NY\",\"@id\":\"https:\/\/kapitalis.com\/tunisie\/#\/schema\/person\/74bbde0154d49d790a92aaeac5bc01d5\"},\"headline\":\"Cit\u00e9 Ettahdhamen : Un p\u00e8re d\u00e9nonce son fils salafiste\",\"datePublished\":\"2018-10-31T13:29:03+00:00\",\"mainEntityOfPage\":{\"@id\":\"https:\/\/kapitalis.com\/tunisie\/2018\/10\/31\/cite-ettahdhamen-un-pere-denonce-son-fils-salafiste\/\"},\"wordCount\":188,\"commentCount\":1,\"publisher\":{\"@id\":\"https:\/\/kapitalis.com\/tunisie\/#organization\"},\"image\":{\"@id\":\"https:\/\/kapitalis.com\/tunisie\/2018\/10\/31\/cite-ettahdhamen-un-pere-denonce-son-fils-salafiste\/#primaryimage\"},\"thumbnailUrl\":\"http:\/\/kapitalis.com\/tunisie\/wp-content\/uploads\/2017\/04\/arrestation-mains-sales-.jpg\",\"keywords\":[\"Ariana\",\"extr\u00e9mistes religieux\",\"islam\",\"jihadiste\",\"salafiste\"],\"articleSection\":[\"SOCIETE\",\"Tunisie\"],\"inLanguage\":\"fr-FR\",\"potentialAction\":[{\"@type\":\"CommentAction\",\"name\":\"Comment\",\"target\":[\"https:\/\/kapitalis.com\/tunisie\/2018\/10\/31\/cite-ettahdhamen-un-pere-denonce-son-fils-salafiste\/#respond\"]}]},{\"@type\":\"WebPage\",\"@id\":\"https:\/\/kapitalis.com\/tunisie\/2018\/10\/31\/cite-ettahdhamen-un-pere-denonce-son-fils-salafiste\/\",\"url\":\"https:\/\/kapitalis.com\/tunisie\/2018\/10\/31\/cite-ettahdhamen-un-pere-denonce-son-fils-salafiste\/\",\"name\":\"Cit\u00e9 Ettahdhamen : Un p\u00e8re d\u00e9nonce son fils salafiste - Kapitalis\",\"isPartOf\":{\"@id\":\"https:\/\/kapitalis.com\/tunisie\/#website\"},\"primaryImageOfPage\":{\"@id\":\"https:\/\/kapitalis.com\/tunisie\/2018\/10\/31\/cite-ettahdhamen-un-pere-denonce-son-fils-salafiste\/#primaryimage\"},\"image\":{\"@id\":\"https:\/\/kapitalis.com\/tunisie\/2018\/10\/31\/cite-ettahdhamen-un-pere-denonce-son-fils-salafiste\/#primaryimage\"},\"thumbnailUrl\":\"http:\/\/kapitalis.com\/tunisie\/wp-content\/uploads\/2017\/04\/arrestation-mains-sales-.jpg\",\"datePublished\":\"2018-10-31T13:29:03+00:00\",\"breadcrumb\":{\"@id\":\"https:\/\/kapitalis.com\/tunisie\/2018\/10\/31\/cite-ettahdhamen-un-pere-denonce-son-fils-salafiste\/#breadcrumb\"},\"inLanguage\":\"fr-FR\",\"potentialAction\":[{\"@type\":\"ReadAction\",\"target\":[\"https:\/\/kapitalis.com\/tunisie\/2018\/10\/31\/cite-ettahdhamen-un-pere-denonce-son-fils-salafiste\/\"]}]},{\"@type\":\"ImageObject\",\"inLanguage\":\"fr-FR\",\"@id\":\"https:\/\/kapitalis.com\/tunisie\/2018\/10\/31\/cite-ettahdhamen-un-pere-denonce-son-fils-salafiste\/#primaryimage\",\"url\":\"http:\/\/kapitalis.com\/tunisie\/wp-content\/uploads\/2017\/04\/arrestation-mains-sales-.jpg\",\"contentUrl\":\"http:\/\/kapitalis.com\/tunisie\/wp-content\/uploads\/2017\/04\/arrestation-mains-sales-.jpg\"},{\"@type\":\"BreadcrumbList\",\"@id\":\"https:\/\/kapitalis.com\/tunisie\/2018\/10\/31\/cite-ettahdhamen-un-pere-denonce-son-fils-salafiste\/#breadcrumb\",\"itemListElement\":[{\"@type\":\"ListItem\",\"position\":1,\"name\":\"Accueil\",\"item\":\"https:\/\/kapitalis.com\/tunisie\/\"},{\"@type\":\"ListItem\",\"position\":2,\"name\":\"Cit\u00e9 Ettahdhamen : Un p\u00e8re d\u00e9nonce son fils salafiste\"}]},{\"@type\":\"WebSite\",\"@id\":\"https:\/\/kapitalis.com\/tunisie\/#website\",\"url\":\"https:\/\/kapitalis.com\/tunisie\/\",\"name\":\"Kapitalis\",\"description\":\"L&#039;actualit\u00e9 en Tunisie et dans le monde\",\"publisher\":{\"@id\":\"https:\/\/kapitalis.com\/tunisie\/#organization\"},\"potentialAction\":[{\"@type\":\"SearchAction\",\"target\":{\"@type\":\"EntryPoint\",\"urlTemplate\":\"https:\/\/kapitalis.com\/tunisie\/?s={search_term_string}\"},\"query-input\":{\"@type\":\"PropertyValueSpecification\",\"valueRequired\":true,\"valueName\":\"search_term_string\"}}],\"inLanguage\":\"fr-FR\"},{\"@type\":\"Organization\",\"@id\":\"https:\/\/kapitalis.com\/tunisie\/#organization\",\"name\":\"Kapitalis\",\"url\":\"https:\/\/kapitalis.com\/tunisie\/\",\"logo\":{\"@type\":\"ImageObject\",\"inLanguage\":\"fr-FR\",\"@id\":\"https:\/\/kapitalis.com\/tunisie\/#\/schema\/logo\/image\/\",\"url\":\"https:\/\/kapitalis.com\/tunisie\/wp-content\/uploads\/2022\/05\/Kapitalis-big-size.png\",\"contentUrl\":\"https:\/\/kapitalis.com\/tunisie\/wp-content\/uploads\/2022\/05\/Kapitalis-big-size.png\",\"width\":5000,\"height\":1500,\"caption\":\"Kapitalis\"},\"image\":{\"@id\":\"https:\/\/kapitalis.com\/tunisie\/#\/schema\/logo\/image\/\"},\"sameAs\":[\"https:\/\/www.facebook.com\/KapitalisInfo\/\",\"https:\/\/x.com\/KapitalisInfo\",\"https:\/\/www.youtube.com\/channel\/UC-yDYrHyfFBWWZaOw3FPg9Q\"]},{\"@type\":\"Person\",\"@id\":\"https:\/\/kapitalis.com\/tunisie\/#\/schema\/person\/74bbde0154d49d790a92aaeac5bc01d5\",\"name\":\"Yusra NY\",\"url\":\"https:\/\/kapitalis.com\/tunisie\/author\/yuza_adam\/\"}]}<\/script>\n<!-- \/ Yoast SEO plugin. -->","yoast_head_json":{"title":"Cit\u00e9 Ettahdhamen : Un p\u00e8re d\u00e9nonce son fils salafiste - Kapitalis","robots":{"index":"index","follow":"follow","max-snippet":"max-snippet:-1","max-image-preview":"max-image-preview:large","max-video-preview":"max-video-preview:-1"},"canonical":"https:\/\/kapitalis.com\/tunisie\/2018\/10\/31\/cite-ettahdhamen-un-pere-denonce-son-fils-salafiste\/","og_locale":"fr_FR","og_type":"article","og_title":"Cit\u00e9 Ettahdhamen : Un p\u00e8re d\u00e9nonce son fils salafiste - Kapitalis","og_description":"Un salafiste de 31 ans a \u00e9t\u00e9 arr\u00eat\u00e9 hier, mardi 30 octobre 2018, \u00e0 cit\u00e9 Ettadhamen (Ariana), apr\u00e8s une alerte donn\u00e9e par son p\u00e8re \u00e0 la garde nationale. Ce dernier dit avoir remarqu\u00e9 un comportement suspect de son fils.","og_url":"https:\/\/kapitalis.com\/tunisie\/2018\/10\/31\/cite-ettahdhamen-un-pere-denonce-son-fils-salafiste\/","og_site_name":"Kapitalis","article_publisher":"https:\/\/www.facebook.com\/KapitalisInfo\/","article_published_time":"2018-10-31T13:29:03+00:00","og_image":[{"url":"http:\/\/kapitalis.com\/tunisie\/wp-content\/uploads\/2017\/04\/arrestation-mains-sales-.jpg","type":"","width":"","height":""}],"author":"Yusra NY","twitter_card":"summary_large_image","twitter_creator":"@KapitalisInfo","twitter_site":"@KapitalisInfo","twitter_misc":{"\u00c9crit par":"Yusra NY","Dur\u00e9e de lecture estim\u00e9e":"1 minute"},"schema":{"@context":"https:\/\/schema.org","@graph":[{"@type":"Article","@id":"https:\/\/kapitalis.com\/tunisie\/2018\/10\/31\/cite-ettahdhamen-un-pere-denonce-son-fils-salafiste\/#article","isPartOf":{"@id":"https:\/\/kapitalis.com\/tunisie\/2018\/10\/31\/cite-ettahdhamen-un-pere-denonce-son-fils-salafiste\/"},"author":{"name":"Yusra NY","@id":"https:\/\/kapitalis.com\/tunisie\/#\/schema\/person\/74bbde0154d49d790a92aaeac5bc01d5"},"headline":"Cit\u00e9 Ettahdhamen : Un p\u00e8re d\u00e9nonce son fils salafiste","datePublished":"2018-10-31T13:29:03+00:00","mainEntityOfPage":{"@id":"https:\/\/kapitalis.com\/tunisie\/2018\/10\/31\/cite-ettahdhamen-un-pere-denonce-son-fils-salafiste\/"},"wordCount":188,"commentCount":1,"publisher":{"@id":"https:\/\/kapitalis.com\/tunisie\/#organization"},"image":{"@id":"https:\/\/kapitalis.com\/tunisie\/2018\/10\/31\/cite-ettahdhamen-un-pere-denonce-son-fils-salafiste\/#primaryimage"},"thumbnailUrl":"http:\/\/kapitalis.com\/tunisie\/wp-content\/uploads\/2017\/04\/arrestation-mains-sales-.jpg","keywords":["Ariana","extr\u00e9mistes religieux","islam","jihadiste","salafiste"],"articleSection":["SOCIETE","Tunisie"],"inLanguage":"fr-FR","potentialAction":[{"@type":"CommentAction","name":"Comment","target":["https:\/\/kapitalis.com\/tunisie\/2018\/10\/31\/cite-ettahdhamen-un-pere-denonce-son-fils-salafiste\/#respond"]}]},{"@type":"WebPage","@id":"https:\/\/kapitalis.com\/tunisie\/2018\/10\/31\/cite-ettahdhamen-un-pere-denonce-son-fils-salafiste\/","url":"https:\/\/kapitalis.com\/tunisie\/2018\/10\/31\/cite-ettahdhamen-un-pere-denonce-son-fils-salafiste\/","name":"Cit\u00e9 Ettahdhamen : Un p\u00e8re d\u00e9nonce son fils salafiste - Kapitalis","isPartOf":{"@id":"https:\/\/kapitalis.com\/tunisie\/#website"},"primaryImageOfPage":{"@id":"https:\/\/kapitalis.com\/tunisie\/2018\/10\/31\/cite-ettahdhamen-un-pere-denonce-son-fils-salafiste\/#primaryimage"},"image":{"@id":"https:\/\/kapitalis.com\/tunisie\/2018\/10\/31\/cite-ettahdhamen-un-pere-denonce-son-fils-salafiste\/#primaryimage"},"thumbnailUrl":"http:\/\/kapitalis.com\/tunisie\/wp-content\/uploads\/2017\/04\/arrestation-mains-sales-.jpg","datePublished":"2018-10-31T13:29:03+00:00","breadcrumb":{"@id":"https:\/\/kapitalis.com\/tunisie\/2018\/10\/31\/cite-ettahdhamen-un-pere-denonce-son-fils-salafiste\/#breadcrumb"},"inLanguage":"fr-FR","potentialAction":[{"@type":"ReadAction","target":["https:\/\/kapitalis.com\/tunisie\/2018\/10\/31\/cite-ettahdhamen-un-pere-denonce-son-fils-salafiste\/"]}]},{"@type":"ImageObject","inLanguage":"fr-FR","@id":"https:\/\/kapitalis.com\/tunisie\/2018\/10\/31\/cite-ettahdhamen-un-pere-denonce-son-fils-salafiste\/#primaryimage","url":"http:\/\/kapitalis.com\/tunisie\/wp-content\/uploads\/2017\/04\/arrestation-mains-sales-.jpg","contentUrl":"http:\/\/kapitalis.com\/tunisie\/wp-content\/uploads\/2017\/04\/arrestation-mains-sales-.jpg"},{"@type":"BreadcrumbList","@id":"https:\/\/kapitalis.com\/tunisie\/2018\/10\/31\/cite-ettahdhamen-un-pere-denonce-son-fils-salafiste\/#breadcrumb","itemListElement":[{"@type":"ListItem","position":1,"name":"Accueil","item":"https:\/\/kapitalis.com\/tunisie\/"},{"@type":"ListItem","position":2,"name":"Cit\u00e9 Ettahdhamen : Un p\u00e8re d\u00e9nonce son fils salafiste"}]},{"@type":"WebSite","@id":"https:\/\/kapitalis.com\/tunisie\/#website","url":"https:\/\/kapitalis.com\/tunisie\/","name":"Kapitalis","description":"L&#039;actualit\u00e9 en Tunisie et dans le monde","publisher":{"@id":"https:\/\/kapitalis.com\/tunisie\/#organization"},"potentialAction":[{"@type":"SearchAction","target":{"@type":"EntryPoint","urlTemplate":"https:\/\/kapitalis.com\/tunisie\/?s={search_term_string}"},"query-input":{"@type":"PropertyValueSpecification","valueRequired":true,"valueName":"search_term_string"}}],"inLanguage":"fr-FR"},{"@type":"Organization","@id":"https:\/\/kapitalis.com\/tunisie\/#organization","name":"Kapitalis","url":"https:\/\/kapitalis.com\/tunisie\/","logo":{"@type":"ImageObject","inLanguage":"fr-FR","@id":"https:\/\/kapitalis.com\/tunisie\/#\/schema\/logo\/image\/","url":"https:\/\/kapitalis.com\/tunisie\/wp-content\/uploads\/2022\/05\/Kapitalis-big-size.png","contentUrl":"https:\/\/kapitalis.com\/tunisie\/wp-content\/uploads\/2022\/05\/Kapitalis-big-size.png","width":5000,"height":1500,"caption":"Kapitalis"},"image":{"@id":"https:\/\/kapitalis.com\/tunisie\/#\/schema\/logo\/image\/"},"sameAs":["https:\/\/www.facebook.com\/KapitalisInfo\/","https:\/\/x.com\/KapitalisInfo","https:\/\/www.youtube.com\/channel\/UC-yDYrHyfFBWWZaOw3FPg9Q"]},{"@type":"Person","@id":"https:\/\/kapitalis.com\/tunisie\/#\/schema\/person\/74bbde0154d49d790a92aaeac5bc01d5","name":"Yusra NY","url":"https:\/\/kapitalis.com\/tunisie\/author\/yuza_adam\/"}]}},"_links":{"self":[{"href":"https:\/\/kapitalis.com\/tunisie\/wp-json\/wp\/v2\/posts\/181492","targetHints":{"allow":["GET"]}}],"collection":[{"href":"https:\/\/kapitalis.com\/tunisie\/wp-json\/wp\/v2\/posts"}],"about":[{"href":"https:\/\/kapitalis.com\/tunisie\/wp-json\/wp\/v2\/types\/post"}],"author":[{"embeddable":true,"href":"https:\/\/kapitalis.com\/tunisie\/wp-json\/wp\/v2\/users\/6"}],"replies":[{"embeddable":true,"href":"https:\/\/kapitalis.com\/tunisie\/wp-json\/wp\/v2\/comments?post=181492"}],"version-history":[{"count":0,"href":"https:\/\/kapitalis.com\/tunisie\/wp-json\/wp\/v2\/posts\/181492\/revisions"}],"wp:attachment":[{"href":"https:\/\/kapitalis.com\/tunisie\/wp-json\/wp\/v2\/media?parent=181492"}],"wp:term":[{"taxonomy":"category","embeddable":true,"href":"https:\/\/kapitalis.com\/tunisie\/wp-json\/wp\/v2\/categories?post=181492"},{"taxonomy":"post_tag","embeddable":true,"href":"https:\/\/kapitalis.com\/tunisie\/wp-json\/wp\/v2\/tags?post=181492"}],"curies":[{"name":"wp","href":"https:\/\/api.w.org\/{rel}","templated":true}]}}