{"id":181555,"date":"2018-10-31T18:21:14","date_gmt":"2018-10-31T17:21:14","guid":{"rendered":"http:\/\/kapitalis.com\/tunisie\/?p=181555"},"modified":"2018-10-31T18:21:14","modified_gmt":"2018-10-31T17:21:14","slug":"marzouki-et-le-harak-vous-donnent-rendez-vous-aux-elections-de-2019","status":"publish","type":"post","link":"https:\/\/kapitalis.com\/tunisie\/2018\/10\/31\/marzouki-et-le-harak-vous-donnent-rendez-vous-aux-elections-de-2019\/","title":{"rendered":"Marzouki et le Harak vous donnent rendez-vous aux \u00e9lections de 2019"},"content":{"rendered":"<p style=\"text-align: center;\"><img loading=\"lazy\" decoding=\"async\" class=\"alignnone size-full wp-image-100928\" src=\"http:\/\/kapitalis.com\/tunisie\/wp-content\/uploads\/2017\/06\/Marzouki.jpg\" alt=\"\" width=\"626\" height=\"380\" \/><\/p>\n<p><em><strong>Harak Tounes Al-Irada, le parti de l&rsquo;ancien pr\u00e9sident de la r\u00e9publique par int\u00e9rim Moncef Marzouki, se pr\u00e9pare aux prochaines \u00e9lections de 2019. Affaibli par la r\u00e9cente d\u00e9mission de 80 de ses dirigeants, sur qui va compter Marzouki pour revenir au Palais de Carthage\u00a0?<\/strong><\/em><!--more--><\/p>\n<p>Dans un communiqu\u00e9 rendu public aujourd\u2019hui, mercredi 31 octobre 2018, le Harak a annonc\u00e9 sa participation aux prochaines \u00e9lections l\u00e9gislatives et pr\u00e9sidentielles. Tout en d\u00e9plorant, ce qu\u2019il a qualifi\u00e9 de \u00ab<em>faillite totale du syst\u00e8me politique en vigueur<\/em>\u00bb, le parti estime que la crise politique actuelle pourrait aboutir \u00e0 des atteintes aux libert\u00e9s individuelles, tout en affirmant qu\u2019il s\u2019opposera \u00e0 tout abus dans ce domaine.<\/p>\n<p>Fond\u00e9 en 2015 par d&rsquo;anciens dirigeants du Congr\u00e8s pour la r\u00e9publique (CpR),\u00a0qui a perdu les \u00e9lections de 2014, le Harak a eu du mal \u00e0 exister, \u00e0 cause des d\u00e9rapages en s\u00e9rie de son pr\u00e9sident, plus soucieux des int\u00e9r\u00eats de ses amis islamistes (Fr\u00e8res musulmans d&rsquo;Egypte, Qatar et Turquie)\u00a0que de ceux de son propre peuple. Il\u00a0a fait face, r\u00e9cemment, \u00e0 une vague de d\u00e9missions de ses dirigeants les plus en vue, dont Adnen Mansar et Tarek Kahlaoui , qui ont expliqu\u00e9 leur d\u00e9part par la d\u00e9pendance de la ligne politique du Harak \u00e0 un parti au pouvoir, par allusion \u00e0 Ennahdha.\u00a0C\u2019est d\u2019ailleurs sur la base \u00e9lectorale du parti islamiste que compte l\u2019ancien pr\u00e9sident par int\u00e9rim pour les prochaines \u00e9lections.<\/p>\n<p>Moncef Marzouki, qui se pr\u00e9vaut d\u2019\u00eatre un d\u00e9fenseur des libert\u00e9s, a toujours affich\u00e9 son soutien aux extr\u00e9mistes religieux.<\/p>\n<p>Son parti n\u2019a pas de base \u00e9lectorale, mais Marzouki sait qu\u2019il peut compter sur les extr\u00e9mistes tunisiens, dont beaucoup sont pr\u00eats \u00e0 voter pour lui, pour faire barrage aux candidats progressistes et modernistes .<\/p>\n<p>Cet homme qui a acc\u00e9d\u00e9 au Palais de Carthage, en janvier 2012, avec uniquement 7000 voix (il avait \u00e9t\u00e9 d\u00e9sign\u00e9 par les islamistes, majoritaires \u00e0 l&rsquo;Assembl\u00e9e constituante), n\u2019a jamais accept\u00e9 sa d\u00e9faite aux pr\u00e9sidentielles de 2014, o\u00f9 il recueillit 44,32% des voix, contre\u00a055,68 % pour le vainqueur, B\u00e9ji Ca\u00efd Essebsi, candidat Nidaa Tounes. Esp\u00e8re-t-il faire plus en 2019 ? Le r\u00eave est permis&#8230;<\/p>\n<p style=\"text-align: right;\"><strong>Y. N.<\/strong><\/p>\n<blockquote class=\"wp-embedded-content\" data-secret=\"skAc0za8vK\"><p><a href=\"https:\/\/kapitalis.com\/tunisie\/2018\/08\/14\/marzouki-le-defenseur-des-niqabees-contre-la-parite-successorale\/\">Marzouki, le d\u00e9fenseur des niqab\u00e9es, contre la parit\u00e9 successorale<\/a><\/p><\/blockquote>\n<p><iframe loading=\"lazy\" class=\"wp-embedded-content\" sandbox=\"allow-scripts\" security=\"restricted\" style=\"position: absolute; clip: rect(1px, 1px, 1px, 1px);\" title=\"\u00ab\u00a0Marzouki, le d\u00e9fenseur des niqab\u00e9es, contre la parit\u00e9 successorale\u00a0\u00bb &#8212; Kapitalis\" src=\"https:\/\/kapitalis.com\/tunisie\/2018\/08\/14\/marzouki-le-defenseur-des-niqabees-contre-la-parite-successorale\/embed\/#?secret=bljr1kumP7#?secret=skAc0za8vK\" data-secret=\"skAc0za8vK\" width=\"600\" height=\"338\" frameborder=\"0\" marginwidth=\"0\" marginheight=\"0\" scrolling=\"no\"><\/iframe><\/p>\n<blockquote class=\"wp-embedded-content\" data-secret=\"zYzJqww90h\"><p><a href=\"https:\/\/kapitalis.com\/tunisie\/2017\/10\/21\/moncef-marzouki-avidite-de-pouvoir-et-inconscience-politique\/\">Moncef Marzouki : Avidit\u00e9 de pouvoir et inconscience politique<\/a><\/p><\/blockquote>\n<p><iframe loading=\"lazy\" class=\"wp-embedded-content\" sandbox=\"allow-scripts\" security=\"restricted\" style=\"position: absolute; clip: rect(1px, 1px, 1px, 1px);\" title=\"\u00ab\u00a0Moncef Marzouki : Avidit\u00e9 de pouvoir et inconscience politique\u00a0\u00bb &#8212; Kapitalis\" src=\"https:\/\/kapitalis.com\/tunisie\/2017\/10\/21\/moncef-marzouki-avidite-de-pouvoir-et-inconscience-politique\/embed\/#?secret=68bGHP6KDl#?secret=zYzJqww90h\" data-secret=\"zYzJqww90h\" width=\"600\" height=\"338\" frameborder=\"0\" marginwidth=\"0\" marginheight=\"0\" scrolling=\"no\"><\/iframe><\/p>\n","protected":false},"excerpt":{"rendered":"<p>Harak Tounes Al-Irada, le parti de l&rsquo;ancien pr\u00e9sident de la r\u00e9publique par int\u00e9rim Moncef Marzouki, se pr\u00e9pare aux prochaines \u00e9lections de 2019. Affaibli par la r\u00e9cente d\u00e9mission de 80 de ses dirigeants, sur qui va compter Marzouki pour revenir au Palais de Carthage\u00a0?<\/p>\n","protected":false},"author":6,"featured_media":0,"comment_status":"open","ping_status":"open","sticky":false,"template":"","format":"standard","meta":{"footnotes":""},"categories":[997,2433],"tags":[313,1859,1648,9031,582,4375,756],"class_list":["post-181555","post","type-post","status-publish","format-standard","hentry","category-politique","category-tunisie","tag-elections","tag-freres-musulmans","tag-islamistes","tag-legislatives","tag-marzouki","tag-presidentielles","tag-qatar"],"yoast_head":"<!-- This site is optimized with the Yoast SEO plugin v26.6 - https:\/\/yoast.com\/wordpress\/plugins\/seo\/ -->\n<title>Marzouki et le Harak vous donnent rendez-vous aux \u00e9lections de 2019 - Kapitalis<\/title>\n<meta name=\"robots\" content=\"index, follow, max-snippet:-1, max-image-preview:large, max-video-preview:-1\" \/>\n<link rel=\"canonical\" href=\"https:\/\/kapitalis.com\/tunisie\/2018\/10\/31\/marzouki-et-le-harak-vous-donnent-rendez-vous-aux-elections-de-2019\/\" \/>\n<meta property=\"og:locale\" content=\"fr_FR\" \/>\n<meta property=\"og:type\" content=\"article\" \/>\n<meta property=\"og:title\" content=\"Marzouki et le Harak vous donnent rendez-vous aux \u00e9lections de 2019 - Kapitalis\" \/>\n<meta property=\"og:description\" content=\"Harak Tounes Al-Irada, le parti de l&rsquo;ancien pr\u00e9sident de la r\u00e9publique par int\u00e9rim Moncef Marzouki, se pr\u00e9pare aux prochaines \u00e9lections de 2019. Affaibli par la r\u00e9cente d\u00e9mission de 80 de ses dirigeants, sur qui va compter Marzouki pour revenir au Palais de Carthage\u00a0?\" \/>\n<meta property=\"og:url\" content=\"https:\/\/kapitalis.com\/tunisie\/2018\/10\/31\/marzouki-et-le-harak-vous-donnent-rendez-vous-aux-elections-de-2019\/\" \/>\n<meta property=\"og:site_name\" content=\"Kapitalis\" \/>\n<meta property=\"article:publisher\" content=\"https:\/\/www.facebook.com\/KapitalisInfo\/\" \/>\n<meta property=\"article:published_time\" content=\"2018-10-31T17:21:14+00:00\" \/>\n<meta property=\"og:image\" content=\"http:\/\/kapitalis.com\/tunisie\/wp-content\/uploads\/2017\/06\/Marzouki.jpg\" \/>\n<meta name=\"author\" content=\"Yusra NY\" \/>\n<meta name=\"twitter:card\" content=\"summary_large_image\" \/>\n<meta name=\"twitter:creator\" content=\"@KapitalisInfo\" \/>\n<meta name=\"twitter:site\" content=\"@KapitalisInfo\" \/>\n<meta name=\"twitter:label1\" content=\"\u00c9crit par\" \/>\n\t<meta name=\"twitter:data1\" content=\"Yusra NY\" \/>\n\t<meta name=\"twitter:label2\" content=\"Dur\u00e9e de lecture estim\u00e9e\" \/>\n\t<meta name=\"twitter:data2\" content=\"2 minutes\" \/>\n<script type=\"application\/ld+json\" class=\"yoast-schema-graph\">{\"@context\":\"https:\/\/schema.org\",\"@graph\":[{\"@type\":\"Article\",\"@id\":\"https:\/\/kapitalis.com\/tunisie\/2018\/10\/31\/marzouki-et-le-harak-vous-donnent-rendez-vous-aux-elections-de-2019\/#article\",\"isPartOf\":{\"@id\":\"https:\/\/kapitalis.com\/tunisie\/2018\/10\/31\/marzouki-et-le-harak-vous-donnent-rendez-vous-aux-elections-de-2019\/\"},\"author\":{\"name\":\"Yusra NY\",\"@id\":\"https:\/\/kapitalis.com\/tunisie\/#\/schema\/person\/74bbde0154d49d790a92aaeac5bc01d5\"},\"headline\":\"Marzouki et le Harak vous donnent rendez-vous aux \u00e9lections de 2019\",\"datePublished\":\"2018-10-31T17:21:14+00:00\",\"mainEntityOfPage\":{\"@id\":\"https:\/\/kapitalis.com\/tunisie\/2018\/10\/31\/marzouki-et-le-harak-vous-donnent-rendez-vous-aux-elections-de-2019\/\"},\"wordCount\":394,\"commentCount\":5,\"publisher\":{\"@id\":\"https:\/\/kapitalis.com\/tunisie\/#organization\"},\"image\":{\"@id\":\"https:\/\/kapitalis.com\/tunisie\/2018\/10\/31\/marzouki-et-le-harak-vous-donnent-rendez-vous-aux-elections-de-2019\/#primaryimage\"},\"thumbnailUrl\":\"http:\/\/kapitalis.com\/tunisie\/wp-content\/uploads\/2017\/06\/Marzouki.jpg\",\"keywords\":[\"\u00e9lections\",\"Fr\u00e8res musulmans\",\"islamistes\",\"l\u00e9gislatives\",\"Marzouki\",\"pr\u00e9sidentielles\",\"Qatar\"],\"articleSection\":[\"POLITIQUE\",\"Tunisie\"],\"inLanguage\":\"fr-FR\",\"potentialAction\":[{\"@type\":\"CommentAction\",\"name\":\"Comment\",\"target\":[\"https:\/\/kapitalis.com\/tunisie\/2018\/10\/31\/marzouki-et-le-harak-vous-donnent-rendez-vous-aux-elections-de-2019\/#respond\"]}]},{\"@type\":\"WebPage\",\"@id\":\"https:\/\/kapitalis.com\/tunisie\/2018\/10\/31\/marzouki-et-le-harak-vous-donnent-rendez-vous-aux-elections-de-2019\/\",\"url\":\"https:\/\/kapitalis.com\/tunisie\/2018\/10\/31\/marzouki-et-le-harak-vous-donnent-rendez-vous-aux-elections-de-2019\/\",\"name\":\"Marzouki et le Harak vous donnent rendez-vous aux \u00e9lections de 2019 - Kapitalis\",\"isPartOf\":{\"@id\":\"https:\/\/kapitalis.com\/tunisie\/#website\"},\"primaryImageOfPage\":{\"@id\":\"https:\/\/kapitalis.com\/tunisie\/2018\/10\/31\/marzouki-et-le-harak-vous-donnent-rendez-vous-aux-elections-de-2019\/#primaryimage\"},\"image\":{\"@id\":\"https:\/\/kapitalis.com\/tunisie\/2018\/10\/31\/marzouki-et-le-harak-vous-donnent-rendez-vous-aux-elections-de-2019\/#primaryimage\"},\"thumbnailUrl\":\"http:\/\/kapitalis.com\/tunisie\/wp-content\/uploads\/2017\/06\/Marzouki.jpg\",\"datePublished\":\"2018-10-31T17:21:14+00:00\",\"breadcrumb\":{\"@id\":\"https:\/\/kapitalis.com\/tunisie\/2018\/10\/31\/marzouki-et-le-harak-vous-donnent-rendez-vous-aux-elections-de-2019\/#breadcrumb\"},\"inLanguage\":\"fr-FR\",\"potentialAction\":[{\"@type\":\"ReadAction\",\"target\":[\"https:\/\/kapitalis.com\/tunisie\/2018\/10\/31\/marzouki-et-le-harak-vous-donnent-rendez-vous-aux-elections-de-2019\/\"]}]},{\"@type\":\"ImageObject\",\"inLanguage\":\"fr-FR\",\"@id\":\"https:\/\/kapitalis.com\/tunisie\/2018\/10\/31\/marzouki-et-le-harak-vous-donnent-rendez-vous-aux-elections-de-2019\/#primaryimage\",\"url\":\"http:\/\/kapitalis.com\/tunisie\/wp-content\/uploads\/2017\/06\/Marzouki.jpg\",\"contentUrl\":\"http:\/\/kapitalis.com\/tunisie\/wp-content\/uploads\/2017\/06\/Marzouki.jpg\"},{\"@type\":\"BreadcrumbList\",\"@id\":\"https:\/\/kapitalis.com\/tunisie\/2018\/10\/31\/marzouki-et-le-harak-vous-donnent-rendez-vous-aux-elections-de-2019\/#breadcrumb\",\"itemListElement\":[{\"@type\":\"ListItem\",\"position\":1,\"name\":\"Accueil\",\"item\":\"https:\/\/kapitalis.com\/tunisie\/\"},{\"@type\":\"ListItem\",\"position\":2,\"name\":\"Marzouki et le Harak vous donnent rendez-vous aux \u00e9lections de 2019\"}]},{\"@type\":\"WebSite\",\"@id\":\"https:\/\/kapitalis.com\/tunisie\/#website\",\"url\":\"https:\/\/kapitalis.com\/tunisie\/\",\"name\":\"Kapitalis\",\"description\":\"L&#039;actualit\u00e9 en Tunisie et dans le monde\",\"publisher\":{\"@id\":\"https:\/\/kapitalis.com\/tunisie\/#organization\"},\"potentialAction\":[{\"@type\":\"SearchAction\",\"target\":{\"@type\":\"EntryPoint\",\"urlTemplate\":\"https:\/\/kapitalis.com\/tunisie\/?s={search_term_string}\"},\"query-input\":{\"@type\":\"PropertyValueSpecification\",\"valueRequired\":true,\"valueName\":\"search_term_string\"}}],\"inLanguage\":\"fr-FR\"},{\"@type\":\"Organization\",\"@id\":\"https:\/\/kapitalis.com\/tunisie\/#organization\",\"name\":\"Kapitalis\",\"url\":\"https:\/\/kapitalis.com\/tunisie\/\",\"logo\":{\"@type\":\"ImageObject\",\"inLanguage\":\"fr-FR\",\"@id\":\"https:\/\/kapitalis.com\/tunisie\/#\/schema\/logo\/image\/\",\"url\":\"https:\/\/kapitalis.com\/tunisie\/wp-content\/uploads\/2022\/05\/Kapitalis-big-size.png\",\"contentUrl\":\"https:\/\/kapitalis.com\/tunisie\/wp-content\/uploads\/2022\/05\/Kapitalis-big-size.png\",\"width\":5000,\"height\":1500,\"caption\":\"Kapitalis\"},\"image\":{\"@id\":\"https:\/\/kapitalis.com\/tunisie\/#\/schema\/logo\/image\/\"},\"sameAs\":[\"https:\/\/www.facebook.com\/KapitalisInfo\/\",\"https:\/\/x.com\/KapitalisInfo\",\"https:\/\/www.youtube.com\/channel\/UC-yDYrHyfFBWWZaOw3FPg9Q\"]},{\"@type\":\"Person\",\"@id\":\"https:\/\/kapitalis.com\/tunisie\/#\/schema\/person\/74bbde0154d49d790a92aaeac5bc01d5\",\"name\":\"Yusra NY\",\"url\":\"https:\/\/kapitalis.com\/tunisie\/author\/yuza_adam\/\"}]}<\/script>\n<!-- \/ Yoast SEO plugin. -->","yoast_head_json":{"title":"Marzouki et le Harak vous donnent rendez-vous aux \u00e9lections de 2019 - Kapitalis","robots":{"index":"index","follow":"follow","max-snippet":"max-snippet:-1","max-image-preview":"max-image-preview:large","max-video-preview":"max-video-preview:-1"},"canonical":"https:\/\/kapitalis.com\/tunisie\/2018\/10\/31\/marzouki-et-le-harak-vous-donnent-rendez-vous-aux-elections-de-2019\/","og_locale":"fr_FR","og_type":"article","og_title":"Marzouki et le Harak vous donnent rendez-vous aux \u00e9lections de 2019 - Kapitalis","og_description":"Harak Tounes Al-Irada, le parti de l&rsquo;ancien pr\u00e9sident de la r\u00e9publique par int\u00e9rim Moncef Marzouki, se pr\u00e9pare aux prochaines \u00e9lections de 2019. Affaibli par la r\u00e9cente d\u00e9mission de 80 de ses dirigeants, sur qui va compter Marzouki pour revenir au Palais de Carthage\u00a0?","og_url":"https:\/\/kapitalis.com\/tunisie\/2018\/10\/31\/marzouki-et-le-harak-vous-donnent-rendez-vous-aux-elections-de-2019\/","og_site_name":"Kapitalis","article_publisher":"https:\/\/www.facebook.com\/KapitalisInfo\/","article_published_time":"2018-10-31T17:21:14+00:00","og_image":[{"url":"http:\/\/kapitalis.com\/tunisie\/wp-content\/uploads\/2017\/06\/Marzouki.jpg","type":"","width":"","height":""}],"author":"Yusra NY","twitter_card":"summary_large_image","twitter_creator":"@KapitalisInfo","twitter_site":"@KapitalisInfo","twitter_misc":{"\u00c9crit par":"Yusra NY","Dur\u00e9e de lecture estim\u00e9e":"2 minutes"},"schema":{"@context":"https:\/\/schema.org","@graph":[{"@type":"Article","@id":"https:\/\/kapitalis.com\/tunisie\/2018\/10\/31\/marzouki-et-le-harak-vous-donnent-rendez-vous-aux-elections-de-2019\/#article","isPartOf":{"@id":"https:\/\/kapitalis.com\/tunisie\/2018\/10\/31\/marzouki-et-le-harak-vous-donnent-rendez-vous-aux-elections-de-2019\/"},"author":{"name":"Yusra NY","@id":"https:\/\/kapitalis.com\/tunisie\/#\/schema\/person\/74bbde0154d49d790a92aaeac5bc01d5"},"headline":"Marzouki et le Harak vous donnent rendez-vous aux \u00e9lections de 2019","datePublished":"2018-10-31T17:21:14+00:00","mainEntityOfPage":{"@id":"https:\/\/kapitalis.com\/tunisie\/2018\/10\/31\/marzouki-et-le-harak-vous-donnent-rendez-vous-aux-elections-de-2019\/"},"wordCount":394,"commentCount":5,"publisher":{"@id":"https:\/\/kapitalis.com\/tunisie\/#organization"},"image":{"@id":"https:\/\/kapitalis.com\/tunisie\/2018\/10\/31\/marzouki-et-le-harak-vous-donnent-rendez-vous-aux-elections-de-2019\/#primaryimage"},"thumbnailUrl":"http:\/\/kapitalis.com\/tunisie\/wp-content\/uploads\/2017\/06\/Marzouki.jpg","keywords":["\u00e9lections","Fr\u00e8res musulmans","islamistes","l\u00e9gislatives","Marzouki","pr\u00e9sidentielles","Qatar"],"articleSection":["POLITIQUE","Tunisie"],"inLanguage":"fr-FR","potentialAction":[{"@type":"CommentAction","name":"Comment","target":["https:\/\/kapitalis.com\/tunisie\/2018\/10\/31\/marzouki-et-le-harak-vous-donnent-rendez-vous-aux-elections-de-2019\/#respond"]}]},{"@type":"WebPage","@id":"https:\/\/kapitalis.com\/tunisie\/2018\/10\/31\/marzouki-et-le-harak-vous-donnent-rendez-vous-aux-elections-de-2019\/","url":"https:\/\/kapitalis.com\/tunisie\/2018\/10\/31\/marzouki-et-le-harak-vous-donnent-rendez-vous-aux-elections-de-2019\/","name":"Marzouki et le Harak vous donnent rendez-vous aux \u00e9lections de 2019 - Kapitalis","isPartOf":{"@id":"https:\/\/kapitalis.com\/tunisie\/#website"},"primaryImageOfPage":{"@id":"https:\/\/kapitalis.com\/tunisie\/2018\/10\/31\/marzouki-et-le-harak-vous-donnent-rendez-vous-aux-elections-de-2019\/#primaryimage"},"image":{"@id":"https:\/\/kapitalis.com\/tunisie\/2018\/10\/31\/marzouki-et-le-harak-vous-donnent-rendez-vous-aux-elections-de-2019\/#primaryimage"},"thumbnailUrl":"http:\/\/kapitalis.com\/tunisie\/wp-content\/uploads\/2017\/06\/Marzouki.jpg","datePublished":"2018-10-31T17:21:14+00:00","breadcrumb":{"@id":"https:\/\/kapitalis.com\/tunisie\/2018\/10\/31\/marzouki-et-le-harak-vous-donnent-rendez-vous-aux-elections-de-2019\/#breadcrumb"},"inLanguage":"fr-FR","potentialAction":[{"@type":"ReadAction","target":["https:\/\/kapitalis.com\/tunisie\/2018\/10\/31\/marzouki-et-le-harak-vous-donnent-rendez-vous-aux-elections-de-2019\/"]}]},{"@type":"ImageObject","inLanguage":"fr-FR","@id":"https:\/\/kapitalis.com\/tunisie\/2018\/10\/31\/marzouki-et-le-harak-vous-donnent-rendez-vous-aux-elections-de-2019\/#primaryimage","url":"http:\/\/kapitalis.com\/tunisie\/wp-content\/uploads\/2017\/06\/Marzouki.jpg","contentUrl":"http:\/\/kapitalis.com\/tunisie\/wp-content\/uploads\/2017\/06\/Marzouki.jpg"},{"@type":"BreadcrumbList","@id":"https:\/\/kapitalis.com\/tunisie\/2018\/10\/31\/marzouki-et-le-harak-vous-donnent-rendez-vous-aux-elections-de-2019\/#breadcrumb","itemListElement":[{"@type":"ListItem","position":1,"name":"Accueil","item":"https:\/\/kapitalis.com\/tunisie\/"},{"@type":"ListItem","position":2,"name":"Marzouki et le Harak vous donnent rendez-vous aux \u00e9lections de 2019"}]},{"@type":"WebSite","@id":"https:\/\/kapitalis.com\/tunisie\/#website","url":"https:\/\/kapitalis.com\/tunisie\/","name":"Kapitalis","description":"L&#039;actualit\u00e9 en Tunisie et dans le monde","publisher":{"@id":"https:\/\/kapitalis.com\/tunisie\/#organization"},"potentialAction":[{"@type":"SearchAction","target":{"@type":"EntryPoint","urlTemplate":"https:\/\/kapitalis.com\/tunisie\/?s={search_term_string}"},"query-input":{"@type":"PropertyValueSpecification","valueRequired":true,"valueName":"search_term_string"}}],"inLanguage":"fr-FR"},{"@type":"Organization","@id":"https:\/\/kapitalis.com\/tunisie\/#organization","name":"Kapitalis","url":"https:\/\/kapitalis.com\/tunisie\/","logo":{"@type":"ImageObject","inLanguage":"fr-FR","@id":"https:\/\/kapitalis.com\/tunisie\/#\/schema\/logo\/image\/","url":"https:\/\/kapitalis.com\/tunisie\/wp-content\/uploads\/2022\/05\/Kapitalis-big-size.png","contentUrl":"https:\/\/kapitalis.com\/tunisie\/wp-content\/uploads\/2022\/05\/Kapitalis-big-size.png","width":5000,"height":1500,"caption":"Kapitalis"},"image":{"@id":"https:\/\/kapitalis.com\/tunisie\/#\/schema\/logo\/image\/"},"sameAs":["https:\/\/www.facebook.com\/KapitalisInfo\/","https:\/\/x.com\/KapitalisInfo","https:\/\/www.youtube.com\/channel\/UC-yDYrHyfFBWWZaOw3FPg9Q"]},{"@type":"Person","@id":"https:\/\/kapitalis.com\/tunisie\/#\/schema\/person\/74bbde0154d49d790a92aaeac5bc01d5","name":"Yusra NY","url":"https:\/\/kapitalis.com\/tunisie\/author\/yuza_adam\/"}]}},"_links":{"self":[{"href":"https:\/\/kapitalis.com\/tunisie\/wp-json\/wp\/v2\/posts\/181555","targetHints":{"allow":["GET"]}}],"collection":[{"href":"https:\/\/kapitalis.com\/tunisie\/wp-json\/wp\/v2\/posts"}],"about":[{"href":"https:\/\/kapitalis.com\/tunisie\/wp-json\/wp\/v2\/types\/post"}],"author":[{"embeddable":true,"href":"https:\/\/kapitalis.com\/tunisie\/wp-json\/wp\/v2\/users\/6"}],"replies":[{"embeddable":true,"href":"https:\/\/kapitalis.com\/tunisie\/wp-json\/wp\/v2\/comments?post=181555"}],"version-history":[{"count":0,"href":"https:\/\/kapitalis.com\/tunisie\/wp-json\/wp\/v2\/posts\/181555\/revisions"}],"wp:attachment":[{"href":"https:\/\/kapitalis.com\/tunisie\/wp-json\/wp\/v2\/media?parent=181555"}],"wp:term":[{"taxonomy":"category","embeddable":true,"href":"https:\/\/kapitalis.com\/tunisie\/wp-json\/wp\/v2\/categories?post=181555"},{"taxonomy":"post_tag","embeddable":true,"href":"https:\/\/kapitalis.com\/tunisie\/wp-json\/wp\/v2\/tags?post=181555"}],"curies":[{"name":"wp","href":"https:\/\/api.w.org\/{rel}","templated":true}]}}