{"id":181962,"date":"2018-11-03T12:16:35","date_gmt":"2018-11-03T11:16:35","guid":{"rendered":"http:\/\/kapitalis.com\/tunisie\/?p=181962"},"modified":"2018-11-03T12:16:35","modified_gmt":"2018-11-03T11:16:35","slug":"jcc-regarde-moi-de-belkhadhi-projete-a-la-prison-de-mornaguia","status":"publish","type":"post","link":"https:\/\/kapitalis.com\/tunisie\/2018\/11\/03\/jcc-regarde-moi-de-belkhadhi-projete-a-la-prison-de-mornaguia\/","title":{"rendered":"JCC : \u00abRegarde-moi\u00bb de Belkhadhi projet\u00e9 \u00e0 la prison de Mornaguia"},"content":{"rendered":"<p style=\"text-align: center;\"><img loading=\"lazy\" decoding=\"async\" class=\"alignnone size-full wp-image-181970\" src=\"http:\/\/kapitalis.com\/tunisie\/wp-content\/uploads\/2018\/11\/Affihe-Regarde-moi-Belkadhi.jpg\" alt=\"\" width=\"626\" height=\"380\" \/><\/p>\n<p><em><strong>La projection en premi\u00e8re nationale film tunisien \u00abRegarde-moi\u00bb de Nejib Belkhadhi aura lieu demain, dimanche 4 novembre 2018, \u00e0 la prison de Mornaguia (Manouba) , dans le cadre des Journ\u00e9es cin\u00e9matographiques de Carthage (JCC).<\/strong><\/em><!--more--><\/p>\n<p>C\u2019est ce qu\u2019a indiqu\u00e9 Nejib Ayed, directeur g\u00e9n\u00e9ral des JCC, qui se tiennent du 3 au 10 novembre 2018, au cours d&rsquo;une conf\u00e9rence de presse, hier, vendredi 2 novembre 2018, \u00e0 la Cit\u00e9 de la Culture, \u00e0 Tunis.<\/p>\n<p>Ainsi, le dernier film de N\u00e9jib Belkhadhi, dont la sortie nationale dans les salles de cin\u00e9ma est pr\u00e9vue \u00e0 partir du 11 novembre, et qui est en comp\u00e9tition officielle des JCC, fera l\u2019ouverture de la 4e \u00e9dition des JCC dans les prisons tunisiennes.<\/p>\n<p>Plusieurs autres films sont programm\u00e9s dans diff\u00e9rentes prisons du pays, notamment celles de Borj Erroumi (Bizerte), Messa\u00e2dine (Sousse), ou Mahdia, qui accueillera la c\u00e9r\u00e9monie de cl\u00f4ture, le 9 novembre, avec la projection dans du documentaire tunisien d\u2019Erige Sehiri, \u00ab<em>La voie normale<\/em>\u00bb.<\/p>\n<p style=\"text-align: right;\"><strong>Y. N.<\/strong><\/p>\n<blockquote class=\"wp-embedded-content\" data-secret=\"ROIXSKmMCY\"><p><a href=\"https:\/\/kapitalis.com\/tunisie\/2018\/08\/15\/cinema-regarde-moi-de-nejib-belkadhi-au-festival-de-toronto\/\">Cin\u00e9ma : \u00abRegarde-moi\u00bb de N\u00e9jib Belkadhi au Festival de Toronto<\/a><\/p><\/blockquote>\n<p><iframe loading=\"lazy\" class=\"wp-embedded-content\" sandbox=\"allow-scripts\" security=\"restricted\" style=\"position: absolute; clip: rect(1px, 1px, 1px, 1px);\" title=\"\u00ab\u00a0Cin\u00e9ma : \u00abRegarde-moi\u00bb de N\u00e9jib Belkadhi au Festival de Toronto\u00a0\u00bb &#8212; Kapitalis\" src=\"https:\/\/kapitalis.com\/tunisie\/2018\/08\/15\/cinema-regarde-moi-de-nejib-belkadhi-au-festival-de-toronto\/embed\/#?secret=CvduZzEu84#?secret=ROIXSKmMCY\" data-secret=\"ROIXSKmMCY\" width=\"600\" height=\"338\" frameborder=\"0\" marginwidth=\"0\" marginheight=\"0\" scrolling=\"no\"><\/iframe><\/p>\n<blockquote class=\"wp-embedded-content\" data-secret=\"gHxTVvgtDq\"><p><a href=\"https:\/\/kapitalis.com\/tunisie\/2018\/09\/21\/nejib-belkadhi-en-jebba-a-louverture-du-festival-de-los-angeles\/\">Nejib Belkadhi en Jebba \u00e0 l\u2019ouverture du Festival de Los Angeles<\/a><\/p><\/blockquote>\n<p><iframe loading=\"lazy\" class=\"wp-embedded-content\" sandbox=\"allow-scripts\" security=\"restricted\" style=\"position: absolute; clip: rect(1px, 1px, 1px, 1px);\" title=\"\u00ab\u00a0Nejib Belkadhi en Jebba \u00e0 l\u2019ouverture du Festival de Los Angeles\u00a0\u00bb &#8212; Kapitalis\" src=\"https:\/\/kapitalis.com\/tunisie\/2018\/09\/21\/nejib-belkadhi-en-jebba-a-louverture-du-festival-de-los-angeles\/embed\/#?secret=s8ZEYykGMl#?secret=gHxTVvgtDq\" data-secret=\"gHxTVvgtDq\" width=\"600\" height=\"338\" frameborder=\"0\" marginwidth=\"0\" marginheight=\"0\" scrolling=\"no\"><\/iframe><\/p>\n","protected":false},"excerpt":{"rendered":"<p>La projection en premi\u00e8re nationale film tunisien \u00abRegarde-moi\u00bb de Nejib Belkhadhi aura lieu demain, dimanche 4 novembre 2018, \u00e0 la prison de Mornaguia (Manouba) , dans le cadre des Journ\u00e9es cin\u00e9matographiques de Carthage (JCC).<\/p>\n","protected":false},"author":6,"featured_media":181970,"comment_status":"open","ping_status":"open","sticky":false,"template":"","format":"standard","meta":{"footnotes":""},"categories":[994,2433],"tags":[207,1462,510,8175,6461,50790],"class_list":["post-181962","post","type-post","status-publish","format-standard","has-post-thumbnail","hentry","category-culture","category-tunisie","tag-cinema","tag-cite-de-la-culture","tag-jcc","tag-nejib-ayed","tag-prison-mornaguia","tag-regarde-moi"],"yoast_head":"<!-- This site is optimized with the Yoast SEO plugin v26.6 - https:\/\/yoast.com\/wordpress\/plugins\/seo\/ -->\n<title>JCC : \u00abRegarde-moi\u00bb de Belkhadhi projet\u00e9 \u00e0 la prison de Mornaguia - Kapitalis<\/title>\n<meta name=\"robots\" content=\"index, follow, max-snippet:-1, max-image-preview:large, max-video-preview:-1\" \/>\n<link rel=\"canonical\" href=\"https:\/\/kapitalis.com\/tunisie\/2018\/11\/03\/jcc-regarde-moi-de-belkhadhi-projete-a-la-prison-de-mornaguia\/\" \/>\n<meta property=\"og:locale\" content=\"fr_FR\" \/>\n<meta property=\"og:type\" content=\"article\" \/>\n<meta property=\"og:title\" content=\"JCC : \u00abRegarde-moi\u00bb de Belkhadhi projet\u00e9 \u00e0 la prison de Mornaguia - Kapitalis\" \/>\n<meta property=\"og:description\" content=\"La projection en premi\u00e8re nationale film tunisien \u00abRegarde-moi\u00bb de Nejib Belkhadhi aura lieu demain, dimanche 4 novembre 2018, \u00e0 la prison de Mornaguia (Manouba) , dans le cadre des Journ\u00e9es cin\u00e9matographiques de Carthage (JCC).\" \/>\n<meta property=\"og:url\" content=\"https:\/\/kapitalis.com\/tunisie\/2018\/11\/03\/jcc-regarde-moi-de-belkhadhi-projete-a-la-prison-de-mornaguia\/\" \/>\n<meta property=\"og:site_name\" content=\"Kapitalis\" \/>\n<meta property=\"article:publisher\" content=\"https:\/\/www.facebook.com\/KapitalisInfo\/\" \/>\n<meta property=\"article:published_time\" content=\"2018-11-03T11:16:35+00:00\" \/>\n<meta property=\"og:image\" content=\"https:\/\/kapitalis.com\/tunisie\/wp-content\/uploads\/2022\/05\/kapitalis-logo-fb.png\" \/>\n\t<meta property=\"og:image:width\" content=\"1200\" \/>\n\t<meta property=\"og:image:height\" content=\"630\" \/>\n\t<meta property=\"og:image:type\" content=\"image\/png\" \/>\n<meta name=\"author\" content=\"Yusra NY\" \/>\n<meta name=\"twitter:card\" content=\"summary_large_image\" \/>\n<meta name=\"twitter:creator\" content=\"@KapitalisInfo\" \/>\n<meta name=\"twitter:site\" content=\"@KapitalisInfo\" \/>\n<meta name=\"twitter:label1\" content=\"\u00c9crit par\" \/>\n\t<meta name=\"twitter:data1\" content=\"Yusra NY\" \/>\n\t<meta name=\"twitter:label2\" content=\"Dur\u00e9e de lecture estim\u00e9e\" \/>\n\t<meta name=\"twitter:data2\" content=\"1 minute\" \/>\n<script type=\"application\/ld+json\" class=\"yoast-schema-graph\">{\"@context\":\"https:\/\/schema.org\",\"@graph\":[{\"@type\":\"Article\",\"@id\":\"https:\/\/kapitalis.com\/tunisie\/2018\/11\/03\/jcc-regarde-moi-de-belkhadhi-projete-a-la-prison-de-mornaguia\/#article\",\"isPartOf\":{\"@id\":\"https:\/\/kapitalis.com\/tunisie\/2018\/11\/03\/jcc-regarde-moi-de-belkhadhi-projete-a-la-prison-de-mornaguia\/\"},\"author\":{\"name\":\"Yusra NY\",\"@id\":\"https:\/\/kapitalis.com\/tunisie\/#\/schema\/person\/74bbde0154d49d790a92aaeac5bc01d5\"},\"headline\":\"JCC : \u00abRegarde-moi\u00bb de Belkhadhi projet\u00e9 \u00e0 la prison de Mornaguia\",\"datePublished\":\"2018-11-03T11:16:35+00:00\",\"mainEntityOfPage\":{\"@id\":\"https:\/\/kapitalis.com\/tunisie\/2018\/11\/03\/jcc-regarde-moi-de-belkhadhi-projete-a-la-prison-de-mornaguia\/\"},\"wordCount\":183,\"commentCount\":0,\"publisher\":{\"@id\":\"https:\/\/kapitalis.com\/tunisie\/#organization\"},\"image\":{\"@id\":\"https:\/\/kapitalis.com\/tunisie\/2018\/11\/03\/jcc-regarde-moi-de-belkhadhi-projete-a-la-prison-de-mornaguia\/#primaryimage\"},\"thumbnailUrl\":\"\",\"keywords\":[\"cin\u00e9ma\",\"Cit\u00e9 de la Culture\",\"JCC\",\"Nejib Ayed\",\"Prison Mornaguia\",\"Regarde-moi\"],\"articleSection\":[\"CULTURE\",\"Tunisie\"],\"inLanguage\":\"fr-FR\",\"potentialAction\":[{\"@type\":\"CommentAction\",\"name\":\"Comment\",\"target\":[\"https:\/\/kapitalis.com\/tunisie\/2018\/11\/03\/jcc-regarde-moi-de-belkhadhi-projete-a-la-prison-de-mornaguia\/#respond\"]}]},{\"@type\":\"WebPage\",\"@id\":\"https:\/\/kapitalis.com\/tunisie\/2018\/11\/03\/jcc-regarde-moi-de-belkhadhi-projete-a-la-prison-de-mornaguia\/\",\"url\":\"https:\/\/kapitalis.com\/tunisie\/2018\/11\/03\/jcc-regarde-moi-de-belkhadhi-projete-a-la-prison-de-mornaguia\/\",\"name\":\"JCC : \u00abRegarde-moi\u00bb de Belkhadhi projet\u00e9 \u00e0 la prison de Mornaguia - Kapitalis\",\"isPartOf\":{\"@id\":\"https:\/\/kapitalis.com\/tunisie\/#website\"},\"primaryImageOfPage\":{\"@id\":\"https:\/\/kapitalis.com\/tunisie\/2018\/11\/03\/jcc-regarde-moi-de-belkhadhi-projete-a-la-prison-de-mornaguia\/#primaryimage\"},\"image\":{\"@id\":\"https:\/\/kapitalis.com\/tunisie\/2018\/11\/03\/jcc-regarde-moi-de-belkhadhi-projete-a-la-prison-de-mornaguia\/#primaryimage\"},\"thumbnailUrl\":\"\",\"datePublished\":\"2018-11-03T11:16:35+00:00\",\"breadcrumb\":{\"@id\":\"https:\/\/kapitalis.com\/tunisie\/2018\/11\/03\/jcc-regarde-moi-de-belkhadhi-projete-a-la-prison-de-mornaguia\/#breadcrumb\"},\"inLanguage\":\"fr-FR\",\"potentialAction\":[{\"@type\":\"ReadAction\",\"target\":[\"https:\/\/kapitalis.com\/tunisie\/2018\/11\/03\/jcc-regarde-moi-de-belkhadhi-projete-a-la-prison-de-mornaguia\/\"]}]},{\"@type\":\"ImageObject\",\"inLanguage\":\"fr-FR\",\"@id\":\"https:\/\/kapitalis.com\/tunisie\/2018\/11\/03\/jcc-regarde-moi-de-belkhadhi-projete-a-la-prison-de-mornaguia\/#primaryimage\",\"url\":\"\",\"contentUrl\":\"\"},{\"@type\":\"BreadcrumbList\",\"@id\":\"https:\/\/kapitalis.com\/tunisie\/2018\/11\/03\/jcc-regarde-moi-de-belkhadhi-projete-a-la-prison-de-mornaguia\/#breadcrumb\",\"itemListElement\":[{\"@type\":\"ListItem\",\"position\":1,\"name\":\"Accueil\",\"item\":\"https:\/\/kapitalis.com\/tunisie\/\"},{\"@type\":\"ListItem\",\"position\":2,\"name\":\"JCC : \u00abRegarde-moi\u00bb de Belkhadhi projet\u00e9 \u00e0 la prison de Mornaguia\"}]},{\"@type\":\"WebSite\",\"@id\":\"https:\/\/kapitalis.com\/tunisie\/#website\",\"url\":\"https:\/\/kapitalis.com\/tunisie\/\",\"name\":\"Kapitalis\",\"description\":\"L&#039;actualit\u00e9 en Tunisie et dans le monde\",\"publisher\":{\"@id\":\"https:\/\/kapitalis.com\/tunisie\/#organization\"},\"potentialAction\":[{\"@type\":\"SearchAction\",\"target\":{\"@type\":\"EntryPoint\",\"urlTemplate\":\"https:\/\/kapitalis.com\/tunisie\/?s={search_term_string}\"},\"query-input\":{\"@type\":\"PropertyValueSpecification\",\"valueRequired\":true,\"valueName\":\"search_term_string\"}}],\"inLanguage\":\"fr-FR\"},{\"@type\":\"Organization\",\"@id\":\"https:\/\/kapitalis.com\/tunisie\/#organization\",\"name\":\"Kapitalis\",\"url\":\"https:\/\/kapitalis.com\/tunisie\/\",\"logo\":{\"@type\":\"ImageObject\",\"inLanguage\":\"fr-FR\",\"@id\":\"https:\/\/kapitalis.com\/tunisie\/#\/schema\/logo\/image\/\",\"url\":\"https:\/\/kapitalis.com\/tunisie\/wp-content\/uploads\/2022\/05\/Kapitalis-big-size.png\",\"contentUrl\":\"https:\/\/kapitalis.com\/tunisie\/wp-content\/uploads\/2022\/05\/Kapitalis-big-size.png\",\"width\":5000,\"height\":1500,\"caption\":\"Kapitalis\"},\"image\":{\"@id\":\"https:\/\/kapitalis.com\/tunisie\/#\/schema\/logo\/image\/\"},\"sameAs\":[\"https:\/\/www.facebook.com\/KapitalisInfo\/\",\"https:\/\/x.com\/KapitalisInfo\",\"https:\/\/www.youtube.com\/channel\/UC-yDYrHyfFBWWZaOw3FPg9Q\"]},{\"@type\":\"Person\",\"@id\":\"https:\/\/kapitalis.com\/tunisie\/#\/schema\/person\/74bbde0154d49d790a92aaeac5bc01d5\",\"name\":\"Yusra NY\",\"url\":\"https:\/\/kapitalis.com\/tunisie\/author\/yuza_adam\/\"}]}<\/script>\n<!-- \/ Yoast SEO plugin. -->","yoast_head_json":{"title":"JCC : \u00abRegarde-moi\u00bb de Belkhadhi projet\u00e9 \u00e0 la prison de Mornaguia - Kapitalis","robots":{"index":"index","follow":"follow","max-snippet":"max-snippet:-1","max-image-preview":"max-image-preview:large","max-video-preview":"max-video-preview:-1"},"canonical":"https:\/\/kapitalis.com\/tunisie\/2018\/11\/03\/jcc-regarde-moi-de-belkhadhi-projete-a-la-prison-de-mornaguia\/","og_locale":"fr_FR","og_type":"article","og_title":"JCC : \u00abRegarde-moi\u00bb de Belkhadhi projet\u00e9 \u00e0 la prison de Mornaguia - Kapitalis","og_description":"La projection en premi\u00e8re nationale film tunisien \u00abRegarde-moi\u00bb de Nejib Belkhadhi aura lieu demain, dimanche 4 novembre 2018, \u00e0 la prison de Mornaguia (Manouba) , dans le cadre des Journ\u00e9es cin\u00e9matographiques de Carthage (JCC).","og_url":"https:\/\/kapitalis.com\/tunisie\/2018\/11\/03\/jcc-regarde-moi-de-belkhadhi-projete-a-la-prison-de-mornaguia\/","og_site_name":"Kapitalis","article_publisher":"https:\/\/www.facebook.com\/KapitalisInfo\/","article_published_time":"2018-11-03T11:16:35+00:00","og_image":[{"width":1200,"height":630,"url":"https:\/\/kapitalis.com\/tunisie\/wp-content\/uploads\/2022\/05\/kapitalis-logo-fb.png","type":"image\/png"}],"author":"Yusra NY","twitter_card":"summary_large_image","twitter_creator":"@KapitalisInfo","twitter_site":"@KapitalisInfo","twitter_misc":{"\u00c9crit par":"Yusra NY","Dur\u00e9e de lecture estim\u00e9e":"1 minute"},"schema":{"@context":"https:\/\/schema.org","@graph":[{"@type":"Article","@id":"https:\/\/kapitalis.com\/tunisie\/2018\/11\/03\/jcc-regarde-moi-de-belkhadhi-projete-a-la-prison-de-mornaguia\/#article","isPartOf":{"@id":"https:\/\/kapitalis.com\/tunisie\/2018\/11\/03\/jcc-regarde-moi-de-belkhadhi-projete-a-la-prison-de-mornaguia\/"},"author":{"name":"Yusra NY","@id":"https:\/\/kapitalis.com\/tunisie\/#\/schema\/person\/74bbde0154d49d790a92aaeac5bc01d5"},"headline":"JCC : \u00abRegarde-moi\u00bb de Belkhadhi projet\u00e9 \u00e0 la prison de Mornaguia","datePublished":"2018-11-03T11:16:35+00:00","mainEntityOfPage":{"@id":"https:\/\/kapitalis.com\/tunisie\/2018\/11\/03\/jcc-regarde-moi-de-belkhadhi-projete-a-la-prison-de-mornaguia\/"},"wordCount":183,"commentCount":0,"publisher":{"@id":"https:\/\/kapitalis.com\/tunisie\/#organization"},"image":{"@id":"https:\/\/kapitalis.com\/tunisie\/2018\/11\/03\/jcc-regarde-moi-de-belkhadhi-projete-a-la-prison-de-mornaguia\/#primaryimage"},"thumbnailUrl":"","keywords":["cin\u00e9ma","Cit\u00e9 de la Culture","JCC","Nejib Ayed","Prison Mornaguia","Regarde-moi"],"articleSection":["CULTURE","Tunisie"],"inLanguage":"fr-FR","potentialAction":[{"@type":"CommentAction","name":"Comment","target":["https:\/\/kapitalis.com\/tunisie\/2018\/11\/03\/jcc-regarde-moi-de-belkhadhi-projete-a-la-prison-de-mornaguia\/#respond"]}]},{"@type":"WebPage","@id":"https:\/\/kapitalis.com\/tunisie\/2018\/11\/03\/jcc-regarde-moi-de-belkhadhi-projete-a-la-prison-de-mornaguia\/","url":"https:\/\/kapitalis.com\/tunisie\/2018\/11\/03\/jcc-regarde-moi-de-belkhadhi-projete-a-la-prison-de-mornaguia\/","name":"JCC : \u00abRegarde-moi\u00bb de Belkhadhi projet\u00e9 \u00e0 la prison de Mornaguia - Kapitalis","isPartOf":{"@id":"https:\/\/kapitalis.com\/tunisie\/#website"},"primaryImageOfPage":{"@id":"https:\/\/kapitalis.com\/tunisie\/2018\/11\/03\/jcc-regarde-moi-de-belkhadhi-projete-a-la-prison-de-mornaguia\/#primaryimage"},"image":{"@id":"https:\/\/kapitalis.com\/tunisie\/2018\/11\/03\/jcc-regarde-moi-de-belkhadhi-projete-a-la-prison-de-mornaguia\/#primaryimage"},"thumbnailUrl":"","datePublished":"2018-11-03T11:16:35+00:00","breadcrumb":{"@id":"https:\/\/kapitalis.com\/tunisie\/2018\/11\/03\/jcc-regarde-moi-de-belkhadhi-projete-a-la-prison-de-mornaguia\/#breadcrumb"},"inLanguage":"fr-FR","potentialAction":[{"@type":"ReadAction","target":["https:\/\/kapitalis.com\/tunisie\/2018\/11\/03\/jcc-regarde-moi-de-belkhadhi-projete-a-la-prison-de-mornaguia\/"]}]},{"@type":"ImageObject","inLanguage":"fr-FR","@id":"https:\/\/kapitalis.com\/tunisie\/2018\/11\/03\/jcc-regarde-moi-de-belkhadhi-projete-a-la-prison-de-mornaguia\/#primaryimage","url":"","contentUrl":""},{"@type":"BreadcrumbList","@id":"https:\/\/kapitalis.com\/tunisie\/2018\/11\/03\/jcc-regarde-moi-de-belkhadhi-projete-a-la-prison-de-mornaguia\/#breadcrumb","itemListElement":[{"@type":"ListItem","position":1,"name":"Accueil","item":"https:\/\/kapitalis.com\/tunisie\/"},{"@type":"ListItem","position":2,"name":"JCC : \u00abRegarde-moi\u00bb de Belkhadhi projet\u00e9 \u00e0 la prison de Mornaguia"}]},{"@type":"WebSite","@id":"https:\/\/kapitalis.com\/tunisie\/#website","url":"https:\/\/kapitalis.com\/tunisie\/","name":"Kapitalis","description":"L&#039;actualit\u00e9 en Tunisie et dans le monde","publisher":{"@id":"https:\/\/kapitalis.com\/tunisie\/#organization"},"potentialAction":[{"@type":"SearchAction","target":{"@type":"EntryPoint","urlTemplate":"https:\/\/kapitalis.com\/tunisie\/?s={search_term_string}"},"query-input":{"@type":"PropertyValueSpecification","valueRequired":true,"valueName":"search_term_string"}}],"inLanguage":"fr-FR"},{"@type":"Organization","@id":"https:\/\/kapitalis.com\/tunisie\/#organization","name":"Kapitalis","url":"https:\/\/kapitalis.com\/tunisie\/","logo":{"@type":"ImageObject","inLanguage":"fr-FR","@id":"https:\/\/kapitalis.com\/tunisie\/#\/schema\/logo\/image\/","url":"https:\/\/kapitalis.com\/tunisie\/wp-content\/uploads\/2022\/05\/Kapitalis-big-size.png","contentUrl":"https:\/\/kapitalis.com\/tunisie\/wp-content\/uploads\/2022\/05\/Kapitalis-big-size.png","width":5000,"height":1500,"caption":"Kapitalis"},"image":{"@id":"https:\/\/kapitalis.com\/tunisie\/#\/schema\/logo\/image\/"},"sameAs":["https:\/\/www.facebook.com\/KapitalisInfo\/","https:\/\/x.com\/KapitalisInfo","https:\/\/www.youtube.com\/channel\/UC-yDYrHyfFBWWZaOw3FPg9Q"]},{"@type":"Person","@id":"https:\/\/kapitalis.com\/tunisie\/#\/schema\/person\/74bbde0154d49d790a92aaeac5bc01d5","name":"Yusra NY","url":"https:\/\/kapitalis.com\/tunisie\/author\/yuza_adam\/"}]}},"_links":{"self":[{"href":"https:\/\/kapitalis.com\/tunisie\/wp-json\/wp\/v2\/posts\/181962","targetHints":{"allow":["GET"]}}],"collection":[{"href":"https:\/\/kapitalis.com\/tunisie\/wp-json\/wp\/v2\/posts"}],"about":[{"href":"https:\/\/kapitalis.com\/tunisie\/wp-json\/wp\/v2\/types\/post"}],"author":[{"embeddable":true,"href":"https:\/\/kapitalis.com\/tunisie\/wp-json\/wp\/v2\/users\/6"}],"replies":[{"embeddable":true,"href":"https:\/\/kapitalis.com\/tunisie\/wp-json\/wp\/v2\/comments?post=181962"}],"version-history":[{"count":0,"href":"https:\/\/kapitalis.com\/tunisie\/wp-json\/wp\/v2\/posts\/181962\/revisions"}],"wp:featuredmedia":[{"embeddable":true,"href":"https:\/\/kapitalis.com\/tunisie\/wp-json\/wp\/v2\/media\/181970"}],"wp:attachment":[{"href":"https:\/\/kapitalis.com\/tunisie\/wp-json\/wp\/v2\/media?parent=181962"}],"wp:term":[{"taxonomy":"category","embeddable":true,"href":"https:\/\/kapitalis.com\/tunisie\/wp-json\/wp\/v2\/categories?post=181962"},{"taxonomy":"post_tag","embeddable":true,"href":"https:\/\/kapitalis.com\/tunisie\/wp-json\/wp\/v2\/tags?post=181962"}],"curies":[{"name":"wp","href":"https:\/\/api.w.org\/{rel}","templated":true}]}}