{"id":1820095,"date":"2022-06-28T13:44:26","date_gmt":"2022-06-28T12:44:26","guid":{"rendered":"https:\/\/kapitalis.com\/tunisie\/?p=1820095"},"modified":"2022-06-28T13:44:27","modified_gmt":"2022-06-28T12:44:27","slug":"tunisie-abdellatif-mekki-lance-son-nouveau-parti-amal-wa-enjaz","status":"publish","type":"post","link":"https:\/\/kapitalis.com\/tunisie\/2022\/06\/28\/tunisie-abdellatif-mekki-lance-son-nouveau-parti-amal-wa-enjaz\/","title":{"rendered":"Tunisie : Abdellatif Mekki lance son nouveau parti \u00abAmal wa enjaz\u00bb"},"content":{"rendered":"\n<p><strong><em>L&rsquo;ancien dirigeant au sein du mouvement Ennahdha et ex-ministre de la Sant\u00e9 publique, Abdellatif Mekki, a annonc\u00e9, ce mardi 28 juin 2022, lors d&rsquo;une conf\u00e9rence de presse, le lancement d&rsquo;un nouveau parti politique, baptis\u00e9 \u00abAmal wa enjaz\u00bb (Travail et r\u00e9alisation), dont il sera le secr\u00e9taire g\u00e9n\u00e9ral.<\/em><\/strong><\/p>\n\n\n\n<!--more-->\n\n\n\n<p>Plusieurs anciens nahdhaouis font partie de ce nouveau projet politique, \u00e0 l&rsquo;instar de Zouba\u00efr Chehoudi, Jamila Ksiksi, Moez Belhaj Rhouma et Rim Toumi.<\/p>\n\n\n\n<p>Sans surprise, le nouveau parti de Mekki s&rsquo;oppose au pr\u00e9sident de la r\u00e9publique, Ka\u00efs Sa\u00efed. En effet, le parti adopte la position du front de Salut national concernant le r\u00e9f\u00e9rendum du 25 juillet prochain, \u00e0 savoir le boycott.<\/p>\n\n\n\n<p>Concernant la participation ou non aux prochaines \u00e9lections l\u00e9gislatives anticip\u00e9es, pr\u00e9vues le 17 d\u00e9cembre 2022, la d\u00e9cision n&rsquo;a pas encore \u00e9t\u00e9 prise et sera li\u00e9e aux r\u00e9sultats du r\u00e9f\u00e9rendum, selon Mekki.<\/p>\n\n\n\n<p>Id\u00e9ologiquement, le parti sera \u00e9videmment conservateur. Mekki a, par ailleurs, ajout\u00e9 qu&rsquo;il sera \u00abnational, social et d\u00e9mocrate\u00bb.<\/p>\n\n\n\n<p class=\"has-text-align-right\"><strong>C. B. Y.<\/strong><\/p>\n","protected":false},"excerpt":{"rendered":"<p>L&rsquo;ancien dirigeant au sein du mouvement Ennahdha et ex-ministre de la Sant\u00e9 publique, Abdellatif Mekki, a annonc\u00e9, ce mardi 28 juin 2022, lors d&rsquo;une conf\u00e9rence de presse, le lancement d&rsquo;un nouveau parti politique, baptis\u00e9 \u00abAmal wa enjaz\u00bb (Travail et r\u00e9alisation), dont il sera le secr\u00e9taire g\u00e9n\u00e9ral.<\/p>\n","protected":false},"author":24,"featured_media":1820677,"comment_status":"open","ping_status":"open","sticky":false,"template":"","format":"standard","meta":{"footnotes":""},"categories":[997,2433],"tags":[17,101005,49543,70018,76012,88000,101004,101003],"class_list":["post-1820095","post","type-post","status-publish","format-standard","has-post-thumbnail","hentry","category-politique","category-tunisie","tag-abdellatif-mekki","tag-amal-wa-enjaz","tag-ennahdha","tag-jamila-ksiksi","tag-kais-saied-2","tag-moez-belhaj-rhouma","tag-rim-toumi","tag-zoubair-chehoudi"],"yoast_head":"<!-- This site is optimized with the Yoast SEO plugin v26.6 - https:\/\/yoast.com\/wordpress\/plugins\/seo\/ -->\n<title>Tunisie : Abdellatif Mekki lance son nouveau parti \u00abAmal wa enjaz\u00bb - Kapitalis<\/title>\n<meta name=\"robots\" content=\"index, follow, max-snippet:-1, max-image-preview:large, max-video-preview:-1\" \/>\n<link rel=\"canonical\" href=\"https:\/\/kapitalis.com\/tunisie\/2022\/06\/28\/tunisie-abdellatif-mekki-lance-son-nouveau-parti-amal-wa-enjaz\/\" \/>\n<meta property=\"og:locale\" content=\"fr_FR\" \/>\n<meta property=\"og:type\" content=\"article\" \/>\n<meta property=\"og:title\" content=\"Tunisie : Abdellatif Mekki lance son nouveau parti \u00abAmal wa enjaz\u00bb - Kapitalis\" \/>\n<meta property=\"og:description\" content=\"L&rsquo;ancien dirigeant au sein du mouvement Ennahdha et ex-ministre de la Sant\u00e9 publique, Abdellatif Mekki, a annonc\u00e9, ce mardi 28 juin 2022, lors d&rsquo;une conf\u00e9rence de presse, le lancement d&rsquo;un nouveau parti politique, baptis\u00e9 \u00abAmal wa enjaz\u00bb (Travail et r\u00e9alisation), dont il sera le secr\u00e9taire g\u00e9n\u00e9ral.\" \/>\n<meta property=\"og:url\" content=\"https:\/\/kapitalis.com\/tunisie\/2022\/06\/28\/tunisie-abdellatif-mekki-lance-son-nouveau-parti-amal-wa-enjaz\/\" \/>\n<meta property=\"og:site_name\" content=\"Kapitalis\" \/>\n<meta property=\"article:publisher\" content=\"https:\/\/www.facebook.com\/KapitalisInfo\/\" \/>\n<meta property=\"article:published_time\" content=\"2022-06-28T12:44:26+00:00\" \/>\n<meta property=\"article:modified_time\" content=\"2022-06-28T12:44:27+00:00\" \/>\n<meta property=\"og:image\" content=\"https:\/\/kapitalis.com\/tunisie\/wp-content\/uploads\/2022\/06\/abellatif-mekki-amal-wa-enjez.jpg\" \/>\n\t<meta property=\"og:image:width\" content=\"1200\" \/>\n\t<meta property=\"og:image:height\" content=\"630\" \/>\n\t<meta property=\"og:image:type\" content=\"image\/jpeg\" \/>\n<meta name=\"author\" content=\"Cherif Benyounes\" \/>\n<meta name=\"twitter:card\" content=\"summary_large_image\" \/>\n<meta name=\"twitter:creator\" content=\"@KapitalisInfo\" \/>\n<meta name=\"twitter:site\" content=\"@KapitalisInfo\" \/>\n<meta name=\"twitter:label1\" content=\"\u00c9crit par\" \/>\n\t<meta name=\"twitter:data1\" content=\"Cherif Benyounes\" \/>\n\t<meta name=\"twitter:label2\" content=\"Dur\u00e9e de lecture estim\u00e9e\" \/>\n\t<meta name=\"twitter:data2\" content=\"1 minute\" \/>\n<script type=\"application\/ld+json\" class=\"yoast-schema-graph\">{\"@context\":\"https:\/\/schema.org\",\"@graph\":[{\"@type\":\"Article\",\"@id\":\"https:\/\/kapitalis.com\/tunisie\/2022\/06\/28\/tunisie-abdellatif-mekki-lance-son-nouveau-parti-amal-wa-enjaz\/#article\",\"isPartOf\":{\"@id\":\"https:\/\/kapitalis.com\/tunisie\/2022\/06\/28\/tunisie-abdellatif-mekki-lance-son-nouveau-parti-amal-wa-enjaz\/\"},\"author\":{\"name\":\"Cherif Benyounes\",\"@id\":\"https:\/\/kapitalis.com\/tunisie\/#\/schema\/person\/b35b8d631961131107263178aeb8019e\"},\"headline\":\"Tunisie : Abdellatif Mekki lance son nouveau parti \u00abAmal wa enjaz\u00bb\",\"datePublished\":\"2022-06-28T12:44:26+00:00\",\"dateModified\":\"2022-06-28T12:44:27+00:00\",\"mainEntityOfPage\":{\"@id\":\"https:\/\/kapitalis.com\/tunisie\/2022\/06\/28\/tunisie-abdellatif-mekki-lance-son-nouveau-parti-amal-wa-enjaz\/\"},\"wordCount\":184,\"commentCount\":4,\"publisher\":{\"@id\":\"https:\/\/kapitalis.com\/tunisie\/#organization\"},\"image\":{\"@id\":\"https:\/\/kapitalis.com\/tunisie\/2022\/06\/28\/tunisie-abdellatif-mekki-lance-son-nouveau-parti-amal-wa-enjaz\/#primaryimage\"},\"thumbnailUrl\":\"https:\/\/kapitalis.com\/tunisie\/wp-content\/uploads\/2022\/06\/abellatif-mekki-amal-wa-enjez.jpg\",\"keywords\":[\"Abdellatif Mekki\",\"Amal wa enjaz\",\"Ennahdha\",\"Jamila Ksiksi\",\"Ka\u00efs Sa\u00efed\",\"Moez Belhaj Rhouma\",\"Rim Toumi\",\"Zouba\u00efr Chehoudi\"],\"articleSection\":[\"POLITIQUE\",\"Tunisie\"],\"inLanguage\":\"fr-FR\",\"potentialAction\":[{\"@type\":\"CommentAction\",\"name\":\"Comment\",\"target\":[\"https:\/\/kapitalis.com\/tunisie\/2022\/06\/28\/tunisie-abdellatif-mekki-lance-son-nouveau-parti-amal-wa-enjaz\/#respond\"]}]},{\"@type\":\"WebPage\",\"@id\":\"https:\/\/kapitalis.com\/tunisie\/2022\/06\/28\/tunisie-abdellatif-mekki-lance-son-nouveau-parti-amal-wa-enjaz\/\",\"url\":\"https:\/\/kapitalis.com\/tunisie\/2022\/06\/28\/tunisie-abdellatif-mekki-lance-son-nouveau-parti-amal-wa-enjaz\/\",\"name\":\"Tunisie : Abdellatif Mekki lance son nouveau parti \u00abAmal wa enjaz\u00bb - Kapitalis\",\"isPartOf\":{\"@id\":\"https:\/\/kapitalis.com\/tunisie\/#website\"},\"primaryImageOfPage\":{\"@id\":\"https:\/\/kapitalis.com\/tunisie\/2022\/06\/28\/tunisie-abdellatif-mekki-lance-son-nouveau-parti-amal-wa-enjaz\/#primaryimage\"},\"image\":{\"@id\":\"https:\/\/kapitalis.com\/tunisie\/2022\/06\/28\/tunisie-abdellatif-mekki-lance-son-nouveau-parti-amal-wa-enjaz\/#primaryimage\"},\"thumbnailUrl\":\"https:\/\/kapitalis.com\/tunisie\/wp-content\/uploads\/2022\/06\/abellatif-mekki-amal-wa-enjez.jpg\",\"datePublished\":\"2022-06-28T12:44:26+00:00\",\"dateModified\":\"2022-06-28T12:44:27+00:00\",\"breadcrumb\":{\"@id\":\"https:\/\/kapitalis.com\/tunisie\/2022\/06\/28\/tunisie-abdellatif-mekki-lance-son-nouveau-parti-amal-wa-enjaz\/#breadcrumb\"},\"inLanguage\":\"fr-FR\",\"potentialAction\":[{\"@type\":\"ReadAction\",\"target\":[\"https:\/\/kapitalis.com\/tunisie\/2022\/06\/28\/tunisie-abdellatif-mekki-lance-son-nouveau-parti-amal-wa-enjaz\/\"]}]},{\"@type\":\"ImageObject\",\"inLanguage\":\"fr-FR\",\"@id\":\"https:\/\/kapitalis.com\/tunisie\/2022\/06\/28\/tunisie-abdellatif-mekki-lance-son-nouveau-parti-amal-wa-enjaz\/#primaryimage\",\"url\":\"https:\/\/kapitalis.com\/tunisie\/wp-content\/uploads\/2022\/06\/abellatif-mekki-amal-wa-enjez.jpg\",\"contentUrl\":\"https:\/\/kapitalis.com\/tunisie\/wp-content\/uploads\/2022\/06\/abellatif-mekki-amal-wa-enjez.jpg\",\"width\":1200,\"height\":630},{\"@type\":\"BreadcrumbList\",\"@id\":\"https:\/\/kapitalis.com\/tunisie\/2022\/06\/28\/tunisie-abdellatif-mekki-lance-son-nouveau-parti-amal-wa-enjaz\/#breadcrumb\",\"itemListElement\":[{\"@type\":\"ListItem\",\"position\":1,\"name\":\"Accueil\",\"item\":\"https:\/\/kapitalis.com\/tunisie\/\"},{\"@type\":\"ListItem\",\"position\":2,\"name\":\"Tunisie : Abdellatif Mekki lance son nouveau parti \u00abAmal wa enjaz\u00bb\"}]},{\"@type\":\"WebSite\",\"@id\":\"https:\/\/kapitalis.com\/tunisie\/#website\",\"url\":\"https:\/\/kapitalis.com\/tunisie\/\",\"name\":\"Kapitalis\",\"description\":\"L&#039;actualit\u00e9 en Tunisie et dans le monde\",\"publisher\":{\"@id\":\"https:\/\/kapitalis.com\/tunisie\/#organization\"},\"potentialAction\":[{\"@type\":\"SearchAction\",\"target\":{\"@type\":\"EntryPoint\",\"urlTemplate\":\"https:\/\/kapitalis.com\/tunisie\/?s={search_term_string}\"},\"query-input\":{\"@type\":\"PropertyValueSpecification\",\"valueRequired\":true,\"valueName\":\"search_term_string\"}}],\"inLanguage\":\"fr-FR\"},{\"@type\":\"Organization\",\"@id\":\"https:\/\/kapitalis.com\/tunisie\/#organization\",\"name\":\"Kapitalis\",\"url\":\"https:\/\/kapitalis.com\/tunisie\/\",\"logo\":{\"@type\":\"ImageObject\",\"inLanguage\":\"fr-FR\",\"@id\":\"https:\/\/kapitalis.com\/tunisie\/#\/schema\/logo\/image\/\",\"url\":\"https:\/\/kapitalis.com\/tunisie\/wp-content\/uploads\/2022\/05\/Kapitalis-big-size.png\",\"contentUrl\":\"https:\/\/kapitalis.com\/tunisie\/wp-content\/uploads\/2022\/05\/Kapitalis-big-size.png\",\"width\":5000,\"height\":1500,\"caption\":\"Kapitalis\"},\"image\":{\"@id\":\"https:\/\/kapitalis.com\/tunisie\/#\/schema\/logo\/image\/\"},\"sameAs\":[\"https:\/\/www.facebook.com\/KapitalisInfo\/\",\"https:\/\/x.com\/KapitalisInfo\",\"https:\/\/www.youtube.com\/channel\/UC-yDYrHyfFBWWZaOw3FPg9Q\"]},{\"@type\":\"Person\",\"@id\":\"https:\/\/kapitalis.com\/tunisie\/#\/schema\/person\/b35b8d631961131107263178aeb8019e\",\"name\":\"Cherif Benyounes\",\"url\":\"https:\/\/kapitalis.com\/tunisie\/author\/cherif\/\"}]}<\/script>\n<!-- \/ Yoast SEO plugin. -->","yoast_head_json":{"title":"Tunisie : Abdellatif Mekki lance son nouveau parti \u00abAmal wa enjaz\u00bb - Kapitalis","robots":{"index":"index","follow":"follow","max-snippet":"max-snippet:-1","max-image-preview":"max-image-preview:large","max-video-preview":"max-video-preview:-1"},"canonical":"https:\/\/kapitalis.com\/tunisie\/2022\/06\/28\/tunisie-abdellatif-mekki-lance-son-nouveau-parti-amal-wa-enjaz\/","og_locale":"fr_FR","og_type":"article","og_title":"Tunisie : Abdellatif Mekki lance son nouveau parti \u00abAmal wa enjaz\u00bb - Kapitalis","og_description":"L&rsquo;ancien dirigeant au sein du mouvement Ennahdha et ex-ministre de la Sant\u00e9 publique, Abdellatif Mekki, a annonc\u00e9, ce mardi 28 juin 2022, lors d&rsquo;une conf\u00e9rence de presse, le lancement d&rsquo;un nouveau parti politique, baptis\u00e9 \u00abAmal wa enjaz\u00bb (Travail et r\u00e9alisation), dont il sera le secr\u00e9taire g\u00e9n\u00e9ral.","og_url":"https:\/\/kapitalis.com\/tunisie\/2022\/06\/28\/tunisie-abdellatif-mekki-lance-son-nouveau-parti-amal-wa-enjaz\/","og_site_name":"Kapitalis","article_publisher":"https:\/\/www.facebook.com\/KapitalisInfo\/","article_published_time":"2022-06-28T12:44:26+00:00","article_modified_time":"2022-06-28T12:44:27+00:00","og_image":[{"width":1200,"height":630,"url":"https:\/\/kapitalis.com\/tunisie\/wp-content\/uploads\/2022\/06\/abellatif-mekki-amal-wa-enjez.jpg","type":"image\/jpeg"}],"author":"Cherif Benyounes","twitter_card":"summary_large_image","twitter_creator":"@KapitalisInfo","twitter_site":"@KapitalisInfo","twitter_misc":{"\u00c9crit par":"Cherif Benyounes","Dur\u00e9e de lecture estim\u00e9e":"1 minute"},"schema":{"@context":"https:\/\/schema.org","@graph":[{"@type":"Article","@id":"https:\/\/kapitalis.com\/tunisie\/2022\/06\/28\/tunisie-abdellatif-mekki-lance-son-nouveau-parti-amal-wa-enjaz\/#article","isPartOf":{"@id":"https:\/\/kapitalis.com\/tunisie\/2022\/06\/28\/tunisie-abdellatif-mekki-lance-son-nouveau-parti-amal-wa-enjaz\/"},"author":{"name":"Cherif Benyounes","@id":"https:\/\/kapitalis.com\/tunisie\/#\/schema\/person\/b35b8d631961131107263178aeb8019e"},"headline":"Tunisie : Abdellatif Mekki lance son nouveau parti \u00abAmal wa enjaz\u00bb","datePublished":"2022-06-28T12:44:26+00:00","dateModified":"2022-06-28T12:44:27+00:00","mainEntityOfPage":{"@id":"https:\/\/kapitalis.com\/tunisie\/2022\/06\/28\/tunisie-abdellatif-mekki-lance-son-nouveau-parti-amal-wa-enjaz\/"},"wordCount":184,"commentCount":4,"publisher":{"@id":"https:\/\/kapitalis.com\/tunisie\/#organization"},"image":{"@id":"https:\/\/kapitalis.com\/tunisie\/2022\/06\/28\/tunisie-abdellatif-mekki-lance-son-nouveau-parti-amal-wa-enjaz\/#primaryimage"},"thumbnailUrl":"https:\/\/kapitalis.com\/tunisie\/wp-content\/uploads\/2022\/06\/abellatif-mekki-amal-wa-enjez.jpg","keywords":["Abdellatif Mekki","Amal wa enjaz","Ennahdha","Jamila Ksiksi","Ka\u00efs Sa\u00efed","Moez Belhaj Rhouma","Rim Toumi","Zouba\u00efr Chehoudi"],"articleSection":["POLITIQUE","Tunisie"],"inLanguage":"fr-FR","potentialAction":[{"@type":"CommentAction","name":"Comment","target":["https:\/\/kapitalis.com\/tunisie\/2022\/06\/28\/tunisie-abdellatif-mekki-lance-son-nouveau-parti-amal-wa-enjaz\/#respond"]}]},{"@type":"WebPage","@id":"https:\/\/kapitalis.com\/tunisie\/2022\/06\/28\/tunisie-abdellatif-mekki-lance-son-nouveau-parti-amal-wa-enjaz\/","url":"https:\/\/kapitalis.com\/tunisie\/2022\/06\/28\/tunisie-abdellatif-mekki-lance-son-nouveau-parti-amal-wa-enjaz\/","name":"Tunisie : Abdellatif Mekki lance son nouveau parti \u00abAmal wa enjaz\u00bb - Kapitalis","isPartOf":{"@id":"https:\/\/kapitalis.com\/tunisie\/#website"},"primaryImageOfPage":{"@id":"https:\/\/kapitalis.com\/tunisie\/2022\/06\/28\/tunisie-abdellatif-mekki-lance-son-nouveau-parti-amal-wa-enjaz\/#primaryimage"},"image":{"@id":"https:\/\/kapitalis.com\/tunisie\/2022\/06\/28\/tunisie-abdellatif-mekki-lance-son-nouveau-parti-amal-wa-enjaz\/#primaryimage"},"thumbnailUrl":"https:\/\/kapitalis.com\/tunisie\/wp-content\/uploads\/2022\/06\/abellatif-mekki-amal-wa-enjez.jpg","datePublished":"2022-06-28T12:44:26+00:00","dateModified":"2022-06-28T12:44:27+00:00","breadcrumb":{"@id":"https:\/\/kapitalis.com\/tunisie\/2022\/06\/28\/tunisie-abdellatif-mekki-lance-son-nouveau-parti-amal-wa-enjaz\/#breadcrumb"},"inLanguage":"fr-FR","potentialAction":[{"@type":"ReadAction","target":["https:\/\/kapitalis.com\/tunisie\/2022\/06\/28\/tunisie-abdellatif-mekki-lance-son-nouveau-parti-amal-wa-enjaz\/"]}]},{"@type":"ImageObject","inLanguage":"fr-FR","@id":"https:\/\/kapitalis.com\/tunisie\/2022\/06\/28\/tunisie-abdellatif-mekki-lance-son-nouveau-parti-amal-wa-enjaz\/#primaryimage","url":"https:\/\/kapitalis.com\/tunisie\/wp-content\/uploads\/2022\/06\/abellatif-mekki-amal-wa-enjez.jpg","contentUrl":"https:\/\/kapitalis.com\/tunisie\/wp-content\/uploads\/2022\/06\/abellatif-mekki-amal-wa-enjez.jpg","width":1200,"height":630},{"@type":"BreadcrumbList","@id":"https:\/\/kapitalis.com\/tunisie\/2022\/06\/28\/tunisie-abdellatif-mekki-lance-son-nouveau-parti-amal-wa-enjaz\/#breadcrumb","itemListElement":[{"@type":"ListItem","position":1,"name":"Accueil","item":"https:\/\/kapitalis.com\/tunisie\/"},{"@type":"ListItem","position":2,"name":"Tunisie : Abdellatif Mekki lance son nouveau parti \u00abAmal wa enjaz\u00bb"}]},{"@type":"WebSite","@id":"https:\/\/kapitalis.com\/tunisie\/#website","url":"https:\/\/kapitalis.com\/tunisie\/","name":"Kapitalis","description":"L&#039;actualit\u00e9 en Tunisie et dans le monde","publisher":{"@id":"https:\/\/kapitalis.com\/tunisie\/#organization"},"potentialAction":[{"@type":"SearchAction","target":{"@type":"EntryPoint","urlTemplate":"https:\/\/kapitalis.com\/tunisie\/?s={search_term_string}"},"query-input":{"@type":"PropertyValueSpecification","valueRequired":true,"valueName":"search_term_string"}}],"inLanguage":"fr-FR"},{"@type":"Organization","@id":"https:\/\/kapitalis.com\/tunisie\/#organization","name":"Kapitalis","url":"https:\/\/kapitalis.com\/tunisie\/","logo":{"@type":"ImageObject","inLanguage":"fr-FR","@id":"https:\/\/kapitalis.com\/tunisie\/#\/schema\/logo\/image\/","url":"https:\/\/kapitalis.com\/tunisie\/wp-content\/uploads\/2022\/05\/Kapitalis-big-size.png","contentUrl":"https:\/\/kapitalis.com\/tunisie\/wp-content\/uploads\/2022\/05\/Kapitalis-big-size.png","width":5000,"height":1500,"caption":"Kapitalis"},"image":{"@id":"https:\/\/kapitalis.com\/tunisie\/#\/schema\/logo\/image\/"},"sameAs":["https:\/\/www.facebook.com\/KapitalisInfo\/","https:\/\/x.com\/KapitalisInfo","https:\/\/www.youtube.com\/channel\/UC-yDYrHyfFBWWZaOw3FPg9Q"]},{"@type":"Person","@id":"https:\/\/kapitalis.com\/tunisie\/#\/schema\/person\/b35b8d631961131107263178aeb8019e","name":"Cherif Benyounes","url":"https:\/\/kapitalis.com\/tunisie\/author\/cherif\/"}]}},"_links":{"self":[{"href":"https:\/\/kapitalis.com\/tunisie\/wp-json\/wp\/v2\/posts\/1820095","targetHints":{"allow":["GET"]}}],"collection":[{"href":"https:\/\/kapitalis.com\/tunisie\/wp-json\/wp\/v2\/posts"}],"about":[{"href":"https:\/\/kapitalis.com\/tunisie\/wp-json\/wp\/v2\/types\/post"}],"author":[{"embeddable":true,"href":"https:\/\/kapitalis.com\/tunisie\/wp-json\/wp\/v2\/users\/24"}],"replies":[{"embeddable":true,"href":"https:\/\/kapitalis.com\/tunisie\/wp-json\/wp\/v2\/comments?post=1820095"}],"version-history":[{"count":0,"href":"https:\/\/kapitalis.com\/tunisie\/wp-json\/wp\/v2\/posts\/1820095\/revisions"}],"wp:featuredmedia":[{"embeddable":true,"href":"https:\/\/kapitalis.com\/tunisie\/wp-json\/wp\/v2\/media\/1820677"}],"wp:attachment":[{"href":"https:\/\/kapitalis.com\/tunisie\/wp-json\/wp\/v2\/media?parent=1820095"}],"wp:term":[{"taxonomy":"category","embeddable":true,"href":"https:\/\/kapitalis.com\/tunisie\/wp-json\/wp\/v2\/categories?post=1820095"},{"taxonomy":"post_tag","embeddable":true,"href":"https:\/\/kapitalis.com\/tunisie\/wp-json\/wp\/v2\/tags?post=1820095"}],"curies":[{"name":"wp","href":"https:\/\/api.w.org\/{rel}","templated":true}]}}