{"id":182244,"date":"2018-11-05T13:52:30","date_gmt":"2018-11-05T12:52:30","guid":{"rendered":"http:\/\/kapitalis.com\/tunisie\/?p=182244"},"modified":"2018-11-05T13:52:30","modified_gmt":"2018-11-05T12:52:30","slug":"ligue-des-champions-le-carton-jaune-de-dhaouadi-et-kom-sera-t-il-annule","status":"publish","type":"post","link":"https:\/\/kapitalis.com\/tunisie\/2018\/11\/05\/ligue-des-champions-le-carton-jaune-de-dhaouadi-et-kom-sera-t-il-annule\/","title":{"rendered":"Ligue des Champions : Le carton jaune de Dhaouadi et Kom sera-t-il annul\u00e9 ?"},"content":{"rendered":"<p style=\"text-align: center;\"><img loading=\"lazy\" decoding=\"async\" class=\"alignnone size-full wp-image-182245\" src=\"http:\/\/kapitalis.com\/tunisie\/wp-content\/uploads\/2018\/11\/Franck-Kom-Chamseddine-Dhaouadi.jpg\" alt=\"\" width=\"626\" height=\"380\" \/><\/p>\n<p><em><strong>La F\u00e9d\u00e9ration tunisienne de football (FTF) a adress\u00e9 un recours demandant \u00e0 la Conf\u00e9d\u00e9ration africaine de football (CAF) d\u2019annuler les cartons jaunes inflig\u00e9s aux deux joueurs de l\u2019Esp\u00e9rance sportive de Tunis (EST), Chamseddine Dhaouadi et Frank Kom.<\/strong> <\/em><\/p>\n<p><!--more--><\/p>\n<p>Ces deux cartons suspensifs ont \u00e9t\u00e9 inflig\u00e9s aux deux joeurs lors de la premi\u00e8re manche de la finale de la Ligue des champions contre Al-Ahly, disput\u00e9e vendredi dernier, 2 novembre, au stade Borg Al Arab d\u2019Alexandrie, et qui \u00e9tait marqu\u00e9e par des erreurs d\u2019arbitrage frisant la mauvaise foi de l&rsquo;Alg\u00e9rien Mehdi Abid Charef.<\/p>\n<p>La r\u00e9ponse \u00e0 cette requ\u00eate est attendue aujourd\u2019hui, lundi 5 novembre. Selon Wadii Al Jari, pr\u00e9sident de la FTF, qui intervenait hier soir, dimanche 4 novembre, dans l\u2019\u00e9mission <em>\u2018\u2018Dimanche sport\u2019\u2019<\/em>, la CAF serait r\u00e9ceptive \u00e0 cette requ\u00eate. Elle pourrait r\u00e9habiliter Dhaouadi et Kom, qui pourraient donc jouer la finale-retour de la Ligue des champions contre Al Ahly, le vendredi 9 novembre, \u00e0 Rad\u00e8s, a-t-il ajout\u00e9, d\u2019autant que le second avertissement suspensif inflig\u00e9 aux deux joueurs est jug\u00e9 injustifi\u00e9 par l\u2019Esp\u00e9rance, qui va \u00eatre priv\u00e9e de deux \u00e9l\u00e9ments de valeur.<\/p>\n<p style=\"text-align: right;\"><strong>H. M.<\/strong><\/p>\n<blockquote class=\"wp-embedded-content\" data-secret=\"M1IluPNQJf\"><p><a href=\"https:\/\/kapitalis.com\/tunisie\/2018\/11\/05\/al-ahly-attendu-mardi-a-tunis-precede-dune-polemique-sur-un-match-vole\/\">Al-Ahly attendu mardi \u00e0 Tunis, pr\u00e9c\u00e9d\u00e9 d\u2019une pol\u00e9mique sur un match vol\u00e9<\/a><\/p><\/blockquote>\n<p><iframe loading=\"lazy\" class=\"wp-embedded-content\" sandbox=\"allow-scripts\" security=\"restricted\" style=\"position: absolute; clip: rect(1px, 1px, 1px, 1px);\" title=\"\u00ab\u00a0Al-Ahly attendu mardi \u00e0 Tunis, pr\u00e9c\u00e9d\u00e9 d\u2019une pol\u00e9mique sur un match vol\u00e9\u00a0\u00bb &#8212; Kapitalis\" src=\"https:\/\/kapitalis.com\/tunisie\/2018\/11\/05\/al-ahly-attendu-mardi-a-tunis-precede-dune-polemique-sur-un-match-vole\/embed\/#?secret=8U7UcTW1gQ#?secret=M1IluPNQJf\" data-secret=\"M1IluPNQJf\" width=\"600\" height=\"338\" frameborder=\"0\" marginwidth=\"0\" marginheight=\"0\" scrolling=\"no\"><\/iframe><\/p>\n<blockquote class=\"wp-embedded-content\" data-secret=\"NS969XaS05\"><p><a href=\"https:\/\/kapitalis.com\/tunisie\/2018\/11\/04\/la-caf-suspend-mehdi-abid-charef-larbitre-du-match-al-ahly-esperance\/\">La CAF suspend Mehdi Abid Charef, l\u2019arbitre du match Al-Ahly &#8211; Esp\u00e9rance<\/a><\/p><\/blockquote>\n<p><iframe loading=\"lazy\" class=\"wp-embedded-content\" sandbox=\"allow-scripts\" security=\"restricted\" style=\"position: absolute; clip: rect(1px, 1px, 1px, 1px);\" title=\"\u00ab\u00a0La CAF suspend Mehdi Abid Charef, l\u2019arbitre du match Al-Ahly &#8211; Esp\u00e9rance\u00a0\u00bb &#8212; Kapitalis\" src=\"https:\/\/kapitalis.com\/tunisie\/2018\/11\/04\/la-caf-suspend-mehdi-abid-charef-larbitre-du-match-al-ahly-esperance\/embed\/#?secret=1wQ1LwmMxE#?secret=NS969XaS05\" data-secret=\"NS969XaS05\" width=\"600\" height=\"338\" frameborder=\"0\" marginwidth=\"0\" marginheight=\"0\" scrolling=\"no\"><\/iframe><\/p>\n<blockquote class=\"wp-embedded-content\" data-secret=\"sLxctgfJCQ\"><p><a href=\"https:\/\/kapitalis.com\/tunisie\/2018\/11\/03\/al-ahly-esperance-de-tunis-le-hold-up-parfait-en-images-videos\/\">Al-Ahly &#8211; Esperance de Tunis: Le hold-up parfait en images (vid\u00e9os)<\/a><\/p><\/blockquote>\n<p><iframe loading=\"lazy\" class=\"wp-embedded-content\" sandbox=\"allow-scripts\" security=\"restricted\" style=\"position: absolute; clip: rect(1px, 1px, 1px, 1px);\" title=\"\u00ab\u00a0Al-Ahly &#8211; Esperance de Tunis: Le hold-up parfait en images (vid\u00e9os)\u00a0\u00bb &#8212; Kapitalis\" src=\"https:\/\/kapitalis.com\/tunisie\/2018\/11\/03\/al-ahly-esperance-de-tunis-le-hold-up-parfait-en-images-videos\/embed\/#?secret=dpbl7pc2ND#?secret=sLxctgfJCQ\" data-secret=\"sLxctgfJCQ\" width=\"600\" height=\"338\" frameborder=\"0\" marginwidth=\"0\" marginheight=\"0\" scrolling=\"no\"><\/iframe><\/p>\n","protected":false},"excerpt":{"rendered":"<p>La F\u00e9d\u00e9ration tunisienne de football (FTF) a adress\u00e9 un recours demandant \u00e0 la Conf\u00e9d\u00e9ration africaine de football (CAF) d\u2019annuler les cartons jaunes inflig\u00e9s aux deux joueurs de l\u2019Esp\u00e9rance sportive de Tunis (EST), Chamseddine Dhaouadi et Frank Kom.<\/p>\n","protected":false},"author":8,"featured_media":182245,"comment_status":"open","ping_status":"open","sticky":false,"template":"","format":"standard","meta":{"footnotes":""},"categories":[999,2433],"tags":[58,32007,9018,3261,376,4701,51864,35301],"class_list":["post-182244","post","type-post","status-publish","format-standard","has-post-thumbnail","hentry","category-sport","category-tunisie","tag-al-ahly","tag-chamseddine-dhaouadi","tag-confederation-africaine-de-football","tag-esperance-sportive-de-tunis","tag-federation-tunisienne-de-football","tag-franck-kom","tag-mehdi-abid-charef","tag-wadii-al-jari"],"yoast_head":"<!-- This site is optimized with the Yoast SEO plugin v26.6 - https:\/\/yoast.com\/wordpress\/plugins\/seo\/ -->\n<title>Ligue des Champions : Le carton jaune de Dhaouadi et Kom sera-t-il annul\u00e9 ? - Kapitalis<\/title>\n<meta name=\"robots\" content=\"index, follow, max-snippet:-1, max-image-preview:large, max-video-preview:-1\" \/>\n<link rel=\"canonical\" href=\"https:\/\/kapitalis.com\/tunisie\/2018\/11\/05\/ligue-des-champions-le-carton-jaune-de-dhaouadi-et-kom-sera-t-il-annule\/\" \/>\n<meta property=\"og:locale\" content=\"fr_FR\" \/>\n<meta property=\"og:type\" content=\"article\" \/>\n<meta property=\"og:title\" content=\"Ligue des Champions : Le carton jaune de Dhaouadi et Kom sera-t-il annul\u00e9 ? - Kapitalis\" \/>\n<meta property=\"og:description\" content=\"La F\u00e9d\u00e9ration tunisienne de football (FTF) a adress\u00e9 un recours demandant \u00e0 la Conf\u00e9d\u00e9ration africaine de football (CAF) d\u2019annuler les cartons jaunes inflig\u00e9s aux deux joueurs de l\u2019Esp\u00e9rance sportive de Tunis (EST), Chamseddine Dhaouadi et Frank Kom.\" \/>\n<meta property=\"og:url\" content=\"https:\/\/kapitalis.com\/tunisie\/2018\/11\/05\/ligue-des-champions-le-carton-jaune-de-dhaouadi-et-kom-sera-t-il-annule\/\" \/>\n<meta property=\"og:site_name\" content=\"Kapitalis\" \/>\n<meta property=\"article:publisher\" content=\"https:\/\/www.facebook.com\/KapitalisInfo\/\" \/>\n<meta property=\"article:published_time\" content=\"2018-11-05T12:52:30+00:00\" \/>\n<meta property=\"og:image\" content=\"https:\/\/kapitalis.com\/tunisie\/wp-content\/uploads\/2022\/05\/kapitalis-logo-fb.png\" \/>\n\t<meta property=\"og:image:width\" content=\"1200\" \/>\n\t<meta property=\"og:image:height\" content=\"630\" \/>\n\t<meta property=\"og:image:type\" content=\"image\/png\" \/>\n<meta name=\"author\" content=\"webmaster kapitalis\" \/>\n<meta name=\"twitter:card\" content=\"summary_large_image\" \/>\n<meta name=\"twitter:creator\" content=\"@KapitalisInfo\" \/>\n<meta name=\"twitter:site\" content=\"@KapitalisInfo\" \/>\n<meta name=\"twitter:label1\" content=\"\u00c9crit par\" \/>\n\t<meta name=\"twitter:data1\" content=\"webmaster kapitalis\" \/>\n\t<meta name=\"twitter:label2\" content=\"Dur\u00e9e de lecture estim\u00e9e\" \/>\n\t<meta name=\"twitter:data2\" content=\"1 minute\" \/>\n<script type=\"application\/ld+json\" class=\"yoast-schema-graph\">{\"@context\":\"https:\/\/schema.org\",\"@graph\":[{\"@type\":\"Article\",\"@id\":\"https:\/\/kapitalis.com\/tunisie\/2018\/11\/05\/ligue-des-champions-le-carton-jaune-de-dhaouadi-et-kom-sera-t-il-annule\/#article\",\"isPartOf\":{\"@id\":\"https:\/\/kapitalis.com\/tunisie\/2018\/11\/05\/ligue-des-champions-le-carton-jaune-de-dhaouadi-et-kom-sera-t-il-annule\/\"},\"author\":{\"name\":\"webmaster kapitalis\",\"@id\":\"https:\/\/kapitalis.com\/tunisie\/#\/schema\/person\/d71f33a9ca44f7bad4698210b480c8e9\"},\"headline\":\"Ligue des Champions : Le carton jaune de Dhaouadi et Kom sera-t-il annul\u00e9 ?\",\"datePublished\":\"2018-11-05T12:52:30+00:00\",\"mainEntityOfPage\":{\"@id\":\"https:\/\/kapitalis.com\/tunisie\/2018\/11\/05\/ligue-des-champions-le-carton-jaune-de-dhaouadi-et-kom-sera-t-il-annule\/\"},\"wordCount\":229,\"commentCount\":0,\"publisher\":{\"@id\":\"https:\/\/kapitalis.com\/tunisie\/#organization\"},\"image\":{\"@id\":\"https:\/\/kapitalis.com\/tunisie\/2018\/11\/05\/ligue-des-champions-le-carton-jaune-de-dhaouadi-et-kom-sera-t-il-annule\/#primaryimage\"},\"thumbnailUrl\":\"\",\"keywords\":[\"Al-Ahly\",\"Chamseddine Dhaouadi\",\"Conf\u00e9d\u00e9ration africaine de football\",\"Esp\u00e9rance sportive de Tunis\",\"F\u00e9d\u00e9ration tunisienne de football\",\"Franck Kom\",\"Mehdi Abid Charef\",\"Wadii Al-Jari\"],\"articleSection\":[\"SPORT\",\"Tunisie\"],\"inLanguage\":\"fr-FR\",\"potentialAction\":[{\"@type\":\"CommentAction\",\"name\":\"Comment\",\"target\":[\"https:\/\/kapitalis.com\/tunisie\/2018\/11\/05\/ligue-des-champions-le-carton-jaune-de-dhaouadi-et-kom-sera-t-il-annule\/#respond\"]}]},{\"@type\":\"WebPage\",\"@id\":\"https:\/\/kapitalis.com\/tunisie\/2018\/11\/05\/ligue-des-champions-le-carton-jaune-de-dhaouadi-et-kom-sera-t-il-annule\/\",\"url\":\"https:\/\/kapitalis.com\/tunisie\/2018\/11\/05\/ligue-des-champions-le-carton-jaune-de-dhaouadi-et-kom-sera-t-il-annule\/\",\"name\":\"Ligue des Champions : Le carton jaune de Dhaouadi et Kom sera-t-il annul\u00e9 ? - Kapitalis\",\"isPartOf\":{\"@id\":\"https:\/\/kapitalis.com\/tunisie\/#website\"},\"primaryImageOfPage\":{\"@id\":\"https:\/\/kapitalis.com\/tunisie\/2018\/11\/05\/ligue-des-champions-le-carton-jaune-de-dhaouadi-et-kom-sera-t-il-annule\/#primaryimage\"},\"image\":{\"@id\":\"https:\/\/kapitalis.com\/tunisie\/2018\/11\/05\/ligue-des-champions-le-carton-jaune-de-dhaouadi-et-kom-sera-t-il-annule\/#primaryimage\"},\"thumbnailUrl\":\"\",\"datePublished\":\"2018-11-05T12:52:30+00:00\",\"breadcrumb\":{\"@id\":\"https:\/\/kapitalis.com\/tunisie\/2018\/11\/05\/ligue-des-champions-le-carton-jaune-de-dhaouadi-et-kom-sera-t-il-annule\/#breadcrumb\"},\"inLanguage\":\"fr-FR\",\"potentialAction\":[{\"@type\":\"ReadAction\",\"target\":[\"https:\/\/kapitalis.com\/tunisie\/2018\/11\/05\/ligue-des-champions-le-carton-jaune-de-dhaouadi-et-kom-sera-t-il-annule\/\"]}]},{\"@type\":\"ImageObject\",\"inLanguage\":\"fr-FR\",\"@id\":\"https:\/\/kapitalis.com\/tunisie\/2018\/11\/05\/ligue-des-champions-le-carton-jaune-de-dhaouadi-et-kom-sera-t-il-annule\/#primaryimage\",\"url\":\"\",\"contentUrl\":\"\"},{\"@type\":\"BreadcrumbList\",\"@id\":\"https:\/\/kapitalis.com\/tunisie\/2018\/11\/05\/ligue-des-champions-le-carton-jaune-de-dhaouadi-et-kom-sera-t-il-annule\/#breadcrumb\",\"itemListElement\":[{\"@type\":\"ListItem\",\"position\":1,\"name\":\"Accueil\",\"item\":\"https:\/\/kapitalis.com\/tunisie\/\"},{\"@type\":\"ListItem\",\"position\":2,\"name\":\"Ligue des Champions : Le carton jaune de Dhaouadi et Kom sera-t-il annul\u00e9 ?\"}]},{\"@type\":\"WebSite\",\"@id\":\"https:\/\/kapitalis.com\/tunisie\/#website\",\"url\":\"https:\/\/kapitalis.com\/tunisie\/\",\"name\":\"Kapitalis\",\"description\":\"L&#039;actualit\u00e9 en Tunisie et dans le monde\",\"publisher\":{\"@id\":\"https:\/\/kapitalis.com\/tunisie\/#organization\"},\"potentialAction\":[{\"@type\":\"SearchAction\",\"target\":{\"@type\":\"EntryPoint\",\"urlTemplate\":\"https:\/\/kapitalis.com\/tunisie\/?s={search_term_string}\"},\"query-input\":{\"@type\":\"PropertyValueSpecification\",\"valueRequired\":true,\"valueName\":\"search_term_string\"}}],\"inLanguage\":\"fr-FR\"},{\"@type\":\"Organization\",\"@id\":\"https:\/\/kapitalis.com\/tunisie\/#organization\",\"name\":\"Kapitalis\",\"url\":\"https:\/\/kapitalis.com\/tunisie\/\",\"logo\":{\"@type\":\"ImageObject\",\"inLanguage\":\"fr-FR\",\"@id\":\"https:\/\/kapitalis.com\/tunisie\/#\/schema\/logo\/image\/\",\"url\":\"https:\/\/kapitalis.com\/tunisie\/wp-content\/uploads\/2022\/05\/Kapitalis-big-size.png\",\"contentUrl\":\"https:\/\/kapitalis.com\/tunisie\/wp-content\/uploads\/2022\/05\/Kapitalis-big-size.png\",\"width\":5000,\"height\":1500,\"caption\":\"Kapitalis\"},\"image\":{\"@id\":\"https:\/\/kapitalis.com\/tunisie\/#\/schema\/logo\/image\/\"},\"sameAs\":[\"https:\/\/www.facebook.com\/KapitalisInfo\/\",\"https:\/\/x.com\/KapitalisInfo\",\"https:\/\/www.youtube.com\/channel\/UC-yDYrHyfFBWWZaOw3FPg9Q\"]},{\"@type\":\"Person\",\"@id\":\"https:\/\/kapitalis.com\/tunisie\/#\/schema\/person\/d71f33a9ca44f7bad4698210b480c8e9\",\"name\":\"webmaster kapitalis\",\"url\":\"https:\/\/kapitalis.com\/tunisie\/author\/webmaster-kapitalis\/\"}]}<\/script>\n<!-- \/ Yoast SEO plugin. -->","yoast_head_json":{"title":"Ligue des Champions : Le carton jaune de Dhaouadi et Kom sera-t-il annul\u00e9 ? - Kapitalis","robots":{"index":"index","follow":"follow","max-snippet":"max-snippet:-1","max-image-preview":"max-image-preview:large","max-video-preview":"max-video-preview:-1"},"canonical":"https:\/\/kapitalis.com\/tunisie\/2018\/11\/05\/ligue-des-champions-le-carton-jaune-de-dhaouadi-et-kom-sera-t-il-annule\/","og_locale":"fr_FR","og_type":"article","og_title":"Ligue des Champions : Le carton jaune de Dhaouadi et Kom sera-t-il annul\u00e9 ? - Kapitalis","og_description":"La F\u00e9d\u00e9ration tunisienne de football (FTF) a adress\u00e9 un recours demandant \u00e0 la Conf\u00e9d\u00e9ration africaine de football (CAF) d\u2019annuler les cartons jaunes inflig\u00e9s aux deux joueurs de l\u2019Esp\u00e9rance sportive de Tunis (EST), Chamseddine Dhaouadi et Frank Kom.","og_url":"https:\/\/kapitalis.com\/tunisie\/2018\/11\/05\/ligue-des-champions-le-carton-jaune-de-dhaouadi-et-kom-sera-t-il-annule\/","og_site_name":"Kapitalis","article_publisher":"https:\/\/www.facebook.com\/KapitalisInfo\/","article_published_time":"2018-11-05T12:52:30+00:00","og_image":[{"width":1200,"height":630,"url":"https:\/\/kapitalis.com\/tunisie\/wp-content\/uploads\/2022\/05\/kapitalis-logo-fb.png","type":"image\/png"}],"author":"webmaster kapitalis","twitter_card":"summary_large_image","twitter_creator":"@KapitalisInfo","twitter_site":"@KapitalisInfo","twitter_misc":{"\u00c9crit par":"webmaster kapitalis","Dur\u00e9e de lecture estim\u00e9e":"1 minute"},"schema":{"@context":"https:\/\/schema.org","@graph":[{"@type":"Article","@id":"https:\/\/kapitalis.com\/tunisie\/2018\/11\/05\/ligue-des-champions-le-carton-jaune-de-dhaouadi-et-kom-sera-t-il-annule\/#article","isPartOf":{"@id":"https:\/\/kapitalis.com\/tunisie\/2018\/11\/05\/ligue-des-champions-le-carton-jaune-de-dhaouadi-et-kom-sera-t-il-annule\/"},"author":{"name":"webmaster kapitalis","@id":"https:\/\/kapitalis.com\/tunisie\/#\/schema\/person\/d71f33a9ca44f7bad4698210b480c8e9"},"headline":"Ligue des Champions : Le carton jaune de Dhaouadi et Kom sera-t-il annul\u00e9 ?","datePublished":"2018-11-05T12:52:30+00:00","mainEntityOfPage":{"@id":"https:\/\/kapitalis.com\/tunisie\/2018\/11\/05\/ligue-des-champions-le-carton-jaune-de-dhaouadi-et-kom-sera-t-il-annule\/"},"wordCount":229,"commentCount":0,"publisher":{"@id":"https:\/\/kapitalis.com\/tunisie\/#organization"},"image":{"@id":"https:\/\/kapitalis.com\/tunisie\/2018\/11\/05\/ligue-des-champions-le-carton-jaune-de-dhaouadi-et-kom-sera-t-il-annule\/#primaryimage"},"thumbnailUrl":"","keywords":["Al-Ahly","Chamseddine Dhaouadi","Conf\u00e9d\u00e9ration africaine de football","Esp\u00e9rance sportive de Tunis","F\u00e9d\u00e9ration tunisienne de football","Franck Kom","Mehdi Abid Charef","Wadii Al-Jari"],"articleSection":["SPORT","Tunisie"],"inLanguage":"fr-FR","potentialAction":[{"@type":"CommentAction","name":"Comment","target":["https:\/\/kapitalis.com\/tunisie\/2018\/11\/05\/ligue-des-champions-le-carton-jaune-de-dhaouadi-et-kom-sera-t-il-annule\/#respond"]}]},{"@type":"WebPage","@id":"https:\/\/kapitalis.com\/tunisie\/2018\/11\/05\/ligue-des-champions-le-carton-jaune-de-dhaouadi-et-kom-sera-t-il-annule\/","url":"https:\/\/kapitalis.com\/tunisie\/2018\/11\/05\/ligue-des-champions-le-carton-jaune-de-dhaouadi-et-kom-sera-t-il-annule\/","name":"Ligue des Champions : Le carton jaune de Dhaouadi et Kom sera-t-il annul\u00e9 ? - Kapitalis","isPartOf":{"@id":"https:\/\/kapitalis.com\/tunisie\/#website"},"primaryImageOfPage":{"@id":"https:\/\/kapitalis.com\/tunisie\/2018\/11\/05\/ligue-des-champions-le-carton-jaune-de-dhaouadi-et-kom-sera-t-il-annule\/#primaryimage"},"image":{"@id":"https:\/\/kapitalis.com\/tunisie\/2018\/11\/05\/ligue-des-champions-le-carton-jaune-de-dhaouadi-et-kom-sera-t-il-annule\/#primaryimage"},"thumbnailUrl":"","datePublished":"2018-11-05T12:52:30+00:00","breadcrumb":{"@id":"https:\/\/kapitalis.com\/tunisie\/2018\/11\/05\/ligue-des-champions-le-carton-jaune-de-dhaouadi-et-kom-sera-t-il-annule\/#breadcrumb"},"inLanguage":"fr-FR","potentialAction":[{"@type":"ReadAction","target":["https:\/\/kapitalis.com\/tunisie\/2018\/11\/05\/ligue-des-champions-le-carton-jaune-de-dhaouadi-et-kom-sera-t-il-annule\/"]}]},{"@type":"ImageObject","inLanguage":"fr-FR","@id":"https:\/\/kapitalis.com\/tunisie\/2018\/11\/05\/ligue-des-champions-le-carton-jaune-de-dhaouadi-et-kom-sera-t-il-annule\/#primaryimage","url":"","contentUrl":""},{"@type":"BreadcrumbList","@id":"https:\/\/kapitalis.com\/tunisie\/2018\/11\/05\/ligue-des-champions-le-carton-jaune-de-dhaouadi-et-kom-sera-t-il-annule\/#breadcrumb","itemListElement":[{"@type":"ListItem","position":1,"name":"Accueil","item":"https:\/\/kapitalis.com\/tunisie\/"},{"@type":"ListItem","position":2,"name":"Ligue des Champions : Le carton jaune de Dhaouadi et Kom sera-t-il annul\u00e9 ?"}]},{"@type":"WebSite","@id":"https:\/\/kapitalis.com\/tunisie\/#website","url":"https:\/\/kapitalis.com\/tunisie\/","name":"Kapitalis","description":"L&#039;actualit\u00e9 en Tunisie et dans le monde","publisher":{"@id":"https:\/\/kapitalis.com\/tunisie\/#organization"},"potentialAction":[{"@type":"SearchAction","target":{"@type":"EntryPoint","urlTemplate":"https:\/\/kapitalis.com\/tunisie\/?s={search_term_string}"},"query-input":{"@type":"PropertyValueSpecification","valueRequired":true,"valueName":"search_term_string"}}],"inLanguage":"fr-FR"},{"@type":"Organization","@id":"https:\/\/kapitalis.com\/tunisie\/#organization","name":"Kapitalis","url":"https:\/\/kapitalis.com\/tunisie\/","logo":{"@type":"ImageObject","inLanguage":"fr-FR","@id":"https:\/\/kapitalis.com\/tunisie\/#\/schema\/logo\/image\/","url":"https:\/\/kapitalis.com\/tunisie\/wp-content\/uploads\/2022\/05\/Kapitalis-big-size.png","contentUrl":"https:\/\/kapitalis.com\/tunisie\/wp-content\/uploads\/2022\/05\/Kapitalis-big-size.png","width":5000,"height":1500,"caption":"Kapitalis"},"image":{"@id":"https:\/\/kapitalis.com\/tunisie\/#\/schema\/logo\/image\/"},"sameAs":["https:\/\/www.facebook.com\/KapitalisInfo\/","https:\/\/x.com\/KapitalisInfo","https:\/\/www.youtube.com\/channel\/UC-yDYrHyfFBWWZaOw3FPg9Q"]},{"@type":"Person","@id":"https:\/\/kapitalis.com\/tunisie\/#\/schema\/person\/d71f33a9ca44f7bad4698210b480c8e9","name":"webmaster kapitalis","url":"https:\/\/kapitalis.com\/tunisie\/author\/webmaster-kapitalis\/"}]}},"_links":{"self":[{"href":"https:\/\/kapitalis.com\/tunisie\/wp-json\/wp\/v2\/posts\/182244","targetHints":{"allow":["GET"]}}],"collection":[{"href":"https:\/\/kapitalis.com\/tunisie\/wp-json\/wp\/v2\/posts"}],"about":[{"href":"https:\/\/kapitalis.com\/tunisie\/wp-json\/wp\/v2\/types\/post"}],"author":[{"embeddable":true,"href":"https:\/\/kapitalis.com\/tunisie\/wp-json\/wp\/v2\/users\/8"}],"replies":[{"embeddable":true,"href":"https:\/\/kapitalis.com\/tunisie\/wp-json\/wp\/v2\/comments?post=182244"}],"version-history":[{"count":0,"href":"https:\/\/kapitalis.com\/tunisie\/wp-json\/wp\/v2\/posts\/182244\/revisions"}],"wp:featuredmedia":[{"embeddable":true,"href":"https:\/\/kapitalis.com\/tunisie\/wp-json\/wp\/v2\/media\/182245"}],"wp:attachment":[{"href":"https:\/\/kapitalis.com\/tunisie\/wp-json\/wp\/v2\/media?parent=182244"}],"wp:term":[{"taxonomy":"category","embeddable":true,"href":"https:\/\/kapitalis.com\/tunisie\/wp-json\/wp\/v2\/categories?post=182244"},{"taxonomy":"post_tag","embeddable":true,"href":"https:\/\/kapitalis.com\/tunisie\/wp-json\/wp\/v2\/tags?post=182244"}],"curies":[{"name":"wp","href":"https:\/\/api.w.org\/{rel}","templated":true}]}}