{"id":182349,"date":"2018-11-06T09:24:35","date_gmt":"2018-11-06T08:24:35","guid":{"rendered":"http:\/\/kapitalis.com\/tunisie\/?p=182349"},"modified":"2018-11-06T09:28:09","modified_gmt":"2018-11-06T08:28:09","slug":"gouvernement-chahed-iii-les-reactions-des-mauvais-perdants","status":"publish","type":"post","link":"https:\/\/kapitalis.com\/tunisie\/2018\/11\/06\/gouvernement-chahed-iii-les-reactions-des-mauvais-perdants\/","title":{"rendered":"Gouvernement Chahed III : Les r\u00e9actions des mauvais perdants"},"content":{"rendered":"<p style=\"text-align: center;\"><img loading=\"lazy\" decoding=\"async\" class=\"alignnone size-full wp-image-182353\" src=\"http:\/\/kapitalis.com\/tunisie\/wp-content\/uploads\/2018\/11\/Ben-Ticha_Ca\u00efd-Essebsi_Taboubi.jpg\" alt=\"\" width=\"626\" height=\"380\" \/><\/p>\n<p style=\"text-align: center;\"><em>Noureddine Ben Ticha\/Hafedh Ca\u00efd Essebsi\/Noureddine Taboubi.<\/em><\/p>\n<p><em><strong>R\u00e9agissant au remaniement minist\u00e9riel annonc\u00e9 hier soir, lundi 5 novembre 2018, certains dirigeants politiques ont qualifi\u00e9 le gouvernement Chahed III de nahdhaoui, comme si tous les pr\u00e9c\u00e9dents gouvernement ne comptaient pas des ministres issus du parti islamiste.\u00a0<\/strong><\/em><!--more--><\/p>\n<p>C&rsquo;est le cas de <a href=\"http:\/\/kapitalis.com\/tunisie\/2018\/11\/03\/caid-essebsi-ghannouchi-composera-le-prochain-gouvernement\/\" target=\"_blank\" rel=\"noopener\">Hafedh Ca\u00efd Essebsi,<\/a> directeur du comit\u00e9 politique de Nidaa Tounes, qui a estim\u00e9, dans un post publi\u00e9 sur son compte Facebook hier soir, que le nouveau gouvernement Youssef Chahed est sans distinction nahdhaoui. Il faut dire\u00a0que les dirigeants de Nidaa, hier encore alli\u00e9s d&rsquo;Ennahdha, ont demand\u00e9 \u00e0 M. Chahed de chasser tous les islamistes de son gouvernement!<\/p>\n<p>Mongi Harbaoui, d\u00e9put\u00e9 et pr\u00e9sident de la commission de l&rsquo;information de Nidaa Tounes, a, de son c\u00f4t\u00e9, indiqu\u00e9, dans une d\u00e9claration au journal en langue arabe \u00ab\u00a0<a href=\"https:\/\/www.hakaekonline.com\/article\/96999\/%D9%86%D8%AF%D8%A7%D8%A1-%D8%AA%D9%88%D9%86%D8%B3-%D8%A7%D9%84%D8%AA%D8%AD%D9%88%D9%8A%D8%B1-%D8%A7%D9%84%D8%B0%D9%8A-%D8%A3%D8%B9%D9%84%D9%86-%D8%B9%D9%86%D9%87-%D8%A7%D9%84%D8%B4%D8%A7%D9%87%D8%AF-%D8%A7%D9%86%D9%82%D9%84%D8%A7%D8%A8-%D8%B9%D9%84%D9%89-%D8%A7%D9%84%D9%85%D8%B3%D8%A7%D8%B1-%D8%A7%D9%84%D8%AF%D9%8A%D9%85%D9%82%D8%B1%D8%A7%D8%B7%D9%8A-%D9%88%D8%A7%D8%B3%D8%AA%D9%82%D9%88%D8%A7%D8%A1-%D8%B9%D9%84%D9%89-%D8%B1%D8%A6%D9%8A%D8%B3-%D8%A7%D9%84%D8%AC%D9%85%D9%87%D9%88%D8%B1%D9%8A%D8%A9\" target=\"_blank\" rel=\"noopener\"><em>Hakaek Online<\/em><\/a>\u00ab\u00a0, que le chef du gouvernement n&rsquo;a pas consult\u00e9 les dirigeants de son parti pour effectuer ce remaniement minist\u00e9riel. Ce gouvernement ne concerne pas le parti ni de pr\u00e8s ni de loin, a-t-il ajout\u00e9.<\/p>\n<p>Le parti de Hafedh Ca\u00efd Essebsi\u00a0qui avait demand\u00e9 aux ministres issus de ses rangs de d\u00e9missionner pour tenter de faire tomber le gouvernement Chahed aurait d\u00fb avoir la d\u00e9cence de ne pas demander \u00e0 ce dernier de\u00a0le consulter avant de proc\u00e9der \u00e0 un nouveau remaniement minist\u00e9riel : les Nida\u00efstes veulent \u00eatre dans le gouvernement et dans l&rsquo;opposition. Cela s&rsquo;appelle schizophr\u00e9nie et, malheureusement, \u00e7a ne se soigne pas.<\/p>\n<p>Noureddine Ben Ticha, conseiller politique \u00e0 la pr\u00e9sidence de la r\u00e9publique (et on comprend beaucoup mieux aujourd&rsquo;hui pourquoi le pr\u00e9sident fait-il si mal les choses), a estim\u00e9, lui aussi, sans surprise, que le gouvernement Chahed III est nahdhaoui par excellence et en totale contradiction avec les r\u00e9sultats obtenus lors des \u00e9lections de 2014.<\/p>\n<p>\u00ab<em>Durant les pr\u00e9c\u00e9dents gouvernements, MM. Essid et Chahed consultaient toujours le pr\u00e9sident de la r\u00e9publique avant d&rsquo;annoncer un remaniement minist\u00e9riel. Or, cette fois, M. Chahed ne l&rsquo;a pas fait. Ce gouvernement a \u00e9t\u00e9 mis en place par le mouvement Ennahdha en choisissant Youssef Chahed comme chef de ce gouvernement<\/em>\u00bb, a-t-il d\u00e9clar\u00e9 sur Mosa\u00efque FM, oubliant que c&rsquo;est M. Ca\u00efd Essebsi qui a fait entrer Ennahdha au gouvernement d\u00e8s que Nidaa Tounes a eu le pouvoir en&#8230; janvier 2015.<\/p>\n<p>En d&rsquo;autres termes, M. Chahed n&rsquo;a pas amen\u00e9 Ennahdha \u00e0 la Kasbah, il l&rsquo;y a trouv\u00e9 quand il y est arriv\u00e9 lui-m\u00eame en ao\u00fbt 2016. Mais cela, M. Ben Ticha feint de l&rsquo;oublier. Les Tunisiens ne sont pas aussi amn\u00e9siques et dupes qu&rsquo;il le croit.<\/p>\n<p>Noureddine Taboubi, secr\u00e9taire g\u00e9n\u00e9ral de l&rsquo;Union g\u00e9n\u00e9rale tunisienne du travail (UGTT), a indiqu\u00e9, lui aussi, que M. Chahed n&rsquo;a pas consult\u00e9 la centrale syndicale avant d&rsquo;effectuer un changement dans son gouvernement, ajoutant :\u00a0\u00ab<em>Comme tous les Tunisiens, j&rsquo;ai appris la composition de ce nouveau gouvernement \u00e0 la t\u00e9l\u00e9vision. Honn\u00eatement, la Tunisie ne m\u00e9rite pas ce qui lui arrive. Elle m\u00e9rite mieux. L\u2019ent\u00eatement dans de pareils cas va approfondir la crise\u00bb.<\/em><\/p>\n<p>En effet, la Tunisie m\u00e9rite mieux\u00a0qu&rsquo;un secr\u00e9taire g\u00e9n\u00e9ral d&rsquo;une centrale syndicale\u00a0qui croit \u00eatre en droit de dicter au chef du gouvernement les noms de ses ministres. Il ne resterait plus\u00a0que cela&#8230;<\/p>\n<p style=\"text-align: right;\"><strong>E. B. A.<\/strong><\/p>\n<blockquote class=\"wp-embedded-content\" data-secret=\"nrGpHYUNkN\"><p><a href=\"https:\/\/kapitalis.com\/tunisie\/2018\/11\/05\/caid-essebsi-rejette-le-remaniement-ministeriel-propose-par-chahed\/\">Ca\u00efd Essebsi rejette le remaniement minist\u00e9riel propos\u00e9 par Chahed<\/a><\/p><\/blockquote>\n<p><iframe loading=\"lazy\" class=\"wp-embedded-content\" sandbox=\"allow-scripts\" security=\"restricted\" style=\"position: absolute; clip: rect(1px, 1px, 1px, 1px);\" title=\"\u00ab\u00a0Ca\u00efd Essebsi rejette le remaniement minist\u00e9riel propos\u00e9 par Chahed\u00a0\u00bb &#8212; Kapitalis\" src=\"https:\/\/kapitalis.com\/tunisie\/2018\/11\/05\/caid-essebsi-rejette-le-remaniement-ministeriel-propose-par-chahed\/embed\/#?secret=W6cRo3zVbV#?secret=nrGpHYUNkN\" data-secret=\"nrGpHYUNkN\" width=\"600\" height=\"338\" frameborder=\"0\" marginwidth=\"0\" marginheight=\"0\" scrolling=\"no\"><\/iframe><\/p>\n<blockquote class=\"wp-embedded-content\" data-secret=\"Euk0ZDt3fl\"><p><a href=\"https:\/\/kapitalis.com\/tunisie\/2018\/11\/05\/remaniement-liste-des-nouveaux-membres-du-gouvernement-chahed-2\/\">Remaniement : Liste des nouveaux membres du gouvernement Chahed<\/a><\/p><\/blockquote>\n<p><iframe loading=\"lazy\" class=\"wp-embedded-content\" sandbox=\"allow-scripts\" security=\"restricted\" style=\"position: absolute; clip: rect(1px, 1px, 1px, 1px);\" title=\"\u00ab\u00a0Remaniement : Liste des nouveaux membres du gouvernement Chahed\u00a0\u00bb &#8212; Kapitalis\" src=\"https:\/\/kapitalis.com\/tunisie\/2018\/11\/05\/remaniement-liste-des-nouveaux-membres-du-gouvernement-chahed-2\/embed\/#?secret=4CDSA40gtk#?secret=Euk0ZDt3fl\" data-secret=\"Euk0ZDt3fl\" width=\"600\" height=\"338\" frameborder=\"0\" marginwidth=\"0\" marginheight=\"0\" scrolling=\"no\"><\/iframe><\/p>\n","protected":false},"excerpt":{"rendered":"<p>Noureddine Ben Ticha\/Hafedh Ca\u00efd Essebsi\/Noureddine Taboubi. R\u00e9agissant au remaniement minist\u00e9riel annonc\u00e9 hier soir, lundi 5 novembre 2018, certains dirigeants politiques ont qualifi\u00e9 le gouvernement Chahed III de nahdhaoui, comme si tous les pr\u00e9c\u00e9dents gouvernement ne comptaient pas des ministres issus du parti islamiste.\u00a0<\/p>\n","protected":false},"author":16,"featured_media":182353,"comment_status":"open","ping_status":"open","sticky":false,"template":"","format":"standard","meta":{"footnotes":""},"categories":[997,2433],"tags":[13659,49571,2922],"class_list":["post-182349","post","type-post","status-publish","format-standard","has-post-thumbnail","hentry","category-politique","category-tunisie","tag-mongi-harbaoui","tag-nidaa-tounes","tag-noureddine-ben-ticha"],"yoast_head":"<!-- This site is optimized with the Yoast SEO plugin v26.6 - https:\/\/yoast.com\/wordpress\/plugins\/seo\/ -->\n<title>Gouvernement Chahed III : Les r\u00e9actions des mauvais perdants - Kapitalis<\/title>\n<meta name=\"robots\" content=\"index, follow, max-snippet:-1, max-image-preview:large, max-video-preview:-1\" \/>\n<link rel=\"canonical\" href=\"https:\/\/kapitalis.com\/tunisie\/2018\/11\/06\/gouvernement-chahed-iii-les-reactions-des-mauvais-perdants\/\" \/>\n<meta property=\"og:locale\" content=\"fr_FR\" \/>\n<meta property=\"og:type\" content=\"article\" \/>\n<meta property=\"og:title\" content=\"Gouvernement Chahed III : Les r\u00e9actions des mauvais perdants - Kapitalis\" \/>\n<meta property=\"og:description\" content=\"Noureddine Ben Ticha\/Hafedh Ca\u00efd Essebsi\/Noureddine Taboubi. R\u00e9agissant au remaniement minist\u00e9riel annonc\u00e9 hier soir, lundi 5 novembre 2018, certains dirigeants politiques ont qualifi\u00e9 le gouvernement Chahed III de nahdhaoui, comme si tous les pr\u00e9c\u00e9dents gouvernement ne comptaient pas des ministres issus du parti islamiste.\u00a0\" \/>\n<meta property=\"og:url\" content=\"https:\/\/kapitalis.com\/tunisie\/2018\/11\/06\/gouvernement-chahed-iii-les-reactions-des-mauvais-perdants\/\" \/>\n<meta property=\"og:site_name\" content=\"Kapitalis\" \/>\n<meta property=\"article:publisher\" content=\"https:\/\/www.facebook.com\/KapitalisInfo\/\" \/>\n<meta property=\"article:published_time\" content=\"2018-11-06T08:24:35+00:00\" \/>\n<meta property=\"article:modified_time\" content=\"2018-11-06T08:28:09+00:00\" \/>\n<meta property=\"og:image\" content=\"https:\/\/kapitalis.com\/tunisie\/wp-content\/uploads\/2022\/05\/kapitalis-logo-fb.png\" \/>\n\t<meta property=\"og:image:width\" content=\"1200\" \/>\n\t<meta property=\"og:image:height\" content=\"630\" \/>\n\t<meta property=\"og:image:type\" content=\"image\/png\" \/>\n<meta name=\"author\" content=\"emna benabdallah\" \/>\n<meta name=\"twitter:card\" content=\"summary_large_image\" \/>\n<meta name=\"twitter:creator\" content=\"@KapitalisInfo\" \/>\n<meta name=\"twitter:site\" content=\"@KapitalisInfo\" \/>\n<meta name=\"twitter:label1\" content=\"\u00c9crit par\" \/>\n\t<meta name=\"twitter:data1\" content=\"emna benabdallah\" \/>\n\t<meta name=\"twitter:label2\" content=\"Dur\u00e9e de lecture estim\u00e9e\" \/>\n\t<meta name=\"twitter:data2\" content=\"3 minutes\" \/>\n<script type=\"application\/ld+json\" class=\"yoast-schema-graph\">{\"@context\":\"https:\/\/schema.org\",\"@graph\":[{\"@type\":\"Article\",\"@id\":\"https:\/\/kapitalis.com\/tunisie\/2018\/11\/06\/gouvernement-chahed-iii-les-reactions-des-mauvais-perdants\/#article\",\"isPartOf\":{\"@id\":\"https:\/\/kapitalis.com\/tunisie\/2018\/11\/06\/gouvernement-chahed-iii-les-reactions-des-mauvais-perdants\/\"},\"author\":{\"name\":\"emna benabdallah\",\"@id\":\"https:\/\/kapitalis.com\/tunisie\/#\/schema\/person\/2c6e134b2f3369dffcd1daf5f087d28b\"},\"headline\":\"Gouvernement Chahed III : Les r\u00e9actions des mauvais perdants\",\"datePublished\":\"2018-11-06T08:24:35+00:00\",\"dateModified\":\"2018-11-06T08:28:09+00:00\",\"mainEntityOfPage\":{\"@id\":\"https:\/\/kapitalis.com\/tunisie\/2018\/11\/06\/gouvernement-chahed-iii-les-reactions-des-mauvais-perdants\/\"},\"wordCount\":578,\"commentCount\":4,\"publisher\":{\"@id\":\"https:\/\/kapitalis.com\/tunisie\/#organization\"},\"image\":{\"@id\":\"https:\/\/kapitalis.com\/tunisie\/2018\/11\/06\/gouvernement-chahed-iii-les-reactions-des-mauvais-perdants\/#primaryimage\"},\"thumbnailUrl\":\"\",\"keywords\":[\"Mongi Harbaoui\",\"Nidaa Tounes\",\"Noureddine Ben Ticha\"],\"articleSection\":[\"POLITIQUE\",\"Tunisie\"],\"inLanguage\":\"fr-FR\",\"potentialAction\":[{\"@type\":\"CommentAction\",\"name\":\"Comment\",\"target\":[\"https:\/\/kapitalis.com\/tunisie\/2018\/11\/06\/gouvernement-chahed-iii-les-reactions-des-mauvais-perdants\/#respond\"]}]},{\"@type\":\"WebPage\",\"@id\":\"https:\/\/kapitalis.com\/tunisie\/2018\/11\/06\/gouvernement-chahed-iii-les-reactions-des-mauvais-perdants\/\",\"url\":\"https:\/\/kapitalis.com\/tunisie\/2018\/11\/06\/gouvernement-chahed-iii-les-reactions-des-mauvais-perdants\/\",\"name\":\"Gouvernement Chahed III : Les r\u00e9actions des mauvais perdants - Kapitalis\",\"isPartOf\":{\"@id\":\"https:\/\/kapitalis.com\/tunisie\/#website\"},\"primaryImageOfPage\":{\"@id\":\"https:\/\/kapitalis.com\/tunisie\/2018\/11\/06\/gouvernement-chahed-iii-les-reactions-des-mauvais-perdants\/#primaryimage\"},\"image\":{\"@id\":\"https:\/\/kapitalis.com\/tunisie\/2018\/11\/06\/gouvernement-chahed-iii-les-reactions-des-mauvais-perdants\/#primaryimage\"},\"thumbnailUrl\":\"\",\"datePublished\":\"2018-11-06T08:24:35+00:00\",\"dateModified\":\"2018-11-06T08:28:09+00:00\",\"breadcrumb\":{\"@id\":\"https:\/\/kapitalis.com\/tunisie\/2018\/11\/06\/gouvernement-chahed-iii-les-reactions-des-mauvais-perdants\/#breadcrumb\"},\"inLanguage\":\"fr-FR\",\"potentialAction\":[{\"@type\":\"ReadAction\",\"target\":[\"https:\/\/kapitalis.com\/tunisie\/2018\/11\/06\/gouvernement-chahed-iii-les-reactions-des-mauvais-perdants\/\"]}]},{\"@type\":\"ImageObject\",\"inLanguage\":\"fr-FR\",\"@id\":\"https:\/\/kapitalis.com\/tunisie\/2018\/11\/06\/gouvernement-chahed-iii-les-reactions-des-mauvais-perdants\/#primaryimage\",\"url\":\"\",\"contentUrl\":\"\"},{\"@type\":\"BreadcrumbList\",\"@id\":\"https:\/\/kapitalis.com\/tunisie\/2018\/11\/06\/gouvernement-chahed-iii-les-reactions-des-mauvais-perdants\/#breadcrumb\",\"itemListElement\":[{\"@type\":\"ListItem\",\"position\":1,\"name\":\"Accueil\",\"item\":\"https:\/\/kapitalis.com\/tunisie\/\"},{\"@type\":\"ListItem\",\"position\":2,\"name\":\"Gouvernement Chahed III : Les r\u00e9actions des mauvais perdants\"}]},{\"@type\":\"WebSite\",\"@id\":\"https:\/\/kapitalis.com\/tunisie\/#website\",\"url\":\"https:\/\/kapitalis.com\/tunisie\/\",\"name\":\"Kapitalis\",\"description\":\"L&#039;actualit\u00e9 en Tunisie et dans le monde\",\"publisher\":{\"@id\":\"https:\/\/kapitalis.com\/tunisie\/#organization\"},\"potentialAction\":[{\"@type\":\"SearchAction\",\"target\":{\"@type\":\"EntryPoint\",\"urlTemplate\":\"https:\/\/kapitalis.com\/tunisie\/?s={search_term_string}\"},\"query-input\":{\"@type\":\"PropertyValueSpecification\",\"valueRequired\":true,\"valueName\":\"search_term_string\"}}],\"inLanguage\":\"fr-FR\"},{\"@type\":\"Organization\",\"@id\":\"https:\/\/kapitalis.com\/tunisie\/#organization\",\"name\":\"Kapitalis\",\"url\":\"https:\/\/kapitalis.com\/tunisie\/\",\"logo\":{\"@type\":\"ImageObject\",\"inLanguage\":\"fr-FR\",\"@id\":\"https:\/\/kapitalis.com\/tunisie\/#\/schema\/logo\/image\/\",\"url\":\"https:\/\/kapitalis.com\/tunisie\/wp-content\/uploads\/2022\/05\/Kapitalis-big-size.png\",\"contentUrl\":\"https:\/\/kapitalis.com\/tunisie\/wp-content\/uploads\/2022\/05\/Kapitalis-big-size.png\",\"width\":5000,\"height\":1500,\"caption\":\"Kapitalis\"},\"image\":{\"@id\":\"https:\/\/kapitalis.com\/tunisie\/#\/schema\/logo\/image\/\"},\"sameAs\":[\"https:\/\/www.facebook.com\/KapitalisInfo\/\",\"https:\/\/x.com\/KapitalisInfo\",\"https:\/\/www.youtube.com\/channel\/UC-yDYrHyfFBWWZaOw3FPg9Q\"]},{\"@type\":\"Person\",\"@id\":\"https:\/\/kapitalis.com\/tunisie\/#\/schema\/person\/2c6e134b2f3369dffcd1daf5f087d28b\",\"name\":\"emna benabdallah\",\"url\":\"https:\/\/kapitalis.com\/tunisie\/author\/emna\/\"}]}<\/script>\n<!-- \/ Yoast SEO plugin. -->","yoast_head_json":{"title":"Gouvernement Chahed III : Les r\u00e9actions des mauvais perdants - Kapitalis","robots":{"index":"index","follow":"follow","max-snippet":"max-snippet:-1","max-image-preview":"max-image-preview:large","max-video-preview":"max-video-preview:-1"},"canonical":"https:\/\/kapitalis.com\/tunisie\/2018\/11\/06\/gouvernement-chahed-iii-les-reactions-des-mauvais-perdants\/","og_locale":"fr_FR","og_type":"article","og_title":"Gouvernement Chahed III : Les r\u00e9actions des mauvais perdants - Kapitalis","og_description":"Noureddine Ben Ticha\/Hafedh Ca\u00efd Essebsi\/Noureddine Taboubi. R\u00e9agissant au remaniement minist\u00e9riel annonc\u00e9 hier soir, lundi 5 novembre 2018, certains dirigeants politiques ont qualifi\u00e9 le gouvernement Chahed III de nahdhaoui, comme si tous les pr\u00e9c\u00e9dents gouvernement ne comptaient pas des ministres issus du parti islamiste.\u00a0","og_url":"https:\/\/kapitalis.com\/tunisie\/2018\/11\/06\/gouvernement-chahed-iii-les-reactions-des-mauvais-perdants\/","og_site_name":"Kapitalis","article_publisher":"https:\/\/www.facebook.com\/KapitalisInfo\/","article_published_time":"2018-11-06T08:24:35+00:00","article_modified_time":"2018-11-06T08:28:09+00:00","og_image":[{"width":1200,"height":630,"url":"https:\/\/kapitalis.com\/tunisie\/wp-content\/uploads\/2022\/05\/kapitalis-logo-fb.png","type":"image\/png"}],"author":"emna benabdallah","twitter_card":"summary_large_image","twitter_creator":"@KapitalisInfo","twitter_site":"@KapitalisInfo","twitter_misc":{"\u00c9crit par":"emna benabdallah","Dur\u00e9e de lecture estim\u00e9e":"3 minutes"},"schema":{"@context":"https:\/\/schema.org","@graph":[{"@type":"Article","@id":"https:\/\/kapitalis.com\/tunisie\/2018\/11\/06\/gouvernement-chahed-iii-les-reactions-des-mauvais-perdants\/#article","isPartOf":{"@id":"https:\/\/kapitalis.com\/tunisie\/2018\/11\/06\/gouvernement-chahed-iii-les-reactions-des-mauvais-perdants\/"},"author":{"name":"emna benabdallah","@id":"https:\/\/kapitalis.com\/tunisie\/#\/schema\/person\/2c6e134b2f3369dffcd1daf5f087d28b"},"headline":"Gouvernement Chahed III : Les r\u00e9actions des mauvais perdants","datePublished":"2018-11-06T08:24:35+00:00","dateModified":"2018-11-06T08:28:09+00:00","mainEntityOfPage":{"@id":"https:\/\/kapitalis.com\/tunisie\/2018\/11\/06\/gouvernement-chahed-iii-les-reactions-des-mauvais-perdants\/"},"wordCount":578,"commentCount":4,"publisher":{"@id":"https:\/\/kapitalis.com\/tunisie\/#organization"},"image":{"@id":"https:\/\/kapitalis.com\/tunisie\/2018\/11\/06\/gouvernement-chahed-iii-les-reactions-des-mauvais-perdants\/#primaryimage"},"thumbnailUrl":"","keywords":["Mongi Harbaoui","Nidaa Tounes","Noureddine Ben Ticha"],"articleSection":["POLITIQUE","Tunisie"],"inLanguage":"fr-FR","potentialAction":[{"@type":"CommentAction","name":"Comment","target":["https:\/\/kapitalis.com\/tunisie\/2018\/11\/06\/gouvernement-chahed-iii-les-reactions-des-mauvais-perdants\/#respond"]}]},{"@type":"WebPage","@id":"https:\/\/kapitalis.com\/tunisie\/2018\/11\/06\/gouvernement-chahed-iii-les-reactions-des-mauvais-perdants\/","url":"https:\/\/kapitalis.com\/tunisie\/2018\/11\/06\/gouvernement-chahed-iii-les-reactions-des-mauvais-perdants\/","name":"Gouvernement Chahed III : Les r\u00e9actions des mauvais perdants - Kapitalis","isPartOf":{"@id":"https:\/\/kapitalis.com\/tunisie\/#website"},"primaryImageOfPage":{"@id":"https:\/\/kapitalis.com\/tunisie\/2018\/11\/06\/gouvernement-chahed-iii-les-reactions-des-mauvais-perdants\/#primaryimage"},"image":{"@id":"https:\/\/kapitalis.com\/tunisie\/2018\/11\/06\/gouvernement-chahed-iii-les-reactions-des-mauvais-perdants\/#primaryimage"},"thumbnailUrl":"","datePublished":"2018-11-06T08:24:35+00:00","dateModified":"2018-11-06T08:28:09+00:00","breadcrumb":{"@id":"https:\/\/kapitalis.com\/tunisie\/2018\/11\/06\/gouvernement-chahed-iii-les-reactions-des-mauvais-perdants\/#breadcrumb"},"inLanguage":"fr-FR","potentialAction":[{"@type":"ReadAction","target":["https:\/\/kapitalis.com\/tunisie\/2018\/11\/06\/gouvernement-chahed-iii-les-reactions-des-mauvais-perdants\/"]}]},{"@type":"ImageObject","inLanguage":"fr-FR","@id":"https:\/\/kapitalis.com\/tunisie\/2018\/11\/06\/gouvernement-chahed-iii-les-reactions-des-mauvais-perdants\/#primaryimage","url":"","contentUrl":""},{"@type":"BreadcrumbList","@id":"https:\/\/kapitalis.com\/tunisie\/2018\/11\/06\/gouvernement-chahed-iii-les-reactions-des-mauvais-perdants\/#breadcrumb","itemListElement":[{"@type":"ListItem","position":1,"name":"Accueil","item":"https:\/\/kapitalis.com\/tunisie\/"},{"@type":"ListItem","position":2,"name":"Gouvernement Chahed III : Les r\u00e9actions des mauvais perdants"}]},{"@type":"WebSite","@id":"https:\/\/kapitalis.com\/tunisie\/#website","url":"https:\/\/kapitalis.com\/tunisie\/","name":"Kapitalis","description":"L&#039;actualit\u00e9 en Tunisie et dans le monde","publisher":{"@id":"https:\/\/kapitalis.com\/tunisie\/#organization"},"potentialAction":[{"@type":"SearchAction","target":{"@type":"EntryPoint","urlTemplate":"https:\/\/kapitalis.com\/tunisie\/?s={search_term_string}"},"query-input":{"@type":"PropertyValueSpecification","valueRequired":true,"valueName":"search_term_string"}}],"inLanguage":"fr-FR"},{"@type":"Organization","@id":"https:\/\/kapitalis.com\/tunisie\/#organization","name":"Kapitalis","url":"https:\/\/kapitalis.com\/tunisie\/","logo":{"@type":"ImageObject","inLanguage":"fr-FR","@id":"https:\/\/kapitalis.com\/tunisie\/#\/schema\/logo\/image\/","url":"https:\/\/kapitalis.com\/tunisie\/wp-content\/uploads\/2022\/05\/Kapitalis-big-size.png","contentUrl":"https:\/\/kapitalis.com\/tunisie\/wp-content\/uploads\/2022\/05\/Kapitalis-big-size.png","width":5000,"height":1500,"caption":"Kapitalis"},"image":{"@id":"https:\/\/kapitalis.com\/tunisie\/#\/schema\/logo\/image\/"},"sameAs":["https:\/\/www.facebook.com\/KapitalisInfo\/","https:\/\/x.com\/KapitalisInfo","https:\/\/www.youtube.com\/channel\/UC-yDYrHyfFBWWZaOw3FPg9Q"]},{"@type":"Person","@id":"https:\/\/kapitalis.com\/tunisie\/#\/schema\/person\/2c6e134b2f3369dffcd1daf5f087d28b","name":"emna benabdallah","url":"https:\/\/kapitalis.com\/tunisie\/author\/emna\/"}]}},"_links":{"self":[{"href":"https:\/\/kapitalis.com\/tunisie\/wp-json\/wp\/v2\/posts\/182349","targetHints":{"allow":["GET"]}}],"collection":[{"href":"https:\/\/kapitalis.com\/tunisie\/wp-json\/wp\/v2\/posts"}],"about":[{"href":"https:\/\/kapitalis.com\/tunisie\/wp-json\/wp\/v2\/types\/post"}],"author":[{"embeddable":true,"href":"https:\/\/kapitalis.com\/tunisie\/wp-json\/wp\/v2\/users\/16"}],"replies":[{"embeddable":true,"href":"https:\/\/kapitalis.com\/tunisie\/wp-json\/wp\/v2\/comments?post=182349"}],"version-history":[{"count":0,"href":"https:\/\/kapitalis.com\/tunisie\/wp-json\/wp\/v2\/posts\/182349\/revisions"}],"wp:featuredmedia":[{"embeddable":true,"href":"https:\/\/kapitalis.com\/tunisie\/wp-json\/wp\/v2\/media\/182353"}],"wp:attachment":[{"href":"https:\/\/kapitalis.com\/tunisie\/wp-json\/wp\/v2\/media?parent=182349"}],"wp:term":[{"taxonomy":"category","embeddable":true,"href":"https:\/\/kapitalis.com\/tunisie\/wp-json\/wp\/v2\/categories?post=182349"},{"taxonomy":"post_tag","embeddable":true,"href":"https:\/\/kapitalis.com\/tunisie\/wp-json\/wp\/v2\/tags?post=182349"}],"curies":[{"name":"wp","href":"https:\/\/api.w.org\/{rel}","templated":true}]}}