{"id":18250,"date":"2015-10-08T13:13:06","date_gmt":"2015-10-08T12:13:06","guid":{"rendered":"http:\/\/kapitalis.com\/tunisie\/?p=18250"},"modified":"2015-10-08T13:13:06","modified_gmt":"2015-10-08T12:13:06","slug":"le-ministere-de-linterieur-sengage-a-proteger-moez-ben-gharbia","status":"publish","type":"post","link":"https:\/\/kapitalis.com\/tunisie\/2015\/10\/08\/le-ministere-de-linterieur-sengage-a-proteger-moez-ben-gharbia\/","title":{"rendered":"Le minist\u00e8re de l\u2019Int\u00e9rieur s\u2019engage \u00e0 prot\u00e9ger Moez Ben Gharbia"},"content":{"rendered":"<p><img loading=\"lazy\" decoding=\"async\" class=\"size-full wp-image-17634 aligncenter\" src=\"http:\/\/kapitalis.com\/tunisie\/wp-content\/uploads\/2015\/10\/Moez-Ben-Gharbia.jpg\" alt=\"Moez-Ben-Gharbia\" width=\"626\" height=\"380\" \/><\/p>\n<p><em><strong>Le patron d\u2019Attasia TV, Moez Ben Gharbia, b\u00e9n\u00e9ficiera d\u2019une protection rapproch\u00e9e d\u00e8s son retour en Tunisie, pr\u00e9vu dimanche prochain.<\/strong><\/em><\/p>\n<p><!--more--><\/p>\n<p>Moez Ben Gharbia, qui se trouve actuellement en Suisse, a indiqu\u00e9, il y a quelques jours, dans une vid\u00e9o diffus\u00e9e sur le net, qu\u2019il \u00e9tait menac\u00e9 de mort en Tunisie et qu\u2019il pr\u00e9voit\u00a0 de rentrer dimanche prochain. Il a aussi affirm\u00e9 conna\u00eetre les parties qui ont assassin\u00e9 les dirigeants de gauche Chokri Belaid et Mohamed Brahmi, ajoutant que ce sont ces m\u00eames parties qui chercheraient aujourd\u2019hui \u00e0 l\u2019assassiner.<\/p>\n<p>Le secr\u00e9taire d&rsquo;Etat aupr\u00e8s du ministre de l&rsquo;Int\u00e9rieur charg\u00e9 des Affaires s\u00e9curitaires, Rafik Chelli, a indiqu\u00e9, aujourd\u2019hui, que son d\u00e9partement fournira la protection au patron d\u2019Attasia TV. \u00ab<em>Nous prot\u00e9gerons \u00e9galement les donn\u00e9es qu\u2019il a en sa possession<\/em>\u00bb, a-t-il pr\u00e9cis\u00e9 dans une d\u00e9claration aux m\u00e9dias.<\/p>\n<p>Rappelons que Ridha Charfeddine, l\u2019un des principaux actionnaires d\u2019Attasia TV (qui est aussi d\u00e9put\u00e9 Nidaa Tounes et pr\u00e9sident de l\u2019Etoile sportive du Sahel), a \u00e9t\u00e9, ce matin, la cible d\u2019une tentative d\u2019assassinat. Sa voiture a essuy\u00e9 une rafale de tirs, sur la route El-Kantaoui-Kalaa Kebira, alors qu\u2019il se rendait en voiture \u00e0 son bureau vers 9H45, mais aucune des 29 balles tir\u00e9es \u00e0 partir d\u2019une voiture roulant pr\u00e8s de lui, ne l\u2019a atteint.<\/p>\n<p>On notera cependant que le d\u00e9put\u00e9 a indiqu\u00e9, lors d\u2019une conf\u00e9rence de presse donn\u00e9e aujourd\u2019hui vers midi, qu\u2019il n\u2019a aucune connaissance des r\u00e9v\u00e9lations faites par le journaliste et patron de la cha\u00eene Attasia. Et refus\u00e9 d\u2019avancer une piste pour expliquer la tentative d\u2019assassinat dont il a \u00e9t\u00e9 la cible.<\/p>\n<p style=\"text-align: right;\"><strong>Y. N.<\/strong><\/p>\n","protected":false},"excerpt":{"rendered":"<p>Le patron d\u2019Attasia TV, Moez Ben Gharbia, b\u00e9n\u00e9ficiera d\u2019une protection rapproch\u00e9e d\u00e8s son retour en Tunisie, pr\u00e9vu dimanche prochain.<\/p>\n","protected":false},"author":8,"featured_media":0,"comment_status":"open","ping_status":"open","sticky":false,"template":"","format":"standard","meta":{"footnotes":""},"categories":[996,2433],"tags":[92,204,1260,625,7491],"class_list":["post-18250","post","type-post","status-publish","format-standard","hentry","category-media","category-tunisie","tag-assassinat","tag-chokri-belaid","tag-moez-ben-gharbia","tag-mohamed-brahmi","tag-ridha-charfeddine"],"yoast_head":"<!-- This site is optimized with the Yoast SEO plugin v26.6 - https:\/\/yoast.com\/wordpress\/plugins\/seo\/ -->\n<title>Le minist\u00e8re de l\u2019Int\u00e9rieur s\u2019engage \u00e0 prot\u00e9ger Moez Ben Gharbia - Kapitalis<\/title>\n<meta name=\"robots\" content=\"index, follow, max-snippet:-1, max-image-preview:large, max-video-preview:-1\" \/>\n<link rel=\"canonical\" href=\"https:\/\/kapitalis.com\/tunisie\/2015\/10\/08\/le-ministere-de-linterieur-sengage-a-proteger-moez-ben-gharbia\/\" \/>\n<meta property=\"og:locale\" content=\"fr_FR\" \/>\n<meta property=\"og:type\" content=\"article\" \/>\n<meta property=\"og:title\" content=\"Le minist\u00e8re de l\u2019Int\u00e9rieur s\u2019engage \u00e0 prot\u00e9ger Moez Ben Gharbia - Kapitalis\" \/>\n<meta property=\"og:description\" content=\"Le patron d\u2019Attasia TV, Moez Ben Gharbia, b\u00e9n\u00e9ficiera d\u2019une protection rapproch\u00e9e d\u00e8s son retour en Tunisie, pr\u00e9vu dimanche prochain.\" \/>\n<meta property=\"og:url\" content=\"https:\/\/kapitalis.com\/tunisie\/2015\/10\/08\/le-ministere-de-linterieur-sengage-a-proteger-moez-ben-gharbia\/\" \/>\n<meta property=\"og:site_name\" content=\"Kapitalis\" \/>\n<meta property=\"article:publisher\" content=\"https:\/\/www.facebook.com\/KapitalisInfo\/\" \/>\n<meta property=\"article:published_time\" content=\"2015-10-08T12:13:06+00:00\" \/>\n<meta property=\"og:image\" content=\"http:\/\/kapitalis.com\/tunisie\/wp-content\/uploads\/2015\/10\/Moez-Ben-Gharbia.jpg\" \/>\n<meta name=\"author\" content=\"webmaster kapitalis\" \/>\n<meta name=\"twitter:card\" content=\"summary_large_image\" \/>\n<meta name=\"twitter:creator\" content=\"@KapitalisInfo\" \/>\n<meta name=\"twitter:site\" content=\"@KapitalisInfo\" \/>\n<meta name=\"twitter:label1\" content=\"\u00c9crit par\" \/>\n\t<meta name=\"twitter:data1\" content=\"webmaster kapitalis\" \/>\n\t<meta name=\"twitter:label2\" content=\"Dur\u00e9e de lecture estim\u00e9e\" \/>\n\t<meta name=\"twitter:data2\" content=\"2 minutes\" \/>\n<script type=\"application\/ld+json\" class=\"yoast-schema-graph\">{\"@context\":\"https:\/\/schema.org\",\"@graph\":[{\"@type\":\"Article\",\"@id\":\"https:\/\/kapitalis.com\/tunisie\/2015\/10\/08\/le-ministere-de-linterieur-sengage-a-proteger-moez-ben-gharbia\/#article\",\"isPartOf\":{\"@id\":\"https:\/\/kapitalis.com\/tunisie\/2015\/10\/08\/le-ministere-de-linterieur-sengage-a-proteger-moez-ben-gharbia\/\"},\"author\":{\"name\":\"webmaster kapitalis\",\"@id\":\"https:\/\/kapitalis.com\/tunisie\/#\/schema\/person\/d71f33a9ca44f7bad4698210b480c8e9\"},\"headline\":\"Le minist\u00e8re de l\u2019Int\u00e9rieur s\u2019engage \u00e0 prot\u00e9ger Moez Ben Gharbia\",\"datePublished\":\"2015-10-08T12:13:06+00:00\",\"mainEntityOfPage\":{\"@id\":\"https:\/\/kapitalis.com\/tunisie\/2015\/10\/08\/le-ministere-de-linterieur-sengage-a-proteger-moez-ben-gharbia\/\"},\"wordCount\":318,\"commentCount\":0,\"publisher\":{\"@id\":\"https:\/\/kapitalis.com\/tunisie\/#organization\"},\"image\":{\"@id\":\"https:\/\/kapitalis.com\/tunisie\/2015\/10\/08\/le-ministere-de-linterieur-sengage-a-proteger-moez-ben-gharbia\/#primaryimage\"},\"thumbnailUrl\":\"http:\/\/kapitalis.com\/tunisie\/wp-content\/uploads\/2015\/10\/Moez-Ben-Gharbia.jpg\",\"keywords\":[\"assassinat\",\"Chokri Belaid\",\"Moez Ben Gharbia\",\"Mohamed Brahmi\",\"ridha Charfeddine\"],\"articleSection\":[\"MEDIA\",\"Tunisie\"],\"inLanguage\":\"fr-FR\",\"potentialAction\":[{\"@type\":\"CommentAction\",\"name\":\"Comment\",\"target\":[\"https:\/\/kapitalis.com\/tunisie\/2015\/10\/08\/le-ministere-de-linterieur-sengage-a-proteger-moez-ben-gharbia\/#respond\"]}]},{\"@type\":\"WebPage\",\"@id\":\"https:\/\/kapitalis.com\/tunisie\/2015\/10\/08\/le-ministere-de-linterieur-sengage-a-proteger-moez-ben-gharbia\/\",\"url\":\"https:\/\/kapitalis.com\/tunisie\/2015\/10\/08\/le-ministere-de-linterieur-sengage-a-proteger-moez-ben-gharbia\/\",\"name\":\"Le minist\u00e8re de l\u2019Int\u00e9rieur s\u2019engage \u00e0 prot\u00e9ger Moez Ben Gharbia - Kapitalis\",\"isPartOf\":{\"@id\":\"https:\/\/kapitalis.com\/tunisie\/#website\"},\"primaryImageOfPage\":{\"@id\":\"https:\/\/kapitalis.com\/tunisie\/2015\/10\/08\/le-ministere-de-linterieur-sengage-a-proteger-moez-ben-gharbia\/#primaryimage\"},\"image\":{\"@id\":\"https:\/\/kapitalis.com\/tunisie\/2015\/10\/08\/le-ministere-de-linterieur-sengage-a-proteger-moez-ben-gharbia\/#primaryimage\"},\"thumbnailUrl\":\"http:\/\/kapitalis.com\/tunisie\/wp-content\/uploads\/2015\/10\/Moez-Ben-Gharbia.jpg\",\"datePublished\":\"2015-10-08T12:13:06+00:00\",\"breadcrumb\":{\"@id\":\"https:\/\/kapitalis.com\/tunisie\/2015\/10\/08\/le-ministere-de-linterieur-sengage-a-proteger-moez-ben-gharbia\/#breadcrumb\"},\"inLanguage\":\"fr-FR\",\"potentialAction\":[{\"@type\":\"ReadAction\",\"target\":[\"https:\/\/kapitalis.com\/tunisie\/2015\/10\/08\/le-ministere-de-linterieur-sengage-a-proteger-moez-ben-gharbia\/\"]}]},{\"@type\":\"ImageObject\",\"inLanguage\":\"fr-FR\",\"@id\":\"https:\/\/kapitalis.com\/tunisie\/2015\/10\/08\/le-ministere-de-linterieur-sengage-a-proteger-moez-ben-gharbia\/#primaryimage\",\"url\":\"http:\/\/kapitalis.com\/tunisie\/wp-content\/uploads\/2015\/10\/Moez-Ben-Gharbia.jpg\",\"contentUrl\":\"http:\/\/kapitalis.com\/tunisie\/wp-content\/uploads\/2015\/10\/Moez-Ben-Gharbia.jpg\"},{\"@type\":\"BreadcrumbList\",\"@id\":\"https:\/\/kapitalis.com\/tunisie\/2015\/10\/08\/le-ministere-de-linterieur-sengage-a-proteger-moez-ben-gharbia\/#breadcrumb\",\"itemListElement\":[{\"@type\":\"ListItem\",\"position\":1,\"name\":\"Accueil\",\"item\":\"https:\/\/kapitalis.com\/tunisie\/\"},{\"@type\":\"ListItem\",\"position\":2,\"name\":\"Le minist\u00e8re de l\u2019Int\u00e9rieur s\u2019engage \u00e0 prot\u00e9ger Moez Ben Gharbia\"}]},{\"@type\":\"WebSite\",\"@id\":\"https:\/\/kapitalis.com\/tunisie\/#website\",\"url\":\"https:\/\/kapitalis.com\/tunisie\/\",\"name\":\"Kapitalis\",\"description\":\"L&#039;actualit\u00e9 en Tunisie et dans le monde\",\"publisher\":{\"@id\":\"https:\/\/kapitalis.com\/tunisie\/#organization\"},\"potentialAction\":[{\"@type\":\"SearchAction\",\"target\":{\"@type\":\"EntryPoint\",\"urlTemplate\":\"https:\/\/kapitalis.com\/tunisie\/?s={search_term_string}\"},\"query-input\":{\"@type\":\"PropertyValueSpecification\",\"valueRequired\":true,\"valueName\":\"search_term_string\"}}],\"inLanguage\":\"fr-FR\"},{\"@type\":\"Organization\",\"@id\":\"https:\/\/kapitalis.com\/tunisie\/#organization\",\"name\":\"Kapitalis\",\"url\":\"https:\/\/kapitalis.com\/tunisie\/\",\"logo\":{\"@type\":\"ImageObject\",\"inLanguage\":\"fr-FR\",\"@id\":\"https:\/\/kapitalis.com\/tunisie\/#\/schema\/logo\/image\/\",\"url\":\"https:\/\/kapitalis.com\/tunisie\/wp-content\/uploads\/2022\/05\/Kapitalis-big-size.png\",\"contentUrl\":\"https:\/\/kapitalis.com\/tunisie\/wp-content\/uploads\/2022\/05\/Kapitalis-big-size.png\",\"width\":5000,\"height\":1500,\"caption\":\"Kapitalis\"},\"image\":{\"@id\":\"https:\/\/kapitalis.com\/tunisie\/#\/schema\/logo\/image\/\"},\"sameAs\":[\"https:\/\/www.facebook.com\/KapitalisInfo\/\",\"https:\/\/x.com\/KapitalisInfo\",\"https:\/\/www.youtube.com\/channel\/UC-yDYrHyfFBWWZaOw3FPg9Q\"]},{\"@type\":\"Person\",\"@id\":\"https:\/\/kapitalis.com\/tunisie\/#\/schema\/person\/d71f33a9ca44f7bad4698210b480c8e9\",\"name\":\"webmaster kapitalis\",\"url\":\"https:\/\/kapitalis.com\/tunisie\/author\/webmaster-kapitalis\/\"}]}<\/script>\n<!-- \/ Yoast SEO plugin. -->","yoast_head_json":{"title":"Le minist\u00e8re de l\u2019Int\u00e9rieur s\u2019engage \u00e0 prot\u00e9ger Moez Ben Gharbia - Kapitalis","robots":{"index":"index","follow":"follow","max-snippet":"max-snippet:-1","max-image-preview":"max-image-preview:large","max-video-preview":"max-video-preview:-1"},"canonical":"https:\/\/kapitalis.com\/tunisie\/2015\/10\/08\/le-ministere-de-linterieur-sengage-a-proteger-moez-ben-gharbia\/","og_locale":"fr_FR","og_type":"article","og_title":"Le minist\u00e8re de l\u2019Int\u00e9rieur s\u2019engage \u00e0 prot\u00e9ger Moez Ben Gharbia - Kapitalis","og_description":"Le patron d\u2019Attasia TV, Moez Ben Gharbia, b\u00e9n\u00e9ficiera d\u2019une protection rapproch\u00e9e d\u00e8s son retour en Tunisie, pr\u00e9vu dimanche prochain.","og_url":"https:\/\/kapitalis.com\/tunisie\/2015\/10\/08\/le-ministere-de-linterieur-sengage-a-proteger-moez-ben-gharbia\/","og_site_name":"Kapitalis","article_publisher":"https:\/\/www.facebook.com\/KapitalisInfo\/","article_published_time":"2015-10-08T12:13:06+00:00","og_image":[{"url":"http:\/\/kapitalis.com\/tunisie\/wp-content\/uploads\/2015\/10\/Moez-Ben-Gharbia.jpg","type":"","width":"","height":""}],"author":"webmaster kapitalis","twitter_card":"summary_large_image","twitter_creator":"@KapitalisInfo","twitter_site":"@KapitalisInfo","twitter_misc":{"\u00c9crit par":"webmaster kapitalis","Dur\u00e9e de lecture estim\u00e9e":"2 minutes"},"schema":{"@context":"https:\/\/schema.org","@graph":[{"@type":"Article","@id":"https:\/\/kapitalis.com\/tunisie\/2015\/10\/08\/le-ministere-de-linterieur-sengage-a-proteger-moez-ben-gharbia\/#article","isPartOf":{"@id":"https:\/\/kapitalis.com\/tunisie\/2015\/10\/08\/le-ministere-de-linterieur-sengage-a-proteger-moez-ben-gharbia\/"},"author":{"name":"webmaster kapitalis","@id":"https:\/\/kapitalis.com\/tunisie\/#\/schema\/person\/d71f33a9ca44f7bad4698210b480c8e9"},"headline":"Le minist\u00e8re de l\u2019Int\u00e9rieur s\u2019engage \u00e0 prot\u00e9ger Moez Ben Gharbia","datePublished":"2015-10-08T12:13:06+00:00","mainEntityOfPage":{"@id":"https:\/\/kapitalis.com\/tunisie\/2015\/10\/08\/le-ministere-de-linterieur-sengage-a-proteger-moez-ben-gharbia\/"},"wordCount":318,"commentCount":0,"publisher":{"@id":"https:\/\/kapitalis.com\/tunisie\/#organization"},"image":{"@id":"https:\/\/kapitalis.com\/tunisie\/2015\/10\/08\/le-ministere-de-linterieur-sengage-a-proteger-moez-ben-gharbia\/#primaryimage"},"thumbnailUrl":"http:\/\/kapitalis.com\/tunisie\/wp-content\/uploads\/2015\/10\/Moez-Ben-Gharbia.jpg","keywords":["assassinat","Chokri Belaid","Moez Ben Gharbia","Mohamed Brahmi","ridha Charfeddine"],"articleSection":["MEDIA","Tunisie"],"inLanguage":"fr-FR","potentialAction":[{"@type":"CommentAction","name":"Comment","target":["https:\/\/kapitalis.com\/tunisie\/2015\/10\/08\/le-ministere-de-linterieur-sengage-a-proteger-moez-ben-gharbia\/#respond"]}]},{"@type":"WebPage","@id":"https:\/\/kapitalis.com\/tunisie\/2015\/10\/08\/le-ministere-de-linterieur-sengage-a-proteger-moez-ben-gharbia\/","url":"https:\/\/kapitalis.com\/tunisie\/2015\/10\/08\/le-ministere-de-linterieur-sengage-a-proteger-moez-ben-gharbia\/","name":"Le minist\u00e8re de l\u2019Int\u00e9rieur s\u2019engage \u00e0 prot\u00e9ger Moez Ben Gharbia - Kapitalis","isPartOf":{"@id":"https:\/\/kapitalis.com\/tunisie\/#website"},"primaryImageOfPage":{"@id":"https:\/\/kapitalis.com\/tunisie\/2015\/10\/08\/le-ministere-de-linterieur-sengage-a-proteger-moez-ben-gharbia\/#primaryimage"},"image":{"@id":"https:\/\/kapitalis.com\/tunisie\/2015\/10\/08\/le-ministere-de-linterieur-sengage-a-proteger-moez-ben-gharbia\/#primaryimage"},"thumbnailUrl":"http:\/\/kapitalis.com\/tunisie\/wp-content\/uploads\/2015\/10\/Moez-Ben-Gharbia.jpg","datePublished":"2015-10-08T12:13:06+00:00","breadcrumb":{"@id":"https:\/\/kapitalis.com\/tunisie\/2015\/10\/08\/le-ministere-de-linterieur-sengage-a-proteger-moez-ben-gharbia\/#breadcrumb"},"inLanguage":"fr-FR","potentialAction":[{"@type":"ReadAction","target":["https:\/\/kapitalis.com\/tunisie\/2015\/10\/08\/le-ministere-de-linterieur-sengage-a-proteger-moez-ben-gharbia\/"]}]},{"@type":"ImageObject","inLanguage":"fr-FR","@id":"https:\/\/kapitalis.com\/tunisie\/2015\/10\/08\/le-ministere-de-linterieur-sengage-a-proteger-moez-ben-gharbia\/#primaryimage","url":"http:\/\/kapitalis.com\/tunisie\/wp-content\/uploads\/2015\/10\/Moez-Ben-Gharbia.jpg","contentUrl":"http:\/\/kapitalis.com\/tunisie\/wp-content\/uploads\/2015\/10\/Moez-Ben-Gharbia.jpg"},{"@type":"BreadcrumbList","@id":"https:\/\/kapitalis.com\/tunisie\/2015\/10\/08\/le-ministere-de-linterieur-sengage-a-proteger-moez-ben-gharbia\/#breadcrumb","itemListElement":[{"@type":"ListItem","position":1,"name":"Accueil","item":"https:\/\/kapitalis.com\/tunisie\/"},{"@type":"ListItem","position":2,"name":"Le minist\u00e8re de l\u2019Int\u00e9rieur s\u2019engage \u00e0 prot\u00e9ger Moez Ben Gharbia"}]},{"@type":"WebSite","@id":"https:\/\/kapitalis.com\/tunisie\/#website","url":"https:\/\/kapitalis.com\/tunisie\/","name":"Kapitalis","description":"L&#039;actualit\u00e9 en Tunisie et dans le monde","publisher":{"@id":"https:\/\/kapitalis.com\/tunisie\/#organization"},"potentialAction":[{"@type":"SearchAction","target":{"@type":"EntryPoint","urlTemplate":"https:\/\/kapitalis.com\/tunisie\/?s={search_term_string}"},"query-input":{"@type":"PropertyValueSpecification","valueRequired":true,"valueName":"search_term_string"}}],"inLanguage":"fr-FR"},{"@type":"Organization","@id":"https:\/\/kapitalis.com\/tunisie\/#organization","name":"Kapitalis","url":"https:\/\/kapitalis.com\/tunisie\/","logo":{"@type":"ImageObject","inLanguage":"fr-FR","@id":"https:\/\/kapitalis.com\/tunisie\/#\/schema\/logo\/image\/","url":"https:\/\/kapitalis.com\/tunisie\/wp-content\/uploads\/2022\/05\/Kapitalis-big-size.png","contentUrl":"https:\/\/kapitalis.com\/tunisie\/wp-content\/uploads\/2022\/05\/Kapitalis-big-size.png","width":5000,"height":1500,"caption":"Kapitalis"},"image":{"@id":"https:\/\/kapitalis.com\/tunisie\/#\/schema\/logo\/image\/"},"sameAs":["https:\/\/www.facebook.com\/KapitalisInfo\/","https:\/\/x.com\/KapitalisInfo","https:\/\/www.youtube.com\/channel\/UC-yDYrHyfFBWWZaOw3FPg9Q"]},{"@type":"Person","@id":"https:\/\/kapitalis.com\/tunisie\/#\/schema\/person\/d71f33a9ca44f7bad4698210b480c8e9","name":"webmaster kapitalis","url":"https:\/\/kapitalis.com\/tunisie\/author\/webmaster-kapitalis\/"}]}},"_links":{"self":[{"href":"https:\/\/kapitalis.com\/tunisie\/wp-json\/wp\/v2\/posts\/18250","targetHints":{"allow":["GET"]}}],"collection":[{"href":"https:\/\/kapitalis.com\/tunisie\/wp-json\/wp\/v2\/posts"}],"about":[{"href":"https:\/\/kapitalis.com\/tunisie\/wp-json\/wp\/v2\/types\/post"}],"author":[{"embeddable":true,"href":"https:\/\/kapitalis.com\/tunisie\/wp-json\/wp\/v2\/users\/8"}],"replies":[{"embeddable":true,"href":"https:\/\/kapitalis.com\/tunisie\/wp-json\/wp\/v2\/comments?post=18250"}],"version-history":[{"count":0,"href":"https:\/\/kapitalis.com\/tunisie\/wp-json\/wp\/v2\/posts\/18250\/revisions"}],"wp:attachment":[{"href":"https:\/\/kapitalis.com\/tunisie\/wp-json\/wp\/v2\/media?parent=18250"}],"wp:term":[{"taxonomy":"category","embeddable":true,"href":"https:\/\/kapitalis.com\/tunisie\/wp-json\/wp\/v2\/categories?post=18250"},{"taxonomy":"post_tag","embeddable":true,"href":"https:\/\/kapitalis.com\/tunisie\/wp-json\/wp\/v2\/tags?post=18250"}],"curies":[{"name":"wp","href":"https:\/\/api.w.org\/{rel}","templated":true}]}}