{"id":182505,"date":"2018-11-06T18:32:08","date_gmt":"2018-11-06T17:32:08","guid":{"rendered":"http:\/\/kapitalis.com\/tunisie\/?p=182505"},"modified":"2018-11-06T18:32:08","modified_gmt":"2018-11-06T17:32:08","slug":"yamina-thabet-denonce-la-campagne-contre-rene-trabelsi","status":"publish","type":"post","link":"https:\/\/kapitalis.com\/tunisie\/2018\/11\/06\/yamina-thabet-denonce-la-campagne-contre-rene-trabelsi\/","title":{"rendered":"Yamina Thabet d\u00e9nonce la campagne contre Ren\u00e9 Trabelsi"},"content":{"rendered":"<p style=\"text-align: center;\"><img loading=\"lazy\" decoding=\"async\" class=\"alignnone size-full wp-image-182506\" src=\"http:\/\/kapitalis.com\/tunisie\/wp-content\/uploads\/2018\/11\/Yamina-Thabet-Ren\u00e9-Trablesi-.jpg\" alt=\"\" width=\"626\" height=\"380\" \/><\/p>\n<p><em><strong>La pr\u00e9sidente de l\u2019Association tunisienne de soutien des minorit\u00e9s (ATSM), Yamina Thabet, d\u00e9nonce la campagne de d\u00e9nigrement men\u00e9e contre Ren\u00e9 Trablesi, nomm\u00e9 ministre du Tourisme, lors du remaniement minist\u00e9riel annonc\u00e9 hier, lundi 5 novembre 2018, par Youssef Chahed.<\/strong><\/em><!--more--><\/p>\n<p>\u00ab<em>Non il n&rsquo;y a pas de questions sur comment il pourrait booster le tourisme et ramener des touristes dans un pays fui par ses propres enfants, mais des questions relatives au livre saint sur lequel il devrait pr\u00eater serment<\/em>\u00bb, a d\u00e9plor\u00e9 Yamina Thabet, dans un post Facebook, en r\u00e9action aux moqueries de certains internautes tunisiens, qui se demandent comment le nouveau ministre va-t-il pr\u00eater serment puisqu\u2019il ne peut pas jurer sur le Coran \u00e9tant de confession juive.<\/p>\n<p>Tout en consid\u00e9rant que la religion ne devrait m\u00eame pas \u00eatre \u00e9voqu\u00e9e, la pr\u00e9sidente de l\u2019ATSM rappelle que l\u2019apport d\u2019un ministre et ses comp\u00e9tences n\u2019ont aucun rapport avec sa religion.<\/p>\n<p><em>\u00abJe m&rsquo;attends \u00e0 la tonne de questions sur sa position vis-\u00e0-vis de certains sujets de politique ext\u00e9rieure (nourries par des rumeurs Facebook), ce qu&rsquo;on ne fera pas avec les ministres musulmans, tant qu&rsquo;ils ne sont pas en charge des Affaires \u00e9trang\u00e8res, on ne leur demandera pas de position concernant les crimes perp\u00e9tr\u00e9s par l\u2019Arabie saoudite au Y\u00e9men par exemple&#8230;<\/em>\u00bb, a-t-elle \u00e9crit, en d\u00e9non\u00e7ant la politique de deux poids, deux mesures.<\/p>\n<p>Rappelons qu\u2019apr\u00e8s l\u2019annonce de sa nomination au gouvernement Chahed III, Ren\u00e9 Trablesi a \u00e9t\u00e9 tr\u00e8s critiqu\u00e9 sur la toile et m\u00eame accus\u00e9 de soutenir les sionistes. Certains ont cherch\u00e9 de faux probl\u00e8mes, notamment sur le livre saint sur lequel il devra pr\u00eater serment, ou encore sur la <em>\u00abqualit\u00e9\u00bb<\/em> des touristes qu\u2019il fera venir en Tunisie.<\/p>\n<p>Le d\u00e9put\u00e9 Yassine Ayari a m\u00eame annonc\u00e9 qu&rsquo;il fera un appel en justice pour faire annuler cette nomination. \u00c9videmment, il a pr\u00e9tendu que cela n&rsquo;a rien \u00e0 voir avec la confession du ministre et on ne demande qu&rsquo;\u00e0 le croire.<\/p>\n<p>Heureusement que beaucoup de Tunisiens et de Tunisiennes ont f\u00e9licit\u00e9 ce choix du chef du gouvernement, estimant que Ren\u00e9 Trabelsi a beaucoup apport\u00e9 au tourisme tunisien depuis des ann\u00e9es et a toujours collabor\u00e9 avec les ministres du Tourisme : <em>\u00abIl est du domaine et il sait ce qu\u2019il fait<\/em>\u00bb, ont-ils notamment comment\u00e9.<\/p>\n<p style=\"text-align: right;\"><strong>Y. N.<\/strong><\/p>\n<blockquote class=\"wp-embedded-content\" data-secret=\"7KBbKvaxK0\"><p><a href=\"https:\/\/kapitalis.com\/tunisie\/2018\/11\/06\/yassine-ayari-fera-appel-en-justice-contre-la-nomination-de-rene-trabelsi\/\">Yassine Ayari fera appel en justice contre la nomination de Ren\u00e9 Trabelsi<\/a><\/p><\/blockquote>\n<p><iframe loading=\"lazy\" class=\"wp-embedded-content\" sandbox=\"allow-scripts\" security=\"restricted\" style=\"position: absolute; clip: rect(1px, 1px, 1px, 1px);\" title=\"\u00ab\u00a0Yassine Ayari fera appel en justice contre la nomination de Ren\u00e9 Trabelsi\u00a0\u00bb &#8212; Kapitalis\" src=\"https:\/\/kapitalis.com\/tunisie\/2018\/11\/06\/yassine-ayari-fera-appel-en-justice-contre-la-nomination-de-rene-trabelsi\/embed\/#?secret=bsxGi2Fp0R#?secret=7KBbKvaxK0\" data-secret=\"7KBbKvaxK0\" width=\"600\" height=\"338\" frameborder=\"0\" marginwidth=\"0\" marginheight=\"0\" scrolling=\"no\"><\/iframe><\/p>\n<blockquote class=\"wp-embedded-content\" data-secret=\"bKMlrJ4U8Y\"><p><a href=\"https:\/\/kapitalis.com\/tunisie\/2018\/11\/05\/remaniement-liste-des-nouveaux-membres-du-gouvernement-chahed-2\/\">Remaniement : Liste des nouveaux membres du gouvernement Chahed<\/a><\/p><\/blockquote>\n<p><iframe loading=\"lazy\" class=\"wp-embedded-content\" sandbox=\"allow-scripts\" security=\"restricted\" style=\"position: absolute; clip: rect(1px, 1px, 1px, 1px);\" title=\"\u00ab\u00a0Remaniement : Liste des nouveaux membres du gouvernement Chahed\u00a0\u00bb &#8212; Kapitalis\" src=\"https:\/\/kapitalis.com\/tunisie\/2018\/11\/05\/remaniement-liste-des-nouveaux-membres-du-gouvernement-chahed-2\/embed\/#?secret=INsjmMEKZa#?secret=bKMlrJ4U8Y\" data-secret=\"bKMlrJ4U8Y\" width=\"600\" height=\"338\" frameborder=\"0\" marginwidth=\"0\" marginheight=\"0\" scrolling=\"no\"><\/iframe><\/p>\n<p>&nbsp;<\/p>\n","protected":false},"excerpt":{"rendered":"<p>La pr\u00e9sidente de l\u2019Association tunisienne de soutien des minorit\u00e9s (ATSM), Yamina Thabet, d\u00e9nonce la campagne de d\u00e9nigrement men\u00e9e contre Ren\u00e9 Trablesi, nomm\u00e9 ministre du Tourisme, lors du remaniement minist\u00e9riel annonc\u00e9 hier, lundi 5 novembre 2018, par Youssef Chahed.<\/p>\n","protected":false},"author":6,"featured_media":182506,"comment_status":"open","ping_status":"open","sticky":false,"template":"","format":"standard","meta":{"footnotes":""},"categories":[997,2433],"tags":[3208,52452,4938,17038,971],"class_list":["post-182505","post","type-post","status-publish","format-standard","has-post-thumbnail","hentry","category-politique","category-tunisie","tag-juif","tag-ministre-tourisme","tag-rene-trabelsi","tag-yamina-thabet","tag-yassine-ayari"],"yoast_head":"<!-- This site is optimized with the Yoast SEO plugin v26.6 - https:\/\/yoast.com\/wordpress\/plugins\/seo\/ -->\n<title>Yamina Thabet d\u00e9nonce la campagne contre Ren\u00e9 Trabelsi - Kapitalis<\/title>\n<meta name=\"robots\" content=\"index, follow, max-snippet:-1, max-image-preview:large, max-video-preview:-1\" \/>\n<link rel=\"canonical\" href=\"https:\/\/kapitalis.com\/tunisie\/2018\/11\/06\/yamina-thabet-denonce-la-campagne-contre-rene-trabelsi\/\" \/>\n<meta property=\"og:locale\" content=\"fr_FR\" \/>\n<meta property=\"og:type\" content=\"article\" \/>\n<meta property=\"og:title\" content=\"Yamina Thabet d\u00e9nonce la campagne contre Ren\u00e9 Trabelsi - Kapitalis\" \/>\n<meta property=\"og:description\" content=\"La pr\u00e9sidente de l\u2019Association tunisienne de soutien des minorit\u00e9s (ATSM), Yamina Thabet, d\u00e9nonce la campagne de d\u00e9nigrement men\u00e9e contre Ren\u00e9 Trablesi, nomm\u00e9 ministre du Tourisme, lors du remaniement minist\u00e9riel annonc\u00e9 hier, lundi 5 novembre 2018, par Youssef Chahed.\" \/>\n<meta property=\"og:url\" content=\"https:\/\/kapitalis.com\/tunisie\/2018\/11\/06\/yamina-thabet-denonce-la-campagne-contre-rene-trabelsi\/\" \/>\n<meta property=\"og:site_name\" content=\"Kapitalis\" \/>\n<meta property=\"article:publisher\" content=\"https:\/\/www.facebook.com\/KapitalisInfo\/\" \/>\n<meta property=\"article:published_time\" content=\"2018-11-06T17:32:08+00:00\" \/>\n<meta property=\"og:image\" content=\"https:\/\/kapitalis.com\/tunisie\/wp-content\/uploads\/2022\/05\/kapitalis-logo-fb.png\" \/>\n\t<meta property=\"og:image:width\" content=\"1200\" \/>\n\t<meta property=\"og:image:height\" content=\"630\" \/>\n\t<meta property=\"og:image:type\" content=\"image\/png\" \/>\n<meta name=\"author\" content=\"Yusra NY\" \/>\n<meta name=\"twitter:card\" content=\"summary_large_image\" \/>\n<meta name=\"twitter:creator\" content=\"@KapitalisInfo\" \/>\n<meta name=\"twitter:site\" content=\"@KapitalisInfo\" \/>\n<meta name=\"twitter:label1\" content=\"\u00c9crit par\" \/>\n\t<meta name=\"twitter:data1\" content=\"Yusra NY\" \/>\n\t<meta name=\"twitter:label2\" content=\"Dur\u00e9e de lecture estim\u00e9e\" \/>\n\t<meta name=\"twitter:data2\" content=\"2 minutes\" \/>\n<script type=\"application\/ld+json\" class=\"yoast-schema-graph\">{\"@context\":\"https:\/\/schema.org\",\"@graph\":[{\"@type\":\"Article\",\"@id\":\"https:\/\/kapitalis.com\/tunisie\/2018\/11\/06\/yamina-thabet-denonce-la-campagne-contre-rene-trabelsi\/#article\",\"isPartOf\":{\"@id\":\"https:\/\/kapitalis.com\/tunisie\/2018\/11\/06\/yamina-thabet-denonce-la-campagne-contre-rene-trabelsi\/\"},\"author\":{\"name\":\"Yusra NY\",\"@id\":\"https:\/\/kapitalis.com\/tunisie\/#\/schema\/person\/74bbde0154d49d790a92aaeac5bc01d5\"},\"headline\":\"Yamina Thabet d\u00e9nonce la campagne contre Ren\u00e9 Trabelsi\",\"datePublished\":\"2018-11-06T17:32:08+00:00\",\"mainEntityOfPage\":{\"@id\":\"https:\/\/kapitalis.com\/tunisie\/2018\/11\/06\/yamina-thabet-denonce-la-campagne-contre-rene-trabelsi\/\"},\"wordCount\":423,\"commentCount\":19,\"publisher\":{\"@id\":\"https:\/\/kapitalis.com\/tunisie\/#organization\"},\"image\":{\"@id\":\"https:\/\/kapitalis.com\/tunisie\/2018\/11\/06\/yamina-thabet-denonce-la-campagne-contre-rene-trabelsi\/#primaryimage\"},\"thumbnailUrl\":\"\",\"keywords\":[\"juif\",\"ministre Tourisme\",\"Ren\u00e9 Trabelsi\",\"Yamina Thabet\",\"Yassine Ayari\"],\"articleSection\":[\"POLITIQUE\",\"Tunisie\"],\"inLanguage\":\"fr-FR\",\"potentialAction\":[{\"@type\":\"CommentAction\",\"name\":\"Comment\",\"target\":[\"https:\/\/kapitalis.com\/tunisie\/2018\/11\/06\/yamina-thabet-denonce-la-campagne-contre-rene-trabelsi\/#respond\"]}]},{\"@type\":\"WebPage\",\"@id\":\"https:\/\/kapitalis.com\/tunisie\/2018\/11\/06\/yamina-thabet-denonce-la-campagne-contre-rene-trabelsi\/\",\"url\":\"https:\/\/kapitalis.com\/tunisie\/2018\/11\/06\/yamina-thabet-denonce-la-campagne-contre-rene-trabelsi\/\",\"name\":\"Yamina Thabet d\u00e9nonce la campagne contre Ren\u00e9 Trabelsi - Kapitalis\",\"isPartOf\":{\"@id\":\"https:\/\/kapitalis.com\/tunisie\/#website\"},\"primaryImageOfPage\":{\"@id\":\"https:\/\/kapitalis.com\/tunisie\/2018\/11\/06\/yamina-thabet-denonce-la-campagne-contre-rene-trabelsi\/#primaryimage\"},\"image\":{\"@id\":\"https:\/\/kapitalis.com\/tunisie\/2018\/11\/06\/yamina-thabet-denonce-la-campagne-contre-rene-trabelsi\/#primaryimage\"},\"thumbnailUrl\":\"\",\"datePublished\":\"2018-11-06T17:32:08+00:00\",\"breadcrumb\":{\"@id\":\"https:\/\/kapitalis.com\/tunisie\/2018\/11\/06\/yamina-thabet-denonce-la-campagne-contre-rene-trabelsi\/#breadcrumb\"},\"inLanguage\":\"fr-FR\",\"potentialAction\":[{\"@type\":\"ReadAction\",\"target\":[\"https:\/\/kapitalis.com\/tunisie\/2018\/11\/06\/yamina-thabet-denonce-la-campagne-contre-rene-trabelsi\/\"]}]},{\"@type\":\"ImageObject\",\"inLanguage\":\"fr-FR\",\"@id\":\"https:\/\/kapitalis.com\/tunisie\/2018\/11\/06\/yamina-thabet-denonce-la-campagne-contre-rene-trabelsi\/#primaryimage\",\"url\":\"\",\"contentUrl\":\"\"},{\"@type\":\"BreadcrumbList\",\"@id\":\"https:\/\/kapitalis.com\/tunisie\/2018\/11\/06\/yamina-thabet-denonce-la-campagne-contre-rene-trabelsi\/#breadcrumb\",\"itemListElement\":[{\"@type\":\"ListItem\",\"position\":1,\"name\":\"Accueil\",\"item\":\"https:\/\/kapitalis.com\/tunisie\/\"},{\"@type\":\"ListItem\",\"position\":2,\"name\":\"Yamina Thabet d\u00e9nonce la campagne contre Ren\u00e9 Trabelsi\"}]},{\"@type\":\"WebSite\",\"@id\":\"https:\/\/kapitalis.com\/tunisie\/#website\",\"url\":\"https:\/\/kapitalis.com\/tunisie\/\",\"name\":\"Kapitalis\",\"description\":\"L&#039;actualit\u00e9 en Tunisie et dans le monde\",\"publisher\":{\"@id\":\"https:\/\/kapitalis.com\/tunisie\/#organization\"},\"potentialAction\":[{\"@type\":\"SearchAction\",\"target\":{\"@type\":\"EntryPoint\",\"urlTemplate\":\"https:\/\/kapitalis.com\/tunisie\/?s={search_term_string}\"},\"query-input\":{\"@type\":\"PropertyValueSpecification\",\"valueRequired\":true,\"valueName\":\"search_term_string\"}}],\"inLanguage\":\"fr-FR\"},{\"@type\":\"Organization\",\"@id\":\"https:\/\/kapitalis.com\/tunisie\/#organization\",\"name\":\"Kapitalis\",\"url\":\"https:\/\/kapitalis.com\/tunisie\/\",\"logo\":{\"@type\":\"ImageObject\",\"inLanguage\":\"fr-FR\",\"@id\":\"https:\/\/kapitalis.com\/tunisie\/#\/schema\/logo\/image\/\",\"url\":\"https:\/\/kapitalis.com\/tunisie\/wp-content\/uploads\/2022\/05\/Kapitalis-big-size.png\",\"contentUrl\":\"https:\/\/kapitalis.com\/tunisie\/wp-content\/uploads\/2022\/05\/Kapitalis-big-size.png\",\"width\":5000,\"height\":1500,\"caption\":\"Kapitalis\"},\"image\":{\"@id\":\"https:\/\/kapitalis.com\/tunisie\/#\/schema\/logo\/image\/\"},\"sameAs\":[\"https:\/\/www.facebook.com\/KapitalisInfo\/\",\"https:\/\/x.com\/KapitalisInfo\",\"https:\/\/www.youtube.com\/channel\/UC-yDYrHyfFBWWZaOw3FPg9Q\"]},{\"@type\":\"Person\",\"@id\":\"https:\/\/kapitalis.com\/tunisie\/#\/schema\/person\/74bbde0154d49d790a92aaeac5bc01d5\",\"name\":\"Yusra NY\",\"url\":\"https:\/\/kapitalis.com\/tunisie\/author\/yuza_adam\/\"}]}<\/script>\n<!-- \/ Yoast SEO plugin. -->","yoast_head_json":{"title":"Yamina Thabet d\u00e9nonce la campagne contre Ren\u00e9 Trabelsi - Kapitalis","robots":{"index":"index","follow":"follow","max-snippet":"max-snippet:-1","max-image-preview":"max-image-preview:large","max-video-preview":"max-video-preview:-1"},"canonical":"https:\/\/kapitalis.com\/tunisie\/2018\/11\/06\/yamina-thabet-denonce-la-campagne-contre-rene-trabelsi\/","og_locale":"fr_FR","og_type":"article","og_title":"Yamina Thabet d\u00e9nonce la campagne contre Ren\u00e9 Trabelsi - Kapitalis","og_description":"La pr\u00e9sidente de l\u2019Association tunisienne de soutien des minorit\u00e9s (ATSM), Yamina Thabet, d\u00e9nonce la campagne de d\u00e9nigrement men\u00e9e contre Ren\u00e9 Trablesi, nomm\u00e9 ministre du Tourisme, lors du remaniement minist\u00e9riel annonc\u00e9 hier, lundi 5 novembre 2018, par Youssef Chahed.","og_url":"https:\/\/kapitalis.com\/tunisie\/2018\/11\/06\/yamina-thabet-denonce-la-campagne-contre-rene-trabelsi\/","og_site_name":"Kapitalis","article_publisher":"https:\/\/www.facebook.com\/KapitalisInfo\/","article_published_time":"2018-11-06T17:32:08+00:00","og_image":[{"width":1200,"height":630,"url":"https:\/\/kapitalis.com\/tunisie\/wp-content\/uploads\/2022\/05\/kapitalis-logo-fb.png","type":"image\/png"}],"author":"Yusra NY","twitter_card":"summary_large_image","twitter_creator":"@KapitalisInfo","twitter_site":"@KapitalisInfo","twitter_misc":{"\u00c9crit par":"Yusra NY","Dur\u00e9e de lecture estim\u00e9e":"2 minutes"},"schema":{"@context":"https:\/\/schema.org","@graph":[{"@type":"Article","@id":"https:\/\/kapitalis.com\/tunisie\/2018\/11\/06\/yamina-thabet-denonce-la-campagne-contre-rene-trabelsi\/#article","isPartOf":{"@id":"https:\/\/kapitalis.com\/tunisie\/2018\/11\/06\/yamina-thabet-denonce-la-campagne-contre-rene-trabelsi\/"},"author":{"name":"Yusra NY","@id":"https:\/\/kapitalis.com\/tunisie\/#\/schema\/person\/74bbde0154d49d790a92aaeac5bc01d5"},"headline":"Yamina Thabet d\u00e9nonce la campagne contre Ren\u00e9 Trabelsi","datePublished":"2018-11-06T17:32:08+00:00","mainEntityOfPage":{"@id":"https:\/\/kapitalis.com\/tunisie\/2018\/11\/06\/yamina-thabet-denonce-la-campagne-contre-rene-trabelsi\/"},"wordCount":423,"commentCount":19,"publisher":{"@id":"https:\/\/kapitalis.com\/tunisie\/#organization"},"image":{"@id":"https:\/\/kapitalis.com\/tunisie\/2018\/11\/06\/yamina-thabet-denonce-la-campagne-contre-rene-trabelsi\/#primaryimage"},"thumbnailUrl":"","keywords":["juif","ministre Tourisme","Ren\u00e9 Trabelsi","Yamina Thabet","Yassine Ayari"],"articleSection":["POLITIQUE","Tunisie"],"inLanguage":"fr-FR","potentialAction":[{"@type":"CommentAction","name":"Comment","target":["https:\/\/kapitalis.com\/tunisie\/2018\/11\/06\/yamina-thabet-denonce-la-campagne-contre-rene-trabelsi\/#respond"]}]},{"@type":"WebPage","@id":"https:\/\/kapitalis.com\/tunisie\/2018\/11\/06\/yamina-thabet-denonce-la-campagne-contre-rene-trabelsi\/","url":"https:\/\/kapitalis.com\/tunisie\/2018\/11\/06\/yamina-thabet-denonce-la-campagne-contre-rene-trabelsi\/","name":"Yamina Thabet d\u00e9nonce la campagne contre Ren\u00e9 Trabelsi - Kapitalis","isPartOf":{"@id":"https:\/\/kapitalis.com\/tunisie\/#website"},"primaryImageOfPage":{"@id":"https:\/\/kapitalis.com\/tunisie\/2018\/11\/06\/yamina-thabet-denonce-la-campagne-contre-rene-trabelsi\/#primaryimage"},"image":{"@id":"https:\/\/kapitalis.com\/tunisie\/2018\/11\/06\/yamina-thabet-denonce-la-campagne-contre-rene-trabelsi\/#primaryimage"},"thumbnailUrl":"","datePublished":"2018-11-06T17:32:08+00:00","breadcrumb":{"@id":"https:\/\/kapitalis.com\/tunisie\/2018\/11\/06\/yamina-thabet-denonce-la-campagne-contre-rene-trabelsi\/#breadcrumb"},"inLanguage":"fr-FR","potentialAction":[{"@type":"ReadAction","target":["https:\/\/kapitalis.com\/tunisie\/2018\/11\/06\/yamina-thabet-denonce-la-campagne-contre-rene-trabelsi\/"]}]},{"@type":"ImageObject","inLanguage":"fr-FR","@id":"https:\/\/kapitalis.com\/tunisie\/2018\/11\/06\/yamina-thabet-denonce-la-campagne-contre-rene-trabelsi\/#primaryimage","url":"","contentUrl":""},{"@type":"BreadcrumbList","@id":"https:\/\/kapitalis.com\/tunisie\/2018\/11\/06\/yamina-thabet-denonce-la-campagne-contre-rene-trabelsi\/#breadcrumb","itemListElement":[{"@type":"ListItem","position":1,"name":"Accueil","item":"https:\/\/kapitalis.com\/tunisie\/"},{"@type":"ListItem","position":2,"name":"Yamina Thabet d\u00e9nonce la campagne contre Ren\u00e9 Trabelsi"}]},{"@type":"WebSite","@id":"https:\/\/kapitalis.com\/tunisie\/#website","url":"https:\/\/kapitalis.com\/tunisie\/","name":"Kapitalis","description":"L&#039;actualit\u00e9 en Tunisie et dans le monde","publisher":{"@id":"https:\/\/kapitalis.com\/tunisie\/#organization"},"potentialAction":[{"@type":"SearchAction","target":{"@type":"EntryPoint","urlTemplate":"https:\/\/kapitalis.com\/tunisie\/?s={search_term_string}"},"query-input":{"@type":"PropertyValueSpecification","valueRequired":true,"valueName":"search_term_string"}}],"inLanguage":"fr-FR"},{"@type":"Organization","@id":"https:\/\/kapitalis.com\/tunisie\/#organization","name":"Kapitalis","url":"https:\/\/kapitalis.com\/tunisie\/","logo":{"@type":"ImageObject","inLanguage":"fr-FR","@id":"https:\/\/kapitalis.com\/tunisie\/#\/schema\/logo\/image\/","url":"https:\/\/kapitalis.com\/tunisie\/wp-content\/uploads\/2022\/05\/Kapitalis-big-size.png","contentUrl":"https:\/\/kapitalis.com\/tunisie\/wp-content\/uploads\/2022\/05\/Kapitalis-big-size.png","width":5000,"height":1500,"caption":"Kapitalis"},"image":{"@id":"https:\/\/kapitalis.com\/tunisie\/#\/schema\/logo\/image\/"},"sameAs":["https:\/\/www.facebook.com\/KapitalisInfo\/","https:\/\/x.com\/KapitalisInfo","https:\/\/www.youtube.com\/channel\/UC-yDYrHyfFBWWZaOw3FPg9Q"]},{"@type":"Person","@id":"https:\/\/kapitalis.com\/tunisie\/#\/schema\/person\/74bbde0154d49d790a92aaeac5bc01d5","name":"Yusra NY","url":"https:\/\/kapitalis.com\/tunisie\/author\/yuza_adam\/"}]}},"_links":{"self":[{"href":"https:\/\/kapitalis.com\/tunisie\/wp-json\/wp\/v2\/posts\/182505","targetHints":{"allow":["GET"]}}],"collection":[{"href":"https:\/\/kapitalis.com\/tunisie\/wp-json\/wp\/v2\/posts"}],"about":[{"href":"https:\/\/kapitalis.com\/tunisie\/wp-json\/wp\/v2\/types\/post"}],"author":[{"embeddable":true,"href":"https:\/\/kapitalis.com\/tunisie\/wp-json\/wp\/v2\/users\/6"}],"replies":[{"embeddable":true,"href":"https:\/\/kapitalis.com\/tunisie\/wp-json\/wp\/v2\/comments?post=182505"}],"version-history":[{"count":0,"href":"https:\/\/kapitalis.com\/tunisie\/wp-json\/wp\/v2\/posts\/182505\/revisions"}],"wp:featuredmedia":[{"embeddable":true,"href":"https:\/\/kapitalis.com\/tunisie\/wp-json\/wp\/v2\/media\/182506"}],"wp:attachment":[{"href":"https:\/\/kapitalis.com\/tunisie\/wp-json\/wp\/v2\/media?parent=182505"}],"wp:term":[{"taxonomy":"category","embeddable":true,"href":"https:\/\/kapitalis.com\/tunisie\/wp-json\/wp\/v2\/categories?post=182505"},{"taxonomy":"post_tag","embeddable":true,"href":"https:\/\/kapitalis.com\/tunisie\/wp-json\/wp\/v2\/tags?post=182505"}],"curies":[{"name":"wp","href":"https:\/\/api.w.org\/{rel}","templated":true}]}}