{"id":182662,"date":"2018-11-07T14:55:06","date_gmt":"2018-11-07T13:55:06","guid":{"rendered":"http:\/\/kapitalis.com\/tunisie\/?p=182662"},"modified":"2018-11-07T14:55:06","modified_gmt":"2018-11-07T13:55:06","slug":"aswat-nisaa-des-cas-dharcelement-sexuel-enregistres-pendant-les-jcc","status":"publish","type":"post","link":"https:\/\/kapitalis.com\/tunisie\/2018\/11\/07\/aswat-nisaa-des-cas-dharcelement-sexuel-enregistres-pendant-les-jcc\/","title":{"rendered":"Aswat Nisaa : Des cas d&rsquo;harc\u00e8lement sexuel enregistr\u00e9s pendant les JCC"},"content":{"rendered":"<p style=\"text-align: center;\"><img loading=\"lazy\" decoding=\"async\" class=\"alignnone size-full wp-image-182665\" src=\"http:\/\/kapitalis.com\/tunisie\/wp-content\/uploads\/2018\/11\/JCC-2018_Tunisie.jpg\" alt=\"\" width=\"626\" height=\"380\" \/><\/p>\n<p><em><strong>L&rsquo;Ong Aswat Nisaa a d\u00e9nonc\u00e9 l&rsquo;harc\u00e8lement sexuel subi par de jeunes femmes lors des Journ\u00e9es cin\u00e9matographiques de Carthage (JCC) qui se tiennent du 3 au 11 novembre 2018.<\/strong><\/em><!--more--><\/p>\n<p>Des jeunes femmes, victimes\u00a0d&rsquo;harc\u00e8lement sexuel\u00a0lors de cet \u00e9v\u00e9nement culturel, se sont plaintes de leurs m\u00e9saventures aupr\u00e8s de l&rsquo;Ong sp\u00e9cialis\u00e9e dans la d\u00e9fense des droits des femmes en Tunisie. Le nombre de ces victimes n&rsquo;a cependant pas \u00e9t\u00e9 r\u00e9v\u00e9l\u00e9.<\/p>\n<p>Dans son communiqu\u00e9 publi\u00e9 aujourd&rsquo;hui, mercredi 7 novembre 2018, Aswat Nissa rappelle, par ailleurs, les dispositions de la <a href=\"http:\/\/www.legislation.tn\/sites\/default\/files\/news\/tf2017581.pdf\" target=\"_blank\" rel=\"noopener\">loi\u00a0n\u00b02017-58<\/a> du 11 ao\u00fbt 2017 relative \u00e0 l\u2019\u00e9limination de la violence \u00e0 l\u2019\u00e9gard des femmes, qui d\u00e9taille les mesures p\u00e9nales en cas de violence physique, morale ou sexuelle. Ces pratiques peuvent \u00e9norm\u00e9ment affecter la psychologie des victimes.<\/p>\n<p>L&rsquo;Ong appelle \u00e9galement les forces de l&rsquo;ordre, les gardiens des salles de cin\u00e9ma et le comit\u00e9 de direction des JCC \u00e0 faire plus d&rsquo;efforts durant cet \u00e9v\u00e9nement, et ce pour r\u00e9duire de telles pratiques.<\/p>\n<p style=\"text-align: right;\"><strong>E. B. A.<\/strong><\/p>\n<blockquote class=\"wp-embedded-content\" data-secret=\"MkeHJOn5sN\"><p><a href=\"https:\/\/kapitalis.com\/tunisie\/2018\/11\/05\/au-1er-jour-des-projections-des-jcc-le-cinema-maghrebin-frappe-fort\/\">Au 1er jour des projections des JCC, le cin\u00e9ma maghr\u00e9bin frappe fort<\/a><\/p><\/blockquote>\n<p><iframe loading=\"lazy\" class=\"wp-embedded-content\" sandbox=\"allow-scripts\" security=\"restricted\" style=\"position: absolute; clip: rect(1px, 1px, 1px, 1px);\" title=\"\u00ab\u00a0Au 1er jour des projections des JCC, le cin\u00e9ma maghr\u00e9bin frappe fort\u00a0\u00bb &#8212; Kapitalis\" src=\"https:\/\/kapitalis.com\/tunisie\/2018\/11\/05\/au-1er-jour-des-projections-des-jcc-le-cinema-maghrebin-frappe-fort\/embed\/#?secret=SxSY6iMXt4#?secret=MkeHJOn5sN\" data-secret=\"MkeHJOn5sN\" width=\"600\" height=\"338\" frameborder=\"0\" marginwidth=\"0\" marginheight=\"0\" scrolling=\"no\"><\/iframe><\/p>\n<blockquote class=\"wp-embedded-content\" data-secret=\"MBQRCAbHWT\"><p><a href=\"https:\/\/kapitalis.com\/tunisie\/2018\/11\/06\/fatwa-de-mahmoud-ben-mahmoud-chassez-le-salafiste-il-revient-au-galop\/\">\u2018\u2018Fatwa\u2019\u2019 de Mahmoud Ben Mahmoud : Chassez le salafiste, il revient au galop<\/a><\/p><\/blockquote>\n<p><iframe loading=\"lazy\" class=\"wp-embedded-content\" sandbox=\"allow-scripts\" security=\"restricted\" style=\"position: absolute; clip: rect(1px, 1px, 1px, 1px);\" title=\"\u00ab\u00a0\u2018\u2018Fatwa\u2019\u2019 de Mahmoud Ben Mahmoud : Chassez le salafiste, il revient au galop\u00a0\u00bb &#8212; Kapitalis\" src=\"https:\/\/kapitalis.com\/tunisie\/2018\/11\/06\/fatwa-de-mahmoud-ben-mahmoud-chassez-le-salafiste-il-revient-au-galop\/embed\/#?secret=ba1VemxXG2#?secret=MBQRCAbHWT\" data-secret=\"MBQRCAbHWT\" width=\"600\" height=\"338\" frameborder=\"0\" marginwidth=\"0\" marginheight=\"0\" scrolling=\"no\"><\/iframe><\/p>\n","protected":false},"excerpt":{"rendered":"<p>L&rsquo;Ong Aswat Nisaa a d\u00e9nonc\u00e9 l&rsquo;harc\u00e8lement sexuel subi par de jeunes femmes lors des Journ\u00e9es cin\u00e9matographiques de Carthage (JCC) qui se tiennent du 3 au 11 novembre 2018.<\/p>\n","protected":false},"author":16,"featured_media":182665,"comment_status":"open","ping_status":"open","sticky":false,"template":"","format":"standard","meta":{"footnotes":""},"categories":[998,2433],"tags":[510,952],"class_list":["post-182662","post","type-post","status-publish","format-standard","has-post-thumbnail","hentry","category-societe","category-tunisie","tag-jcc","tag-violence"],"yoast_head":"<!-- This site is optimized with the Yoast SEO plugin v26.6 - https:\/\/yoast.com\/wordpress\/plugins\/seo\/ -->\n<title>Aswat Nisaa : Des cas d&#039;harc\u00e8lement sexuel enregistr\u00e9s pendant les JCC - Kapitalis<\/title>\n<meta name=\"robots\" content=\"index, follow, max-snippet:-1, max-image-preview:large, max-video-preview:-1\" \/>\n<link rel=\"canonical\" href=\"https:\/\/kapitalis.com\/tunisie\/2018\/11\/07\/aswat-nisaa-des-cas-dharcelement-sexuel-enregistres-pendant-les-jcc\/\" \/>\n<meta property=\"og:locale\" content=\"fr_FR\" \/>\n<meta property=\"og:type\" content=\"article\" \/>\n<meta property=\"og:title\" content=\"Aswat Nisaa : Des cas d&#039;harc\u00e8lement sexuel enregistr\u00e9s pendant les JCC - Kapitalis\" \/>\n<meta property=\"og:description\" content=\"L&rsquo;Ong Aswat Nisaa a d\u00e9nonc\u00e9 l&rsquo;harc\u00e8lement sexuel subi par de jeunes femmes lors des Journ\u00e9es cin\u00e9matographiques de Carthage (JCC) qui se tiennent du 3 au 11 novembre 2018.\" \/>\n<meta property=\"og:url\" content=\"https:\/\/kapitalis.com\/tunisie\/2018\/11\/07\/aswat-nisaa-des-cas-dharcelement-sexuel-enregistres-pendant-les-jcc\/\" \/>\n<meta property=\"og:site_name\" content=\"Kapitalis\" \/>\n<meta property=\"article:publisher\" content=\"https:\/\/www.facebook.com\/KapitalisInfo\/\" \/>\n<meta property=\"article:published_time\" content=\"2018-11-07T13:55:06+00:00\" \/>\n<meta property=\"og:image\" content=\"https:\/\/kapitalis.com\/tunisie\/wp-content\/uploads\/2022\/05\/kapitalis-logo-fb.png\" \/>\n\t<meta property=\"og:image:width\" content=\"1200\" \/>\n\t<meta property=\"og:image:height\" content=\"630\" \/>\n\t<meta property=\"og:image:type\" content=\"image\/png\" \/>\n<meta name=\"author\" content=\"emna benabdallah\" \/>\n<meta name=\"twitter:card\" content=\"summary_large_image\" \/>\n<meta name=\"twitter:creator\" content=\"@KapitalisInfo\" \/>\n<meta name=\"twitter:site\" content=\"@KapitalisInfo\" \/>\n<meta name=\"twitter:label1\" content=\"\u00c9crit par\" \/>\n\t<meta name=\"twitter:data1\" content=\"emna benabdallah\" \/>\n\t<meta name=\"twitter:label2\" content=\"Dur\u00e9e de lecture estim\u00e9e\" \/>\n\t<meta name=\"twitter:data2\" content=\"1 minute\" \/>\n<script type=\"application\/ld+json\" class=\"yoast-schema-graph\">{\"@context\":\"https:\/\/schema.org\",\"@graph\":[{\"@type\":\"Article\",\"@id\":\"https:\/\/kapitalis.com\/tunisie\/2018\/11\/07\/aswat-nisaa-des-cas-dharcelement-sexuel-enregistres-pendant-les-jcc\/#article\",\"isPartOf\":{\"@id\":\"https:\/\/kapitalis.com\/tunisie\/2018\/11\/07\/aswat-nisaa-des-cas-dharcelement-sexuel-enregistres-pendant-les-jcc\/\"},\"author\":{\"name\":\"emna benabdallah\",\"@id\":\"https:\/\/kapitalis.com\/tunisie\/#\/schema\/person\/2c6e134b2f3369dffcd1daf5f087d28b\"},\"headline\":\"Aswat Nisaa : Des cas d&rsquo;harc\u00e8lement sexuel enregistr\u00e9s pendant les JCC\",\"datePublished\":\"2018-11-07T13:55:06+00:00\",\"mainEntityOfPage\":{\"@id\":\"https:\/\/kapitalis.com\/tunisie\/2018\/11\/07\/aswat-nisaa-des-cas-dharcelement-sexuel-enregistres-pendant-les-jcc\/\"},\"wordCount\":197,\"commentCount\":1,\"publisher\":{\"@id\":\"https:\/\/kapitalis.com\/tunisie\/#organization\"},\"image\":{\"@id\":\"https:\/\/kapitalis.com\/tunisie\/2018\/11\/07\/aswat-nisaa-des-cas-dharcelement-sexuel-enregistres-pendant-les-jcc\/#primaryimage\"},\"thumbnailUrl\":\"\",\"keywords\":[\"JCC\",\"violence\"],\"articleSection\":[\"SOCIETE\",\"Tunisie\"],\"inLanguage\":\"fr-FR\",\"potentialAction\":[{\"@type\":\"CommentAction\",\"name\":\"Comment\",\"target\":[\"https:\/\/kapitalis.com\/tunisie\/2018\/11\/07\/aswat-nisaa-des-cas-dharcelement-sexuel-enregistres-pendant-les-jcc\/#respond\"]}]},{\"@type\":\"WebPage\",\"@id\":\"https:\/\/kapitalis.com\/tunisie\/2018\/11\/07\/aswat-nisaa-des-cas-dharcelement-sexuel-enregistres-pendant-les-jcc\/\",\"url\":\"https:\/\/kapitalis.com\/tunisie\/2018\/11\/07\/aswat-nisaa-des-cas-dharcelement-sexuel-enregistres-pendant-les-jcc\/\",\"name\":\"Aswat Nisaa : Des cas d'harc\u00e8lement sexuel enregistr\u00e9s pendant les JCC - Kapitalis\",\"isPartOf\":{\"@id\":\"https:\/\/kapitalis.com\/tunisie\/#website\"},\"primaryImageOfPage\":{\"@id\":\"https:\/\/kapitalis.com\/tunisie\/2018\/11\/07\/aswat-nisaa-des-cas-dharcelement-sexuel-enregistres-pendant-les-jcc\/#primaryimage\"},\"image\":{\"@id\":\"https:\/\/kapitalis.com\/tunisie\/2018\/11\/07\/aswat-nisaa-des-cas-dharcelement-sexuel-enregistres-pendant-les-jcc\/#primaryimage\"},\"thumbnailUrl\":\"\",\"datePublished\":\"2018-11-07T13:55:06+00:00\",\"breadcrumb\":{\"@id\":\"https:\/\/kapitalis.com\/tunisie\/2018\/11\/07\/aswat-nisaa-des-cas-dharcelement-sexuel-enregistres-pendant-les-jcc\/#breadcrumb\"},\"inLanguage\":\"fr-FR\",\"potentialAction\":[{\"@type\":\"ReadAction\",\"target\":[\"https:\/\/kapitalis.com\/tunisie\/2018\/11\/07\/aswat-nisaa-des-cas-dharcelement-sexuel-enregistres-pendant-les-jcc\/\"]}]},{\"@type\":\"ImageObject\",\"inLanguage\":\"fr-FR\",\"@id\":\"https:\/\/kapitalis.com\/tunisie\/2018\/11\/07\/aswat-nisaa-des-cas-dharcelement-sexuel-enregistres-pendant-les-jcc\/#primaryimage\",\"url\":\"\",\"contentUrl\":\"\"},{\"@type\":\"BreadcrumbList\",\"@id\":\"https:\/\/kapitalis.com\/tunisie\/2018\/11\/07\/aswat-nisaa-des-cas-dharcelement-sexuel-enregistres-pendant-les-jcc\/#breadcrumb\",\"itemListElement\":[{\"@type\":\"ListItem\",\"position\":1,\"name\":\"Accueil\",\"item\":\"https:\/\/kapitalis.com\/tunisie\/\"},{\"@type\":\"ListItem\",\"position\":2,\"name\":\"Aswat Nisaa : Des cas d&rsquo;harc\u00e8lement sexuel enregistr\u00e9s pendant les JCC\"}]},{\"@type\":\"WebSite\",\"@id\":\"https:\/\/kapitalis.com\/tunisie\/#website\",\"url\":\"https:\/\/kapitalis.com\/tunisie\/\",\"name\":\"Kapitalis\",\"description\":\"L&#039;actualit\u00e9 en Tunisie et dans le monde\",\"publisher\":{\"@id\":\"https:\/\/kapitalis.com\/tunisie\/#organization\"},\"potentialAction\":[{\"@type\":\"SearchAction\",\"target\":{\"@type\":\"EntryPoint\",\"urlTemplate\":\"https:\/\/kapitalis.com\/tunisie\/?s={search_term_string}\"},\"query-input\":{\"@type\":\"PropertyValueSpecification\",\"valueRequired\":true,\"valueName\":\"search_term_string\"}}],\"inLanguage\":\"fr-FR\"},{\"@type\":\"Organization\",\"@id\":\"https:\/\/kapitalis.com\/tunisie\/#organization\",\"name\":\"Kapitalis\",\"url\":\"https:\/\/kapitalis.com\/tunisie\/\",\"logo\":{\"@type\":\"ImageObject\",\"inLanguage\":\"fr-FR\",\"@id\":\"https:\/\/kapitalis.com\/tunisie\/#\/schema\/logo\/image\/\",\"url\":\"https:\/\/kapitalis.com\/tunisie\/wp-content\/uploads\/2022\/05\/Kapitalis-big-size.png\",\"contentUrl\":\"https:\/\/kapitalis.com\/tunisie\/wp-content\/uploads\/2022\/05\/Kapitalis-big-size.png\",\"width\":5000,\"height\":1500,\"caption\":\"Kapitalis\"},\"image\":{\"@id\":\"https:\/\/kapitalis.com\/tunisie\/#\/schema\/logo\/image\/\"},\"sameAs\":[\"https:\/\/www.facebook.com\/KapitalisInfo\/\",\"https:\/\/x.com\/KapitalisInfo\",\"https:\/\/www.youtube.com\/channel\/UC-yDYrHyfFBWWZaOw3FPg9Q\"]},{\"@type\":\"Person\",\"@id\":\"https:\/\/kapitalis.com\/tunisie\/#\/schema\/person\/2c6e134b2f3369dffcd1daf5f087d28b\",\"name\":\"emna benabdallah\",\"url\":\"https:\/\/kapitalis.com\/tunisie\/author\/emna\/\"}]}<\/script>\n<!-- \/ Yoast SEO plugin. -->","yoast_head_json":{"title":"Aswat Nisaa : Des cas d'harc\u00e8lement sexuel enregistr\u00e9s pendant les JCC - Kapitalis","robots":{"index":"index","follow":"follow","max-snippet":"max-snippet:-1","max-image-preview":"max-image-preview:large","max-video-preview":"max-video-preview:-1"},"canonical":"https:\/\/kapitalis.com\/tunisie\/2018\/11\/07\/aswat-nisaa-des-cas-dharcelement-sexuel-enregistres-pendant-les-jcc\/","og_locale":"fr_FR","og_type":"article","og_title":"Aswat Nisaa : Des cas d'harc\u00e8lement sexuel enregistr\u00e9s pendant les JCC - Kapitalis","og_description":"L&rsquo;Ong Aswat Nisaa a d\u00e9nonc\u00e9 l&rsquo;harc\u00e8lement sexuel subi par de jeunes femmes lors des Journ\u00e9es cin\u00e9matographiques de Carthage (JCC) qui se tiennent du 3 au 11 novembre 2018.","og_url":"https:\/\/kapitalis.com\/tunisie\/2018\/11\/07\/aswat-nisaa-des-cas-dharcelement-sexuel-enregistres-pendant-les-jcc\/","og_site_name":"Kapitalis","article_publisher":"https:\/\/www.facebook.com\/KapitalisInfo\/","article_published_time":"2018-11-07T13:55:06+00:00","og_image":[{"width":1200,"height":630,"url":"https:\/\/kapitalis.com\/tunisie\/wp-content\/uploads\/2022\/05\/kapitalis-logo-fb.png","type":"image\/png"}],"author":"emna benabdallah","twitter_card":"summary_large_image","twitter_creator":"@KapitalisInfo","twitter_site":"@KapitalisInfo","twitter_misc":{"\u00c9crit par":"emna benabdallah","Dur\u00e9e de lecture estim\u00e9e":"1 minute"},"schema":{"@context":"https:\/\/schema.org","@graph":[{"@type":"Article","@id":"https:\/\/kapitalis.com\/tunisie\/2018\/11\/07\/aswat-nisaa-des-cas-dharcelement-sexuel-enregistres-pendant-les-jcc\/#article","isPartOf":{"@id":"https:\/\/kapitalis.com\/tunisie\/2018\/11\/07\/aswat-nisaa-des-cas-dharcelement-sexuel-enregistres-pendant-les-jcc\/"},"author":{"name":"emna benabdallah","@id":"https:\/\/kapitalis.com\/tunisie\/#\/schema\/person\/2c6e134b2f3369dffcd1daf5f087d28b"},"headline":"Aswat Nisaa : Des cas d&rsquo;harc\u00e8lement sexuel enregistr\u00e9s pendant les JCC","datePublished":"2018-11-07T13:55:06+00:00","mainEntityOfPage":{"@id":"https:\/\/kapitalis.com\/tunisie\/2018\/11\/07\/aswat-nisaa-des-cas-dharcelement-sexuel-enregistres-pendant-les-jcc\/"},"wordCount":197,"commentCount":1,"publisher":{"@id":"https:\/\/kapitalis.com\/tunisie\/#organization"},"image":{"@id":"https:\/\/kapitalis.com\/tunisie\/2018\/11\/07\/aswat-nisaa-des-cas-dharcelement-sexuel-enregistres-pendant-les-jcc\/#primaryimage"},"thumbnailUrl":"","keywords":["JCC","violence"],"articleSection":["SOCIETE","Tunisie"],"inLanguage":"fr-FR","potentialAction":[{"@type":"CommentAction","name":"Comment","target":["https:\/\/kapitalis.com\/tunisie\/2018\/11\/07\/aswat-nisaa-des-cas-dharcelement-sexuel-enregistres-pendant-les-jcc\/#respond"]}]},{"@type":"WebPage","@id":"https:\/\/kapitalis.com\/tunisie\/2018\/11\/07\/aswat-nisaa-des-cas-dharcelement-sexuel-enregistres-pendant-les-jcc\/","url":"https:\/\/kapitalis.com\/tunisie\/2018\/11\/07\/aswat-nisaa-des-cas-dharcelement-sexuel-enregistres-pendant-les-jcc\/","name":"Aswat Nisaa : Des cas d'harc\u00e8lement sexuel enregistr\u00e9s pendant les JCC - Kapitalis","isPartOf":{"@id":"https:\/\/kapitalis.com\/tunisie\/#website"},"primaryImageOfPage":{"@id":"https:\/\/kapitalis.com\/tunisie\/2018\/11\/07\/aswat-nisaa-des-cas-dharcelement-sexuel-enregistres-pendant-les-jcc\/#primaryimage"},"image":{"@id":"https:\/\/kapitalis.com\/tunisie\/2018\/11\/07\/aswat-nisaa-des-cas-dharcelement-sexuel-enregistres-pendant-les-jcc\/#primaryimage"},"thumbnailUrl":"","datePublished":"2018-11-07T13:55:06+00:00","breadcrumb":{"@id":"https:\/\/kapitalis.com\/tunisie\/2018\/11\/07\/aswat-nisaa-des-cas-dharcelement-sexuel-enregistres-pendant-les-jcc\/#breadcrumb"},"inLanguage":"fr-FR","potentialAction":[{"@type":"ReadAction","target":["https:\/\/kapitalis.com\/tunisie\/2018\/11\/07\/aswat-nisaa-des-cas-dharcelement-sexuel-enregistres-pendant-les-jcc\/"]}]},{"@type":"ImageObject","inLanguage":"fr-FR","@id":"https:\/\/kapitalis.com\/tunisie\/2018\/11\/07\/aswat-nisaa-des-cas-dharcelement-sexuel-enregistres-pendant-les-jcc\/#primaryimage","url":"","contentUrl":""},{"@type":"BreadcrumbList","@id":"https:\/\/kapitalis.com\/tunisie\/2018\/11\/07\/aswat-nisaa-des-cas-dharcelement-sexuel-enregistres-pendant-les-jcc\/#breadcrumb","itemListElement":[{"@type":"ListItem","position":1,"name":"Accueil","item":"https:\/\/kapitalis.com\/tunisie\/"},{"@type":"ListItem","position":2,"name":"Aswat Nisaa : Des cas d&rsquo;harc\u00e8lement sexuel enregistr\u00e9s pendant les JCC"}]},{"@type":"WebSite","@id":"https:\/\/kapitalis.com\/tunisie\/#website","url":"https:\/\/kapitalis.com\/tunisie\/","name":"Kapitalis","description":"L&#039;actualit\u00e9 en Tunisie et dans le monde","publisher":{"@id":"https:\/\/kapitalis.com\/tunisie\/#organization"},"potentialAction":[{"@type":"SearchAction","target":{"@type":"EntryPoint","urlTemplate":"https:\/\/kapitalis.com\/tunisie\/?s={search_term_string}"},"query-input":{"@type":"PropertyValueSpecification","valueRequired":true,"valueName":"search_term_string"}}],"inLanguage":"fr-FR"},{"@type":"Organization","@id":"https:\/\/kapitalis.com\/tunisie\/#organization","name":"Kapitalis","url":"https:\/\/kapitalis.com\/tunisie\/","logo":{"@type":"ImageObject","inLanguage":"fr-FR","@id":"https:\/\/kapitalis.com\/tunisie\/#\/schema\/logo\/image\/","url":"https:\/\/kapitalis.com\/tunisie\/wp-content\/uploads\/2022\/05\/Kapitalis-big-size.png","contentUrl":"https:\/\/kapitalis.com\/tunisie\/wp-content\/uploads\/2022\/05\/Kapitalis-big-size.png","width":5000,"height":1500,"caption":"Kapitalis"},"image":{"@id":"https:\/\/kapitalis.com\/tunisie\/#\/schema\/logo\/image\/"},"sameAs":["https:\/\/www.facebook.com\/KapitalisInfo\/","https:\/\/x.com\/KapitalisInfo","https:\/\/www.youtube.com\/channel\/UC-yDYrHyfFBWWZaOw3FPg9Q"]},{"@type":"Person","@id":"https:\/\/kapitalis.com\/tunisie\/#\/schema\/person\/2c6e134b2f3369dffcd1daf5f087d28b","name":"emna benabdallah","url":"https:\/\/kapitalis.com\/tunisie\/author\/emna\/"}]}},"_links":{"self":[{"href":"https:\/\/kapitalis.com\/tunisie\/wp-json\/wp\/v2\/posts\/182662","targetHints":{"allow":["GET"]}}],"collection":[{"href":"https:\/\/kapitalis.com\/tunisie\/wp-json\/wp\/v2\/posts"}],"about":[{"href":"https:\/\/kapitalis.com\/tunisie\/wp-json\/wp\/v2\/types\/post"}],"author":[{"embeddable":true,"href":"https:\/\/kapitalis.com\/tunisie\/wp-json\/wp\/v2\/users\/16"}],"replies":[{"embeddable":true,"href":"https:\/\/kapitalis.com\/tunisie\/wp-json\/wp\/v2\/comments?post=182662"}],"version-history":[{"count":0,"href":"https:\/\/kapitalis.com\/tunisie\/wp-json\/wp\/v2\/posts\/182662\/revisions"}],"wp:featuredmedia":[{"embeddable":true,"href":"https:\/\/kapitalis.com\/tunisie\/wp-json\/wp\/v2\/media\/182665"}],"wp:attachment":[{"href":"https:\/\/kapitalis.com\/tunisie\/wp-json\/wp\/v2\/media?parent=182662"}],"wp:term":[{"taxonomy":"category","embeddable":true,"href":"https:\/\/kapitalis.com\/tunisie\/wp-json\/wp\/v2\/categories?post=182662"},{"taxonomy":"post_tag","embeddable":true,"href":"https:\/\/kapitalis.com\/tunisie\/wp-json\/wp\/v2\/tags?post=182662"}],"curies":[{"name":"wp","href":"https:\/\/api.w.org\/{rel}","templated":true}]}}