{"id":182731,"date":"2018-11-07T17:25:57","date_gmt":"2018-11-07T16:25:57","guid":{"rendered":"http:\/\/kapitalis.com\/tunisie\/?p=182731"},"modified":"2018-11-07T17:25:57","modified_gmt":"2018-11-07T16:25:57","slug":"finale-de-la-ligue-des-champions-la-caf-leve-la-sanction-sur-les-virages","status":"publish","type":"post","link":"https:\/\/kapitalis.com\/tunisie\/2018\/11\/07\/finale-de-la-ligue-des-champions-la-caf-leve-la-sanction-sur-les-virages\/","title":{"rendered":"Finale de la ligue des champions : La CAF l\u00e8ve la sanction sur les virages"},"content":{"rendered":"<p style=\"text-align: center;\"><img loading=\"lazy\" decoding=\"async\" class=\"alignnone size-full wp-image-97070\" src=\"http:\/\/kapitalis.com\/tunisie\/wp-content\/uploads\/2017\/05\/Esp\u00e9rance-Champion-Tunisie.jpg\" alt=\"\" width=\"626\" height=\"380\" \/><\/p>\n<p><em><strong>La Conf\u00e9d\u00e9ration africaine de football (CAF) a donn\u00e9 aujourd\u2019hui, mercredi 7 novembre 2018, une suite favorable \u00e0 la requ\u00eate de l\u2019Esp\u00e9rance sportive de Tunis (EST) demandant la lev\u00e9e de la sanction de l\u2019un des virages du stade de Rad\u00e8s.<\/strong><\/em><\/p>\n<p><!--more--><\/p>\n<p>Ainsi et suite \u00e0 cette bonne nouvelle, l\u2019Esp\u00e9rance pourra disposer de la capacit\u00e9 maximale de l\u2019ar\u00e8ne de ce stade, soit 60.000 spectateurs, lors de la finale-retour de la Ligue des champions contre Al Ahly, apr\u00e8s-demain, vendredi 9 novembre.<\/p>\n<p>L\u2019EST a retard\u00e9 la mise en circulation des billets de cette finale-retour en attendant l\u2019autorisation de la CAF.<\/p>\n<p>La CAF avait impos\u00e9 \u00e0 l&rsquo;Esp\u00e9rance la fermeture des virages du stade de Rades suite aux incidents ayant \u00e9maill\u00e9 la demi finale-retour contre Premeiro de Augusto.<\/p>\n<p style=\"text-align: right;\"><strong>H. M.<\/strong><\/p>\n<blockquote class=\"wp-embedded-content\" data-secret=\"EuCz0HqmCD\"><p><a href=\"https:\/\/kapitalis.com\/tunisie\/2018\/11\/07\/ligue-des-champions-lesperance-retarde-la-vente-des-billets\/\">Ligue des champions : L\u2019Esp\u00e9rance retarde la vente des billets<\/a><\/p><\/blockquote>\n<p><iframe loading=\"lazy\" class=\"wp-embedded-content\" sandbox=\"allow-scripts\" security=\"restricted\" style=\"position: absolute; clip: rect(1px, 1px, 1px, 1px);\" title=\"\u00ab\u00a0Ligue des champions : L\u2019Esp\u00e9rance retarde la vente des billets\u00a0\u00bb &#8212; Kapitalis\" src=\"https:\/\/kapitalis.com\/tunisie\/2018\/11\/07\/ligue-des-champions-lesperance-retarde-la-vente-des-billets\/embed\/#?secret=CzJluCLqVo#?secret=EuCz0HqmCD\" data-secret=\"EuCz0HqmCD\" width=\"600\" height=\"338\" frameborder=\"0\" marginwidth=\"0\" marginheight=\"0\" scrolling=\"no\"><\/iframe><\/p>\n<blockquote class=\"wp-embedded-content\" data-secret=\"5tTcsvuczc\"><p><a href=\"https:\/\/kapitalis.com\/tunisie\/2018\/11\/07\/football-le-nouveau-reve-de-mondial-danice-badri\/\">Esp\u00e9rance de Tunis : Le nouveau r\u00eave de mondial d\u2019Anice Badri<\/a><\/p><\/blockquote>\n<p><iframe loading=\"lazy\" class=\"wp-embedded-content\" sandbox=\"allow-scripts\" security=\"restricted\" style=\"position: absolute; clip: rect(1px, 1px, 1px, 1px);\" title=\"\u00ab\u00a0Esp\u00e9rance de Tunis : Le nouveau r\u00eave de mondial d\u2019Anice Badri\u00a0\u00bb &#8212; Kapitalis\" src=\"https:\/\/kapitalis.com\/tunisie\/2018\/11\/07\/football-le-nouveau-reve-de-mondial-danice-badri\/embed\/#?secret=CWMbpR05xC#?secret=5tTcsvuczc\" data-secret=\"5tTcsvuczc\" width=\"600\" height=\"338\" frameborder=\"0\" marginwidth=\"0\" marginheight=\"0\" scrolling=\"no\"><\/iframe><\/p>\n<blockquote class=\"wp-embedded-content\" data-secret=\"XAdlJFWpYL\"><p><a href=\"https:\/\/kapitalis.com\/tunisie\/2018\/11\/06\/esperance-feu-vert-pour-haythem-jouini-et-ayman-ben-mohamed\/\">Esp\u00e9rance : Feu vert pour Haythem Jouini et Ayman Ben Mohamed<\/a><\/p><\/blockquote>\n<p><iframe loading=\"lazy\" class=\"wp-embedded-content\" sandbox=\"allow-scripts\" security=\"restricted\" style=\"position: absolute; clip: rect(1px, 1px, 1px, 1px);\" title=\"\u00ab\u00a0Esp\u00e9rance : Feu vert pour Haythem Jouini et Ayman Ben Mohamed\u00a0\u00bb &#8212; Kapitalis\" src=\"https:\/\/kapitalis.com\/tunisie\/2018\/11\/06\/esperance-feu-vert-pour-haythem-jouini-et-ayman-ben-mohamed\/embed\/#?secret=GzNzIS6kXQ#?secret=XAdlJFWpYL\" data-secret=\"XAdlJFWpYL\" width=\"600\" height=\"338\" frameborder=\"0\" marginwidth=\"0\" marginheight=\"0\" scrolling=\"no\"><\/iframe><\/p>\n","protected":false},"excerpt":{"rendered":"<p>La Conf\u00e9d\u00e9ration africaine de football (CAF) a donn\u00e9 aujourd\u2019hui, mercredi 7 novembre 2018, une suite favorable \u00e0 la requ\u00eate de l\u2019Esp\u00e9rance sportive de Tunis (EST) demandant la lev\u00e9e de la sanction de l\u2019un des virages du stade de Rad\u00e8s.<\/p>\n","protected":false},"author":8,"featured_media":0,"comment_status":"open","ping_status":"open","sticky":false,"template":"","format":"standard","meta":{"footnotes":""},"categories":[999,2433],"tags":[58,176,9018,3261,30028,7597],"class_list":["post-182731","post","type-post","status-publish","format-standard","hentry","category-sport","category-tunisie","tag-al-ahly","tag-caf","tag-confederation-africaine-de-football","tag-esperance-sportive-de-tunis","tag-ligue-des-champions","tag-stade-de-rades"],"yoast_head":"<!-- This site is optimized with the Yoast SEO plugin v26.6 - https:\/\/yoast.com\/wordpress\/plugins\/seo\/ -->\n<title>Finale de la ligue des champions : La CAF l\u00e8ve la sanction sur les virages - Kapitalis<\/title>\n<meta name=\"robots\" content=\"index, follow, max-snippet:-1, max-image-preview:large, max-video-preview:-1\" \/>\n<link rel=\"canonical\" href=\"https:\/\/kapitalis.com\/tunisie\/2018\/11\/07\/finale-de-la-ligue-des-champions-la-caf-leve-la-sanction-sur-les-virages\/\" \/>\n<meta property=\"og:locale\" content=\"fr_FR\" \/>\n<meta property=\"og:type\" content=\"article\" \/>\n<meta property=\"og:title\" content=\"Finale de la ligue des champions : La CAF l\u00e8ve la sanction sur les virages - Kapitalis\" \/>\n<meta property=\"og:description\" content=\"La Conf\u00e9d\u00e9ration africaine de football (CAF) a donn\u00e9 aujourd\u2019hui, mercredi 7 novembre 2018, une suite favorable \u00e0 la requ\u00eate de l\u2019Esp\u00e9rance sportive de Tunis (EST) demandant la lev\u00e9e de la sanction de l\u2019un des virages du stade de Rad\u00e8s.\" \/>\n<meta property=\"og:url\" content=\"https:\/\/kapitalis.com\/tunisie\/2018\/11\/07\/finale-de-la-ligue-des-champions-la-caf-leve-la-sanction-sur-les-virages\/\" \/>\n<meta property=\"og:site_name\" content=\"Kapitalis\" \/>\n<meta property=\"article:publisher\" content=\"https:\/\/www.facebook.com\/KapitalisInfo\/\" \/>\n<meta property=\"article:published_time\" content=\"2018-11-07T16:25:57+00:00\" \/>\n<meta property=\"og:image\" content=\"https:\/\/kapitalis.com\/tunisie\/wp-content\/uploads\/2022\/05\/kapitalis-logo-fb.png\" \/>\n\t<meta property=\"og:image:width\" content=\"1200\" \/>\n\t<meta property=\"og:image:height\" content=\"630\" \/>\n\t<meta property=\"og:image:type\" content=\"image\/png\" \/>\n<meta name=\"author\" content=\"webmaster kapitalis\" \/>\n<meta name=\"twitter:card\" content=\"summary_large_image\" \/>\n<meta name=\"twitter:creator\" content=\"@KapitalisInfo\" \/>\n<meta name=\"twitter:site\" content=\"@KapitalisInfo\" \/>\n<meta name=\"twitter:label1\" content=\"\u00c9crit par\" \/>\n\t<meta name=\"twitter:data1\" content=\"webmaster kapitalis\" \/>\n\t<meta name=\"twitter:label2\" content=\"Dur\u00e9e de lecture estim\u00e9e\" \/>\n\t<meta name=\"twitter:data2\" content=\"1 minute\" \/>\n<script type=\"application\/ld+json\" class=\"yoast-schema-graph\">{\"@context\":\"https:\/\/schema.org\",\"@graph\":[{\"@type\":\"Article\",\"@id\":\"https:\/\/kapitalis.com\/tunisie\/2018\/11\/07\/finale-de-la-ligue-des-champions-la-caf-leve-la-sanction-sur-les-virages\/#article\",\"isPartOf\":{\"@id\":\"https:\/\/kapitalis.com\/tunisie\/2018\/11\/07\/finale-de-la-ligue-des-champions-la-caf-leve-la-sanction-sur-les-virages\/\"},\"author\":{\"name\":\"webmaster kapitalis\",\"@id\":\"https:\/\/kapitalis.com\/tunisie\/#\/schema\/person\/d71f33a9ca44f7bad4698210b480c8e9\"},\"headline\":\"Finale de la ligue des champions : La CAF l\u00e8ve la sanction sur les virages\",\"datePublished\":\"2018-11-07T16:25:57+00:00\",\"mainEntityOfPage\":{\"@id\":\"https:\/\/kapitalis.com\/tunisie\/2018\/11\/07\/finale-de-la-ligue-des-champions-la-caf-leve-la-sanction-sur-les-virages\/\"},\"wordCount\":163,\"commentCount\":1,\"publisher\":{\"@id\":\"https:\/\/kapitalis.com\/tunisie\/#organization\"},\"keywords\":[\"Al-Ahly\",\"CAF\",\"Conf\u00e9d\u00e9ration africaine de football\",\"Esp\u00e9rance sportive de Tunis\",\"Ligue des champions\",\"stade de Rades\"],\"articleSection\":[\"SPORT\",\"Tunisie\"],\"inLanguage\":\"fr-FR\",\"potentialAction\":[{\"@type\":\"CommentAction\",\"name\":\"Comment\",\"target\":[\"https:\/\/kapitalis.com\/tunisie\/2018\/11\/07\/finale-de-la-ligue-des-champions-la-caf-leve-la-sanction-sur-les-virages\/#respond\"]}]},{\"@type\":\"WebPage\",\"@id\":\"https:\/\/kapitalis.com\/tunisie\/2018\/11\/07\/finale-de-la-ligue-des-champions-la-caf-leve-la-sanction-sur-les-virages\/\",\"url\":\"https:\/\/kapitalis.com\/tunisie\/2018\/11\/07\/finale-de-la-ligue-des-champions-la-caf-leve-la-sanction-sur-les-virages\/\",\"name\":\"Finale de la ligue des champions : La CAF l\u00e8ve la sanction sur les virages - Kapitalis\",\"isPartOf\":{\"@id\":\"https:\/\/kapitalis.com\/tunisie\/#website\"},\"datePublished\":\"2018-11-07T16:25:57+00:00\",\"breadcrumb\":{\"@id\":\"https:\/\/kapitalis.com\/tunisie\/2018\/11\/07\/finale-de-la-ligue-des-champions-la-caf-leve-la-sanction-sur-les-virages\/#breadcrumb\"},\"inLanguage\":\"fr-FR\",\"potentialAction\":[{\"@type\":\"ReadAction\",\"target\":[\"https:\/\/kapitalis.com\/tunisie\/2018\/11\/07\/finale-de-la-ligue-des-champions-la-caf-leve-la-sanction-sur-les-virages\/\"]}]},{\"@type\":\"BreadcrumbList\",\"@id\":\"https:\/\/kapitalis.com\/tunisie\/2018\/11\/07\/finale-de-la-ligue-des-champions-la-caf-leve-la-sanction-sur-les-virages\/#breadcrumb\",\"itemListElement\":[{\"@type\":\"ListItem\",\"position\":1,\"name\":\"Accueil\",\"item\":\"https:\/\/kapitalis.com\/tunisie\/\"},{\"@type\":\"ListItem\",\"position\":2,\"name\":\"Finale de la ligue des champions : La CAF l\u00e8ve la sanction sur les virages\"}]},{\"@type\":\"WebSite\",\"@id\":\"https:\/\/kapitalis.com\/tunisie\/#website\",\"url\":\"https:\/\/kapitalis.com\/tunisie\/\",\"name\":\"Kapitalis\",\"description\":\"L&#039;actualit\u00e9 en Tunisie et dans le monde\",\"publisher\":{\"@id\":\"https:\/\/kapitalis.com\/tunisie\/#organization\"},\"potentialAction\":[{\"@type\":\"SearchAction\",\"target\":{\"@type\":\"EntryPoint\",\"urlTemplate\":\"https:\/\/kapitalis.com\/tunisie\/?s={search_term_string}\"},\"query-input\":{\"@type\":\"PropertyValueSpecification\",\"valueRequired\":true,\"valueName\":\"search_term_string\"}}],\"inLanguage\":\"fr-FR\"},{\"@type\":\"Organization\",\"@id\":\"https:\/\/kapitalis.com\/tunisie\/#organization\",\"name\":\"Kapitalis\",\"url\":\"https:\/\/kapitalis.com\/tunisie\/\",\"logo\":{\"@type\":\"ImageObject\",\"inLanguage\":\"fr-FR\",\"@id\":\"https:\/\/kapitalis.com\/tunisie\/#\/schema\/logo\/image\/\",\"url\":\"https:\/\/kapitalis.com\/tunisie\/wp-content\/uploads\/2022\/05\/Kapitalis-big-size.png\",\"contentUrl\":\"https:\/\/kapitalis.com\/tunisie\/wp-content\/uploads\/2022\/05\/Kapitalis-big-size.png\",\"width\":5000,\"height\":1500,\"caption\":\"Kapitalis\"},\"image\":{\"@id\":\"https:\/\/kapitalis.com\/tunisie\/#\/schema\/logo\/image\/\"},\"sameAs\":[\"https:\/\/www.facebook.com\/KapitalisInfo\/\",\"https:\/\/x.com\/KapitalisInfo\",\"https:\/\/www.youtube.com\/channel\/UC-yDYrHyfFBWWZaOw3FPg9Q\"]},{\"@type\":\"Person\",\"@id\":\"https:\/\/kapitalis.com\/tunisie\/#\/schema\/person\/d71f33a9ca44f7bad4698210b480c8e9\",\"name\":\"webmaster kapitalis\",\"url\":\"https:\/\/kapitalis.com\/tunisie\/author\/webmaster-kapitalis\/\"}]}<\/script>\n<!-- \/ Yoast SEO plugin. -->","yoast_head_json":{"title":"Finale de la ligue des champions : La CAF l\u00e8ve la sanction sur les virages - Kapitalis","robots":{"index":"index","follow":"follow","max-snippet":"max-snippet:-1","max-image-preview":"max-image-preview:large","max-video-preview":"max-video-preview:-1"},"canonical":"https:\/\/kapitalis.com\/tunisie\/2018\/11\/07\/finale-de-la-ligue-des-champions-la-caf-leve-la-sanction-sur-les-virages\/","og_locale":"fr_FR","og_type":"article","og_title":"Finale de la ligue des champions : La CAF l\u00e8ve la sanction sur les virages - Kapitalis","og_description":"La Conf\u00e9d\u00e9ration africaine de football (CAF) a donn\u00e9 aujourd\u2019hui, mercredi 7 novembre 2018, une suite favorable \u00e0 la requ\u00eate de l\u2019Esp\u00e9rance sportive de Tunis (EST) demandant la lev\u00e9e de la sanction de l\u2019un des virages du stade de Rad\u00e8s.","og_url":"https:\/\/kapitalis.com\/tunisie\/2018\/11\/07\/finale-de-la-ligue-des-champions-la-caf-leve-la-sanction-sur-les-virages\/","og_site_name":"Kapitalis","article_publisher":"https:\/\/www.facebook.com\/KapitalisInfo\/","article_published_time":"2018-11-07T16:25:57+00:00","og_image":[{"width":1200,"height":630,"url":"https:\/\/kapitalis.com\/tunisie\/wp-content\/uploads\/2022\/05\/kapitalis-logo-fb.png","type":"image\/png"}],"author":"webmaster kapitalis","twitter_card":"summary_large_image","twitter_creator":"@KapitalisInfo","twitter_site":"@KapitalisInfo","twitter_misc":{"\u00c9crit par":"webmaster kapitalis","Dur\u00e9e de lecture estim\u00e9e":"1 minute"},"schema":{"@context":"https:\/\/schema.org","@graph":[{"@type":"Article","@id":"https:\/\/kapitalis.com\/tunisie\/2018\/11\/07\/finale-de-la-ligue-des-champions-la-caf-leve-la-sanction-sur-les-virages\/#article","isPartOf":{"@id":"https:\/\/kapitalis.com\/tunisie\/2018\/11\/07\/finale-de-la-ligue-des-champions-la-caf-leve-la-sanction-sur-les-virages\/"},"author":{"name":"webmaster kapitalis","@id":"https:\/\/kapitalis.com\/tunisie\/#\/schema\/person\/d71f33a9ca44f7bad4698210b480c8e9"},"headline":"Finale de la ligue des champions : La CAF l\u00e8ve la sanction sur les virages","datePublished":"2018-11-07T16:25:57+00:00","mainEntityOfPage":{"@id":"https:\/\/kapitalis.com\/tunisie\/2018\/11\/07\/finale-de-la-ligue-des-champions-la-caf-leve-la-sanction-sur-les-virages\/"},"wordCount":163,"commentCount":1,"publisher":{"@id":"https:\/\/kapitalis.com\/tunisie\/#organization"},"keywords":["Al-Ahly","CAF","Conf\u00e9d\u00e9ration africaine de football","Esp\u00e9rance sportive de Tunis","Ligue des champions","stade de Rades"],"articleSection":["SPORT","Tunisie"],"inLanguage":"fr-FR","potentialAction":[{"@type":"CommentAction","name":"Comment","target":["https:\/\/kapitalis.com\/tunisie\/2018\/11\/07\/finale-de-la-ligue-des-champions-la-caf-leve-la-sanction-sur-les-virages\/#respond"]}]},{"@type":"WebPage","@id":"https:\/\/kapitalis.com\/tunisie\/2018\/11\/07\/finale-de-la-ligue-des-champions-la-caf-leve-la-sanction-sur-les-virages\/","url":"https:\/\/kapitalis.com\/tunisie\/2018\/11\/07\/finale-de-la-ligue-des-champions-la-caf-leve-la-sanction-sur-les-virages\/","name":"Finale de la ligue des champions : La CAF l\u00e8ve la sanction sur les virages - Kapitalis","isPartOf":{"@id":"https:\/\/kapitalis.com\/tunisie\/#website"},"datePublished":"2018-11-07T16:25:57+00:00","breadcrumb":{"@id":"https:\/\/kapitalis.com\/tunisie\/2018\/11\/07\/finale-de-la-ligue-des-champions-la-caf-leve-la-sanction-sur-les-virages\/#breadcrumb"},"inLanguage":"fr-FR","potentialAction":[{"@type":"ReadAction","target":["https:\/\/kapitalis.com\/tunisie\/2018\/11\/07\/finale-de-la-ligue-des-champions-la-caf-leve-la-sanction-sur-les-virages\/"]}]},{"@type":"BreadcrumbList","@id":"https:\/\/kapitalis.com\/tunisie\/2018\/11\/07\/finale-de-la-ligue-des-champions-la-caf-leve-la-sanction-sur-les-virages\/#breadcrumb","itemListElement":[{"@type":"ListItem","position":1,"name":"Accueil","item":"https:\/\/kapitalis.com\/tunisie\/"},{"@type":"ListItem","position":2,"name":"Finale de la ligue des champions : La CAF l\u00e8ve la sanction sur les virages"}]},{"@type":"WebSite","@id":"https:\/\/kapitalis.com\/tunisie\/#website","url":"https:\/\/kapitalis.com\/tunisie\/","name":"Kapitalis","description":"L&#039;actualit\u00e9 en Tunisie et dans le monde","publisher":{"@id":"https:\/\/kapitalis.com\/tunisie\/#organization"},"potentialAction":[{"@type":"SearchAction","target":{"@type":"EntryPoint","urlTemplate":"https:\/\/kapitalis.com\/tunisie\/?s={search_term_string}"},"query-input":{"@type":"PropertyValueSpecification","valueRequired":true,"valueName":"search_term_string"}}],"inLanguage":"fr-FR"},{"@type":"Organization","@id":"https:\/\/kapitalis.com\/tunisie\/#organization","name":"Kapitalis","url":"https:\/\/kapitalis.com\/tunisie\/","logo":{"@type":"ImageObject","inLanguage":"fr-FR","@id":"https:\/\/kapitalis.com\/tunisie\/#\/schema\/logo\/image\/","url":"https:\/\/kapitalis.com\/tunisie\/wp-content\/uploads\/2022\/05\/Kapitalis-big-size.png","contentUrl":"https:\/\/kapitalis.com\/tunisie\/wp-content\/uploads\/2022\/05\/Kapitalis-big-size.png","width":5000,"height":1500,"caption":"Kapitalis"},"image":{"@id":"https:\/\/kapitalis.com\/tunisie\/#\/schema\/logo\/image\/"},"sameAs":["https:\/\/www.facebook.com\/KapitalisInfo\/","https:\/\/x.com\/KapitalisInfo","https:\/\/www.youtube.com\/channel\/UC-yDYrHyfFBWWZaOw3FPg9Q"]},{"@type":"Person","@id":"https:\/\/kapitalis.com\/tunisie\/#\/schema\/person\/d71f33a9ca44f7bad4698210b480c8e9","name":"webmaster kapitalis","url":"https:\/\/kapitalis.com\/tunisie\/author\/webmaster-kapitalis\/"}]}},"_links":{"self":[{"href":"https:\/\/kapitalis.com\/tunisie\/wp-json\/wp\/v2\/posts\/182731","targetHints":{"allow":["GET"]}}],"collection":[{"href":"https:\/\/kapitalis.com\/tunisie\/wp-json\/wp\/v2\/posts"}],"about":[{"href":"https:\/\/kapitalis.com\/tunisie\/wp-json\/wp\/v2\/types\/post"}],"author":[{"embeddable":true,"href":"https:\/\/kapitalis.com\/tunisie\/wp-json\/wp\/v2\/users\/8"}],"replies":[{"embeddable":true,"href":"https:\/\/kapitalis.com\/tunisie\/wp-json\/wp\/v2\/comments?post=182731"}],"version-history":[{"count":0,"href":"https:\/\/kapitalis.com\/tunisie\/wp-json\/wp\/v2\/posts\/182731\/revisions"}],"wp:attachment":[{"href":"https:\/\/kapitalis.com\/tunisie\/wp-json\/wp\/v2\/media?parent=182731"}],"wp:term":[{"taxonomy":"category","embeddable":true,"href":"https:\/\/kapitalis.com\/tunisie\/wp-json\/wp\/v2\/categories?post=182731"},{"taxonomy":"post_tag","embeddable":true,"href":"https:\/\/kapitalis.com\/tunisie\/wp-json\/wp\/v2\/tags?post=182731"}],"curies":[{"name":"wp","href":"https:\/\/api.w.org\/{rel}","templated":true}]}}