{"id":182928,"date":"2018-11-08T16:31:19","date_gmt":"2018-11-08T15:31:19","guid":{"rendered":"http:\/\/kapitalis.com\/tunisie\/?p=182928"},"modified":"2018-11-08T17:50:43","modified_gmt":"2018-11-08T16:50:43","slug":"union-internationale-des-savants-musulmans-un-marocain-succede-a-qaradawi","status":"publish","type":"post","link":"https:\/\/kapitalis.com\/tunisie\/2018\/11\/08\/union-internationale-des-savants-musulmans-un-marocain-succede-a-qaradawi\/","title":{"rendered":"Union internationale des savants musulmans : Un Marocain succ\u00e8de \u00e0 Qaradawi"},"content":{"rendered":"<p style=\"text-align: center;\"><img loading=\"lazy\" decoding=\"async\" class=\"alignnone size-full wp-image-182930\" src=\"http:\/\/kapitalis.com\/tunisie\/wp-content\/uploads\/2018\/11\/Youssef-Al-Qaradawi-Ahmed-Raissouni.jpg\" alt=\"\" width=\"626\" height=\"380\" \/><\/p>\n<p style=\"text-align: center;\"><em>Youssef Al-Qaradawi\/Ahmed Raissouni.<\/em><\/p>\n<p><em><strong>C\u2019est le Marocain Ahmed Ra\u00efssouni qui a succ\u00e9d\u00e9 \u00e0 Youssef Al-Qaradawi \u00e0 la t\u00eate de l\u2019Union internationale des savants musulmans, et non le Tunisien Rached Ghannouchi, comme attendu dans certains cercles islamistes.<\/strong> <\/em><\/p>\n<p>Par\u00a0<strong>Imed Bahri<\/strong><\/p>\n<p><!--more--><\/p>\n<p>N\u00e9 en 1953 pr\u00e8s de Larache, Ahmed Ra\u00efssouni est le chef du Mouvement de l\u2019unicit\u00e9 et de la r\u00e9forme jusqu\u2019au printemps 2003. Il \u00e9tait consid\u00e9r\u00e9 comme l&rsquo;un des id\u00e9ologues du MUR\/PJD et l\u2019un des plus brillants th\u00e9ologiens marocains.<\/p>\n<p>L\u2019Union internationale des savants musulmans, The International Union of Muslim Scholars (\u0644\u0627\u062a\u062d\u0627\u062f \u0627\u0644\u0639\u0627\u0644\u0645\u064a \u0644\u0639\u0644\u0645\u0627\u0621 \u0627\u0644\u0645\u0633\u0644\u0645\u064a\u0646), dont le si\u00e8ge est \u00e0 Doha et financ\u00e9e par le tr\u00e8s riche \u00e9mirat gazier du Qatar, est une succursale de l\u2019Organisation internationale des Fr\u00e8res Musulmans.<\/p>\n<p>Sous couvert d\u2019organisation savante \u00e0 caract\u00e8re religieux, cette derni\u00e8re v\u00e9hicule les id\u00e9es des Fr\u00e8res Musulmans et leur conception id\u00e9ologis\u00e9e et politis\u00e9e de l\u2019islam. Rappelons que l\u2019ann\u00e9e derni\u00e8re, des rumeurs ont fait \u00e9cho que Rached Ghannouchi allait succ\u00e9der \u00e0 Al-Qaradawi \u00e0 la t\u00eate de cette organisation \u00e0 laquelle le pr\u00e9sident du parti Ennahdha appartient et aux r\u00e9unions de laquelle il assiste r\u00e9guli\u00e8rement, information que le leader islamiste tunisien a d\u00e9mentie.<\/p>\n<p>Le d\u00e9sormais cravat\u00e9 pr\u00e9f\u00e8re jouer au \u00abmusulman d\u00e9mocrate\u00bb et non \u00e0 \u00abl\u2019islamiste\u00bb comme il dit pr\u00e9f\u00e9rant draguer les Occidentaux que diriger ce puissant lobby islamiste ce qui dynamiterait sa strat\u00e9gie de s\u00e9paration entre la pr\u00e9dication religieuse et l&rsquo;action politique.<\/p>\n<p>The International Union of Muslim Scholars (succursale des Fr\u00e8res Musulmans) a un bureau tr\u00e8s actif \u00e0 Tunis, avenue Kheireddine Pacha \u00e0 proximit\u00e9 du si\u00e8ge d\u2019Ennahdha.<\/p>\n<p style=\"text-align: center;\"><img loading=\"lazy\" decoding=\"async\" class=\"alignnone size-full wp-image-182931\" src=\"http:\/\/kapitalis.com\/tunisie\/wp-content\/uploads\/2018\/11\/Ghannouchi-Al-Qaradawi.jpg\" alt=\"\" width=\"500\" height=\"300\" \/><\/p>\n<p style=\"text-align: center;\"><em>Ghannouchi \u00e9tait pressenti pour succ\u00e9der \u00e0 Al-Qaradawi, mais il a pr\u00e9f\u00e9r\u00e9 rester s&rsquo;amuser en Tunisie.\u00a0<\/em><\/p>\n<p>L\u2019organisation tentaculaire a \u00e9t\u00e9 fond\u00e9e en 2004 \u00e0 Doha et pr\u00e9sid\u00e9e par le pr\u00e9dicateur \u00e9gypto-qatari Youssef Al-Qaradawi. \u00c0 l\u2019instar d&rsquo;Al-Jazeera sur le plan m\u00e9diatique, cette organisation est un pilier du soft power qatari dans le monde musulman et en Occident afin d\u2019y influer sur la diaspora musulmane en Europe et en Am\u00e9rique du Nord.<\/p>\n<p>Personnage cl\u00e9 des Fr\u00e8res Musulmans, la confr\u00e9rie fond\u00e9e par Hassan Al Banna en 1926, les liens d\u2019Al-Qaradawi avec l&rsquo;\u00e9mirat gazier du Qatar dont il poss\u00e8de la nationalit\u00e9 sont anciens, il a \u00e9t\u00e9 le fondateur et doyen de la premi\u00e8re Universit\u00e9 des \u00e9tudes et sciences islamiques au Qatar en 1977.<\/p>\n<p style=\"text-align: right;\">\n","protected":false},"excerpt":{"rendered":"<p>Youssef Al-Qaradawi\/Ahmed Raissouni. C\u2019est le Marocain Ahmed Ra\u00efssouni qui a succ\u00e9d\u00e9 \u00e0 Youssef Al-Qaradawi \u00e0 la t\u00eate de l\u2019Union internationale des savants musulmans, et non le Tunisien Rached Ghannouchi, comme attendu dans certains cercles islamistes. Par\u00a0Imed Bahri<\/p>\n","protected":false},"author":8,"featured_media":182930,"comment_status":"open","ping_status":"open","sticky":false,"template":"","format":"standard","meta":{"footnotes":""},"categories":[992,997,2433],"tags":[1859,756,35607,32490],"class_list":["post-182928","post","type-post","status-publish","format-standard","has-post-thumbnail","hentry","category-a-la-une","category-politique","category-tunisie","tag-freres-musulmans","tag-qatar","tag-union-internationale-des-savants-musulmans","tag-youssef-al-qaradawi"],"yoast_head":"<!-- This site is optimized with the Yoast SEO plugin v26.6 - https:\/\/yoast.com\/wordpress\/plugins\/seo\/ -->\n<title>Union internationale des savants musulmans : Un Marocain succ\u00e8de \u00e0 Qaradawi - Kapitalis<\/title>\n<meta name=\"robots\" content=\"index, follow, max-snippet:-1, max-image-preview:large, max-video-preview:-1\" \/>\n<link rel=\"canonical\" href=\"https:\/\/kapitalis.com\/tunisie\/2018\/11\/08\/union-internationale-des-savants-musulmans-un-marocain-succede-a-qaradawi\/\" \/>\n<meta property=\"og:locale\" content=\"fr_FR\" \/>\n<meta property=\"og:type\" content=\"article\" \/>\n<meta property=\"og:title\" content=\"Union internationale des savants musulmans : Un Marocain succ\u00e8de \u00e0 Qaradawi - Kapitalis\" \/>\n<meta property=\"og:description\" content=\"Youssef Al-Qaradawi\/Ahmed Raissouni. C\u2019est le Marocain Ahmed Ra\u00efssouni qui a succ\u00e9d\u00e9 \u00e0 Youssef Al-Qaradawi \u00e0 la t\u00eate de l\u2019Union internationale des savants musulmans, et non le Tunisien Rached Ghannouchi, comme attendu dans certains cercles islamistes. Par\u00a0Imed Bahri\" \/>\n<meta property=\"og:url\" content=\"https:\/\/kapitalis.com\/tunisie\/2018\/11\/08\/union-internationale-des-savants-musulmans-un-marocain-succede-a-qaradawi\/\" \/>\n<meta property=\"og:site_name\" content=\"Kapitalis\" \/>\n<meta property=\"article:publisher\" content=\"https:\/\/www.facebook.com\/KapitalisInfo\/\" \/>\n<meta property=\"article:published_time\" content=\"2018-11-08T15:31:19+00:00\" \/>\n<meta property=\"article:modified_time\" content=\"2018-11-08T16:50:43+00:00\" \/>\n<meta property=\"og:image\" content=\"https:\/\/kapitalis.com\/tunisie\/wp-content\/uploads\/2022\/05\/kapitalis-logo-fb.png\" \/>\n\t<meta property=\"og:image:width\" content=\"1200\" \/>\n\t<meta property=\"og:image:height\" content=\"630\" \/>\n\t<meta property=\"og:image:type\" content=\"image\/png\" \/>\n<meta name=\"author\" content=\"webmaster kapitalis\" \/>\n<meta name=\"twitter:card\" content=\"summary_large_image\" \/>\n<meta name=\"twitter:creator\" content=\"@KapitalisInfo\" \/>\n<meta name=\"twitter:site\" content=\"@KapitalisInfo\" \/>\n<meta name=\"twitter:label1\" content=\"\u00c9crit par\" \/>\n\t<meta name=\"twitter:data1\" content=\"webmaster kapitalis\" \/>\n\t<meta name=\"twitter:label2\" content=\"Dur\u00e9e de lecture estim\u00e9e\" \/>\n\t<meta name=\"twitter:data2\" content=\"2 minutes\" \/>\n<script type=\"application\/ld+json\" class=\"yoast-schema-graph\">{\"@context\":\"https:\/\/schema.org\",\"@graph\":[{\"@type\":\"Article\",\"@id\":\"https:\/\/kapitalis.com\/tunisie\/2018\/11\/08\/union-internationale-des-savants-musulmans-un-marocain-succede-a-qaradawi\/#article\",\"isPartOf\":{\"@id\":\"https:\/\/kapitalis.com\/tunisie\/2018\/11\/08\/union-internationale-des-savants-musulmans-un-marocain-succede-a-qaradawi\/\"},\"author\":{\"name\":\"webmaster kapitalis\",\"@id\":\"https:\/\/kapitalis.com\/tunisie\/#\/schema\/person\/d71f33a9ca44f7bad4698210b480c8e9\"},\"headline\":\"Union internationale des savants musulmans : Un Marocain succ\u00e8de \u00e0 Qaradawi\",\"datePublished\":\"2018-11-08T15:31:19+00:00\",\"dateModified\":\"2018-11-08T16:50:43+00:00\",\"mainEntityOfPage\":{\"@id\":\"https:\/\/kapitalis.com\/tunisie\/2018\/11\/08\/union-internationale-des-savants-musulmans-un-marocain-succede-a-qaradawi\/\"},\"wordCount\":430,\"commentCount\":25,\"publisher\":{\"@id\":\"https:\/\/kapitalis.com\/tunisie\/#organization\"},\"image\":{\"@id\":\"https:\/\/kapitalis.com\/tunisie\/2018\/11\/08\/union-internationale-des-savants-musulmans-un-marocain-succede-a-qaradawi\/#primaryimage\"},\"thumbnailUrl\":\"\",\"keywords\":[\"Fr\u00e8res musulmans\",\"Qatar\",\"Union internationale des savants musulmans\",\"Youssef Al-Qarad\u00e2w\u00ee\"],\"articleSection\":[\"A LA UNE\",\"POLITIQUE\",\"Tunisie\"],\"inLanguage\":\"fr-FR\",\"potentialAction\":[{\"@type\":\"CommentAction\",\"name\":\"Comment\",\"target\":[\"https:\/\/kapitalis.com\/tunisie\/2018\/11\/08\/union-internationale-des-savants-musulmans-un-marocain-succede-a-qaradawi\/#respond\"]}]},{\"@type\":\"WebPage\",\"@id\":\"https:\/\/kapitalis.com\/tunisie\/2018\/11\/08\/union-internationale-des-savants-musulmans-un-marocain-succede-a-qaradawi\/\",\"url\":\"https:\/\/kapitalis.com\/tunisie\/2018\/11\/08\/union-internationale-des-savants-musulmans-un-marocain-succede-a-qaradawi\/\",\"name\":\"Union internationale des savants musulmans : Un Marocain succ\u00e8de \u00e0 Qaradawi - Kapitalis\",\"isPartOf\":{\"@id\":\"https:\/\/kapitalis.com\/tunisie\/#website\"},\"primaryImageOfPage\":{\"@id\":\"https:\/\/kapitalis.com\/tunisie\/2018\/11\/08\/union-internationale-des-savants-musulmans-un-marocain-succede-a-qaradawi\/#primaryimage\"},\"image\":{\"@id\":\"https:\/\/kapitalis.com\/tunisie\/2018\/11\/08\/union-internationale-des-savants-musulmans-un-marocain-succede-a-qaradawi\/#primaryimage\"},\"thumbnailUrl\":\"\",\"datePublished\":\"2018-11-08T15:31:19+00:00\",\"dateModified\":\"2018-11-08T16:50:43+00:00\",\"breadcrumb\":{\"@id\":\"https:\/\/kapitalis.com\/tunisie\/2018\/11\/08\/union-internationale-des-savants-musulmans-un-marocain-succede-a-qaradawi\/#breadcrumb\"},\"inLanguage\":\"fr-FR\",\"potentialAction\":[{\"@type\":\"ReadAction\",\"target\":[\"https:\/\/kapitalis.com\/tunisie\/2018\/11\/08\/union-internationale-des-savants-musulmans-un-marocain-succede-a-qaradawi\/\"]}]},{\"@type\":\"ImageObject\",\"inLanguage\":\"fr-FR\",\"@id\":\"https:\/\/kapitalis.com\/tunisie\/2018\/11\/08\/union-internationale-des-savants-musulmans-un-marocain-succede-a-qaradawi\/#primaryimage\",\"url\":\"\",\"contentUrl\":\"\"},{\"@type\":\"BreadcrumbList\",\"@id\":\"https:\/\/kapitalis.com\/tunisie\/2018\/11\/08\/union-internationale-des-savants-musulmans-un-marocain-succede-a-qaradawi\/#breadcrumb\",\"itemListElement\":[{\"@type\":\"ListItem\",\"position\":1,\"name\":\"Accueil\",\"item\":\"https:\/\/kapitalis.com\/tunisie\/\"},{\"@type\":\"ListItem\",\"position\":2,\"name\":\"Union internationale des savants musulmans : Un Marocain succ\u00e8de \u00e0 Qaradawi\"}]},{\"@type\":\"WebSite\",\"@id\":\"https:\/\/kapitalis.com\/tunisie\/#website\",\"url\":\"https:\/\/kapitalis.com\/tunisie\/\",\"name\":\"Kapitalis\",\"description\":\"L&#039;actualit\u00e9 en Tunisie et dans le monde\",\"publisher\":{\"@id\":\"https:\/\/kapitalis.com\/tunisie\/#organization\"},\"potentialAction\":[{\"@type\":\"SearchAction\",\"target\":{\"@type\":\"EntryPoint\",\"urlTemplate\":\"https:\/\/kapitalis.com\/tunisie\/?s={search_term_string}\"},\"query-input\":{\"@type\":\"PropertyValueSpecification\",\"valueRequired\":true,\"valueName\":\"search_term_string\"}}],\"inLanguage\":\"fr-FR\"},{\"@type\":\"Organization\",\"@id\":\"https:\/\/kapitalis.com\/tunisie\/#organization\",\"name\":\"Kapitalis\",\"url\":\"https:\/\/kapitalis.com\/tunisie\/\",\"logo\":{\"@type\":\"ImageObject\",\"inLanguage\":\"fr-FR\",\"@id\":\"https:\/\/kapitalis.com\/tunisie\/#\/schema\/logo\/image\/\",\"url\":\"https:\/\/kapitalis.com\/tunisie\/wp-content\/uploads\/2022\/05\/Kapitalis-big-size.png\",\"contentUrl\":\"https:\/\/kapitalis.com\/tunisie\/wp-content\/uploads\/2022\/05\/Kapitalis-big-size.png\",\"width\":5000,\"height\":1500,\"caption\":\"Kapitalis\"},\"image\":{\"@id\":\"https:\/\/kapitalis.com\/tunisie\/#\/schema\/logo\/image\/\"},\"sameAs\":[\"https:\/\/www.facebook.com\/KapitalisInfo\/\",\"https:\/\/x.com\/KapitalisInfo\",\"https:\/\/www.youtube.com\/channel\/UC-yDYrHyfFBWWZaOw3FPg9Q\"]},{\"@type\":\"Person\",\"@id\":\"https:\/\/kapitalis.com\/tunisie\/#\/schema\/person\/d71f33a9ca44f7bad4698210b480c8e9\",\"name\":\"webmaster kapitalis\",\"url\":\"https:\/\/kapitalis.com\/tunisie\/author\/webmaster-kapitalis\/\"}]}<\/script>\n<!-- \/ Yoast SEO plugin. -->","yoast_head_json":{"title":"Union internationale des savants musulmans : Un Marocain succ\u00e8de \u00e0 Qaradawi - Kapitalis","robots":{"index":"index","follow":"follow","max-snippet":"max-snippet:-1","max-image-preview":"max-image-preview:large","max-video-preview":"max-video-preview:-1"},"canonical":"https:\/\/kapitalis.com\/tunisie\/2018\/11\/08\/union-internationale-des-savants-musulmans-un-marocain-succede-a-qaradawi\/","og_locale":"fr_FR","og_type":"article","og_title":"Union internationale des savants musulmans : Un Marocain succ\u00e8de \u00e0 Qaradawi - Kapitalis","og_description":"Youssef Al-Qaradawi\/Ahmed Raissouni. C\u2019est le Marocain Ahmed Ra\u00efssouni qui a succ\u00e9d\u00e9 \u00e0 Youssef Al-Qaradawi \u00e0 la t\u00eate de l\u2019Union internationale des savants musulmans, et non le Tunisien Rached Ghannouchi, comme attendu dans certains cercles islamistes. Par\u00a0Imed Bahri","og_url":"https:\/\/kapitalis.com\/tunisie\/2018\/11\/08\/union-internationale-des-savants-musulmans-un-marocain-succede-a-qaradawi\/","og_site_name":"Kapitalis","article_publisher":"https:\/\/www.facebook.com\/KapitalisInfo\/","article_published_time":"2018-11-08T15:31:19+00:00","article_modified_time":"2018-11-08T16:50:43+00:00","og_image":[{"width":1200,"height":630,"url":"https:\/\/kapitalis.com\/tunisie\/wp-content\/uploads\/2022\/05\/kapitalis-logo-fb.png","type":"image\/png"}],"author":"webmaster kapitalis","twitter_card":"summary_large_image","twitter_creator":"@KapitalisInfo","twitter_site":"@KapitalisInfo","twitter_misc":{"\u00c9crit par":"webmaster kapitalis","Dur\u00e9e de lecture estim\u00e9e":"2 minutes"},"schema":{"@context":"https:\/\/schema.org","@graph":[{"@type":"Article","@id":"https:\/\/kapitalis.com\/tunisie\/2018\/11\/08\/union-internationale-des-savants-musulmans-un-marocain-succede-a-qaradawi\/#article","isPartOf":{"@id":"https:\/\/kapitalis.com\/tunisie\/2018\/11\/08\/union-internationale-des-savants-musulmans-un-marocain-succede-a-qaradawi\/"},"author":{"name":"webmaster kapitalis","@id":"https:\/\/kapitalis.com\/tunisie\/#\/schema\/person\/d71f33a9ca44f7bad4698210b480c8e9"},"headline":"Union internationale des savants musulmans : Un Marocain succ\u00e8de \u00e0 Qaradawi","datePublished":"2018-11-08T15:31:19+00:00","dateModified":"2018-11-08T16:50:43+00:00","mainEntityOfPage":{"@id":"https:\/\/kapitalis.com\/tunisie\/2018\/11\/08\/union-internationale-des-savants-musulmans-un-marocain-succede-a-qaradawi\/"},"wordCount":430,"commentCount":25,"publisher":{"@id":"https:\/\/kapitalis.com\/tunisie\/#organization"},"image":{"@id":"https:\/\/kapitalis.com\/tunisie\/2018\/11\/08\/union-internationale-des-savants-musulmans-un-marocain-succede-a-qaradawi\/#primaryimage"},"thumbnailUrl":"","keywords":["Fr\u00e8res musulmans","Qatar","Union internationale des savants musulmans","Youssef Al-Qarad\u00e2w\u00ee"],"articleSection":["A LA UNE","POLITIQUE","Tunisie"],"inLanguage":"fr-FR","potentialAction":[{"@type":"CommentAction","name":"Comment","target":["https:\/\/kapitalis.com\/tunisie\/2018\/11\/08\/union-internationale-des-savants-musulmans-un-marocain-succede-a-qaradawi\/#respond"]}]},{"@type":"WebPage","@id":"https:\/\/kapitalis.com\/tunisie\/2018\/11\/08\/union-internationale-des-savants-musulmans-un-marocain-succede-a-qaradawi\/","url":"https:\/\/kapitalis.com\/tunisie\/2018\/11\/08\/union-internationale-des-savants-musulmans-un-marocain-succede-a-qaradawi\/","name":"Union internationale des savants musulmans : Un Marocain succ\u00e8de \u00e0 Qaradawi - Kapitalis","isPartOf":{"@id":"https:\/\/kapitalis.com\/tunisie\/#website"},"primaryImageOfPage":{"@id":"https:\/\/kapitalis.com\/tunisie\/2018\/11\/08\/union-internationale-des-savants-musulmans-un-marocain-succede-a-qaradawi\/#primaryimage"},"image":{"@id":"https:\/\/kapitalis.com\/tunisie\/2018\/11\/08\/union-internationale-des-savants-musulmans-un-marocain-succede-a-qaradawi\/#primaryimage"},"thumbnailUrl":"","datePublished":"2018-11-08T15:31:19+00:00","dateModified":"2018-11-08T16:50:43+00:00","breadcrumb":{"@id":"https:\/\/kapitalis.com\/tunisie\/2018\/11\/08\/union-internationale-des-savants-musulmans-un-marocain-succede-a-qaradawi\/#breadcrumb"},"inLanguage":"fr-FR","potentialAction":[{"@type":"ReadAction","target":["https:\/\/kapitalis.com\/tunisie\/2018\/11\/08\/union-internationale-des-savants-musulmans-un-marocain-succede-a-qaradawi\/"]}]},{"@type":"ImageObject","inLanguage":"fr-FR","@id":"https:\/\/kapitalis.com\/tunisie\/2018\/11\/08\/union-internationale-des-savants-musulmans-un-marocain-succede-a-qaradawi\/#primaryimage","url":"","contentUrl":""},{"@type":"BreadcrumbList","@id":"https:\/\/kapitalis.com\/tunisie\/2018\/11\/08\/union-internationale-des-savants-musulmans-un-marocain-succede-a-qaradawi\/#breadcrumb","itemListElement":[{"@type":"ListItem","position":1,"name":"Accueil","item":"https:\/\/kapitalis.com\/tunisie\/"},{"@type":"ListItem","position":2,"name":"Union internationale des savants musulmans : Un Marocain succ\u00e8de \u00e0 Qaradawi"}]},{"@type":"WebSite","@id":"https:\/\/kapitalis.com\/tunisie\/#website","url":"https:\/\/kapitalis.com\/tunisie\/","name":"Kapitalis","description":"L&#039;actualit\u00e9 en Tunisie et dans le monde","publisher":{"@id":"https:\/\/kapitalis.com\/tunisie\/#organization"},"potentialAction":[{"@type":"SearchAction","target":{"@type":"EntryPoint","urlTemplate":"https:\/\/kapitalis.com\/tunisie\/?s={search_term_string}"},"query-input":{"@type":"PropertyValueSpecification","valueRequired":true,"valueName":"search_term_string"}}],"inLanguage":"fr-FR"},{"@type":"Organization","@id":"https:\/\/kapitalis.com\/tunisie\/#organization","name":"Kapitalis","url":"https:\/\/kapitalis.com\/tunisie\/","logo":{"@type":"ImageObject","inLanguage":"fr-FR","@id":"https:\/\/kapitalis.com\/tunisie\/#\/schema\/logo\/image\/","url":"https:\/\/kapitalis.com\/tunisie\/wp-content\/uploads\/2022\/05\/Kapitalis-big-size.png","contentUrl":"https:\/\/kapitalis.com\/tunisie\/wp-content\/uploads\/2022\/05\/Kapitalis-big-size.png","width":5000,"height":1500,"caption":"Kapitalis"},"image":{"@id":"https:\/\/kapitalis.com\/tunisie\/#\/schema\/logo\/image\/"},"sameAs":["https:\/\/www.facebook.com\/KapitalisInfo\/","https:\/\/x.com\/KapitalisInfo","https:\/\/www.youtube.com\/channel\/UC-yDYrHyfFBWWZaOw3FPg9Q"]},{"@type":"Person","@id":"https:\/\/kapitalis.com\/tunisie\/#\/schema\/person\/d71f33a9ca44f7bad4698210b480c8e9","name":"webmaster kapitalis","url":"https:\/\/kapitalis.com\/tunisie\/author\/webmaster-kapitalis\/"}]}},"_links":{"self":[{"href":"https:\/\/kapitalis.com\/tunisie\/wp-json\/wp\/v2\/posts\/182928","targetHints":{"allow":["GET"]}}],"collection":[{"href":"https:\/\/kapitalis.com\/tunisie\/wp-json\/wp\/v2\/posts"}],"about":[{"href":"https:\/\/kapitalis.com\/tunisie\/wp-json\/wp\/v2\/types\/post"}],"author":[{"embeddable":true,"href":"https:\/\/kapitalis.com\/tunisie\/wp-json\/wp\/v2\/users\/8"}],"replies":[{"embeddable":true,"href":"https:\/\/kapitalis.com\/tunisie\/wp-json\/wp\/v2\/comments?post=182928"}],"version-history":[{"count":0,"href":"https:\/\/kapitalis.com\/tunisie\/wp-json\/wp\/v2\/posts\/182928\/revisions"}],"wp:featuredmedia":[{"embeddable":true,"href":"https:\/\/kapitalis.com\/tunisie\/wp-json\/wp\/v2\/media\/182930"}],"wp:attachment":[{"href":"https:\/\/kapitalis.com\/tunisie\/wp-json\/wp\/v2\/media?parent=182928"}],"wp:term":[{"taxonomy":"category","embeddable":true,"href":"https:\/\/kapitalis.com\/tunisie\/wp-json\/wp\/v2\/categories?post=182928"},{"taxonomy":"post_tag","embeddable":true,"href":"https:\/\/kapitalis.com\/tunisie\/wp-json\/wp\/v2\/tags?post=182928"}],"curies":[{"name":"wp","href":"https:\/\/api.w.org\/{rel}","templated":true}]}}