{"id":182997,"date":"2018-11-09T09:42:12","date_gmt":"2018-11-09T08:42:12","guid":{"rendered":"http:\/\/kapitalis.com\/tunisie\/?p=182997"},"modified":"2018-11-09T09:42:12","modified_gmt":"2018-11-09T08:42:12","slug":"remaniement-faouzi-ben-abderrahman-exprime-son-amertume","status":"publish","type":"post","link":"https:\/\/kapitalis.com\/tunisie\/2018\/11\/09\/remaniement-faouzi-ben-abderrahman-exprime-son-amertume\/","title":{"rendered":"Remaniement : Faouzi Ben Abderrahman exprime son amertume"},"content":{"rendered":"<p style=\"text-align: center;\"><img loading=\"lazy\" decoding=\"async\" class=\"alignnone size-full wp-image-182999\" src=\"http:\/\/kapitalis.com\/tunisie\/wp-content\/uploads\/2018\/11\/Faouzi-Ben-Abderrahman.jpg\" alt=\"\" width=\"626\" height=\"380\" \/><\/p>\n<p><em><strong>Faouzi Ben Abderrahman, ministre de l&rsquo;Emploi et de la Formation professionnelle, a choisi de ne pas prendre part au dernier conseil des ministres, tenu \u00e0 la Kasbah, hier, jeudi 8 novembre 2018, et ce pour diff\u00e9rentes raisons.<\/strong><\/em><!--more--><\/p>\n<p>L&rsquo;ancien dirigeant d&rsquo;Afek Tounes n&rsquo;a pas cach\u00e9 sa d\u00e9ception suite \u00e0 son limogeage du gouvernement d&rsquo;union nationale, dans un post publi\u00e9 sur son compte Facebook, hier soir. Aussi a-t-il estim\u00e9 qu&rsquo;il valait mieux pour lui de ne pas prendre part au dernier conseil des ministres. Car, selon lui, le remaniement minist\u00e9riel annonc\u00e9 lundi soir par le chef du gouvernement a fait de lui \u00ab<em>un ministre de gestion des affaires courantes ne pouvant plus prendre de d\u00e9cision ou participer au conseil des ministres\u00bb.<\/em><\/p>\n<p style=\"text-align: center;\"><img loading=\"lazy\" decoding=\"async\" class=\"alignnone size-full wp-image-183002\" src=\"http:\/\/kapitalis.com\/tunisie\/wp-content\/uploads\/2018\/11\/Statut-Faouzi-Ben-Abderrahman.jpg\" alt=\"\" width=\"474\" height=\"205\" \/><\/p>\n<p>L&rsquo;amertume du ministre de l&rsquo;Emploi et de la Formation professionnelle,\u00a0ing\u00e9nieur en \u00e9lectronique et informatique de formation et ancien directeur r\u00e9gional chez IBM, est assez compr\u00e9hensible.\u00a0Apr\u00e8s un an de travail acharn\u00e9 dans un d\u00e9partement charg\u00e9 de trouver des solutions au ch\u00f4mage en Tunisie, il est d\u00e9mis de ses fonctions pour c\u00e9der la place \u00e0 Saida Ounissi, ex-secr\u00e9taire d&rsquo;Etat au m\u00eame minist\u00e8re, impos\u00e9e par son parti Ennahdha.<\/p>\n<p>Il faut pr\u00e9ciser, \u00e0 ce propos, que le minist\u00e8re de l&rsquo;Emploi a \u00e9t\u00e9, depuis 2013, attribu\u00e9 \u00e0 des dirigeants islamistes (Naoufel Jammali, Zied Ladhari et Imed Hammami). On ne peut pas dire que la situation de l&#8217;emploi s&rsquo;est beaucoup am\u00e9lior\u00e9e depuis, puisque le ch\u00f4mage atteint toujours plus de 15% de la population active. Il faut \u00eatre vraiment na\u00eff pour croire\u00a0que cette situation va s&rsquo;am\u00e9liorer avec Mme Ounissi, dont l&rsquo;unique\u00a0qualit\u00e9 est sa jeunesse. Et son grand d\u00e9faut, sa m\u00e9connaissance des r\u00e9alit\u00e9s tunisiennes, puisqu&rsquo;elle a v\u00e9cu et \u00e9tudi\u00e9 en France o\u00f9 ses parents, militants islamistes, \u00e9taient en exil.<\/p>\n<p style=\"text-align: right;\"><strong>E. B. A.<\/strong><\/p>\n<blockquote class=\"wp-embedded-content\" data-secret=\"gKWeTVzwbw\"><p><a href=\"https:\/\/kapitalis.com\/tunisie\/2018\/11\/06\/saida-ounissi-la-plus-jeune-ministre-du-gouvernement-chahed-iii\/\">Saida Ounissi, la plus jeune ministre du gouvernement Chahed III<\/a><\/p><\/blockquote>\n<p><iframe loading=\"lazy\" class=\"wp-embedded-content\" sandbox=\"allow-scripts\" security=\"restricted\" style=\"position: absolute; clip: rect(1px, 1px, 1px, 1px);\" title=\"\u00ab\u00a0Saida Ounissi, la plus jeune ministre du gouvernement Chahed III\u00a0\u00bb &#8212; Kapitalis\" src=\"https:\/\/kapitalis.com\/tunisie\/2018\/11\/06\/saida-ounissi-la-plus-jeune-ministre-du-gouvernement-chahed-iii\/embed\/#?secret=YWDdYWEpqy#?secret=gKWeTVzwbw\" data-secret=\"gKWeTVzwbw\" width=\"600\" height=\"338\" frameborder=\"0\" marginwidth=\"0\" marginheight=\"0\" scrolling=\"no\"><\/iframe><\/p>\n","protected":false},"excerpt":{"rendered":"<p>Faouzi Ben Abderrahman, ministre de l&rsquo;Emploi et de la Formation professionnelle, a choisi de ne pas prendre part au dernier conseil des ministres, tenu \u00e0 la Kasbah, hier, jeudi 8 novembre 2018, et ce pour diff\u00e9rentes raisons.<\/p>\n","protected":false},"author":16,"featured_media":182999,"comment_status":"open","ping_status":"open","sticky":false,"template":"","format":"standard","meta":{"footnotes":""},"categories":[997,2433],"tags":[1868,6245,22450],"class_list":["post-182997","post","type-post","status-publish","format-standard","has-post-thumbnail","hentry","category-politique","category-tunisie","tag-chomage","tag-kasbah","tag-saida-ounissi"],"yoast_head":"<!-- This site is optimized with the Yoast SEO plugin v26.6 - https:\/\/yoast.com\/wordpress\/plugins\/seo\/ -->\n<title>Remaniement : Faouzi Ben Abderrahman exprime son amertume - Kapitalis<\/title>\n<meta name=\"robots\" content=\"index, follow, max-snippet:-1, max-image-preview:large, max-video-preview:-1\" \/>\n<link rel=\"canonical\" href=\"https:\/\/kapitalis.com\/tunisie\/2018\/11\/09\/remaniement-faouzi-ben-abderrahman-exprime-son-amertume\/\" \/>\n<meta property=\"og:locale\" content=\"fr_FR\" \/>\n<meta property=\"og:type\" content=\"article\" \/>\n<meta property=\"og:title\" content=\"Remaniement : Faouzi Ben Abderrahman exprime son amertume - Kapitalis\" \/>\n<meta property=\"og:description\" content=\"Faouzi Ben Abderrahman, ministre de l&rsquo;Emploi et de la Formation professionnelle, a choisi de ne pas prendre part au dernier conseil des ministres, tenu \u00e0 la Kasbah, hier, jeudi 8 novembre 2018, et ce pour diff\u00e9rentes raisons.\" \/>\n<meta property=\"og:url\" content=\"https:\/\/kapitalis.com\/tunisie\/2018\/11\/09\/remaniement-faouzi-ben-abderrahman-exprime-son-amertume\/\" \/>\n<meta property=\"og:site_name\" content=\"Kapitalis\" \/>\n<meta property=\"article:publisher\" content=\"https:\/\/www.facebook.com\/KapitalisInfo\/\" \/>\n<meta property=\"article:published_time\" content=\"2018-11-09T08:42:12+00:00\" \/>\n<meta property=\"og:image\" content=\"https:\/\/kapitalis.com\/tunisie\/wp-content\/uploads\/2022\/05\/kapitalis-logo-fb.png\" \/>\n\t<meta property=\"og:image:width\" content=\"1200\" \/>\n\t<meta property=\"og:image:height\" content=\"630\" \/>\n\t<meta property=\"og:image:type\" content=\"image\/png\" \/>\n<meta name=\"author\" content=\"emna benabdallah\" \/>\n<meta name=\"twitter:card\" content=\"summary_large_image\" \/>\n<meta name=\"twitter:creator\" content=\"@KapitalisInfo\" \/>\n<meta name=\"twitter:site\" content=\"@KapitalisInfo\" \/>\n<meta name=\"twitter:label1\" content=\"\u00c9crit par\" \/>\n\t<meta name=\"twitter:data1\" content=\"emna benabdallah\" \/>\n\t<meta name=\"twitter:label2\" content=\"Dur\u00e9e de lecture estim\u00e9e\" \/>\n\t<meta name=\"twitter:data2\" content=\"2 minutes\" \/>\n<script type=\"application\/ld+json\" class=\"yoast-schema-graph\">{\"@context\":\"https:\/\/schema.org\",\"@graph\":[{\"@type\":\"Article\",\"@id\":\"https:\/\/kapitalis.com\/tunisie\/2018\/11\/09\/remaniement-faouzi-ben-abderrahman-exprime-son-amertume\/#article\",\"isPartOf\":{\"@id\":\"https:\/\/kapitalis.com\/tunisie\/2018\/11\/09\/remaniement-faouzi-ben-abderrahman-exprime-son-amertume\/\"},\"author\":{\"name\":\"emna benabdallah\",\"@id\":\"https:\/\/kapitalis.com\/tunisie\/#\/schema\/person\/2c6e134b2f3369dffcd1daf5f087d28b\"},\"headline\":\"Remaniement : Faouzi Ben Abderrahman exprime son amertume\",\"datePublished\":\"2018-11-09T08:42:12+00:00\",\"mainEntityOfPage\":{\"@id\":\"https:\/\/kapitalis.com\/tunisie\/2018\/11\/09\/remaniement-faouzi-ben-abderrahman-exprime-son-amertume\/\"},\"wordCount\":318,\"commentCount\":0,\"publisher\":{\"@id\":\"https:\/\/kapitalis.com\/tunisie\/#organization\"},\"image\":{\"@id\":\"https:\/\/kapitalis.com\/tunisie\/2018\/11\/09\/remaniement-faouzi-ben-abderrahman-exprime-son-amertume\/#primaryimage\"},\"thumbnailUrl\":\"\",\"keywords\":[\"ch\u00f4mage\",\"Kasbah\",\"Sa\u00efda Ounissi\"],\"articleSection\":[\"POLITIQUE\",\"Tunisie\"],\"inLanguage\":\"fr-FR\",\"potentialAction\":[{\"@type\":\"CommentAction\",\"name\":\"Comment\",\"target\":[\"https:\/\/kapitalis.com\/tunisie\/2018\/11\/09\/remaniement-faouzi-ben-abderrahman-exprime-son-amertume\/#respond\"]}]},{\"@type\":\"WebPage\",\"@id\":\"https:\/\/kapitalis.com\/tunisie\/2018\/11\/09\/remaniement-faouzi-ben-abderrahman-exprime-son-amertume\/\",\"url\":\"https:\/\/kapitalis.com\/tunisie\/2018\/11\/09\/remaniement-faouzi-ben-abderrahman-exprime-son-amertume\/\",\"name\":\"Remaniement : Faouzi Ben Abderrahman exprime son amertume - Kapitalis\",\"isPartOf\":{\"@id\":\"https:\/\/kapitalis.com\/tunisie\/#website\"},\"primaryImageOfPage\":{\"@id\":\"https:\/\/kapitalis.com\/tunisie\/2018\/11\/09\/remaniement-faouzi-ben-abderrahman-exprime-son-amertume\/#primaryimage\"},\"image\":{\"@id\":\"https:\/\/kapitalis.com\/tunisie\/2018\/11\/09\/remaniement-faouzi-ben-abderrahman-exprime-son-amertume\/#primaryimage\"},\"thumbnailUrl\":\"\",\"datePublished\":\"2018-11-09T08:42:12+00:00\",\"breadcrumb\":{\"@id\":\"https:\/\/kapitalis.com\/tunisie\/2018\/11\/09\/remaniement-faouzi-ben-abderrahman-exprime-son-amertume\/#breadcrumb\"},\"inLanguage\":\"fr-FR\",\"potentialAction\":[{\"@type\":\"ReadAction\",\"target\":[\"https:\/\/kapitalis.com\/tunisie\/2018\/11\/09\/remaniement-faouzi-ben-abderrahman-exprime-son-amertume\/\"]}]},{\"@type\":\"ImageObject\",\"inLanguage\":\"fr-FR\",\"@id\":\"https:\/\/kapitalis.com\/tunisie\/2018\/11\/09\/remaniement-faouzi-ben-abderrahman-exprime-son-amertume\/#primaryimage\",\"url\":\"\",\"contentUrl\":\"\"},{\"@type\":\"BreadcrumbList\",\"@id\":\"https:\/\/kapitalis.com\/tunisie\/2018\/11\/09\/remaniement-faouzi-ben-abderrahman-exprime-son-amertume\/#breadcrumb\",\"itemListElement\":[{\"@type\":\"ListItem\",\"position\":1,\"name\":\"Accueil\",\"item\":\"https:\/\/kapitalis.com\/tunisie\/\"},{\"@type\":\"ListItem\",\"position\":2,\"name\":\"Remaniement : Faouzi Ben Abderrahman exprime son amertume\"}]},{\"@type\":\"WebSite\",\"@id\":\"https:\/\/kapitalis.com\/tunisie\/#website\",\"url\":\"https:\/\/kapitalis.com\/tunisie\/\",\"name\":\"Kapitalis\",\"description\":\"L&#039;actualit\u00e9 en Tunisie et dans le monde\",\"publisher\":{\"@id\":\"https:\/\/kapitalis.com\/tunisie\/#organization\"},\"potentialAction\":[{\"@type\":\"SearchAction\",\"target\":{\"@type\":\"EntryPoint\",\"urlTemplate\":\"https:\/\/kapitalis.com\/tunisie\/?s={search_term_string}\"},\"query-input\":{\"@type\":\"PropertyValueSpecification\",\"valueRequired\":true,\"valueName\":\"search_term_string\"}}],\"inLanguage\":\"fr-FR\"},{\"@type\":\"Organization\",\"@id\":\"https:\/\/kapitalis.com\/tunisie\/#organization\",\"name\":\"Kapitalis\",\"url\":\"https:\/\/kapitalis.com\/tunisie\/\",\"logo\":{\"@type\":\"ImageObject\",\"inLanguage\":\"fr-FR\",\"@id\":\"https:\/\/kapitalis.com\/tunisie\/#\/schema\/logo\/image\/\",\"url\":\"https:\/\/kapitalis.com\/tunisie\/wp-content\/uploads\/2022\/05\/Kapitalis-big-size.png\",\"contentUrl\":\"https:\/\/kapitalis.com\/tunisie\/wp-content\/uploads\/2022\/05\/Kapitalis-big-size.png\",\"width\":5000,\"height\":1500,\"caption\":\"Kapitalis\"},\"image\":{\"@id\":\"https:\/\/kapitalis.com\/tunisie\/#\/schema\/logo\/image\/\"},\"sameAs\":[\"https:\/\/www.facebook.com\/KapitalisInfo\/\",\"https:\/\/x.com\/KapitalisInfo\",\"https:\/\/www.youtube.com\/channel\/UC-yDYrHyfFBWWZaOw3FPg9Q\"]},{\"@type\":\"Person\",\"@id\":\"https:\/\/kapitalis.com\/tunisie\/#\/schema\/person\/2c6e134b2f3369dffcd1daf5f087d28b\",\"name\":\"emna benabdallah\",\"url\":\"https:\/\/kapitalis.com\/tunisie\/author\/emna\/\"}]}<\/script>\n<!-- \/ Yoast SEO plugin. -->","yoast_head_json":{"title":"Remaniement : Faouzi Ben Abderrahman exprime son amertume - Kapitalis","robots":{"index":"index","follow":"follow","max-snippet":"max-snippet:-1","max-image-preview":"max-image-preview:large","max-video-preview":"max-video-preview:-1"},"canonical":"https:\/\/kapitalis.com\/tunisie\/2018\/11\/09\/remaniement-faouzi-ben-abderrahman-exprime-son-amertume\/","og_locale":"fr_FR","og_type":"article","og_title":"Remaniement : Faouzi Ben Abderrahman exprime son amertume - Kapitalis","og_description":"Faouzi Ben Abderrahman, ministre de l&rsquo;Emploi et de la Formation professionnelle, a choisi de ne pas prendre part au dernier conseil des ministres, tenu \u00e0 la Kasbah, hier, jeudi 8 novembre 2018, et ce pour diff\u00e9rentes raisons.","og_url":"https:\/\/kapitalis.com\/tunisie\/2018\/11\/09\/remaniement-faouzi-ben-abderrahman-exprime-son-amertume\/","og_site_name":"Kapitalis","article_publisher":"https:\/\/www.facebook.com\/KapitalisInfo\/","article_published_time":"2018-11-09T08:42:12+00:00","og_image":[{"width":1200,"height":630,"url":"https:\/\/kapitalis.com\/tunisie\/wp-content\/uploads\/2022\/05\/kapitalis-logo-fb.png","type":"image\/png"}],"author":"emna benabdallah","twitter_card":"summary_large_image","twitter_creator":"@KapitalisInfo","twitter_site":"@KapitalisInfo","twitter_misc":{"\u00c9crit par":"emna benabdallah","Dur\u00e9e de lecture estim\u00e9e":"2 minutes"},"schema":{"@context":"https:\/\/schema.org","@graph":[{"@type":"Article","@id":"https:\/\/kapitalis.com\/tunisie\/2018\/11\/09\/remaniement-faouzi-ben-abderrahman-exprime-son-amertume\/#article","isPartOf":{"@id":"https:\/\/kapitalis.com\/tunisie\/2018\/11\/09\/remaniement-faouzi-ben-abderrahman-exprime-son-amertume\/"},"author":{"name":"emna benabdallah","@id":"https:\/\/kapitalis.com\/tunisie\/#\/schema\/person\/2c6e134b2f3369dffcd1daf5f087d28b"},"headline":"Remaniement : Faouzi Ben Abderrahman exprime son amertume","datePublished":"2018-11-09T08:42:12+00:00","mainEntityOfPage":{"@id":"https:\/\/kapitalis.com\/tunisie\/2018\/11\/09\/remaniement-faouzi-ben-abderrahman-exprime-son-amertume\/"},"wordCount":318,"commentCount":0,"publisher":{"@id":"https:\/\/kapitalis.com\/tunisie\/#organization"},"image":{"@id":"https:\/\/kapitalis.com\/tunisie\/2018\/11\/09\/remaniement-faouzi-ben-abderrahman-exprime-son-amertume\/#primaryimage"},"thumbnailUrl":"","keywords":["ch\u00f4mage","Kasbah","Sa\u00efda Ounissi"],"articleSection":["POLITIQUE","Tunisie"],"inLanguage":"fr-FR","potentialAction":[{"@type":"CommentAction","name":"Comment","target":["https:\/\/kapitalis.com\/tunisie\/2018\/11\/09\/remaniement-faouzi-ben-abderrahman-exprime-son-amertume\/#respond"]}]},{"@type":"WebPage","@id":"https:\/\/kapitalis.com\/tunisie\/2018\/11\/09\/remaniement-faouzi-ben-abderrahman-exprime-son-amertume\/","url":"https:\/\/kapitalis.com\/tunisie\/2018\/11\/09\/remaniement-faouzi-ben-abderrahman-exprime-son-amertume\/","name":"Remaniement : Faouzi Ben Abderrahman exprime son amertume - Kapitalis","isPartOf":{"@id":"https:\/\/kapitalis.com\/tunisie\/#website"},"primaryImageOfPage":{"@id":"https:\/\/kapitalis.com\/tunisie\/2018\/11\/09\/remaniement-faouzi-ben-abderrahman-exprime-son-amertume\/#primaryimage"},"image":{"@id":"https:\/\/kapitalis.com\/tunisie\/2018\/11\/09\/remaniement-faouzi-ben-abderrahman-exprime-son-amertume\/#primaryimage"},"thumbnailUrl":"","datePublished":"2018-11-09T08:42:12+00:00","breadcrumb":{"@id":"https:\/\/kapitalis.com\/tunisie\/2018\/11\/09\/remaniement-faouzi-ben-abderrahman-exprime-son-amertume\/#breadcrumb"},"inLanguage":"fr-FR","potentialAction":[{"@type":"ReadAction","target":["https:\/\/kapitalis.com\/tunisie\/2018\/11\/09\/remaniement-faouzi-ben-abderrahman-exprime-son-amertume\/"]}]},{"@type":"ImageObject","inLanguage":"fr-FR","@id":"https:\/\/kapitalis.com\/tunisie\/2018\/11\/09\/remaniement-faouzi-ben-abderrahman-exprime-son-amertume\/#primaryimage","url":"","contentUrl":""},{"@type":"BreadcrumbList","@id":"https:\/\/kapitalis.com\/tunisie\/2018\/11\/09\/remaniement-faouzi-ben-abderrahman-exprime-son-amertume\/#breadcrumb","itemListElement":[{"@type":"ListItem","position":1,"name":"Accueil","item":"https:\/\/kapitalis.com\/tunisie\/"},{"@type":"ListItem","position":2,"name":"Remaniement : Faouzi Ben Abderrahman exprime son amertume"}]},{"@type":"WebSite","@id":"https:\/\/kapitalis.com\/tunisie\/#website","url":"https:\/\/kapitalis.com\/tunisie\/","name":"Kapitalis","description":"L&#039;actualit\u00e9 en Tunisie et dans le monde","publisher":{"@id":"https:\/\/kapitalis.com\/tunisie\/#organization"},"potentialAction":[{"@type":"SearchAction","target":{"@type":"EntryPoint","urlTemplate":"https:\/\/kapitalis.com\/tunisie\/?s={search_term_string}"},"query-input":{"@type":"PropertyValueSpecification","valueRequired":true,"valueName":"search_term_string"}}],"inLanguage":"fr-FR"},{"@type":"Organization","@id":"https:\/\/kapitalis.com\/tunisie\/#organization","name":"Kapitalis","url":"https:\/\/kapitalis.com\/tunisie\/","logo":{"@type":"ImageObject","inLanguage":"fr-FR","@id":"https:\/\/kapitalis.com\/tunisie\/#\/schema\/logo\/image\/","url":"https:\/\/kapitalis.com\/tunisie\/wp-content\/uploads\/2022\/05\/Kapitalis-big-size.png","contentUrl":"https:\/\/kapitalis.com\/tunisie\/wp-content\/uploads\/2022\/05\/Kapitalis-big-size.png","width":5000,"height":1500,"caption":"Kapitalis"},"image":{"@id":"https:\/\/kapitalis.com\/tunisie\/#\/schema\/logo\/image\/"},"sameAs":["https:\/\/www.facebook.com\/KapitalisInfo\/","https:\/\/x.com\/KapitalisInfo","https:\/\/www.youtube.com\/channel\/UC-yDYrHyfFBWWZaOw3FPg9Q"]},{"@type":"Person","@id":"https:\/\/kapitalis.com\/tunisie\/#\/schema\/person\/2c6e134b2f3369dffcd1daf5f087d28b","name":"emna benabdallah","url":"https:\/\/kapitalis.com\/tunisie\/author\/emna\/"}]}},"_links":{"self":[{"href":"https:\/\/kapitalis.com\/tunisie\/wp-json\/wp\/v2\/posts\/182997","targetHints":{"allow":["GET"]}}],"collection":[{"href":"https:\/\/kapitalis.com\/tunisie\/wp-json\/wp\/v2\/posts"}],"about":[{"href":"https:\/\/kapitalis.com\/tunisie\/wp-json\/wp\/v2\/types\/post"}],"author":[{"embeddable":true,"href":"https:\/\/kapitalis.com\/tunisie\/wp-json\/wp\/v2\/users\/16"}],"replies":[{"embeddable":true,"href":"https:\/\/kapitalis.com\/tunisie\/wp-json\/wp\/v2\/comments?post=182997"}],"version-history":[{"count":0,"href":"https:\/\/kapitalis.com\/tunisie\/wp-json\/wp\/v2\/posts\/182997\/revisions"}],"wp:featuredmedia":[{"embeddable":true,"href":"https:\/\/kapitalis.com\/tunisie\/wp-json\/wp\/v2\/media\/182999"}],"wp:attachment":[{"href":"https:\/\/kapitalis.com\/tunisie\/wp-json\/wp\/v2\/media?parent=182997"}],"wp:term":[{"taxonomy":"category","embeddable":true,"href":"https:\/\/kapitalis.com\/tunisie\/wp-json\/wp\/v2\/categories?post=182997"},{"taxonomy":"post_tag","embeddable":true,"href":"https:\/\/kapitalis.com\/tunisie\/wp-json\/wp\/v2\/tags?post=182997"}],"curies":[{"name":"wp","href":"https:\/\/api.w.org\/{rel}","templated":true}]}}