{"id":183648,"date":"2018-11-13T12:44:47","date_gmt":"2018-11-13T11:44:47","guid":{"rendered":"http:\/\/kapitalis.com\/tunisie\/?p=183648"},"modified":"2018-11-13T12:44:47","modified_gmt":"2018-11-13T11:44:47","slug":"sidi-bou-said-naomi-campbell-se-recueille-sur-la-tombe-dazzedine-alaia","status":"publish","type":"post","link":"https:\/\/kapitalis.com\/tunisie\/2018\/11\/13\/sidi-bou-said-naomi-campbell-se-recueille-sur-la-tombe-dazzedine-alaia\/","title":{"rendered":"Sidi Bou Sa\u00efd : Naomi Campbell se recueille sur la tombe d\u2019Azzedine Ala\u00efa"},"content":{"rendered":"<p style=\"text-align: center;\"><img loading=\"lazy\" decoding=\"async\" class=\"alignnone size-full wp-image-183654\" src=\"http:\/\/kapitalis.com\/tunisie\/wp-content\/uploads\/2018\/11\/Campbell-Azzedine-Ala\u00efa.jpg\" alt=\"\" width=\"626\" height=\"380\" \/><\/p>\n<p><em><strong>La mannequin britannique, Naomi Campbell, s\u2019est rendue hier, lundi 12 novembre 2018, \u00e0 Sidi Bou Sa\u00efd, banlieue nord de Tunis, pour se recueillir sur la tombe d\u2019Azzedine Ala\u00efa, le couturier tunisien des stars internationales.<\/strong><\/em><!--more--><\/p>\n<p>Pr\u00e8s d\u2019un an apr\u00e8s le d\u00e9c\u00e8s de son ami qu\u2019elle appelait affectivement \u00ab<em>papa<\/em>\u00bb, la mannequin internationale a d\u00e9barqu\u00e9, hier, \u00e0 Tunis, pour se recueillir sur la tombe d&rsquo;Azzedine Ala\u00efa. Elle a immortalis\u00e9 le moment avec une photo, qu\u2019elle a post\u00e9e sur son compte Instagram en commentant\u00a0: \u00ab<em>Tu me manques papa. Toujours dans mon c\u0153ur<\/em>\u00bb. Cette phrase a d&rsquo;autant plus de force\u00a0que\u00a0Campbell consid\u00e8re Ala\u00efa comme son p\u00e8re spirituel, elle qui n\u2019a jamais connu son p\u00e8re biologique.<\/p>\n<p>Le cr\u00e9ateur de mode est d\u00e9c\u00e9d\u00e9 le 18 novembre 2017 \u00e0 Paris, en France, o\u00f9 il a fait toute sa carri\u00e8re, et a \u00e9t\u00e9 enterr\u00e9, le 20 novembre, au cimeti\u00e8re de Sidi Bou Sa\u00efd, o\u00f9 sont enterr\u00e9es sa m\u00e8re et sa s\u0153ur, comme il le souhaitait.<\/p>\n<p>Plusieurs personnalit\u00e9s nationales et internationales l\u2019avaient accompagn\u00e9 \u00e0 sa derni\u00e8re demeure, dont la belle Campbell, la plus fid\u00e8le des fid\u00e8les.<\/p>\n<p style=\"text-align: right;\"><strong>Y. N.<\/strong><\/p>\n<blockquote class=\"wp-embedded-content\" data-secret=\"C8N5MMb8jn\"><p><a href=\"https:\/\/kapitalis.com\/tunisie\/2017\/11\/20\/funerailles-de-azzedine-alaia-a-sidi-bou-said\/\">Fun\u00e9railles de Azzedine Ala\u00efa \u00e0 Sidi Bou Said<\/a><\/p><\/blockquote>\n<p><iframe loading=\"lazy\" class=\"wp-embedded-content\" sandbox=\"allow-scripts\" security=\"restricted\" style=\"position: absolute; clip: rect(1px, 1px, 1px, 1px);\" title=\"\u00ab\u00a0Fun\u00e9railles de Azzedine Ala\u00efa \u00e0 Sidi Bou Said\u00a0\u00bb &#8212; Kapitalis\" src=\"https:\/\/kapitalis.com\/tunisie\/2017\/11\/20\/funerailles-de-azzedine-alaia-a-sidi-bou-said\/embed\/#?secret=ik6HWjeWqg#?secret=C8N5MMb8jn\" data-secret=\"C8N5MMb8jn\" width=\"600\" height=\"338\" frameborder=\"0\" marginwidth=\"0\" marginheight=\"0\" scrolling=\"no\"><\/iframe><\/p>\n<blockquote class=\"wp-embedded-content\" data-secret=\"5lwbssr5XN\"><p><a href=\"https:\/\/kapitalis.com\/tunisie\/2017\/12\/18\/une-fondation-en-hommage-a-azzedine-alaia-en-2018\/\">Une Fondation en hommage \u00e0 Azzedine Alaia en 2018<\/a><\/p><\/blockquote>\n<p><iframe loading=\"lazy\" class=\"wp-embedded-content\" sandbox=\"allow-scripts\" security=\"restricted\" style=\"position: absolute; clip: rect(1px, 1px, 1px, 1px);\" title=\"\u00ab\u00a0Une Fondation en hommage \u00e0 Azzedine Alaia en 2018\u00a0\u00bb &#8212; Kapitalis\" src=\"https:\/\/kapitalis.com\/tunisie\/2017\/12\/18\/une-fondation-en-hommage-a-azzedine-alaia-en-2018\/embed\/#?secret=lByGDnhKqK#?secret=5lwbssr5XN\" data-secret=\"5lwbssr5XN\" width=\"600\" height=\"338\" frameborder=\"0\" marginwidth=\"0\" marginheight=\"0\" scrolling=\"no\"><\/iframe><\/p>\n","protected":false},"excerpt":{"rendered":"<p>La mannequin britannique, Naomi Campbell, s\u2019est rendue hier, lundi 12 novembre 2018, \u00e0 Sidi Bou Sa\u00efd, banlieue nord de Tunis, pour se recueillir sur la tombe d\u2019Azzedine Ala\u00efa, le couturier tunisien des stars internationales.<\/p>\n","protected":false},"author":6,"featured_media":183654,"comment_status":"open","ping_status":"open","sticky":false,"template":"","format":"standard","meta":{"footnotes":""},"categories":[994,2433],"tags":[39150,6945,30477,827],"class_list":["post-183648","post","type-post","status-publish","format-standard","has-post-thumbnail","hentry","category-culture","category-tunisie","tag-azzedine-alaia","tag-cimetiere","tag-instagram","tag-sidi-bou-said"],"yoast_head":"<!-- This site is optimized with the Yoast SEO plugin v26.6 - https:\/\/yoast.com\/wordpress\/plugins\/seo\/ -->\n<title>Sidi Bou Sa\u00efd : Naomi Campbell se recueille sur la tombe d\u2019Azzedine Ala\u00efa - Kapitalis<\/title>\n<meta name=\"robots\" content=\"index, follow, max-snippet:-1, max-image-preview:large, max-video-preview:-1\" \/>\n<link rel=\"canonical\" href=\"https:\/\/kapitalis.com\/tunisie\/2018\/11\/13\/sidi-bou-said-naomi-campbell-se-recueille-sur-la-tombe-dazzedine-alaia\/\" \/>\n<meta property=\"og:locale\" content=\"fr_FR\" \/>\n<meta property=\"og:type\" content=\"article\" \/>\n<meta property=\"og:title\" content=\"Sidi Bou Sa\u00efd : Naomi Campbell se recueille sur la tombe d\u2019Azzedine Ala\u00efa - Kapitalis\" \/>\n<meta property=\"og:description\" content=\"La mannequin britannique, Naomi Campbell, s\u2019est rendue hier, lundi 12 novembre 2018, \u00e0 Sidi Bou Sa\u00efd, banlieue nord de Tunis, pour se recueillir sur la tombe d\u2019Azzedine Ala\u00efa, le couturier tunisien des stars internationales.\" \/>\n<meta property=\"og:url\" content=\"https:\/\/kapitalis.com\/tunisie\/2018\/11\/13\/sidi-bou-said-naomi-campbell-se-recueille-sur-la-tombe-dazzedine-alaia\/\" \/>\n<meta property=\"og:site_name\" content=\"Kapitalis\" \/>\n<meta property=\"article:publisher\" content=\"https:\/\/www.facebook.com\/KapitalisInfo\/\" \/>\n<meta property=\"article:published_time\" content=\"2018-11-13T11:44:47+00:00\" \/>\n<meta property=\"og:image\" content=\"https:\/\/kapitalis.com\/tunisie\/wp-content\/uploads\/2022\/05\/kapitalis-logo-fb.png\" \/>\n\t<meta property=\"og:image:width\" content=\"1200\" \/>\n\t<meta property=\"og:image:height\" content=\"630\" \/>\n\t<meta property=\"og:image:type\" content=\"image\/png\" \/>\n<meta name=\"author\" content=\"Yusra NY\" \/>\n<meta name=\"twitter:card\" content=\"summary_large_image\" \/>\n<meta name=\"twitter:creator\" content=\"@KapitalisInfo\" \/>\n<meta name=\"twitter:site\" content=\"@KapitalisInfo\" \/>\n<meta name=\"twitter:label1\" content=\"\u00c9crit par\" \/>\n\t<meta name=\"twitter:data1\" content=\"Yusra NY\" \/>\n\t<meta name=\"twitter:label2\" content=\"Dur\u00e9e de lecture estim\u00e9e\" \/>\n\t<meta name=\"twitter:data2\" content=\"1 minute\" \/>\n<script type=\"application\/ld+json\" class=\"yoast-schema-graph\">{\"@context\":\"https:\/\/schema.org\",\"@graph\":[{\"@type\":\"Article\",\"@id\":\"https:\/\/kapitalis.com\/tunisie\/2018\/11\/13\/sidi-bou-said-naomi-campbell-se-recueille-sur-la-tombe-dazzedine-alaia\/#article\",\"isPartOf\":{\"@id\":\"https:\/\/kapitalis.com\/tunisie\/2018\/11\/13\/sidi-bou-said-naomi-campbell-se-recueille-sur-la-tombe-dazzedine-alaia\/\"},\"author\":{\"name\":\"Yusra NY\",\"@id\":\"https:\/\/kapitalis.com\/tunisie\/#\/schema\/person\/74bbde0154d49d790a92aaeac5bc01d5\"},\"headline\":\"Sidi Bou Sa\u00efd : Naomi Campbell se recueille sur la tombe d\u2019Azzedine Ala\u00efa\",\"datePublished\":\"2018-11-13T11:44:47+00:00\",\"mainEntityOfPage\":{\"@id\":\"https:\/\/kapitalis.com\/tunisie\/2018\/11\/13\/sidi-bou-said-naomi-campbell-se-recueille-sur-la-tombe-dazzedine-alaia\/\"},\"wordCount\":229,\"commentCount\":3,\"publisher\":{\"@id\":\"https:\/\/kapitalis.com\/tunisie\/#organization\"},\"image\":{\"@id\":\"https:\/\/kapitalis.com\/tunisie\/2018\/11\/13\/sidi-bou-said-naomi-campbell-se-recueille-sur-la-tombe-dazzedine-alaia\/#primaryimage\"},\"thumbnailUrl\":\"\",\"keywords\":[\"Azzedine\u00a0Ala\u00efa\",\"cimeti\u00e8re\",\"Instagram\",\"Sidi Bou Sa\u00efd\"],\"articleSection\":[\"CULTURE\",\"Tunisie\"],\"inLanguage\":\"fr-FR\",\"potentialAction\":[{\"@type\":\"CommentAction\",\"name\":\"Comment\",\"target\":[\"https:\/\/kapitalis.com\/tunisie\/2018\/11\/13\/sidi-bou-said-naomi-campbell-se-recueille-sur-la-tombe-dazzedine-alaia\/#respond\"]}]},{\"@type\":\"WebPage\",\"@id\":\"https:\/\/kapitalis.com\/tunisie\/2018\/11\/13\/sidi-bou-said-naomi-campbell-se-recueille-sur-la-tombe-dazzedine-alaia\/\",\"url\":\"https:\/\/kapitalis.com\/tunisie\/2018\/11\/13\/sidi-bou-said-naomi-campbell-se-recueille-sur-la-tombe-dazzedine-alaia\/\",\"name\":\"Sidi Bou Sa\u00efd : Naomi Campbell se recueille sur la tombe d\u2019Azzedine Ala\u00efa - Kapitalis\",\"isPartOf\":{\"@id\":\"https:\/\/kapitalis.com\/tunisie\/#website\"},\"primaryImageOfPage\":{\"@id\":\"https:\/\/kapitalis.com\/tunisie\/2018\/11\/13\/sidi-bou-said-naomi-campbell-se-recueille-sur-la-tombe-dazzedine-alaia\/#primaryimage\"},\"image\":{\"@id\":\"https:\/\/kapitalis.com\/tunisie\/2018\/11\/13\/sidi-bou-said-naomi-campbell-se-recueille-sur-la-tombe-dazzedine-alaia\/#primaryimage\"},\"thumbnailUrl\":\"\",\"datePublished\":\"2018-11-13T11:44:47+00:00\",\"breadcrumb\":{\"@id\":\"https:\/\/kapitalis.com\/tunisie\/2018\/11\/13\/sidi-bou-said-naomi-campbell-se-recueille-sur-la-tombe-dazzedine-alaia\/#breadcrumb\"},\"inLanguage\":\"fr-FR\",\"potentialAction\":[{\"@type\":\"ReadAction\",\"target\":[\"https:\/\/kapitalis.com\/tunisie\/2018\/11\/13\/sidi-bou-said-naomi-campbell-se-recueille-sur-la-tombe-dazzedine-alaia\/\"]}]},{\"@type\":\"ImageObject\",\"inLanguage\":\"fr-FR\",\"@id\":\"https:\/\/kapitalis.com\/tunisie\/2018\/11\/13\/sidi-bou-said-naomi-campbell-se-recueille-sur-la-tombe-dazzedine-alaia\/#primaryimage\",\"url\":\"\",\"contentUrl\":\"\"},{\"@type\":\"BreadcrumbList\",\"@id\":\"https:\/\/kapitalis.com\/tunisie\/2018\/11\/13\/sidi-bou-said-naomi-campbell-se-recueille-sur-la-tombe-dazzedine-alaia\/#breadcrumb\",\"itemListElement\":[{\"@type\":\"ListItem\",\"position\":1,\"name\":\"Accueil\",\"item\":\"https:\/\/kapitalis.com\/tunisie\/\"},{\"@type\":\"ListItem\",\"position\":2,\"name\":\"Sidi Bou Sa\u00efd : Naomi Campbell se recueille sur la tombe d\u2019Azzedine Ala\u00efa\"}]},{\"@type\":\"WebSite\",\"@id\":\"https:\/\/kapitalis.com\/tunisie\/#website\",\"url\":\"https:\/\/kapitalis.com\/tunisie\/\",\"name\":\"Kapitalis\",\"description\":\"L&#039;actualit\u00e9 en Tunisie et dans le monde\",\"publisher\":{\"@id\":\"https:\/\/kapitalis.com\/tunisie\/#organization\"},\"potentialAction\":[{\"@type\":\"SearchAction\",\"target\":{\"@type\":\"EntryPoint\",\"urlTemplate\":\"https:\/\/kapitalis.com\/tunisie\/?s={search_term_string}\"},\"query-input\":{\"@type\":\"PropertyValueSpecification\",\"valueRequired\":true,\"valueName\":\"search_term_string\"}}],\"inLanguage\":\"fr-FR\"},{\"@type\":\"Organization\",\"@id\":\"https:\/\/kapitalis.com\/tunisie\/#organization\",\"name\":\"Kapitalis\",\"url\":\"https:\/\/kapitalis.com\/tunisie\/\",\"logo\":{\"@type\":\"ImageObject\",\"inLanguage\":\"fr-FR\",\"@id\":\"https:\/\/kapitalis.com\/tunisie\/#\/schema\/logo\/image\/\",\"url\":\"https:\/\/kapitalis.com\/tunisie\/wp-content\/uploads\/2022\/05\/Kapitalis-big-size.png\",\"contentUrl\":\"https:\/\/kapitalis.com\/tunisie\/wp-content\/uploads\/2022\/05\/Kapitalis-big-size.png\",\"width\":5000,\"height\":1500,\"caption\":\"Kapitalis\"},\"image\":{\"@id\":\"https:\/\/kapitalis.com\/tunisie\/#\/schema\/logo\/image\/\"},\"sameAs\":[\"https:\/\/www.facebook.com\/KapitalisInfo\/\",\"https:\/\/x.com\/KapitalisInfo\",\"https:\/\/www.youtube.com\/channel\/UC-yDYrHyfFBWWZaOw3FPg9Q\"]},{\"@type\":\"Person\",\"@id\":\"https:\/\/kapitalis.com\/tunisie\/#\/schema\/person\/74bbde0154d49d790a92aaeac5bc01d5\",\"name\":\"Yusra NY\",\"url\":\"https:\/\/kapitalis.com\/tunisie\/author\/yuza_adam\/\"}]}<\/script>\n<!-- \/ Yoast SEO plugin. -->","yoast_head_json":{"title":"Sidi Bou Sa\u00efd : Naomi Campbell se recueille sur la tombe d\u2019Azzedine Ala\u00efa - Kapitalis","robots":{"index":"index","follow":"follow","max-snippet":"max-snippet:-1","max-image-preview":"max-image-preview:large","max-video-preview":"max-video-preview:-1"},"canonical":"https:\/\/kapitalis.com\/tunisie\/2018\/11\/13\/sidi-bou-said-naomi-campbell-se-recueille-sur-la-tombe-dazzedine-alaia\/","og_locale":"fr_FR","og_type":"article","og_title":"Sidi Bou Sa\u00efd : Naomi Campbell se recueille sur la tombe d\u2019Azzedine Ala\u00efa - Kapitalis","og_description":"La mannequin britannique, Naomi Campbell, s\u2019est rendue hier, lundi 12 novembre 2018, \u00e0 Sidi Bou Sa\u00efd, banlieue nord de Tunis, pour se recueillir sur la tombe d\u2019Azzedine Ala\u00efa, le couturier tunisien des stars internationales.","og_url":"https:\/\/kapitalis.com\/tunisie\/2018\/11\/13\/sidi-bou-said-naomi-campbell-se-recueille-sur-la-tombe-dazzedine-alaia\/","og_site_name":"Kapitalis","article_publisher":"https:\/\/www.facebook.com\/KapitalisInfo\/","article_published_time":"2018-11-13T11:44:47+00:00","og_image":[{"width":1200,"height":630,"url":"https:\/\/kapitalis.com\/tunisie\/wp-content\/uploads\/2022\/05\/kapitalis-logo-fb.png","type":"image\/png"}],"author":"Yusra NY","twitter_card":"summary_large_image","twitter_creator":"@KapitalisInfo","twitter_site":"@KapitalisInfo","twitter_misc":{"\u00c9crit par":"Yusra NY","Dur\u00e9e de lecture estim\u00e9e":"1 minute"},"schema":{"@context":"https:\/\/schema.org","@graph":[{"@type":"Article","@id":"https:\/\/kapitalis.com\/tunisie\/2018\/11\/13\/sidi-bou-said-naomi-campbell-se-recueille-sur-la-tombe-dazzedine-alaia\/#article","isPartOf":{"@id":"https:\/\/kapitalis.com\/tunisie\/2018\/11\/13\/sidi-bou-said-naomi-campbell-se-recueille-sur-la-tombe-dazzedine-alaia\/"},"author":{"name":"Yusra NY","@id":"https:\/\/kapitalis.com\/tunisie\/#\/schema\/person\/74bbde0154d49d790a92aaeac5bc01d5"},"headline":"Sidi Bou Sa\u00efd : Naomi Campbell se recueille sur la tombe d\u2019Azzedine Ala\u00efa","datePublished":"2018-11-13T11:44:47+00:00","mainEntityOfPage":{"@id":"https:\/\/kapitalis.com\/tunisie\/2018\/11\/13\/sidi-bou-said-naomi-campbell-se-recueille-sur-la-tombe-dazzedine-alaia\/"},"wordCount":229,"commentCount":3,"publisher":{"@id":"https:\/\/kapitalis.com\/tunisie\/#organization"},"image":{"@id":"https:\/\/kapitalis.com\/tunisie\/2018\/11\/13\/sidi-bou-said-naomi-campbell-se-recueille-sur-la-tombe-dazzedine-alaia\/#primaryimage"},"thumbnailUrl":"","keywords":["Azzedine\u00a0Ala\u00efa","cimeti\u00e8re","Instagram","Sidi Bou Sa\u00efd"],"articleSection":["CULTURE","Tunisie"],"inLanguage":"fr-FR","potentialAction":[{"@type":"CommentAction","name":"Comment","target":["https:\/\/kapitalis.com\/tunisie\/2018\/11\/13\/sidi-bou-said-naomi-campbell-se-recueille-sur-la-tombe-dazzedine-alaia\/#respond"]}]},{"@type":"WebPage","@id":"https:\/\/kapitalis.com\/tunisie\/2018\/11\/13\/sidi-bou-said-naomi-campbell-se-recueille-sur-la-tombe-dazzedine-alaia\/","url":"https:\/\/kapitalis.com\/tunisie\/2018\/11\/13\/sidi-bou-said-naomi-campbell-se-recueille-sur-la-tombe-dazzedine-alaia\/","name":"Sidi Bou Sa\u00efd : Naomi Campbell se recueille sur la tombe d\u2019Azzedine Ala\u00efa - Kapitalis","isPartOf":{"@id":"https:\/\/kapitalis.com\/tunisie\/#website"},"primaryImageOfPage":{"@id":"https:\/\/kapitalis.com\/tunisie\/2018\/11\/13\/sidi-bou-said-naomi-campbell-se-recueille-sur-la-tombe-dazzedine-alaia\/#primaryimage"},"image":{"@id":"https:\/\/kapitalis.com\/tunisie\/2018\/11\/13\/sidi-bou-said-naomi-campbell-se-recueille-sur-la-tombe-dazzedine-alaia\/#primaryimage"},"thumbnailUrl":"","datePublished":"2018-11-13T11:44:47+00:00","breadcrumb":{"@id":"https:\/\/kapitalis.com\/tunisie\/2018\/11\/13\/sidi-bou-said-naomi-campbell-se-recueille-sur-la-tombe-dazzedine-alaia\/#breadcrumb"},"inLanguage":"fr-FR","potentialAction":[{"@type":"ReadAction","target":["https:\/\/kapitalis.com\/tunisie\/2018\/11\/13\/sidi-bou-said-naomi-campbell-se-recueille-sur-la-tombe-dazzedine-alaia\/"]}]},{"@type":"ImageObject","inLanguage":"fr-FR","@id":"https:\/\/kapitalis.com\/tunisie\/2018\/11\/13\/sidi-bou-said-naomi-campbell-se-recueille-sur-la-tombe-dazzedine-alaia\/#primaryimage","url":"","contentUrl":""},{"@type":"BreadcrumbList","@id":"https:\/\/kapitalis.com\/tunisie\/2018\/11\/13\/sidi-bou-said-naomi-campbell-se-recueille-sur-la-tombe-dazzedine-alaia\/#breadcrumb","itemListElement":[{"@type":"ListItem","position":1,"name":"Accueil","item":"https:\/\/kapitalis.com\/tunisie\/"},{"@type":"ListItem","position":2,"name":"Sidi Bou Sa\u00efd : Naomi Campbell se recueille sur la tombe d\u2019Azzedine Ala\u00efa"}]},{"@type":"WebSite","@id":"https:\/\/kapitalis.com\/tunisie\/#website","url":"https:\/\/kapitalis.com\/tunisie\/","name":"Kapitalis","description":"L&#039;actualit\u00e9 en Tunisie et dans le monde","publisher":{"@id":"https:\/\/kapitalis.com\/tunisie\/#organization"},"potentialAction":[{"@type":"SearchAction","target":{"@type":"EntryPoint","urlTemplate":"https:\/\/kapitalis.com\/tunisie\/?s={search_term_string}"},"query-input":{"@type":"PropertyValueSpecification","valueRequired":true,"valueName":"search_term_string"}}],"inLanguage":"fr-FR"},{"@type":"Organization","@id":"https:\/\/kapitalis.com\/tunisie\/#organization","name":"Kapitalis","url":"https:\/\/kapitalis.com\/tunisie\/","logo":{"@type":"ImageObject","inLanguage":"fr-FR","@id":"https:\/\/kapitalis.com\/tunisie\/#\/schema\/logo\/image\/","url":"https:\/\/kapitalis.com\/tunisie\/wp-content\/uploads\/2022\/05\/Kapitalis-big-size.png","contentUrl":"https:\/\/kapitalis.com\/tunisie\/wp-content\/uploads\/2022\/05\/Kapitalis-big-size.png","width":5000,"height":1500,"caption":"Kapitalis"},"image":{"@id":"https:\/\/kapitalis.com\/tunisie\/#\/schema\/logo\/image\/"},"sameAs":["https:\/\/www.facebook.com\/KapitalisInfo\/","https:\/\/x.com\/KapitalisInfo","https:\/\/www.youtube.com\/channel\/UC-yDYrHyfFBWWZaOw3FPg9Q"]},{"@type":"Person","@id":"https:\/\/kapitalis.com\/tunisie\/#\/schema\/person\/74bbde0154d49d790a92aaeac5bc01d5","name":"Yusra NY","url":"https:\/\/kapitalis.com\/tunisie\/author\/yuza_adam\/"}]}},"_links":{"self":[{"href":"https:\/\/kapitalis.com\/tunisie\/wp-json\/wp\/v2\/posts\/183648","targetHints":{"allow":["GET"]}}],"collection":[{"href":"https:\/\/kapitalis.com\/tunisie\/wp-json\/wp\/v2\/posts"}],"about":[{"href":"https:\/\/kapitalis.com\/tunisie\/wp-json\/wp\/v2\/types\/post"}],"author":[{"embeddable":true,"href":"https:\/\/kapitalis.com\/tunisie\/wp-json\/wp\/v2\/users\/6"}],"replies":[{"embeddable":true,"href":"https:\/\/kapitalis.com\/tunisie\/wp-json\/wp\/v2\/comments?post=183648"}],"version-history":[{"count":0,"href":"https:\/\/kapitalis.com\/tunisie\/wp-json\/wp\/v2\/posts\/183648\/revisions"}],"wp:featuredmedia":[{"embeddable":true,"href":"https:\/\/kapitalis.com\/tunisie\/wp-json\/wp\/v2\/media\/183654"}],"wp:attachment":[{"href":"https:\/\/kapitalis.com\/tunisie\/wp-json\/wp\/v2\/media?parent=183648"}],"wp:term":[{"taxonomy":"category","embeddable":true,"href":"https:\/\/kapitalis.com\/tunisie\/wp-json\/wp\/v2\/categories?post=183648"},{"taxonomy":"post_tag","embeddable":true,"href":"https:\/\/kapitalis.com\/tunisie\/wp-json\/wp\/v2\/tags?post=183648"}],"curies":[{"name":"wp","href":"https:\/\/api.w.org\/{rel}","templated":true}]}}