{"id":18376162,"date":"2026-02-18T07:47:03","date_gmt":"2026-02-18T06:47:03","guid":{"rendered":"https:\/\/kapitalis.com\/tunisie\/?p=18376162"},"modified":"2026-02-18T07:47:05","modified_gmt":"2026-02-18T06:47:05","slug":"conect-dialogue-public-prive-pour-accelerer-la-transition-energetique","status":"publish","type":"post","link":"https:\/\/kapitalis.com\/tunisie\/2026\/02\/18\/conect-dialogue-public-prive-pour-accelerer-la-transition-energetique\/","title":{"rendered":"Conect | Dialogue public-priv\u00e9 pour acc\u00e9l\u00e9rer la transition \u00e9nerg\u00e9tique"},"content":{"rendered":"\n<p><strong><em>La Conf\u00e9d\u00e9ration des entreprises citoyennes de Tunisie (Conect) a organis\u00e9, mardi 17 f\u00e9vrier 2026, une Conf\u00e9rence nationale consacr\u00e9e aux \u00e9nergies renouvelables, plac\u00e9e sous le th\u00e8me : \u00abProjets d\u2019\u00e9nergies renouvelables sous r\u00e9gime des autorisations : cadre actuel, enjeux et perspectives d\u2019am\u00e9lioration\u00bb. L\u2019organisation patronale a voulu cr\u00e9er un espace de dialogue entre d\u00e9cideurs publics, investisseurs et professionnels du secteur, dans un contexte marqu\u00e9 par l\u2019acc\u00e9l\u00e9ration de la transition \u00e9nerg\u00e9tique en Tunisie.<\/em><\/strong><\/p>\n\n\n\n<p><strong>Lotfi Sahli<\/strong><\/p>\n\n\n\n<!--more-->\n\n\n\n<p>Cette rencontre a rassembl\u00e9 l\u2019ensemble des acteurs concern\u00e9s par le secteur, notamment des op\u00e9rateurs \u00e9conomiques, la Soci\u00e9t\u00e9 tunisienne de l\u2019\u00e9lectricit\u00e9 et du gaz (Steg), l\u2019Agence nationale pour la ma\u00eetrise de l\u2019\u00e9nergie (ANME), la Direction de l\u2019\u00e9nergie, des industriels, des bureaux d\u2019\u00e9tudes et des investisseurs. Plusieurs institutions financi\u00e8res et organismes publics ont \u00e9galement pris part aux \u00e9changes, dont la Caisse des D\u00e9p\u00f4ts et Consignations (CDC) de Tunisie ainsi que deux banques de la place, dont une sp\u00e9cialis\u00e9e dans la finance islamique.<\/p>\n\n\n\n<p>A l\u2019ouverture des travaux, le pr\u00e9sident du Groupement professionnel des \u00e9nergies renouvelables (GPER) au sein de la Conect, Sadok Besbes, a insist\u00e9 sur l\u2019importance du r\u00e9gime des autorisations comme levier de relance du secteur. Selon lui, ce m\u00e9canisme constitue un outil d\u00e9terminant pour redynamiser l\u2019investissement et renforcer la confiance des op\u00e9rateurs \u00e9conomiques. Il a soulign\u00e9 que de nombreuses entreprises, tunisiennes et \u00e9trang\u00e8res, manifestent un int\u00e9r\u00eat croissant pour les projets d\u2019\u00e9nergies renouvelables, \u00e0 condition que le cadre r\u00e9glementaire soit lisible et les proc\u00e9dures suffisamment fluides.<\/p>\n\n\n\n<h2 class=\"wp-block-heading\">Vision, simplification, acc\u00e9l\u00e9ration<\/h2>\n\n\n\n<p>Le pr\u00e9sident de la Conect, Aslan Ben Rejeb, a mis en avant l\u2019importance strat\u00e9gique des licences accord\u00e9es aux projets d\u2019\u00e9nergies renouvelables, tant sur le plan juridique que financier, soulignant leur r\u00f4le d\u00e9terminant dans l\u2019acc\u00e9l\u00e9ration de la transition \u00e9nerg\u00e9tique, notamment pour les PME r\u00e9gionales, qui y trouvent un levier de comp\u00e9titivit\u00e9 et de diversification. Ben Rejeb a salu\u00e9 le lancement d\u2019un cinqui\u00e8me cycle d\u2019octroi de licences, r\u00e9v\u00e9lateur de la volont\u00e9 des autorit\u00e9s de stimuler le secteur. Estimant que le d\u00e9ficit \u00e9nerg\u00e9tique peut devenir une opportunit\u00e9, il a plaid\u00e9 pour un soutien accru au secteur priv\u00e9, \u00e0 travers des proc\u00e9dures simplifi\u00e9es et une vision claire. Toutefois, il a insist\u00e9 sur la n\u00e9cessit\u00e9 d\u2019un accompagnement plus soutenu du secteur priv\u00e9, appelant \u00e0 des proc\u00e9dures acc\u00e9l\u00e9r\u00e9es, \u00e0 une simplification administrative et \u00e0 une vision strat\u00e9gique claire de la part du minist\u00e8re de tutelle.<\/p>\n\n\n\n<p>La ministre de l\u2019Industrie, des Mines et de l\u2019\u00c9nergie, Fatma Thabet Chiboub, a annonc\u00e9 l\u2019octroi de 187 licences pour des projets d\u2019\u00e9nergies renouvelables, soulignant le r\u00f4le central de ce m\u00e9canisme dans la transition \u00e9nerg\u00e9tique. Elle a indiqu\u00e9 que ce dispositif vise \u00e0 accompagner les entreprises industrielles et de services souhaitant couvrir leurs besoins en \u00e9nergie verte. Le syst\u00e8me permet \u00e9galement aux PME de produire et de commercialiser leur propre \u00e9lectricit\u00e9. Selon la ministre, cet investissement constitue une opportunit\u00e9 strat\u00e9gique pour l\u2019\u00c9tat, l\u2019\u00e9conomie nationale et les op\u00e9rateurs priv\u00e9s.<\/p>\n\n\n\n<p>La conf\u00e9rence a donn\u00e9 la parole aux principaux acteurs institutionnels du secteur \u00e9nerg\u00e9tique. Des repr\u00e9sentants de la Direction g\u00e9n\u00e9rale de l\u2019\u00e9nergie, de l\u2019ANME et de la Steg sont intervenus pour exposer, chacun dans son domaine de comp\u00e9tence, l\u2019\u00e9tat d\u2019avancement du programme des \u00e9nergies renouvelables.<\/p>\n\n\n<div class=\"wp-block-image\">\n<figure class=\"aligncenter size-full\"><img loading=\"lazy\" decoding=\"async\" width=\"800\" height=\"600\" src=\"https:\/\/kapitalis.com\/tunisie\/wp-content\/uploads\/2026\/02\/Fatma-Chiboub-Thabet-Conect.jpg\" alt=\"\" class=\"wp-image-18376219\" srcset=\"https:\/\/kapitalis.com\/tunisie\/wp-content\/uploads\/2026\/02\/Fatma-Chiboub-Thabet-Conect.jpg 800w, https:\/\/kapitalis.com\/tunisie\/wp-content\/uploads\/2026\/02\/Fatma-Chiboub-Thabet-Conect-300x225.jpg 300w, https:\/\/kapitalis.com\/tunisie\/wp-content\/uploads\/2026\/02\/Fatma-Chiboub-Thabet-Conect-768x576.jpg 768w, https:\/\/kapitalis.com\/tunisie\/wp-content\/uploads\/2026\/02\/Fatma-Chiboub-Thabet-Conect-580x435.jpg 580w\" sizes=\"auto, (max-width: 800px) 100vw, 800px\" \/><figcaption class=\"wp-element-caption\"><em>Fatma Chiboub Thabet.<\/em><\/figcaption><\/figure>\n<\/div>\n\n\n<h2 class=\"wp-block-heading\"> Contraintes techniques, r\u00e9glementaires et financi\u00e8res<\/h2>\n\n\n\n<p>Les intervenants ont exprim\u00e9 leur engagement et leur enthousiasme \u00e0 accompagner la mise en \u0153uvre de cette strat\u00e9gie nationale, tout en reconnaissant l\u2019existence de contraintes techniques, r\u00e9glementaires et financi\u00e8res. Ils ont d\u00e9taill\u00e9 les efforts entrepris pour moderniser le cadre juridique, renforcer les infrastructures du r\u00e9seau \u00e9lectrique et am\u00e9liorer les m\u00e9canismes d\u2019int\u00e9gration de l\u2019\u00e9lectricit\u00e9 verte. Tous ont insist\u00e9 sur la n\u00e9cessit\u00e9 d\u2019une coordination \u00e9troite entre les institutions publiques et les op\u00e9rateurs priv\u00e9s afin d\u2019assurer la r\u00e9ussite durable du programme et d\u2019atteindre les objectifs fix\u00e9s en mati\u00e8re de transition \u00e9nerg\u00e9tique.<\/p>\n\n\n\n<p>Un d\u00e9bat particuli\u00e8rement riche et anim\u00e9 a suivi les interventions des diff\u00e9rents responsables et experts pr\u00e9sents. Les \u00e9changes ont port\u00e9 sur les probl\u00e9matiques les plus sensibles li\u00e9es au r\u00e9gime des autorisations, notamment les d\u00e9lais d\u2019instruction des dossiers, la complexit\u00e9 des proc\u00e9dures administratives et le manque de visibilit\u00e9 pour les porteurs de projets.<\/p>\n\n\n\n<p>La question du raccordement au r\u00e9seau \u00e9lectrique a occup\u00e9 une place centrale dans les discussions. Plusieurs participants ont soulev\u00e9 les difficult\u00e9s techniques et les contraintes li\u00e9es \u00e0 la capacit\u00e9 d\u2019absorption du r\u00e9seau, ainsi que les co\u00fbts et les d\u00e9lais associ\u00e9s aux travaux de connexion. Les intervenants ont \u00e9galement \u00e9voqu\u00e9 la n\u00e9cessit\u00e9 d\u2019une meilleure planification des infrastructures et d\u2019une coordination renforc\u00e9e entre les diff\u00e9rentes parties prenantes.<\/p>\n\n\n\n<p>Ce d\u00e9bat a permis de mettre en lumi\u00e8re les attentes du secteur priv\u00e9, tout en ouvrant la voie \u00e0 des propositions concr\u00e8tes visant \u00e0 fluidifier les proc\u00e9dures et \u00e0 acc\u00e9l\u00e9rer la mise en \u0153uvre des projets.<\/p>\n\n\n\n<p>La conf\u00e9rence s\u2019est cl\u00f4tur\u00e9e par l\u2019intervention de Wael Chouchane, secr\u00e9taire d\u2019\u00c9tat aupr\u00e8s de la ministre de l\u2019Industrie, des Mines et de l\u2019\u00c9nergie, charg\u00e9 de la Transition \u00e9nerg\u00e9tique, qui a salu\u00e9 la qualit\u00e9 des d\u00e9bats et l\u2019engagement de tous les acteurs pr\u00e9sents, soulignant l\u2019importance de la concertation entre le secteur public et le secteur priv\u00e9 pour r\u00e9ussir la transition \u00e9nerg\u00e9tique. Il a \u00e9galement r\u00e9affirm\u00e9 la volont\u00e9 de l\u2019\u00c9tat de soutenir les projets d\u2019\u00e9nergies renouvelables, en insistant sur la n\u00e9cessit\u00e9 de simplifier les proc\u00e9dures et de renforcer les infrastructures pour permettre un d\u00e9veloppement durable et efficace du secteur.<\/p>\n\n\n\n<p>Interrog\u00e9 sur la capacit\u00e9 des r\u00e9seaux \u00e9lectriques de transport et de distribution \u00e0 soutenir une telle expansion des projets d\u2019\u00e9nergies renouvelables, le directeur g\u00e9n\u00e9ral adjoint de la Steg s\u2019est d\u00e9clar\u00e9 confiant.<\/p>\n\n\n\n<figure class=\"wp-block-embed is-type-wp-embed is-provider-kapitalis wp-block-embed-kapitalis\"><div class=\"wp-block-embed__wrapper\">\n<blockquote class=\"wp-embedded-content\" data-secret=\"OP7szeL5Uw\"><a href=\"https:\/\/kapitalis.com\/tunisie\/2023\/11\/18\/opportunites-et-defis-de-lenergie-solaire-en-tunisie\/\">Opportunit\u00e9s et d\u00e9fis de l\u2019\u00e9nergie solaire en Tunisie<\/a><\/blockquote><iframe loading=\"lazy\" class=\"wp-embedded-content\" sandbox=\"allow-scripts\" security=\"restricted\" style=\"position: absolute; visibility: hidden;\" title=\"\u00ab\u00a0Opportunit\u00e9s et d\u00e9fis de l\u2019\u00e9nergie solaire en Tunisie\u00a0\u00bb &#8212; Kapitalis\" src=\"https:\/\/kapitalis.com\/tunisie\/2023\/11\/18\/opportunites-et-defis-de-lenergie-solaire-en-tunisie\/embed\/#?secret=fvTfWAGIE7#?secret=OP7szeL5Uw\" data-secret=\"OP7szeL5Uw\" width=\"600\" height=\"338\" frameborder=\"0\" marginwidth=\"0\" marginheight=\"0\" scrolling=\"no\"><\/iframe>\n<\/div><\/figure>\n","protected":false},"excerpt":{"rendered":"<p>Projets d\u2019\u00e9nergies renouvelables sous r\u00e9gime des autorisations : cadre actuel, enjeux et perspectives d\u2019am\u00e9lioration. <\/p>\n","protected":false},"author":8,"featured_media":18376204,"comment_status":"open","ping_status":"open","sticky":false,"template":"","format":"standard","meta":{"footnotes":""},"categories":[992,995,2433],"tags":[79693,2144,127037,5640,114100,127036,80209,62643],"class_list":["post-18376162","post","type-post","status-publish","format-standard","has-post-thumbnail","hentry","category-a-la-une","category-economie","category-tunisie","tag-aslan-ben-rejeb","tag-conect","tag-electricite-verte","tag-energies-renouvelables","tag-fatma-thabet-chiboub","tag-sadok-besbes","tag-transition-energetique","tag-tunisie"],"yoast_head":"<!-- This site is optimized with the Yoast SEO plugin v26.6 - https:\/\/yoast.com\/wordpress\/plugins\/seo\/ -->\n<title>Conect | Dialogue public-priv\u00e9 pour acc\u00e9l\u00e9rer la transition \u00e9nerg\u00e9tique - Kapitalis<\/title>\n<meta name=\"description\" content=\"Projets d\u2019\u00e9nergies renouvelables sous r\u00e9gime des autorisations : cadre actuel, enjeux et perspectives d\u2019am\u00e9lioration.\" \/>\n<meta name=\"robots\" content=\"index, follow, max-snippet:-1, max-image-preview:large, max-video-preview:-1\" \/>\n<link rel=\"canonical\" href=\"https:\/\/kapitalis.com\/tunisie\/2026\/02\/18\/conect-dialogue-public-prive-pour-accelerer-la-transition-energetique\/\" \/>\n<meta property=\"og:locale\" content=\"fr_FR\" \/>\n<meta property=\"og:type\" content=\"article\" \/>\n<meta property=\"og:title\" content=\"Conect | Dialogue public-priv\u00e9 pour acc\u00e9l\u00e9rer la transition \u00e9nerg\u00e9tique - Kapitalis\" \/>\n<meta property=\"og:description\" content=\"Projets d\u2019\u00e9nergies renouvelables sous r\u00e9gime des autorisations : cadre actuel, enjeux et perspectives d\u2019am\u00e9lioration.\" \/>\n<meta property=\"og:url\" content=\"https:\/\/kapitalis.com\/tunisie\/2026\/02\/18\/conect-dialogue-public-prive-pour-accelerer-la-transition-energetique\/\" \/>\n<meta property=\"og:site_name\" content=\"Kapitalis\" \/>\n<meta property=\"article:publisher\" content=\"https:\/\/www.facebook.com\/KapitalisInfo\/\" \/>\n<meta property=\"article:published_time\" content=\"2026-02-18T06:47:03+00:00\" \/>\n<meta property=\"article:modified_time\" content=\"2026-02-18T06:47:05+00:00\" \/>\n<meta property=\"og:image\" content=\"https:\/\/kapitalis.com\/tunisie\/wp-content\/uploads\/2026\/02\/Conect-Transition-energetique.jpg\" \/>\n\t<meta property=\"og:image:width\" content=\"1200\" \/>\n\t<meta property=\"og:image:height\" content=\"630\" \/>\n\t<meta property=\"og:image:type\" content=\"image\/jpeg\" \/>\n<meta name=\"author\" content=\"webmaster kapitalis\" \/>\n<meta name=\"twitter:card\" content=\"summary_large_image\" \/>\n<meta name=\"twitter:creator\" content=\"@KapitalisInfo\" \/>\n<meta name=\"twitter:site\" content=\"@KapitalisInfo\" \/>\n<meta name=\"twitter:label1\" content=\"\u00c9crit par\" \/>\n\t<meta name=\"twitter:data1\" content=\"webmaster kapitalis\" \/>\n\t<meta name=\"twitter:label2\" content=\"Dur\u00e9e de lecture estim\u00e9e\" \/>\n\t<meta name=\"twitter:data2\" content=\"5 minutes\" \/>\n<script type=\"application\/ld+json\" class=\"yoast-schema-graph\">{\"@context\":\"https:\/\/schema.org\",\"@graph\":[{\"@type\":\"Article\",\"@id\":\"https:\/\/kapitalis.com\/tunisie\/2026\/02\/18\/conect-dialogue-public-prive-pour-accelerer-la-transition-energetique\/#article\",\"isPartOf\":{\"@id\":\"https:\/\/kapitalis.com\/tunisie\/2026\/02\/18\/conect-dialogue-public-prive-pour-accelerer-la-transition-energetique\/\"},\"author\":{\"name\":\"webmaster kapitalis\",\"@id\":\"https:\/\/kapitalis.com\/tunisie\/#\/schema\/person\/d71f33a9ca44f7bad4698210b480c8e9\"},\"headline\":\"Conect | Dialogue public-priv\u00e9 pour acc\u00e9l\u00e9rer la transition \u00e9nerg\u00e9tique\",\"datePublished\":\"2026-02-18T06:47:03+00:00\",\"dateModified\":\"2026-02-18T06:47:05+00:00\",\"mainEntityOfPage\":{\"@id\":\"https:\/\/kapitalis.com\/tunisie\/2026\/02\/18\/conect-dialogue-public-prive-pour-accelerer-la-transition-energetique\/\"},\"wordCount\":1067,\"commentCount\":0,\"publisher\":{\"@id\":\"https:\/\/kapitalis.com\/tunisie\/#organization\"},\"image\":{\"@id\":\"https:\/\/kapitalis.com\/tunisie\/2026\/02\/18\/conect-dialogue-public-prive-pour-accelerer-la-transition-energetique\/#primaryimage\"},\"thumbnailUrl\":\"https:\/\/kapitalis.com\/tunisie\/wp-content\/uploads\/2026\/02\/Conect-Transition-energetique.jpg\",\"keywords\":[\"Aslan Ben Rejeb\",\"Conect\",\"\u00e9lectricit\u00e9 verte\",\"\u00e9nergies renouvelables\",\"Fatma Thabet Chiboub\",\"Sadok Besbes\",\"Transition \u00e9nerg\u00e9tique\",\"Tunisie\"],\"articleSection\":[\"A LA UNE\",\"ECONOMIE\",\"Tunisie\"],\"inLanguage\":\"fr-FR\",\"potentialAction\":[{\"@type\":\"CommentAction\",\"name\":\"Comment\",\"target\":[\"https:\/\/kapitalis.com\/tunisie\/2026\/02\/18\/conect-dialogue-public-prive-pour-accelerer-la-transition-energetique\/#respond\"]}]},{\"@type\":\"WebPage\",\"@id\":\"https:\/\/kapitalis.com\/tunisie\/2026\/02\/18\/conect-dialogue-public-prive-pour-accelerer-la-transition-energetique\/\",\"url\":\"https:\/\/kapitalis.com\/tunisie\/2026\/02\/18\/conect-dialogue-public-prive-pour-accelerer-la-transition-energetique\/\",\"name\":\"Conect | Dialogue public-priv\u00e9 pour acc\u00e9l\u00e9rer la transition \u00e9nerg\u00e9tique - Kapitalis\",\"isPartOf\":{\"@id\":\"https:\/\/kapitalis.com\/tunisie\/#website\"},\"primaryImageOfPage\":{\"@id\":\"https:\/\/kapitalis.com\/tunisie\/2026\/02\/18\/conect-dialogue-public-prive-pour-accelerer-la-transition-energetique\/#primaryimage\"},\"image\":{\"@id\":\"https:\/\/kapitalis.com\/tunisie\/2026\/02\/18\/conect-dialogue-public-prive-pour-accelerer-la-transition-energetique\/#primaryimage\"},\"thumbnailUrl\":\"https:\/\/kapitalis.com\/tunisie\/wp-content\/uploads\/2026\/02\/Conect-Transition-energetique.jpg\",\"datePublished\":\"2026-02-18T06:47:03+00:00\",\"dateModified\":\"2026-02-18T06:47:05+00:00\",\"description\":\"Projets d\u2019\u00e9nergies renouvelables sous r\u00e9gime des autorisations : cadre actuel, enjeux et perspectives d\u2019am\u00e9lioration.\",\"breadcrumb\":{\"@id\":\"https:\/\/kapitalis.com\/tunisie\/2026\/02\/18\/conect-dialogue-public-prive-pour-accelerer-la-transition-energetique\/#breadcrumb\"},\"inLanguage\":\"fr-FR\",\"potentialAction\":[{\"@type\":\"ReadAction\",\"target\":[\"https:\/\/kapitalis.com\/tunisie\/2026\/02\/18\/conect-dialogue-public-prive-pour-accelerer-la-transition-energetique\/\"]}]},{\"@type\":\"ImageObject\",\"inLanguage\":\"fr-FR\",\"@id\":\"https:\/\/kapitalis.com\/tunisie\/2026\/02\/18\/conect-dialogue-public-prive-pour-accelerer-la-transition-energetique\/#primaryimage\",\"url\":\"https:\/\/kapitalis.com\/tunisie\/wp-content\/uploads\/2026\/02\/Conect-Transition-energetique.jpg\",\"contentUrl\":\"https:\/\/kapitalis.com\/tunisie\/wp-content\/uploads\/2026\/02\/Conect-Transition-energetique.jpg\",\"width\":1200,\"height\":630},{\"@type\":\"BreadcrumbList\",\"@id\":\"https:\/\/kapitalis.com\/tunisie\/2026\/02\/18\/conect-dialogue-public-prive-pour-accelerer-la-transition-energetique\/#breadcrumb\",\"itemListElement\":[{\"@type\":\"ListItem\",\"position\":1,\"name\":\"Accueil\",\"item\":\"https:\/\/kapitalis.com\/tunisie\/\"},{\"@type\":\"ListItem\",\"position\":2,\"name\":\"Conect | Dialogue public-priv\u00e9 pour acc\u00e9l\u00e9rer la transition \u00e9nerg\u00e9tique\"}]},{\"@type\":\"WebSite\",\"@id\":\"https:\/\/kapitalis.com\/tunisie\/#website\",\"url\":\"https:\/\/kapitalis.com\/tunisie\/\",\"name\":\"Kapitalis\",\"description\":\"L&#039;actualit\u00e9 en Tunisie et dans le monde\",\"publisher\":{\"@id\":\"https:\/\/kapitalis.com\/tunisie\/#organization\"},\"potentialAction\":[{\"@type\":\"SearchAction\",\"target\":{\"@type\":\"EntryPoint\",\"urlTemplate\":\"https:\/\/kapitalis.com\/tunisie\/?s={search_term_string}\"},\"query-input\":{\"@type\":\"PropertyValueSpecification\",\"valueRequired\":true,\"valueName\":\"search_term_string\"}}],\"inLanguage\":\"fr-FR\"},{\"@type\":\"Organization\",\"@id\":\"https:\/\/kapitalis.com\/tunisie\/#organization\",\"name\":\"Kapitalis\",\"url\":\"https:\/\/kapitalis.com\/tunisie\/\",\"logo\":{\"@type\":\"ImageObject\",\"inLanguage\":\"fr-FR\",\"@id\":\"https:\/\/kapitalis.com\/tunisie\/#\/schema\/logo\/image\/\",\"url\":\"https:\/\/kapitalis.com\/tunisie\/wp-content\/uploads\/2022\/05\/Kapitalis-big-size.png\",\"contentUrl\":\"https:\/\/kapitalis.com\/tunisie\/wp-content\/uploads\/2022\/05\/Kapitalis-big-size.png\",\"width\":5000,\"height\":1500,\"caption\":\"Kapitalis\"},\"image\":{\"@id\":\"https:\/\/kapitalis.com\/tunisie\/#\/schema\/logo\/image\/\"},\"sameAs\":[\"https:\/\/www.facebook.com\/KapitalisInfo\/\",\"https:\/\/x.com\/KapitalisInfo\",\"https:\/\/www.youtube.com\/channel\/UC-yDYrHyfFBWWZaOw3FPg9Q\"]},{\"@type\":\"Person\",\"@id\":\"https:\/\/kapitalis.com\/tunisie\/#\/schema\/person\/d71f33a9ca44f7bad4698210b480c8e9\",\"name\":\"webmaster kapitalis\",\"url\":\"https:\/\/kapitalis.com\/tunisie\/author\/webmaster-kapitalis\/\"}]}<\/script>\n<!-- \/ Yoast SEO plugin. -->","yoast_head_json":{"title":"Conect | Dialogue public-priv\u00e9 pour acc\u00e9l\u00e9rer la transition \u00e9nerg\u00e9tique - Kapitalis","description":"Projets d\u2019\u00e9nergies renouvelables sous r\u00e9gime des autorisations : cadre actuel, enjeux et perspectives d\u2019am\u00e9lioration.","robots":{"index":"index","follow":"follow","max-snippet":"max-snippet:-1","max-image-preview":"max-image-preview:large","max-video-preview":"max-video-preview:-1"},"canonical":"https:\/\/kapitalis.com\/tunisie\/2026\/02\/18\/conect-dialogue-public-prive-pour-accelerer-la-transition-energetique\/","og_locale":"fr_FR","og_type":"article","og_title":"Conect | Dialogue public-priv\u00e9 pour acc\u00e9l\u00e9rer la transition \u00e9nerg\u00e9tique - Kapitalis","og_description":"Projets d\u2019\u00e9nergies renouvelables sous r\u00e9gime des autorisations : cadre actuel, enjeux et perspectives d\u2019am\u00e9lioration.","og_url":"https:\/\/kapitalis.com\/tunisie\/2026\/02\/18\/conect-dialogue-public-prive-pour-accelerer-la-transition-energetique\/","og_site_name":"Kapitalis","article_publisher":"https:\/\/www.facebook.com\/KapitalisInfo\/","article_published_time":"2026-02-18T06:47:03+00:00","article_modified_time":"2026-02-18T06:47:05+00:00","og_image":[{"width":1200,"height":630,"url":"https:\/\/kapitalis.com\/tunisie\/wp-content\/uploads\/2026\/02\/Conect-Transition-energetique.jpg","type":"image\/jpeg"}],"author":"webmaster kapitalis","twitter_card":"summary_large_image","twitter_creator":"@KapitalisInfo","twitter_site":"@KapitalisInfo","twitter_misc":{"\u00c9crit par":"webmaster kapitalis","Dur\u00e9e de lecture estim\u00e9e":"5 minutes"},"schema":{"@context":"https:\/\/schema.org","@graph":[{"@type":"Article","@id":"https:\/\/kapitalis.com\/tunisie\/2026\/02\/18\/conect-dialogue-public-prive-pour-accelerer-la-transition-energetique\/#article","isPartOf":{"@id":"https:\/\/kapitalis.com\/tunisie\/2026\/02\/18\/conect-dialogue-public-prive-pour-accelerer-la-transition-energetique\/"},"author":{"name":"webmaster kapitalis","@id":"https:\/\/kapitalis.com\/tunisie\/#\/schema\/person\/d71f33a9ca44f7bad4698210b480c8e9"},"headline":"Conect | Dialogue public-priv\u00e9 pour acc\u00e9l\u00e9rer la transition \u00e9nerg\u00e9tique","datePublished":"2026-02-18T06:47:03+00:00","dateModified":"2026-02-18T06:47:05+00:00","mainEntityOfPage":{"@id":"https:\/\/kapitalis.com\/tunisie\/2026\/02\/18\/conect-dialogue-public-prive-pour-accelerer-la-transition-energetique\/"},"wordCount":1067,"commentCount":0,"publisher":{"@id":"https:\/\/kapitalis.com\/tunisie\/#organization"},"image":{"@id":"https:\/\/kapitalis.com\/tunisie\/2026\/02\/18\/conect-dialogue-public-prive-pour-accelerer-la-transition-energetique\/#primaryimage"},"thumbnailUrl":"https:\/\/kapitalis.com\/tunisie\/wp-content\/uploads\/2026\/02\/Conect-Transition-energetique.jpg","keywords":["Aslan Ben Rejeb","Conect","\u00e9lectricit\u00e9 verte","\u00e9nergies renouvelables","Fatma Thabet Chiboub","Sadok Besbes","Transition \u00e9nerg\u00e9tique","Tunisie"],"articleSection":["A LA UNE","ECONOMIE","Tunisie"],"inLanguage":"fr-FR","potentialAction":[{"@type":"CommentAction","name":"Comment","target":["https:\/\/kapitalis.com\/tunisie\/2026\/02\/18\/conect-dialogue-public-prive-pour-accelerer-la-transition-energetique\/#respond"]}]},{"@type":"WebPage","@id":"https:\/\/kapitalis.com\/tunisie\/2026\/02\/18\/conect-dialogue-public-prive-pour-accelerer-la-transition-energetique\/","url":"https:\/\/kapitalis.com\/tunisie\/2026\/02\/18\/conect-dialogue-public-prive-pour-accelerer-la-transition-energetique\/","name":"Conect | Dialogue public-priv\u00e9 pour acc\u00e9l\u00e9rer la transition \u00e9nerg\u00e9tique - Kapitalis","isPartOf":{"@id":"https:\/\/kapitalis.com\/tunisie\/#website"},"primaryImageOfPage":{"@id":"https:\/\/kapitalis.com\/tunisie\/2026\/02\/18\/conect-dialogue-public-prive-pour-accelerer-la-transition-energetique\/#primaryimage"},"image":{"@id":"https:\/\/kapitalis.com\/tunisie\/2026\/02\/18\/conect-dialogue-public-prive-pour-accelerer-la-transition-energetique\/#primaryimage"},"thumbnailUrl":"https:\/\/kapitalis.com\/tunisie\/wp-content\/uploads\/2026\/02\/Conect-Transition-energetique.jpg","datePublished":"2026-02-18T06:47:03+00:00","dateModified":"2026-02-18T06:47:05+00:00","description":"Projets d\u2019\u00e9nergies renouvelables sous r\u00e9gime des autorisations : cadre actuel, enjeux et perspectives d\u2019am\u00e9lioration.","breadcrumb":{"@id":"https:\/\/kapitalis.com\/tunisie\/2026\/02\/18\/conect-dialogue-public-prive-pour-accelerer-la-transition-energetique\/#breadcrumb"},"inLanguage":"fr-FR","potentialAction":[{"@type":"ReadAction","target":["https:\/\/kapitalis.com\/tunisie\/2026\/02\/18\/conect-dialogue-public-prive-pour-accelerer-la-transition-energetique\/"]}]},{"@type":"ImageObject","inLanguage":"fr-FR","@id":"https:\/\/kapitalis.com\/tunisie\/2026\/02\/18\/conect-dialogue-public-prive-pour-accelerer-la-transition-energetique\/#primaryimage","url":"https:\/\/kapitalis.com\/tunisie\/wp-content\/uploads\/2026\/02\/Conect-Transition-energetique.jpg","contentUrl":"https:\/\/kapitalis.com\/tunisie\/wp-content\/uploads\/2026\/02\/Conect-Transition-energetique.jpg","width":1200,"height":630},{"@type":"BreadcrumbList","@id":"https:\/\/kapitalis.com\/tunisie\/2026\/02\/18\/conect-dialogue-public-prive-pour-accelerer-la-transition-energetique\/#breadcrumb","itemListElement":[{"@type":"ListItem","position":1,"name":"Accueil","item":"https:\/\/kapitalis.com\/tunisie\/"},{"@type":"ListItem","position":2,"name":"Conect | Dialogue public-priv\u00e9 pour acc\u00e9l\u00e9rer la transition \u00e9nerg\u00e9tique"}]},{"@type":"WebSite","@id":"https:\/\/kapitalis.com\/tunisie\/#website","url":"https:\/\/kapitalis.com\/tunisie\/","name":"Kapitalis","description":"L&#039;actualit\u00e9 en Tunisie et dans le monde","publisher":{"@id":"https:\/\/kapitalis.com\/tunisie\/#organization"},"potentialAction":[{"@type":"SearchAction","target":{"@type":"EntryPoint","urlTemplate":"https:\/\/kapitalis.com\/tunisie\/?s={search_term_string}"},"query-input":{"@type":"PropertyValueSpecification","valueRequired":true,"valueName":"search_term_string"}}],"inLanguage":"fr-FR"},{"@type":"Organization","@id":"https:\/\/kapitalis.com\/tunisie\/#organization","name":"Kapitalis","url":"https:\/\/kapitalis.com\/tunisie\/","logo":{"@type":"ImageObject","inLanguage":"fr-FR","@id":"https:\/\/kapitalis.com\/tunisie\/#\/schema\/logo\/image\/","url":"https:\/\/kapitalis.com\/tunisie\/wp-content\/uploads\/2022\/05\/Kapitalis-big-size.png","contentUrl":"https:\/\/kapitalis.com\/tunisie\/wp-content\/uploads\/2022\/05\/Kapitalis-big-size.png","width":5000,"height":1500,"caption":"Kapitalis"},"image":{"@id":"https:\/\/kapitalis.com\/tunisie\/#\/schema\/logo\/image\/"},"sameAs":["https:\/\/www.facebook.com\/KapitalisInfo\/","https:\/\/x.com\/KapitalisInfo","https:\/\/www.youtube.com\/channel\/UC-yDYrHyfFBWWZaOw3FPg9Q"]},{"@type":"Person","@id":"https:\/\/kapitalis.com\/tunisie\/#\/schema\/person\/d71f33a9ca44f7bad4698210b480c8e9","name":"webmaster kapitalis","url":"https:\/\/kapitalis.com\/tunisie\/author\/webmaster-kapitalis\/"}]}},"_links":{"self":[{"href":"https:\/\/kapitalis.com\/tunisie\/wp-json\/wp\/v2\/posts\/18376162","targetHints":{"allow":["GET"]}}],"collection":[{"href":"https:\/\/kapitalis.com\/tunisie\/wp-json\/wp\/v2\/posts"}],"about":[{"href":"https:\/\/kapitalis.com\/tunisie\/wp-json\/wp\/v2\/types\/post"}],"author":[{"embeddable":true,"href":"https:\/\/kapitalis.com\/tunisie\/wp-json\/wp\/v2\/users\/8"}],"replies":[{"embeddable":true,"href":"https:\/\/kapitalis.com\/tunisie\/wp-json\/wp\/v2\/comments?post=18376162"}],"version-history":[{"count":1,"href":"https:\/\/kapitalis.com\/tunisie\/wp-json\/wp\/v2\/posts\/18376162\/revisions"}],"predecessor-version":[{"id":18376240,"href":"https:\/\/kapitalis.com\/tunisie\/wp-json\/wp\/v2\/posts\/18376162\/revisions\/18376240"}],"wp:featuredmedia":[{"embeddable":true,"href":"https:\/\/kapitalis.com\/tunisie\/wp-json\/wp\/v2\/media\/18376204"}],"wp:attachment":[{"href":"https:\/\/kapitalis.com\/tunisie\/wp-json\/wp\/v2\/media?parent=18376162"}],"wp:term":[{"taxonomy":"category","embeddable":true,"href":"https:\/\/kapitalis.com\/tunisie\/wp-json\/wp\/v2\/categories?post=18376162"},{"taxonomy":"post_tag","embeddable":true,"href":"https:\/\/kapitalis.com\/tunisie\/wp-json\/wp\/v2\/tags?post=18376162"}],"curies":[{"name":"wp","href":"https:\/\/api.w.org\/{rel}","templated":true}]}}