{"id":183788,"date":"2018-11-14T10:22:42","date_gmt":"2018-11-14T09:22:42","guid":{"rendered":"http:\/\/kapitalis.com\/tunisie\/?p=183788"},"modified":"2018-11-14T10:22:42","modified_gmt":"2018-11-14T09:22:42","slug":"de-nouveaux-horizons-pour-le-festival-jazz-a-carthage","status":"publish","type":"post","link":"https:\/\/kapitalis.com\/tunisie\/2018\/11\/14\/de-nouveaux-horizons-pour-le-festival-jazz-a-carthage\/","title":{"rendered":"De nouveaux horizons pour le festival Jazz \u00e0 Carthage"},"content":{"rendered":"<p style=\"text-align: center;\"><img loading=\"lazy\" decoding=\"async\" class=\"alignnone size-full wp-image-183789\" src=\"http:\/\/kapitalis.com\/tunisie\/wp-content\/uploads\/2018\/11\/Jazz-a-Carthage.jpg\" alt=\"\" width=\"626\" height=\"380\" \/><\/p>\n<p><em><strong>Le festival Jazz \u00e0 Carthage qui se tient chaque ann\u00e9e depuis 2005 au mois d\u2019avril promet des nouveaut\u00e9s pour sa prochaine \u00e9dition, c\u2019est en tout cas ce qu\u2019a annonc\u00e9 le directeur Mourad Mathari sur la page officielle du festival.<\/strong><\/em><\/p>\n<p><!--more--><\/p>\n<p>Alors que le festival venait d\u2019\u00eatre abandonn\u00e9 par le minist\u00e8re des Affaires culturelles qui avait mis fin \u00e0 leur partenariat l\u2019ann\u00e9e derni\u00e8re, Jazz \u00e0 Carthage a r\u00e9ussi \u00e0 avoir un \u00e9norme nouveau soutien de la part des ambassades qui \u00e9taient d\u00e9j\u00e0 pr\u00e9sents dans les derni\u00e8res \u00e9ditions et se sont multipli\u00e9s pour la prochaine ann\u00e9e, \u00e9mettant le souhait d\u2019inviter des artistes internationaux pour soutenir le festival.<\/p>\n<p>D\u2019autre part, le festival quittera d\u00e9finitivement la salle Carthage 1 de l\u2019h\u00f4tel Barcelo Gammarth, qui l\u2019avait toujours abrit\u00e9, et ce,<em> \u00absuite \u00e0 la volont\u00e9 de l\u2019\u00e9tablissement et au durcissement des conditions\u00bb,<\/em> explique Mourad Mathari.<\/p>\n<p>Jazz \u00e0 Carthage, qui vient de signer de nouveaux partenariats avec la municipalit\u00e9 de la Marsa, la D\u00e9l\u00e9gation europ\u00e9enne et l\u2019Acropolium de Carthage, proposera une session outdoor (concerts de rue), ainsi qu\u2019une extension du festival fin juin avec des concerts de plus de 300 places, annonce-t-on.<br \/>\nMalgr\u00e9 sa popularit\u00e9 aupr\u00e8s des jazzophiles et des m\u00e9lomanes en g\u00e9n\u00e9ral,<em> \u00ables d\u00e9marches sont encore longues et fastidieuses pour la construction du programme et pour le maintien de Jazz \u00e0 Carthage dans le paysage culturel national\u00bb,<\/em> pr\u00e9cise Mourad Mathari.<\/p>\n<p style=\"text-align: right;\"><strong>Fawz Ben Ali<\/strong><\/p>\n<blockquote class=\"wp-embedded-content\" data-secret=\"TnOQuwy3s6\"><p><a href=\"https:\/\/kapitalis.com\/tunisie\/2018\/04\/16\/jazz-a-carthage-cloture-en-beaute-avec-les-jeunes-talents-tunisiens\/\">Jazz \u00e0 Carthage : Cl\u00f4ture en beaut\u00e9 avec les jeunes talents tunisiens<\/a><\/p><\/blockquote>\n<p><iframe loading=\"lazy\" class=\"wp-embedded-content\" sandbox=\"allow-scripts\" security=\"restricted\" style=\"position: absolute; clip: rect(1px, 1px, 1px, 1px);\" title=\"\u00ab\u00a0Jazz \u00e0 Carthage : Cl\u00f4ture en beaut\u00e9 avec les jeunes talents tunisiens\u00a0\u00bb &#8212; Kapitalis\" src=\"https:\/\/kapitalis.com\/tunisie\/2018\/04\/16\/jazz-a-carthage-cloture-en-beaute-avec-les-jeunes-talents-tunisiens\/embed\/#?secret=yY0C3HdHbC#?secret=TnOQuwy3s6\" data-secret=\"TnOQuwy3s6\" width=\"600\" height=\"338\" frameborder=\"0\" marginwidth=\"0\" marginheight=\"0\" scrolling=\"no\"><\/iframe><\/p>\n<blockquote class=\"wp-embedded-content\" data-secret=\"RnOkJjGzuM\"><p><a href=\"https:\/\/kapitalis.com\/tunisie\/2018\/04\/15\/jazz-a-carthage-postmodern-jukebox-aussi-retro-que-moderne\/\">Jazz \u00e0 Carthage : Postmodern Jukebox, aussi r\u00e9tro que moderne<\/a><\/p><\/blockquote>\n<p><iframe loading=\"lazy\" class=\"wp-embedded-content\" sandbox=\"allow-scripts\" security=\"restricted\" style=\"position: absolute; clip: rect(1px, 1px, 1px, 1px);\" title=\"\u00ab\u00a0Jazz \u00e0 Carthage : Postmodern Jukebox, aussi r\u00e9tro que moderne\u00a0\u00bb &#8212; Kapitalis\" src=\"https:\/\/kapitalis.com\/tunisie\/2018\/04\/15\/jazz-a-carthage-postmodern-jukebox-aussi-retro-que-moderne\/embed\/#?secret=GaGOAl9YYr#?secret=RnOkJjGzuM\" data-secret=\"RnOkJjGzuM\" width=\"600\" height=\"338\" frameborder=\"0\" marginwidth=\"0\" marginheight=\"0\" scrolling=\"no\"><\/iframe><\/p>\n<blockquote class=\"wp-embedded-content\" data-secret=\"C4Ngxu6A62\"><p><a href=\"https:\/\/kapitalis.com\/tunisie\/2018\/04\/10\/jazz-a-carthage-elina-duni-et-kurt-elling-du-bon-jazz-comme-on-laime\/\">Jazz \u00e0 Carthage : Elina Duni et Kurt Elling, du bon jazz comme on l\u2019aime<\/a><\/p><\/blockquote>\n<p><iframe loading=\"lazy\" class=\"wp-embedded-content\" sandbox=\"allow-scripts\" security=\"restricted\" style=\"position: absolute; clip: rect(1px, 1px, 1px, 1px);\" title=\"\u00ab\u00a0Jazz \u00e0 Carthage : Elina Duni et Kurt Elling, du bon jazz comme on l\u2019aime\u00a0\u00bb &#8212; Kapitalis\" src=\"https:\/\/kapitalis.com\/tunisie\/2018\/04\/10\/jazz-a-carthage-elina-duni-et-kurt-elling-du-bon-jazz-comme-on-laime\/embed\/#?secret=5qQWbmKrYa#?secret=C4Ngxu6A62\" data-secret=\"C4Ngxu6A62\" width=\"600\" height=\"338\" frameborder=\"0\" marginwidth=\"0\" marginheight=\"0\" scrolling=\"no\"><\/iframe><\/p>\n","protected":false},"excerpt":{"rendered":"<p>Le festival Jazz \u00e0 Carthage qui se tient chaque ann\u00e9e depuis 2005 au mois d\u2019avril promet des nouveaut\u00e9s pour sa prochaine \u00e9dition, c\u2019est en tout cas ce qu\u2019a annonc\u00e9 le directeur Mourad Mathari sur la page officielle du festival.<\/p>\n","protected":false},"author":8,"featured_media":183789,"comment_status":"open","ping_status":"open","sticky":false,"template":"","format":"standard","meta":{"footnotes":""},"categories":[994,2433],"tags":[7486,16818,28695],"class_list":["post-183788","post","type-post","status-publish","format-standard","has-post-thumbnail","hentry","category-culture","category-tunisie","tag-acropolium-de-carthage","tag-jazz-a-carthage","tag-mourad-mathari"],"yoast_head":"<!-- This site is optimized with the Yoast SEO plugin v26.6 - https:\/\/yoast.com\/wordpress\/plugins\/seo\/ -->\n<title>De nouveaux horizons pour le festival Jazz \u00e0 Carthage - Kapitalis<\/title>\n<meta name=\"robots\" content=\"index, follow, max-snippet:-1, max-image-preview:large, max-video-preview:-1\" \/>\n<link rel=\"canonical\" href=\"https:\/\/kapitalis.com\/tunisie\/2018\/11\/14\/de-nouveaux-horizons-pour-le-festival-jazz-a-carthage\/\" \/>\n<meta property=\"og:locale\" content=\"fr_FR\" \/>\n<meta property=\"og:type\" content=\"article\" \/>\n<meta property=\"og:title\" content=\"De nouveaux horizons pour le festival Jazz \u00e0 Carthage - Kapitalis\" \/>\n<meta property=\"og:description\" content=\"Le festival Jazz \u00e0 Carthage qui se tient chaque ann\u00e9e depuis 2005 au mois d\u2019avril promet des nouveaut\u00e9s pour sa prochaine \u00e9dition, c\u2019est en tout cas ce qu\u2019a annonc\u00e9 le directeur Mourad Mathari sur la page officielle du festival.\" \/>\n<meta property=\"og:url\" content=\"https:\/\/kapitalis.com\/tunisie\/2018\/11\/14\/de-nouveaux-horizons-pour-le-festival-jazz-a-carthage\/\" \/>\n<meta property=\"og:site_name\" content=\"Kapitalis\" \/>\n<meta property=\"article:publisher\" content=\"https:\/\/www.facebook.com\/KapitalisInfo\/\" \/>\n<meta property=\"article:published_time\" content=\"2018-11-14T09:22:42+00:00\" \/>\n<meta property=\"og:image\" content=\"https:\/\/kapitalis.com\/tunisie\/wp-content\/uploads\/2022\/05\/kapitalis-logo-fb.png\" \/>\n\t<meta property=\"og:image:width\" content=\"1200\" \/>\n\t<meta property=\"og:image:height\" content=\"630\" \/>\n\t<meta property=\"og:image:type\" content=\"image\/png\" \/>\n<meta name=\"author\" content=\"webmaster kapitalis\" \/>\n<meta name=\"twitter:card\" content=\"summary_large_image\" \/>\n<meta name=\"twitter:creator\" content=\"@KapitalisInfo\" \/>\n<meta name=\"twitter:site\" content=\"@KapitalisInfo\" \/>\n<meta name=\"twitter:label1\" content=\"\u00c9crit par\" \/>\n\t<meta name=\"twitter:data1\" content=\"webmaster kapitalis\" \/>\n\t<meta name=\"twitter:label2\" content=\"Dur\u00e9e de lecture estim\u00e9e\" \/>\n\t<meta name=\"twitter:data2\" content=\"1 minute\" \/>\n<script type=\"application\/ld+json\" class=\"yoast-schema-graph\">{\"@context\":\"https:\/\/schema.org\",\"@graph\":[{\"@type\":\"Article\",\"@id\":\"https:\/\/kapitalis.com\/tunisie\/2018\/11\/14\/de-nouveaux-horizons-pour-le-festival-jazz-a-carthage\/#article\",\"isPartOf\":{\"@id\":\"https:\/\/kapitalis.com\/tunisie\/2018\/11\/14\/de-nouveaux-horizons-pour-le-festival-jazz-a-carthage\/\"},\"author\":{\"name\":\"webmaster kapitalis\",\"@id\":\"https:\/\/kapitalis.com\/tunisie\/#\/schema\/person\/d71f33a9ca44f7bad4698210b480c8e9\"},\"headline\":\"De nouveaux horizons pour le festival Jazz \u00e0 Carthage\",\"datePublished\":\"2018-11-14T09:22:42+00:00\",\"mainEntityOfPage\":{\"@id\":\"https:\/\/kapitalis.com\/tunisie\/2018\/11\/14\/de-nouveaux-horizons-pour-le-festival-jazz-a-carthage\/\"},\"wordCount\":273,\"commentCount\":0,\"publisher\":{\"@id\":\"https:\/\/kapitalis.com\/tunisie\/#organization\"},\"image\":{\"@id\":\"https:\/\/kapitalis.com\/tunisie\/2018\/11\/14\/de-nouveaux-horizons-pour-le-festival-jazz-a-carthage\/#primaryimage\"},\"thumbnailUrl\":\"\",\"keywords\":[\"Acropolium de Carthage\",\"Jazz \u00e0 Carthage\",\"Mourad Mathari\"],\"articleSection\":[\"CULTURE\",\"Tunisie\"],\"inLanguage\":\"fr-FR\",\"potentialAction\":[{\"@type\":\"CommentAction\",\"name\":\"Comment\",\"target\":[\"https:\/\/kapitalis.com\/tunisie\/2018\/11\/14\/de-nouveaux-horizons-pour-le-festival-jazz-a-carthage\/#respond\"]}]},{\"@type\":\"WebPage\",\"@id\":\"https:\/\/kapitalis.com\/tunisie\/2018\/11\/14\/de-nouveaux-horizons-pour-le-festival-jazz-a-carthage\/\",\"url\":\"https:\/\/kapitalis.com\/tunisie\/2018\/11\/14\/de-nouveaux-horizons-pour-le-festival-jazz-a-carthage\/\",\"name\":\"De nouveaux horizons pour le festival Jazz \u00e0 Carthage - Kapitalis\",\"isPartOf\":{\"@id\":\"https:\/\/kapitalis.com\/tunisie\/#website\"},\"primaryImageOfPage\":{\"@id\":\"https:\/\/kapitalis.com\/tunisie\/2018\/11\/14\/de-nouveaux-horizons-pour-le-festival-jazz-a-carthage\/#primaryimage\"},\"image\":{\"@id\":\"https:\/\/kapitalis.com\/tunisie\/2018\/11\/14\/de-nouveaux-horizons-pour-le-festival-jazz-a-carthage\/#primaryimage\"},\"thumbnailUrl\":\"\",\"datePublished\":\"2018-11-14T09:22:42+00:00\",\"breadcrumb\":{\"@id\":\"https:\/\/kapitalis.com\/tunisie\/2018\/11\/14\/de-nouveaux-horizons-pour-le-festival-jazz-a-carthage\/#breadcrumb\"},\"inLanguage\":\"fr-FR\",\"potentialAction\":[{\"@type\":\"ReadAction\",\"target\":[\"https:\/\/kapitalis.com\/tunisie\/2018\/11\/14\/de-nouveaux-horizons-pour-le-festival-jazz-a-carthage\/\"]}]},{\"@type\":\"ImageObject\",\"inLanguage\":\"fr-FR\",\"@id\":\"https:\/\/kapitalis.com\/tunisie\/2018\/11\/14\/de-nouveaux-horizons-pour-le-festival-jazz-a-carthage\/#primaryimage\",\"url\":\"\",\"contentUrl\":\"\"},{\"@type\":\"BreadcrumbList\",\"@id\":\"https:\/\/kapitalis.com\/tunisie\/2018\/11\/14\/de-nouveaux-horizons-pour-le-festival-jazz-a-carthage\/#breadcrumb\",\"itemListElement\":[{\"@type\":\"ListItem\",\"position\":1,\"name\":\"Accueil\",\"item\":\"https:\/\/kapitalis.com\/tunisie\/\"},{\"@type\":\"ListItem\",\"position\":2,\"name\":\"De nouveaux horizons pour le festival Jazz \u00e0 Carthage\"}]},{\"@type\":\"WebSite\",\"@id\":\"https:\/\/kapitalis.com\/tunisie\/#website\",\"url\":\"https:\/\/kapitalis.com\/tunisie\/\",\"name\":\"Kapitalis\",\"description\":\"L&#039;actualit\u00e9 en Tunisie et dans le monde\",\"publisher\":{\"@id\":\"https:\/\/kapitalis.com\/tunisie\/#organization\"},\"potentialAction\":[{\"@type\":\"SearchAction\",\"target\":{\"@type\":\"EntryPoint\",\"urlTemplate\":\"https:\/\/kapitalis.com\/tunisie\/?s={search_term_string}\"},\"query-input\":{\"@type\":\"PropertyValueSpecification\",\"valueRequired\":true,\"valueName\":\"search_term_string\"}}],\"inLanguage\":\"fr-FR\"},{\"@type\":\"Organization\",\"@id\":\"https:\/\/kapitalis.com\/tunisie\/#organization\",\"name\":\"Kapitalis\",\"url\":\"https:\/\/kapitalis.com\/tunisie\/\",\"logo\":{\"@type\":\"ImageObject\",\"inLanguage\":\"fr-FR\",\"@id\":\"https:\/\/kapitalis.com\/tunisie\/#\/schema\/logo\/image\/\",\"url\":\"https:\/\/kapitalis.com\/tunisie\/wp-content\/uploads\/2022\/05\/Kapitalis-big-size.png\",\"contentUrl\":\"https:\/\/kapitalis.com\/tunisie\/wp-content\/uploads\/2022\/05\/Kapitalis-big-size.png\",\"width\":5000,\"height\":1500,\"caption\":\"Kapitalis\"},\"image\":{\"@id\":\"https:\/\/kapitalis.com\/tunisie\/#\/schema\/logo\/image\/\"},\"sameAs\":[\"https:\/\/www.facebook.com\/KapitalisInfo\/\",\"https:\/\/x.com\/KapitalisInfo\",\"https:\/\/www.youtube.com\/channel\/UC-yDYrHyfFBWWZaOw3FPg9Q\"]},{\"@type\":\"Person\",\"@id\":\"https:\/\/kapitalis.com\/tunisie\/#\/schema\/person\/d71f33a9ca44f7bad4698210b480c8e9\",\"name\":\"webmaster kapitalis\",\"url\":\"https:\/\/kapitalis.com\/tunisie\/author\/webmaster-kapitalis\/\"}]}<\/script>\n<!-- \/ Yoast SEO plugin. -->","yoast_head_json":{"title":"De nouveaux horizons pour le festival Jazz \u00e0 Carthage - Kapitalis","robots":{"index":"index","follow":"follow","max-snippet":"max-snippet:-1","max-image-preview":"max-image-preview:large","max-video-preview":"max-video-preview:-1"},"canonical":"https:\/\/kapitalis.com\/tunisie\/2018\/11\/14\/de-nouveaux-horizons-pour-le-festival-jazz-a-carthage\/","og_locale":"fr_FR","og_type":"article","og_title":"De nouveaux horizons pour le festival Jazz \u00e0 Carthage - Kapitalis","og_description":"Le festival Jazz \u00e0 Carthage qui se tient chaque ann\u00e9e depuis 2005 au mois d\u2019avril promet des nouveaut\u00e9s pour sa prochaine \u00e9dition, c\u2019est en tout cas ce qu\u2019a annonc\u00e9 le directeur Mourad Mathari sur la page officielle du festival.","og_url":"https:\/\/kapitalis.com\/tunisie\/2018\/11\/14\/de-nouveaux-horizons-pour-le-festival-jazz-a-carthage\/","og_site_name":"Kapitalis","article_publisher":"https:\/\/www.facebook.com\/KapitalisInfo\/","article_published_time":"2018-11-14T09:22:42+00:00","og_image":[{"width":1200,"height":630,"url":"https:\/\/kapitalis.com\/tunisie\/wp-content\/uploads\/2022\/05\/kapitalis-logo-fb.png","type":"image\/png"}],"author":"webmaster kapitalis","twitter_card":"summary_large_image","twitter_creator":"@KapitalisInfo","twitter_site":"@KapitalisInfo","twitter_misc":{"\u00c9crit par":"webmaster kapitalis","Dur\u00e9e de lecture estim\u00e9e":"1 minute"},"schema":{"@context":"https:\/\/schema.org","@graph":[{"@type":"Article","@id":"https:\/\/kapitalis.com\/tunisie\/2018\/11\/14\/de-nouveaux-horizons-pour-le-festival-jazz-a-carthage\/#article","isPartOf":{"@id":"https:\/\/kapitalis.com\/tunisie\/2018\/11\/14\/de-nouveaux-horizons-pour-le-festival-jazz-a-carthage\/"},"author":{"name":"webmaster kapitalis","@id":"https:\/\/kapitalis.com\/tunisie\/#\/schema\/person\/d71f33a9ca44f7bad4698210b480c8e9"},"headline":"De nouveaux horizons pour le festival Jazz \u00e0 Carthage","datePublished":"2018-11-14T09:22:42+00:00","mainEntityOfPage":{"@id":"https:\/\/kapitalis.com\/tunisie\/2018\/11\/14\/de-nouveaux-horizons-pour-le-festival-jazz-a-carthage\/"},"wordCount":273,"commentCount":0,"publisher":{"@id":"https:\/\/kapitalis.com\/tunisie\/#organization"},"image":{"@id":"https:\/\/kapitalis.com\/tunisie\/2018\/11\/14\/de-nouveaux-horizons-pour-le-festival-jazz-a-carthage\/#primaryimage"},"thumbnailUrl":"","keywords":["Acropolium de Carthage","Jazz \u00e0 Carthage","Mourad Mathari"],"articleSection":["CULTURE","Tunisie"],"inLanguage":"fr-FR","potentialAction":[{"@type":"CommentAction","name":"Comment","target":["https:\/\/kapitalis.com\/tunisie\/2018\/11\/14\/de-nouveaux-horizons-pour-le-festival-jazz-a-carthage\/#respond"]}]},{"@type":"WebPage","@id":"https:\/\/kapitalis.com\/tunisie\/2018\/11\/14\/de-nouveaux-horizons-pour-le-festival-jazz-a-carthage\/","url":"https:\/\/kapitalis.com\/tunisie\/2018\/11\/14\/de-nouveaux-horizons-pour-le-festival-jazz-a-carthage\/","name":"De nouveaux horizons pour le festival Jazz \u00e0 Carthage - Kapitalis","isPartOf":{"@id":"https:\/\/kapitalis.com\/tunisie\/#website"},"primaryImageOfPage":{"@id":"https:\/\/kapitalis.com\/tunisie\/2018\/11\/14\/de-nouveaux-horizons-pour-le-festival-jazz-a-carthage\/#primaryimage"},"image":{"@id":"https:\/\/kapitalis.com\/tunisie\/2018\/11\/14\/de-nouveaux-horizons-pour-le-festival-jazz-a-carthage\/#primaryimage"},"thumbnailUrl":"","datePublished":"2018-11-14T09:22:42+00:00","breadcrumb":{"@id":"https:\/\/kapitalis.com\/tunisie\/2018\/11\/14\/de-nouveaux-horizons-pour-le-festival-jazz-a-carthage\/#breadcrumb"},"inLanguage":"fr-FR","potentialAction":[{"@type":"ReadAction","target":["https:\/\/kapitalis.com\/tunisie\/2018\/11\/14\/de-nouveaux-horizons-pour-le-festival-jazz-a-carthage\/"]}]},{"@type":"ImageObject","inLanguage":"fr-FR","@id":"https:\/\/kapitalis.com\/tunisie\/2018\/11\/14\/de-nouveaux-horizons-pour-le-festival-jazz-a-carthage\/#primaryimage","url":"","contentUrl":""},{"@type":"BreadcrumbList","@id":"https:\/\/kapitalis.com\/tunisie\/2018\/11\/14\/de-nouveaux-horizons-pour-le-festival-jazz-a-carthage\/#breadcrumb","itemListElement":[{"@type":"ListItem","position":1,"name":"Accueil","item":"https:\/\/kapitalis.com\/tunisie\/"},{"@type":"ListItem","position":2,"name":"De nouveaux horizons pour le festival Jazz \u00e0 Carthage"}]},{"@type":"WebSite","@id":"https:\/\/kapitalis.com\/tunisie\/#website","url":"https:\/\/kapitalis.com\/tunisie\/","name":"Kapitalis","description":"L&#039;actualit\u00e9 en Tunisie et dans le monde","publisher":{"@id":"https:\/\/kapitalis.com\/tunisie\/#organization"},"potentialAction":[{"@type":"SearchAction","target":{"@type":"EntryPoint","urlTemplate":"https:\/\/kapitalis.com\/tunisie\/?s={search_term_string}"},"query-input":{"@type":"PropertyValueSpecification","valueRequired":true,"valueName":"search_term_string"}}],"inLanguage":"fr-FR"},{"@type":"Organization","@id":"https:\/\/kapitalis.com\/tunisie\/#organization","name":"Kapitalis","url":"https:\/\/kapitalis.com\/tunisie\/","logo":{"@type":"ImageObject","inLanguage":"fr-FR","@id":"https:\/\/kapitalis.com\/tunisie\/#\/schema\/logo\/image\/","url":"https:\/\/kapitalis.com\/tunisie\/wp-content\/uploads\/2022\/05\/Kapitalis-big-size.png","contentUrl":"https:\/\/kapitalis.com\/tunisie\/wp-content\/uploads\/2022\/05\/Kapitalis-big-size.png","width":5000,"height":1500,"caption":"Kapitalis"},"image":{"@id":"https:\/\/kapitalis.com\/tunisie\/#\/schema\/logo\/image\/"},"sameAs":["https:\/\/www.facebook.com\/KapitalisInfo\/","https:\/\/x.com\/KapitalisInfo","https:\/\/www.youtube.com\/channel\/UC-yDYrHyfFBWWZaOw3FPg9Q"]},{"@type":"Person","@id":"https:\/\/kapitalis.com\/tunisie\/#\/schema\/person\/d71f33a9ca44f7bad4698210b480c8e9","name":"webmaster kapitalis","url":"https:\/\/kapitalis.com\/tunisie\/author\/webmaster-kapitalis\/"}]}},"_links":{"self":[{"href":"https:\/\/kapitalis.com\/tunisie\/wp-json\/wp\/v2\/posts\/183788","targetHints":{"allow":["GET"]}}],"collection":[{"href":"https:\/\/kapitalis.com\/tunisie\/wp-json\/wp\/v2\/posts"}],"about":[{"href":"https:\/\/kapitalis.com\/tunisie\/wp-json\/wp\/v2\/types\/post"}],"author":[{"embeddable":true,"href":"https:\/\/kapitalis.com\/tunisie\/wp-json\/wp\/v2\/users\/8"}],"replies":[{"embeddable":true,"href":"https:\/\/kapitalis.com\/tunisie\/wp-json\/wp\/v2\/comments?post=183788"}],"version-history":[{"count":0,"href":"https:\/\/kapitalis.com\/tunisie\/wp-json\/wp\/v2\/posts\/183788\/revisions"}],"wp:featuredmedia":[{"embeddable":true,"href":"https:\/\/kapitalis.com\/tunisie\/wp-json\/wp\/v2\/media\/183789"}],"wp:attachment":[{"href":"https:\/\/kapitalis.com\/tunisie\/wp-json\/wp\/v2\/media?parent=183788"}],"wp:term":[{"taxonomy":"category","embeddable":true,"href":"https:\/\/kapitalis.com\/tunisie\/wp-json\/wp\/v2\/categories?post=183788"},{"taxonomy":"post_tag","embeddable":true,"href":"https:\/\/kapitalis.com\/tunisie\/wp-json\/wp\/v2\/tags?post=183788"}],"curies":[{"name":"wp","href":"https:\/\/api.w.org\/{rel}","templated":true}]}}