{"id":18379074,"date":"2026-02-18T22:35:49","date_gmt":"2026-02-18T21:35:49","guid":{"rendered":"https:\/\/kapitalis.com\/tunisie\/?p=18379074"},"modified":"2026-02-18T22:39:57","modified_gmt":"2026-02-18T21:39:57","slug":"atelier-psycholgie-des-emotions-avec-celine-mas","status":"publish","type":"post","link":"https:\/\/kapitalis.com\/tunisie\/2026\/02\/18\/atelier-psycholgie-des-emotions-avec-celine-mas\/","title":{"rendered":"Atelier \u00abpsycholgie des \u00e9motions\u00bb avec C\u00e9line Mas"},"content":{"rendered":"\n<p><strong><em>L\u2019Institut fran\u00e7ais de Tunisie (IFT) organise, ce samedi 21 f\u00e9vrier 2026, l&rsquo;atelier \u00abpsycholgie des \u00e9motions\u00bb avec C\u00e9line Mas.<\/em><\/strong><\/p>\n\n\n\n<!--more-->\n\n\n\n<p>Inscrit dans un cycle consacr\u00e9 \u00e0 la biblioth\u00e9rapie, cet atelier propose aux participant\u00b7e\u00b7s de mieux comprendre cette approche innovante, qui explore la litt\u00e9rature comme outil de connaissance de soi et de transformation personnelle.<\/p>\n\n\n\n<p>Cette s\u00e9ance de psychologie des \u00e9motions s&rsquo;inscrit dans le cadre du projet Library of Emotions (LOE), port\u00e9 par l\u2019Institut fran\u00e7ais de Tunisie et cofinanc\u00e9 par l\u2019Union europ\u00e9enne en Tunisie.<\/p>\n\n\n\n<p>Elle est con\u00e7ue par Love for Livres, partenaire du projet Library Of Emotions \u00e0 Paris, et sera anim\u00e9e par C\u00e9line Mas, cofondatrice de Love for Livres, autrice et sp\u00e9cialiste en biblioth\u00e9rapie.<\/p>\n","protected":false},"excerpt":{"rendered":"<p>L\u2019Institut fran\u00e7ais de Tunisie (IFT) organise, ce samedi 21 f\u00e9vrier 2026, l&rsquo;atelier \u00abpsycholgie des \u00e9motions\u00bb avec C\u00e9line Mas.<\/p>\n","protected":false},"author":6,"featured_media":18379097,"comment_status":"open","ping_status":"open","sticky":false,"template":"","format":"standard","meta":{"footnotes":""},"categories":[998,2433],"tags":[127058,462,3226,127059,62643],"class_list":["post-18379074","post","type-post","status-publish","format-standard","has-post-thumbnail","hentry","category-societe","category-tunisie","tag-celine-mas","tag-ift","tag-institut-francais-de-tunisie","tag-psycholgie-des-emotions","tag-tunisie"],"yoast_head":"<!-- This site is optimized with the Yoast SEO plugin v26.6 - https:\/\/yoast.com\/wordpress\/plugins\/seo\/ -->\n<title>Atelier \u00abpsycholgie des \u00e9motions\u00bb avec C\u00e9line Mas - Kapitalis<\/title>\n<meta name=\"robots\" content=\"index, follow, max-snippet:-1, max-image-preview:large, max-video-preview:-1\" \/>\n<link rel=\"canonical\" href=\"https:\/\/kapitalis.com\/tunisie\/2026\/02\/18\/atelier-psycholgie-des-emotions-avec-celine-mas\/\" \/>\n<meta property=\"og:locale\" content=\"fr_FR\" \/>\n<meta property=\"og:type\" content=\"article\" \/>\n<meta property=\"og:title\" content=\"Atelier \u00abpsycholgie des \u00e9motions\u00bb avec C\u00e9line Mas - Kapitalis\" \/>\n<meta property=\"og:description\" content=\"L\u2019Institut fran\u00e7ais de Tunisie (IFT) organise, ce samedi 21 f\u00e9vrier 2026, l&rsquo;atelier \u00abpsycholgie des \u00e9motions\u00bb avec C\u00e9line Mas.\" \/>\n<meta property=\"og:url\" content=\"https:\/\/kapitalis.com\/tunisie\/2026\/02\/18\/atelier-psycholgie-des-emotions-avec-celine-mas\/\" \/>\n<meta property=\"og:site_name\" content=\"Kapitalis\" \/>\n<meta property=\"article:publisher\" content=\"https:\/\/www.facebook.com\/KapitalisInfo\/\" \/>\n<meta property=\"article:published_time\" content=\"2026-02-18T21:35:49+00:00\" \/>\n<meta property=\"article:modified_time\" content=\"2026-02-18T21:39:57+00:00\" \/>\n<meta property=\"og:image\" content=\"https:\/\/kapitalis.com\/tunisie\/wp-content\/uploads\/2026\/02\/LOE.jpg\" \/>\n\t<meta property=\"og:image:width\" content=\"1200\" \/>\n\t<meta property=\"og:image:height\" content=\"630\" \/>\n\t<meta property=\"og:image:type\" content=\"image\/jpeg\" \/>\n<meta name=\"author\" content=\"Yusra NY\" \/>\n<meta name=\"twitter:card\" content=\"summary_large_image\" \/>\n<meta name=\"twitter:creator\" content=\"@KapitalisInfo\" \/>\n<meta name=\"twitter:site\" content=\"@KapitalisInfo\" \/>\n<meta name=\"twitter:label1\" content=\"\u00c9crit par\" \/>\n\t<meta name=\"twitter:data1\" content=\"Yusra NY\" \/>\n\t<meta name=\"twitter:label2\" content=\"Dur\u00e9e de lecture estim\u00e9e\" \/>\n\t<meta name=\"twitter:data2\" content=\"1 minute\" \/>\n<script type=\"application\/ld+json\" class=\"yoast-schema-graph\">{\"@context\":\"https:\/\/schema.org\",\"@graph\":[{\"@type\":\"Article\",\"@id\":\"https:\/\/kapitalis.com\/tunisie\/2026\/02\/18\/atelier-psycholgie-des-emotions-avec-celine-mas\/#article\",\"isPartOf\":{\"@id\":\"https:\/\/kapitalis.com\/tunisie\/2026\/02\/18\/atelier-psycholgie-des-emotions-avec-celine-mas\/\"},\"author\":{\"name\":\"Yusra NY\",\"@id\":\"https:\/\/kapitalis.com\/tunisie\/#\/schema\/person\/74bbde0154d49d790a92aaeac5bc01d5\"},\"headline\":\"Atelier \u00abpsycholgie des \u00e9motions\u00bb avec C\u00e9line Mas\",\"datePublished\":\"2026-02-18T21:35:49+00:00\",\"dateModified\":\"2026-02-18T21:39:57+00:00\",\"mainEntityOfPage\":{\"@id\":\"https:\/\/kapitalis.com\/tunisie\/2026\/02\/18\/atelier-psycholgie-des-emotions-avec-celine-mas\/\"},\"wordCount\":133,\"commentCount\":0,\"publisher\":{\"@id\":\"https:\/\/kapitalis.com\/tunisie\/#organization\"},\"image\":{\"@id\":\"https:\/\/kapitalis.com\/tunisie\/2026\/02\/18\/atelier-psycholgie-des-emotions-avec-celine-mas\/#primaryimage\"},\"thumbnailUrl\":\"https:\/\/kapitalis.com\/tunisie\/wp-content\/uploads\/2026\/02\/LOE.jpg\",\"keywords\":[\"C\u00e9line Mas\",\"IFT\",\"Institut fran\u00e7ais de Tunisie\",\"psycholgie des \u00e9motions\",\"Tunisie\"],\"articleSection\":[\"SOCIETE\",\"Tunisie\"],\"inLanguage\":\"fr-FR\",\"potentialAction\":[{\"@type\":\"CommentAction\",\"name\":\"Comment\",\"target\":[\"https:\/\/kapitalis.com\/tunisie\/2026\/02\/18\/atelier-psycholgie-des-emotions-avec-celine-mas\/#respond\"]}]},{\"@type\":\"WebPage\",\"@id\":\"https:\/\/kapitalis.com\/tunisie\/2026\/02\/18\/atelier-psycholgie-des-emotions-avec-celine-mas\/\",\"url\":\"https:\/\/kapitalis.com\/tunisie\/2026\/02\/18\/atelier-psycholgie-des-emotions-avec-celine-mas\/\",\"name\":\"Atelier \u00abpsycholgie des \u00e9motions\u00bb avec C\u00e9line Mas - Kapitalis\",\"isPartOf\":{\"@id\":\"https:\/\/kapitalis.com\/tunisie\/#website\"},\"primaryImageOfPage\":{\"@id\":\"https:\/\/kapitalis.com\/tunisie\/2026\/02\/18\/atelier-psycholgie-des-emotions-avec-celine-mas\/#primaryimage\"},\"image\":{\"@id\":\"https:\/\/kapitalis.com\/tunisie\/2026\/02\/18\/atelier-psycholgie-des-emotions-avec-celine-mas\/#primaryimage\"},\"thumbnailUrl\":\"https:\/\/kapitalis.com\/tunisie\/wp-content\/uploads\/2026\/02\/LOE.jpg\",\"datePublished\":\"2026-02-18T21:35:49+00:00\",\"dateModified\":\"2026-02-18T21:39:57+00:00\",\"breadcrumb\":{\"@id\":\"https:\/\/kapitalis.com\/tunisie\/2026\/02\/18\/atelier-psycholgie-des-emotions-avec-celine-mas\/#breadcrumb\"},\"inLanguage\":\"fr-FR\",\"potentialAction\":[{\"@type\":\"ReadAction\",\"target\":[\"https:\/\/kapitalis.com\/tunisie\/2026\/02\/18\/atelier-psycholgie-des-emotions-avec-celine-mas\/\"]}]},{\"@type\":\"ImageObject\",\"inLanguage\":\"fr-FR\",\"@id\":\"https:\/\/kapitalis.com\/tunisie\/2026\/02\/18\/atelier-psycholgie-des-emotions-avec-celine-mas\/#primaryimage\",\"url\":\"https:\/\/kapitalis.com\/tunisie\/wp-content\/uploads\/2026\/02\/LOE.jpg\",\"contentUrl\":\"https:\/\/kapitalis.com\/tunisie\/wp-content\/uploads\/2026\/02\/LOE.jpg\",\"width\":1200,\"height\":630},{\"@type\":\"BreadcrumbList\",\"@id\":\"https:\/\/kapitalis.com\/tunisie\/2026\/02\/18\/atelier-psycholgie-des-emotions-avec-celine-mas\/#breadcrumb\",\"itemListElement\":[{\"@type\":\"ListItem\",\"position\":1,\"name\":\"Accueil\",\"item\":\"https:\/\/kapitalis.com\/tunisie\/\"},{\"@type\":\"ListItem\",\"position\":2,\"name\":\"Atelier \u00abpsycholgie des \u00e9motions\u00bb avec C\u00e9line Mas\"}]},{\"@type\":\"WebSite\",\"@id\":\"https:\/\/kapitalis.com\/tunisie\/#website\",\"url\":\"https:\/\/kapitalis.com\/tunisie\/\",\"name\":\"Kapitalis\",\"description\":\"L&#039;actualit\u00e9 en Tunisie et dans le monde\",\"publisher\":{\"@id\":\"https:\/\/kapitalis.com\/tunisie\/#organization\"},\"potentialAction\":[{\"@type\":\"SearchAction\",\"target\":{\"@type\":\"EntryPoint\",\"urlTemplate\":\"https:\/\/kapitalis.com\/tunisie\/?s={search_term_string}\"},\"query-input\":{\"@type\":\"PropertyValueSpecification\",\"valueRequired\":true,\"valueName\":\"search_term_string\"}}],\"inLanguage\":\"fr-FR\"},{\"@type\":\"Organization\",\"@id\":\"https:\/\/kapitalis.com\/tunisie\/#organization\",\"name\":\"Kapitalis\",\"url\":\"https:\/\/kapitalis.com\/tunisie\/\",\"logo\":{\"@type\":\"ImageObject\",\"inLanguage\":\"fr-FR\",\"@id\":\"https:\/\/kapitalis.com\/tunisie\/#\/schema\/logo\/image\/\",\"url\":\"https:\/\/kapitalis.com\/tunisie\/wp-content\/uploads\/2022\/05\/Kapitalis-big-size.png\",\"contentUrl\":\"https:\/\/kapitalis.com\/tunisie\/wp-content\/uploads\/2022\/05\/Kapitalis-big-size.png\",\"width\":5000,\"height\":1500,\"caption\":\"Kapitalis\"},\"image\":{\"@id\":\"https:\/\/kapitalis.com\/tunisie\/#\/schema\/logo\/image\/\"},\"sameAs\":[\"https:\/\/www.facebook.com\/KapitalisInfo\/\",\"https:\/\/x.com\/KapitalisInfo\",\"https:\/\/www.youtube.com\/channel\/UC-yDYrHyfFBWWZaOw3FPg9Q\"]},{\"@type\":\"Person\",\"@id\":\"https:\/\/kapitalis.com\/tunisie\/#\/schema\/person\/74bbde0154d49d790a92aaeac5bc01d5\",\"name\":\"Yusra NY\",\"url\":\"https:\/\/kapitalis.com\/tunisie\/author\/yuza_adam\/\"}]}<\/script>\n<!-- \/ Yoast SEO plugin. -->","yoast_head_json":{"title":"Atelier \u00abpsycholgie des \u00e9motions\u00bb avec C\u00e9line Mas - Kapitalis","robots":{"index":"index","follow":"follow","max-snippet":"max-snippet:-1","max-image-preview":"max-image-preview:large","max-video-preview":"max-video-preview:-1"},"canonical":"https:\/\/kapitalis.com\/tunisie\/2026\/02\/18\/atelier-psycholgie-des-emotions-avec-celine-mas\/","og_locale":"fr_FR","og_type":"article","og_title":"Atelier \u00abpsycholgie des \u00e9motions\u00bb avec C\u00e9line Mas - Kapitalis","og_description":"L\u2019Institut fran\u00e7ais de Tunisie (IFT) organise, ce samedi 21 f\u00e9vrier 2026, l&rsquo;atelier \u00abpsycholgie des \u00e9motions\u00bb avec C\u00e9line Mas.","og_url":"https:\/\/kapitalis.com\/tunisie\/2026\/02\/18\/atelier-psycholgie-des-emotions-avec-celine-mas\/","og_site_name":"Kapitalis","article_publisher":"https:\/\/www.facebook.com\/KapitalisInfo\/","article_published_time":"2026-02-18T21:35:49+00:00","article_modified_time":"2026-02-18T21:39:57+00:00","og_image":[{"width":1200,"height":630,"url":"https:\/\/kapitalis.com\/tunisie\/wp-content\/uploads\/2026\/02\/LOE.jpg","type":"image\/jpeg"}],"author":"Yusra NY","twitter_card":"summary_large_image","twitter_creator":"@KapitalisInfo","twitter_site":"@KapitalisInfo","twitter_misc":{"\u00c9crit par":"Yusra NY","Dur\u00e9e de lecture estim\u00e9e":"1 minute"},"schema":{"@context":"https:\/\/schema.org","@graph":[{"@type":"Article","@id":"https:\/\/kapitalis.com\/tunisie\/2026\/02\/18\/atelier-psycholgie-des-emotions-avec-celine-mas\/#article","isPartOf":{"@id":"https:\/\/kapitalis.com\/tunisie\/2026\/02\/18\/atelier-psycholgie-des-emotions-avec-celine-mas\/"},"author":{"name":"Yusra NY","@id":"https:\/\/kapitalis.com\/tunisie\/#\/schema\/person\/74bbde0154d49d790a92aaeac5bc01d5"},"headline":"Atelier \u00abpsycholgie des \u00e9motions\u00bb avec C\u00e9line Mas","datePublished":"2026-02-18T21:35:49+00:00","dateModified":"2026-02-18T21:39:57+00:00","mainEntityOfPage":{"@id":"https:\/\/kapitalis.com\/tunisie\/2026\/02\/18\/atelier-psycholgie-des-emotions-avec-celine-mas\/"},"wordCount":133,"commentCount":0,"publisher":{"@id":"https:\/\/kapitalis.com\/tunisie\/#organization"},"image":{"@id":"https:\/\/kapitalis.com\/tunisie\/2026\/02\/18\/atelier-psycholgie-des-emotions-avec-celine-mas\/#primaryimage"},"thumbnailUrl":"https:\/\/kapitalis.com\/tunisie\/wp-content\/uploads\/2026\/02\/LOE.jpg","keywords":["C\u00e9line Mas","IFT","Institut fran\u00e7ais de Tunisie","psycholgie des \u00e9motions","Tunisie"],"articleSection":["SOCIETE","Tunisie"],"inLanguage":"fr-FR","potentialAction":[{"@type":"CommentAction","name":"Comment","target":["https:\/\/kapitalis.com\/tunisie\/2026\/02\/18\/atelier-psycholgie-des-emotions-avec-celine-mas\/#respond"]}]},{"@type":"WebPage","@id":"https:\/\/kapitalis.com\/tunisie\/2026\/02\/18\/atelier-psycholgie-des-emotions-avec-celine-mas\/","url":"https:\/\/kapitalis.com\/tunisie\/2026\/02\/18\/atelier-psycholgie-des-emotions-avec-celine-mas\/","name":"Atelier \u00abpsycholgie des \u00e9motions\u00bb avec C\u00e9line Mas - Kapitalis","isPartOf":{"@id":"https:\/\/kapitalis.com\/tunisie\/#website"},"primaryImageOfPage":{"@id":"https:\/\/kapitalis.com\/tunisie\/2026\/02\/18\/atelier-psycholgie-des-emotions-avec-celine-mas\/#primaryimage"},"image":{"@id":"https:\/\/kapitalis.com\/tunisie\/2026\/02\/18\/atelier-psycholgie-des-emotions-avec-celine-mas\/#primaryimage"},"thumbnailUrl":"https:\/\/kapitalis.com\/tunisie\/wp-content\/uploads\/2026\/02\/LOE.jpg","datePublished":"2026-02-18T21:35:49+00:00","dateModified":"2026-02-18T21:39:57+00:00","breadcrumb":{"@id":"https:\/\/kapitalis.com\/tunisie\/2026\/02\/18\/atelier-psycholgie-des-emotions-avec-celine-mas\/#breadcrumb"},"inLanguage":"fr-FR","potentialAction":[{"@type":"ReadAction","target":["https:\/\/kapitalis.com\/tunisie\/2026\/02\/18\/atelier-psycholgie-des-emotions-avec-celine-mas\/"]}]},{"@type":"ImageObject","inLanguage":"fr-FR","@id":"https:\/\/kapitalis.com\/tunisie\/2026\/02\/18\/atelier-psycholgie-des-emotions-avec-celine-mas\/#primaryimage","url":"https:\/\/kapitalis.com\/tunisie\/wp-content\/uploads\/2026\/02\/LOE.jpg","contentUrl":"https:\/\/kapitalis.com\/tunisie\/wp-content\/uploads\/2026\/02\/LOE.jpg","width":1200,"height":630},{"@type":"BreadcrumbList","@id":"https:\/\/kapitalis.com\/tunisie\/2026\/02\/18\/atelier-psycholgie-des-emotions-avec-celine-mas\/#breadcrumb","itemListElement":[{"@type":"ListItem","position":1,"name":"Accueil","item":"https:\/\/kapitalis.com\/tunisie\/"},{"@type":"ListItem","position":2,"name":"Atelier \u00abpsycholgie des \u00e9motions\u00bb avec C\u00e9line Mas"}]},{"@type":"WebSite","@id":"https:\/\/kapitalis.com\/tunisie\/#website","url":"https:\/\/kapitalis.com\/tunisie\/","name":"Kapitalis","description":"L&#039;actualit\u00e9 en Tunisie et dans le monde","publisher":{"@id":"https:\/\/kapitalis.com\/tunisie\/#organization"},"potentialAction":[{"@type":"SearchAction","target":{"@type":"EntryPoint","urlTemplate":"https:\/\/kapitalis.com\/tunisie\/?s={search_term_string}"},"query-input":{"@type":"PropertyValueSpecification","valueRequired":true,"valueName":"search_term_string"}}],"inLanguage":"fr-FR"},{"@type":"Organization","@id":"https:\/\/kapitalis.com\/tunisie\/#organization","name":"Kapitalis","url":"https:\/\/kapitalis.com\/tunisie\/","logo":{"@type":"ImageObject","inLanguage":"fr-FR","@id":"https:\/\/kapitalis.com\/tunisie\/#\/schema\/logo\/image\/","url":"https:\/\/kapitalis.com\/tunisie\/wp-content\/uploads\/2022\/05\/Kapitalis-big-size.png","contentUrl":"https:\/\/kapitalis.com\/tunisie\/wp-content\/uploads\/2022\/05\/Kapitalis-big-size.png","width":5000,"height":1500,"caption":"Kapitalis"},"image":{"@id":"https:\/\/kapitalis.com\/tunisie\/#\/schema\/logo\/image\/"},"sameAs":["https:\/\/www.facebook.com\/KapitalisInfo\/","https:\/\/x.com\/KapitalisInfo","https:\/\/www.youtube.com\/channel\/UC-yDYrHyfFBWWZaOw3FPg9Q"]},{"@type":"Person","@id":"https:\/\/kapitalis.com\/tunisie\/#\/schema\/person\/74bbde0154d49d790a92aaeac5bc01d5","name":"Yusra NY","url":"https:\/\/kapitalis.com\/tunisie\/author\/yuza_adam\/"}]}},"_links":{"self":[{"href":"https:\/\/kapitalis.com\/tunisie\/wp-json\/wp\/v2\/posts\/18379074","targetHints":{"allow":["GET"]}}],"collection":[{"href":"https:\/\/kapitalis.com\/tunisie\/wp-json\/wp\/v2\/posts"}],"about":[{"href":"https:\/\/kapitalis.com\/tunisie\/wp-json\/wp\/v2\/types\/post"}],"author":[{"embeddable":true,"href":"https:\/\/kapitalis.com\/tunisie\/wp-json\/wp\/v2\/users\/6"}],"replies":[{"embeddable":true,"href":"https:\/\/kapitalis.com\/tunisie\/wp-json\/wp\/v2\/comments?post=18379074"}],"version-history":[{"count":1,"href":"https:\/\/kapitalis.com\/tunisie\/wp-json\/wp\/v2\/posts\/18379074\/revisions"}],"predecessor-version":[{"id":18379099,"href":"https:\/\/kapitalis.com\/tunisie\/wp-json\/wp\/v2\/posts\/18379074\/revisions\/18379099"}],"wp:featuredmedia":[{"embeddable":true,"href":"https:\/\/kapitalis.com\/tunisie\/wp-json\/wp\/v2\/media\/18379097"}],"wp:attachment":[{"href":"https:\/\/kapitalis.com\/tunisie\/wp-json\/wp\/v2\/media?parent=18379074"}],"wp:term":[{"taxonomy":"category","embeddable":true,"href":"https:\/\/kapitalis.com\/tunisie\/wp-json\/wp\/v2\/categories?post=18379074"},{"taxonomy":"post_tag","embeddable":true,"href":"https:\/\/kapitalis.com\/tunisie\/wp-json\/wp\/v2\/tags?post=18379074"}],"curies":[{"name":"wp","href":"https:\/\/api.w.org\/{rel}","templated":true}]}}