{"id":18395,"date":"2015-10-09T09:16:19","date_gmt":"2015-10-09T08:16:19","guid":{"rendered":"http:\/\/kapitalis.com\/tunisie\/?p=18395"},"modified":"2015-10-09T10:14:15","modified_gmt":"2015-10-09T09:14:15","slug":"ivd-le-conseil-dadministration-reintegre-makhlouf-et-le-suspend","status":"publish","type":"post","link":"https:\/\/kapitalis.com\/tunisie\/2015\/10\/09\/ivd-le-conseil-dadministration-reintegre-makhlouf-et-le-suspend\/","title":{"rendered":"IVD : Le Conseil d\u2019administration r\u00e9int\u00e8gre Makhlouf et le suspend"},"content":{"rendered":"<p><img loading=\"lazy\" decoding=\"async\" class=\"alignnone size-full wp-image-18400 aligncenter\" src=\"http:\/\/kapitalis.com\/tunisie\/wp-content\/uploads\/2015\/10\/ivd-communiq.jpg\" alt=\"ivd communiq\" width=\"626\" height=\"380\" \/><\/p>\n<p><strong><em>Le conseil d\u2019administration de l\u2019IVD autorise le retour de Zouheir Makhlouf, le prive de son poste et le passe devant un conseil de discipline.\u00a0<\/em><\/strong><br \/>\n<!--more--><\/p>\n<p>Un communiqu\u00e9 de l&rsquo;Instance de la V\u00e9rit\u00e9 et de la Dignit\u00e9 (IVD), paru hier, annonce que le conseil d&rsquo;administration de l\u2019Instance a d\u00e9cid\u00e9 d&rsquo;autoriser le retour du vice-pr\u00e9sident Zouheir Makhlouf \u00e0 son poste suite \u00e0 la d\u00e9cision du Tribunal administratif en sa faveur.<\/p>\n<p>Cependant, le communiqu\u00e9 sign\u00e9 par la pr\u00e9sidente de l\u2019IVD, Sihem Bensedrine, pr\u00e9cise que Zouheir Makhlouf compara\u00eetra devant le conseil de discipline \u00e0 cause des diff\u00e9rents d\u00e9passements qu&rsquo;il a commis.<\/p>\n<p>M. Makhlouf sera aussi priv\u00e9 de son statut de vice-pr\u00e9sident de l&rsquo;IVD et des diff\u00e9rentes responsabilit\u00e9s qu&rsquo;il assumait au sein de l&rsquo;Instance. En d&rsquo;autres termes: il sera mis au frigo.<\/p>\n<p>En attendant sa comparution devant le conseil de discipline, Zouheir Makhlouf sera \u00e9galement suspendu de son travail.<\/p>\n<p>Zouheir Makhlouf a d\u00e9clar\u00e9,\u00a0hier, sur Mosa\u00efque FM qu&rsquo;il respectera les d\u00e9cisions du conseil d&rsquo;administration de l&rsquo;instance et qu&rsquo;il compara\u00eetra devant le conseil de discipline si on lui accorde une chance de se d\u00e9fendre.<\/p>\n<p>Il a, par ailleurs, d\u00e9clar\u00e9 qu&rsquo;il ne pr\u00e9sentera pas sa d\u00e9mission de l&rsquo;IVD avant de compara\u00eetre devant le conseil de discipline.<\/p>\n<p style=\"text-align: right;\"><strong>A. B. M.<\/strong><\/p>\n","protected":false},"excerpt":{"rendered":"<p>Le conseil d\u2019administration de l\u2019IVD autorise le retour de Zouheir Makhlouf, le prive de son poste et le passe devant un conseil de discipline.\u00a0<\/p>\n","protected":false},"author":11,"featured_media":18400,"comment_status":"open","ping_status":"open","sticky":false,"template":"","format":"standard","meta":{"footnotes":""},"categories":[997,2433],"tags":[227,7542,5228,7543,7541,7400],"class_list":["post-18395","post","type-post","status-publish","format-standard","has-post-thumbnail","hentry","category-politique","category-tunisie","tag-conseil-dadministration","tag-conseil-de-discipline","tag-ivd","tag-sanctions","tag-suspension","tag-zouheir-makhlouf"],"yoast_head":"<!-- This site is optimized with the Yoast SEO plugin v26.6 - https:\/\/yoast.com\/wordpress\/plugins\/seo\/ -->\n<title>IVD : Le Conseil d\u2019administration r\u00e9int\u00e8gre Makhlouf et le suspend - Kapitalis<\/title>\n<meta name=\"robots\" content=\"index, follow, max-snippet:-1, max-image-preview:large, max-video-preview:-1\" \/>\n<link rel=\"canonical\" href=\"https:\/\/kapitalis.com\/tunisie\/2015\/10\/09\/ivd-le-conseil-dadministration-reintegre-makhlouf-et-le-suspend\/\" \/>\n<meta property=\"og:locale\" content=\"fr_FR\" \/>\n<meta property=\"og:type\" content=\"article\" \/>\n<meta property=\"og:title\" content=\"IVD : Le Conseil d\u2019administration r\u00e9int\u00e8gre Makhlouf et le suspend - Kapitalis\" \/>\n<meta property=\"og:description\" content=\"Le conseil d\u2019administration de l\u2019IVD autorise le retour de Zouheir Makhlouf, le prive de son poste et le passe devant un conseil de discipline.\u00a0\" \/>\n<meta property=\"og:url\" content=\"https:\/\/kapitalis.com\/tunisie\/2015\/10\/09\/ivd-le-conseil-dadministration-reintegre-makhlouf-et-le-suspend\/\" \/>\n<meta property=\"og:site_name\" content=\"Kapitalis\" \/>\n<meta property=\"article:publisher\" content=\"https:\/\/www.facebook.com\/KapitalisInfo\/\" \/>\n<meta property=\"article:published_time\" content=\"2015-10-09T08:16:19+00:00\" \/>\n<meta property=\"article:modified_time\" content=\"2015-10-09T09:14:15+00:00\" \/>\n<meta property=\"og:image\" content=\"https:\/\/kapitalis.com\/tunisie\/wp-content\/uploads\/2022\/05\/kapitalis-logo-fb.png\" \/>\n\t<meta property=\"og:image:width\" content=\"1200\" \/>\n\t<meta property=\"og:image:height\" content=\"630\" \/>\n\t<meta property=\"og:image:type\" content=\"image\/png\" \/>\n<meta name=\"author\" content=\"benmansour3 benmansour\" \/>\n<meta name=\"twitter:card\" content=\"summary_large_image\" \/>\n<meta name=\"twitter:creator\" content=\"@KapitalisInfo\" \/>\n<meta name=\"twitter:site\" content=\"@KapitalisInfo\" \/>\n<meta name=\"twitter:label1\" content=\"\u00c9crit par\" \/>\n\t<meta name=\"twitter:data1\" content=\"benmansour3 benmansour\" \/>\n\t<meta name=\"twitter:label2\" content=\"Dur\u00e9e de lecture estim\u00e9e\" \/>\n\t<meta name=\"twitter:data2\" content=\"1 minute\" \/>\n<script type=\"application\/ld+json\" class=\"yoast-schema-graph\">{\"@context\":\"https:\/\/schema.org\",\"@graph\":[{\"@type\":\"Article\",\"@id\":\"https:\/\/kapitalis.com\/tunisie\/2015\/10\/09\/ivd-le-conseil-dadministration-reintegre-makhlouf-et-le-suspend\/#article\",\"isPartOf\":{\"@id\":\"https:\/\/kapitalis.com\/tunisie\/2015\/10\/09\/ivd-le-conseil-dadministration-reintegre-makhlouf-et-le-suspend\/\"},\"author\":{\"name\":\"benmansour3 benmansour\",\"@id\":\"https:\/\/kapitalis.com\/tunisie\/#\/schema\/person\/035372e645ad321edc01006468cd4c8b\"},\"headline\":\"IVD : Le Conseil d\u2019administration r\u00e9int\u00e8gre Makhlouf et le suspend\",\"datePublished\":\"2015-10-09T08:16:19+00:00\",\"dateModified\":\"2015-10-09T09:14:15+00:00\",\"mainEntityOfPage\":{\"@id\":\"https:\/\/kapitalis.com\/tunisie\/2015\/10\/09\/ivd-le-conseil-dadministration-reintegre-makhlouf-et-le-suspend\/\"},\"wordCount\":235,\"commentCount\":1,\"publisher\":{\"@id\":\"https:\/\/kapitalis.com\/tunisie\/#organization\"},\"image\":{\"@id\":\"https:\/\/kapitalis.com\/tunisie\/2015\/10\/09\/ivd-le-conseil-dadministration-reintegre-makhlouf-et-le-suspend\/#primaryimage\"},\"thumbnailUrl\":\"\",\"keywords\":[\"conseil d'administration\",\"conseil de discipline\",\"IVD\",\"sanctions\",\"suspension\",\"Zouheir Makhlouf\"],\"articleSection\":[\"POLITIQUE\",\"Tunisie\"],\"inLanguage\":\"fr-FR\",\"potentialAction\":[{\"@type\":\"CommentAction\",\"name\":\"Comment\",\"target\":[\"https:\/\/kapitalis.com\/tunisie\/2015\/10\/09\/ivd-le-conseil-dadministration-reintegre-makhlouf-et-le-suspend\/#respond\"]}]},{\"@type\":\"WebPage\",\"@id\":\"https:\/\/kapitalis.com\/tunisie\/2015\/10\/09\/ivd-le-conseil-dadministration-reintegre-makhlouf-et-le-suspend\/\",\"url\":\"https:\/\/kapitalis.com\/tunisie\/2015\/10\/09\/ivd-le-conseil-dadministration-reintegre-makhlouf-et-le-suspend\/\",\"name\":\"IVD : Le Conseil d\u2019administration r\u00e9int\u00e8gre Makhlouf et le suspend - Kapitalis\",\"isPartOf\":{\"@id\":\"https:\/\/kapitalis.com\/tunisie\/#website\"},\"primaryImageOfPage\":{\"@id\":\"https:\/\/kapitalis.com\/tunisie\/2015\/10\/09\/ivd-le-conseil-dadministration-reintegre-makhlouf-et-le-suspend\/#primaryimage\"},\"image\":{\"@id\":\"https:\/\/kapitalis.com\/tunisie\/2015\/10\/09\/ivd-le-conseil-dadministration-reintegre-makhlouf-et-le-suspend\/#primaryimage\"},\"thumbnailUrl\":\"\",\"datePublished\":\"2015-10-09T08:16:19+00:00\",\"dateModified\":\"2015-10-09T09:14:15+00:00\",\"breadcrumb\":{\"@id\":\"https:\/\/kapitalis.com\/tunisie\/2015\/10\/09\/ivd-le-conseil-dadministration-reintegre-makhlouf-et-le-suspend\/#breadcrumb\"},\"inLanguage\":\"fr-FR\",\"potentialAction\":[{\"@type\":\"ReadAction\",\"target\":[\"https:\/\/kapitalis.com\/tunisie\/2015\/10\/09\/ivd-le-conseil-dadministration-reintegre-makhlouf-et-le-suspend\/\"]}]},{\"@type\":\"ImageObject\",\"inLanguage\":\"fr-FR\",\"@id\":\"https:\/\/kapitalis.com\/tunisie\/2015\/10\/09\/ivd-le-conseil-dadministration-reintegre-makhlouf-et-le-suspend\/#primaryimage\",\"url\":\"\",\"contentUrl\":\"\"},{\"@type\":\"BreadcrumbList\",\"@id\":\"https:\/\/kapitalis.com\/tunisie\/2015\/10\/09\/ivd-le-conseil-dadministration-reintegre-makhlouf-et-le-suspend\/#breadcrumb\",\"itemListElement\":[{\"@type\":\"ListItem\",\"position\":1,\"name\":\"Accueil\",\"item\":\"https:\/\/kapitalis.com\/tunisie\/\"},{\"@type\":\"ListItem\",\"position\":2,\"name\":\"IVD : Le Conseil d\u2019administration r\u00e9int\u00e8gre Makhlouf et le suspend\"}]},{\"@type\":\"WebSite\",\"@id\":\"https:\/\/kapitalis.com\/tunisie\/#website\",\"url\":\"https:\/\/kapitalis.com\/tunisie\/\",\"name\":\"Kapitalis\",\"description\":\"L&#039;actualit\u00e9 en Tunisie et dans le monde\",\"publisher\":{\"@id\":\"https:\/\/kapitalis.com\/tunisie\/#organization\"},\"potentialAction\":[{\"@type\":\"SearchAction\",\"target\":{\"@type\":\"EntryPoint\",\"urlTemplate\":\"https:\/\/kapitalis.com\/tunisie\/?s={search_term_string}\"},\"query-input\":{\"@type\":\"PropertyValueSpecification\",\"valueRequired\":true,\"valueName\":\"search_term_string\"}}],\"inLanguage\":\"fr-FR\"},{\"@type\":\"Organization\",\"@id\":\"https:\/\/kapitalis.com\/tunisie\/#organization\",\"name\":\"Kapitalis\",\"url\":\"https:\/\/kapitalis.com\/tunisie\/\",\"logo\":{\"@type\":\"ImageObject\",\"inLanguage\":\"fr-FR\",\"@id\":\"https:\/\/kapitalis.com\/tunisie\/#\/schema\/logo\/image\/\",\"url\":\"https:\/\/kapitalis.com\/tunisie\/wp-content\/uploads\/2022\/05\/Kapitalis-big-size.png\",\"contentUrl\":\"https:\/\/kapitalis.com\/tunisie\/wp-content\/uploads\/2022\/05\/Kapitalis-big-size.png\",\"width\":5000,\"height\":1500,\"caption\":\"Kapitalis\"},\"image\":{\"@id\":\"https:\/\/kapitalis.com\/tunisie\/#\/schema\/logo\/image\/\"},\"sameAs\":[\"https:\/\/www.facebook.com\/KapitalisInfo\/\",\"https:\/\/x.com\/KapitalisInfo\",\"https:\/\/www.youtube.com\/channel\/UC-yDYrHyfFBWWZaOw3FPg9Q\"]},{\"@type\":\"Person\",\"@id\":\"https:\/\/kapitalis.com\/tunisie\/#\/schema\/person\/035372e645ad321edc01006468cd4c8b\",\"name\":\"benmansour3 benmansour\",\"url\":\"https:\/\/kapitalis.com\/tunisie\/author\/benmansour3\/\"}]}<\/script>\n<!-- \/ Yoast SEO plugin. -->","yoast_head_json":{"title":"IVD : Le Conseil d\u2019administration r\u00e9int\u00e8gre Makhlouf et le suspend - Kapitalis","robots":{"index":"index","follow":"follow","max-snippet":"max-snippet:-1","max-image-preview":"max-image-preview:large","max-video-preview":"max-video-preview:-1"},"canonical":"https:\/\/kapitalis.com\/tunisie\/2015\/10\/09\/ivd-le-conseil-dadministration-reintegre-makhlouf-et-le-suspend\/","og_locale":"fr_FR","og_type":"article","og_title":"IVD : Le Conseil d\u2019administration r\u00e9int\u00e8gre Makhlouf et le suspend - Kapitalis","og_description":"Le conseil d\u2019administration de l\u2019IVD autorise le retour de Zouheir Makhlouf, le prive de son poste et le passe devant un conseil de discipline.\u00a0","og_url":"https:\/\/kapitalis.com\/tunisie\/2015\/10\/09\/ivd-le-conseil-dadministration-reintegre-makhlouf-et-le-suspend\/","og_site_name":"Kapitalis","article_publisher":"https:\/\/www.facebook.com\/KapitalisInfo\/","article_published_time":"2015-10-09T08:16:19+00:00","article_modified_time":"2015-10-09T09:14:15+00:00","og_image":[{"width":1200,"height":630,"url":"https:\/\/kapitalis.com\/tunisie\/wp-content\/uploads\/2022\/05\/kapitalis-logo-fb.png","type":"image\/png"}],"author":"benmansour3 benmansour","twitter_card":"summary_large_image","twitter_creator":"@KapitalisInfo","twitter_site":"@KapitalisInfo","twitter_misc":{"\u00c9crit par":"benmansour3 benmansour","Dur\u00e9e de lecture estim\u00e9e":"1 minute"},"schema":{"@context":"https:\/\/schema.org","@graph":[{"@type":"Article","@id":"https:\/\/kapitalis.com\/tunisie\/2015\/10\/09\/ivd-le-conseil-dadministration-reintegre-makhlouf-et-le-suspend\/#article","isPartOf":{"@id":"https:\/\/kapitalis.com\/tunisie\/2015\/10\/09\/ivd-le-conseil-dadministration-reintegre-makhlouf-et-le-suspend\/"},"author":{"name":"benmansour3 benmansour","@id":"https:\/\/kapitalis.com\/tunisie\/#\/schema\/person\/035372e645ad321edc01006468cd4c8b"},"headline":"IVD : Le Conseil d\u2019administration r\u00e9int\u00e8gre Makhlouf et le suspend","datePublished":"2015-10-09T08:16:19+00:00","dateModified":"2015-10-09T09:14:15+00:00","mainEntityOfPage":{"@id":"https:\/\/kapitalis.com\/tunisie\/2015\/10\/09\/ivd-le-conseil-dadministration-reintegre-makhlouf-et-le-suspend\/"},"wordCount":235,"commentCount":1,"publisher":{"@id":"https:\/\/kapitalis.com\/tunisie\/#organization"},"image":{"@id":"https:\/\/kapitalis.com\/tunisie\/2015\/10\/09\/ivd-le-conseil-dadministration-reintegre-makhlouf-et-le-suspend\/#primaryimage"},"thumbnailUrl":"","keywords":["conseil d'administration","conseil de discipline","IVD","sanctions","suspension","Zouheir Makhlouf"],"articleSection":["POLITIQUE","Tunisie"],"inLanguage":"fr-FR","potentialAction":[{"@type":"CommentAction","name":"Comment","target":["https:\/\/kapitalis.com\/tunisie\/2015\/10\/09\/ivd-le-conseil-dadministration-reintegre-makhlouf-et-le-suspend\/#respond"]}]},{"@type":"WebPage","@id":"https:\/\/kapitalis.com\/tunisie\/2015\/10\/09\/ivd-le-conseil-dadministration-reintegre-makhlouf-et-le-suspend\/","url":"https:\/\/kapitalis.com\/tunisie\/2015\/10\/09\/ivd-le-conseil-dadministration-reintegre-makhlouf-et-le-suspend\/","name":"IVD : Le Conseil d\u2019administration r\u00e9int\u00e8gre Makhlouf et le suspend - Kapitalis","isPartOf":{"@id":"https:\/\/kapitalis.com\/tunisie\/#website"},"primaryImageOfPage":{"@id":"https:\/\/kapitalis.com\/tunisie\/2015\/10\/09\/ivd-le-conseil-dadministration-reintegre-makhlouf-et-le-suspend\/#primaryimage"},"image":{"@id":"https:\/\/kapitalis.com\/tunisie\/2015\/10\/09\/ivd-le-conseil-dadministration-reintegre-makhlouf-et-le-suspend\/#primaryimage"},"thumbnailUrl":"","datePublished":"2015-10-09T08:16:19+00:00","dateModified":"2015-10-09T09:14:15+00:00","breadcrumb":{"@id":"https:\/\/kapitalis.com\/tunisie\/2015\/10\/09\/ivd-le-conseil-dadministration-reintegre-makhlouf-et-le-suspend\/#breadcrumb"},"inLanguage":"fr-FR","potentialAction":[{"@type":"ReadAction","target":["https:\/\/kapitalis.com\/tunisie\/2015\/10\/09\/ivd-le-conseil-dadministration-reintegre-makhlouf-et-le-suspend\/"]}]},{"@type":"ImageObject","inLanguage":"fr-FR","@id":"https:\/\/kapitalis.com\/tunisie\/2015\/10\/09\/ivd-le-conseil-dadministration-reintegre-makhlouf-et-le-suspend\/#primaryimage","url":"","contentUrl":""},{"@type":"BreadcrumbList","@id":"https:\/\/kapitalis.com\/tunisie\/2015\/10\/09\/ivd-le-conseil-dadministration-reintegre-makhlouf-et-le-suspend\/#breadcrumb","itemListElement":[{"@type":"ListItem","position":1,"name":"Accueil","item":"https:\/\/kapitalis.com\/tunisie\/"},{"@type":"ListItem","position":2,"name":"IVD : Le Conseil d\u2019administration r\u00e9int\u00e8gre Makhlouf et le suspend"}]},{"@type":"WebSite","@id":"https:\/\/kapitalis.com\/tunisie\/#website","url":"https:\/\/kapitalis.com\/tunisie\/","name":"Kapitalis","description":"L&#039;actualit\u00e9 en Tunisie et dans le monde","publisher":{"@id":"https:\/\/kapitalis.com\/tunisie\/#organization"},"potentialAction":[{"@type":"SearchAction","target":{"@type":"EntryPoint","urlTemplate":"https:\/\/kapitalis.com\/tunisie\/?s={search_term_string}"},"query-input":{"@type":"PropertyValueSpecification","valueRequired":true,"valueName":"search_term_string"}}],"inLanguage":"fr-FR"},{"@type":"Organization","@id":"https:\/\/kapitalis.com\/tunisie\/#organization","name":"Kapitalis","url":"https:\/\/kapitalis.com\/tunisie\/","logo":{"@type":"ImageObject","inLanguage":"fr-FR","@id":"https:\/\/kapitalis.com\/tunisie\/#\/schema\/logo\/image\/","url":"https:\/\/kapitalis.com\/tunisie\/wp-content\/uploads\/2022\/05\/Kapitalis-big-size.png","contentUrl":"https:\/\/kapitalis.com\/tunisie\/wp-content\/uploads\/2022\/05\/Kapitalis-big-size.png","width":5000,"height":1500,"caption":"Kapitalis"},"image":{"@id":"https:\/\/kapitalis.com\/tunisie\/#\/schema\/logo\/image\/"},"sameAs":["https:\/\/www.facebook.com\/KapitalisInfo\/","https:\/\/x.com\/KapitalisInfo","https:\/\/www.youtube.com\/channel\/UC-yDYrHyfFBWWZaOw3FPg9Q"]},{"@type":"Person","@id":"https:\/\/kapitalis.com\/tunisie\/#\/schema\/person\/035372e645ad321edc01006468cd4c8b","name":"benmansour3 benmansour","url":"https:\/\/kapitalis.com\/tunisie\/author\/benmansour3\/"}]}},"_links":{"self":[{"href":"https:\/\/kapitalis.com\/tunisie\/wp-json\/wp\/v2\/posts\/18395","targetHints":{"allow":["GET"]}}],"collection":[{"href":"https:\/\/kapitalis.com\/tunisie\/wp-json\/wp\/v2\/posts"}],"about":[{"href":"https:\/\/kapitalis.com\/tunisie\/wp-json\/wp\/v2\/types\/post"}],"author":[{"embeddable":true,"href":"https:\/\/kapitalis.com\/tunisie\/wp-json\/wp\/v2\/users\/11"}],"replies":[{"embeddable":true,"href":"https:\/\/kapitalis.com\/tunisie\/wp-json\/wp\/v2\/comments?post=18395"}],"version-history":[{"count":0,"href":"https:\/\/kapitalis.com\/tunisie\/wp-json\/wp\/v2\/posts\/18395\/revisions"}],"wp:featuredmedia":[{"embeddable":true,"href":"https:\/\/kapitalis.com\/tunisie\/wp-json\/wp\/v2\/media\/18400"}],"wp:attachment":[{"href":"https:\/\/kapitalis.com\/tunisie\/wp-json\/wp\/v2\/media?parent=18395"}],"wp:term":[{"taxonomy":"category","embeddable":true,"href":"https:\/\/kapitalis.com\/tunisie\/wp-json\/wp\/v2\/categories?post=18395"},{"taxonomy":"post_tag","embeddable":true,"href":"https:\/\/kapitalis.com\/tunisie\/wp-json\/wp\/v2\/tags?post=18395"}],"curies":[{"name":"wp","href":"https:\/\/api.w.org\/{rel}","templated":true}]}}