{"id":184171,"date":"2018-11-16T13:03:19","date_gmt":"2018-11-16T12:03:19","guid":{"rendered":"http:\/\/kapitalis.com\/tunisie\/?p=184171"},"modified":"2018-11-16T13:03:19","modified_gmt":"2018-11-16T12:03:19","slug":"tunis-des-ados-se-disant-maltraites-fuguent-du-centre-ezzahrouni-video","status":"publish","type":"post","link":"https:\/\/kapitalis.com\/tunisie\/2018\/11\/16\/tunis-des-ados-se-disant-maltraites-fuguent-du-centre-ezzahrouni-video\/","title":{"rendered":"Tunis : Des ados se disant maltrait\u00e9s fuguent du centre Ezzahrouni (Vid\u00e9o)"},"content":{"rendered":"<p style=\"text-align: center;\"><img loading=\"lazy\" decoding=\"async\" class=\"alignnone size-full wp-image-184175\" src=\"http:\/\/kapitalis.com\/tunisie\/wp-content\/uploads\/2018\/11\/Enfants-fugue-Ezzahrouni.jpg\" alt=\"\" width=\"626\" height=\"380\" \/><\/p>\n<p><em><strong>Six adolescents, \u00e2g\u00e9s de 11 \u00e0 16 ans, ont r\u00e9cemment \u00a0fuit du centre social pour mineurs d\u2019Ezzahrouni (Tunis), expliquant qu\u2019ils y sont maltrait\u00e9s et violent\u00e9s par certains \u00e9ducateurs.<\/strong><\/em><!--more--><\/p>\n<p>Trois d\u2019entre eux, dont 2 fr\u00e8res, ont \u00e9t\u00e9 d\u00e9couverts hier, jeudi 15 novembre 2018, \u00e0 Sousse, par l\u2019activiste de la soci\u00e9t\u00e9 civile, Salwa Ltaief, alors qu\u2019un autre serait encore \u00e0 Tunis et deux autres, intercept\u00e9s par la police.<\/p>\n<p>Selon ces enfants, certains \u00e9ducateurs les violentent souvent et les insultent quotidiennement. L\u2019un d\u2019eux, \u00e2g\u00e9 de 14 ans, a m\u00eame assur\u00e9 qu\u2019un autre jeune a tent\u00e9 d\u2019abuser de lui sous la douche et que depuis il a tr\u00e8s peur. Ils ont alors d\u00e9cid\u00e9 de fuguer pour retourner chez eux.<\/p>\n<p>Mme Ltaief a appel\u00e9 leurs parents, hier soir, mais ces derniers ont refus\u00e9 de les r\u00e9cup\u00e9rer, expliquant que leur situation ne leur permet pas de les prendre en charge.<\/p>\n<p>L\u2019activiste a alors alert\u00e9 la police et la protection de l\u2019enfance et les enfants ont \u00e9t\u00e9 plac\u00e9s, ce matin, dans le centre de Sousse, mais ils retourneront, dans la journ\u00e9e, \u00e0 celui d&rsquo;Ezzahrouni, selon la m\u00eame source.<\/p>\n<div class=\"embed\">\n<div class=\"video\"><iframe loading=\"lazy\" style=\"border: none; overflow: hidden;\" src=\"https:\/\/www.facebook.com\/plugins\/video.php?href=https%3A%2F%2Fwww.facebook.com%2Fsalwa.ltaief.1%2Fvideos%2F2144868528897252%2F&amp;show_text=0&amp;width=560\" width=\"560\" height=\"315\" frameborder=\"0\" scrolling=\"no\" allowfullscreen=\"allowfullscreen\"><\/iframe><\/div>\n<\/div>\n<p>\u00ab<em>J&rsquo;ai rappel\u00e9 la m\u00e8re des 2 fr\u00e8res pour qu&rsquo;elle r\u00e9cup\u00e8re ses enfants, surtout l&rsquo;a\u00een\u00e9 qui est malade. Elle semble avoir accept\u00e9 et nous l&rsquo;attendons en esp\u00e9rant qu&rsquo;elle ne nous pose pas de lapin<\/em>\u00bb, a indiqu\u00e9 d\u00e9plor\u00e9 Mme Ltaief, en appelant \u00e0 l&rsquo;ouverture d&rsquo;une enqu\u00eate et \u00e0 prendre les mesures n\u00e9cessaires si les accusations de ces enfants s&rsquo;av\u00e8rent justes.<\/p>\n<p style=\"text-align: right;\"><strong>Y. N.<\/strong><\/p>\n","protected":false},"excerpt":{"rendered":"<p>Six adolescents, \u00e2g\u00e9s de 11 \u00e0 16 ans, ont r\u00e9cemment \u00a0fuit du centre social pour mineurs d\u2019Ezzahrouni (Tunis), expliquant qu\u2019ils y sont maltrait\u00e9s et violent\u00e9s par certains \u00e9ducateurs.<\/p>\n","protected":false},"author":6,"featured_media":184175,"comment_status":"open","ping_status":"open","sticky":false,"template":"","format":"standard","meta":{"footnotes":""},"categories":[998,2433,4806],"tags":[321,12211,8387,16759,6581],"class_list":["post-184171","post","type-post","status-publish","format-standard","has-post-thumbnail","hentry","category-societe","category-tunisie","category-videos","tag-enfants","tag-ezzahrouni","tag-fugue","tag-mineurs","tag-violences"],"yoast_head":"<!-- This site is optimized with the Yoast SEO plugin v26.6 - https:\/\/yoast.com\/wordpress\/plugins\/seo\/ -->\n<title>Tunis : Des ados se disant maltrait\u00e9s fuguent du centre Ezzahrouni (Vid\u00e9o) - Kapitalis<\/title>\n<meta name=\"robots\" content=\"index, follow, max-snippet:-1, max-image-preview:large, max-video-preview:-1\" \/>\n<link rel=\"canonical\" href=\"https:\/\/kapitalis.com\/tunisie\/2018\/11\/16\/tunis-des-ados-se-disant-maltraites-fuguent-du-centre-ezzahrouni-video\/\" \/>\n<meta property=\"og:locale\" content=\"fr_FR\" \/>\n<meta property=\"og:type\" content=\"article\" \/>\n<meta property=\"og:title\" content=\"Tunis : Des ados se disant maltrait\u00e9s fuguent du centre Ezzahrouni (Vid\u00e9o) - Kapitalis\" \/>\n<meta property=\"og:description\" content=\"Six adolescents, \u00e2g\u00e9s de 11 \u00e0 16 ans, ont r\u00e9cemment \u00a0fuit du centre social pour mineurs d\u2019Ezzahrouni (Tunis), expliquant qu\u2019ils y sont maltrait\u00e9s et violent\u00e9s par certains \u00e9ducateurs.\" \/>\n<meta property=\"og:url\" content=\"https:\/\/kapitalis.com\/tunisie\/2018\/11\/16\/tunis-des-ados-se-disant-maltraites-fuguent-du-centre-ezzahrouni-video\/\" \/>\n<meta property=\"og:site_name\" content=\"Kapitalis\" \/>\n<meta property=\"article:publisher\" content=\"https:\/\/www.facebook.com\/KapitalisInfo\/\" \/>\n<meta property=\"article:published_time\" content=\"2018-11-16T12:03:19+00:00\" \/>\n<meta property=\"og:image\" content=\"https:\/\/kapitalis.com\/tunisie\/wp-content\/uploads\/2022\/05\/kapitalis-logo-fb.png\" \/>\n\t<meta property=\"og:image:width\" content=\"1200\" \/>\n\t<meta property=\"og:image:height\" content=\"630\" \/>\n\t<meta property=\"og:image:type\" content=\"image\/png\" \/>\n<meta name=\"author\" content=\"Yusra NY\" \/>\n<meta name=\"twitter:card\" content=\"summary_large_image\" \/>\n<meta name=\"twitter:creator\" content=\"@KapitalisInfo\" \/>\n<meta name=\"twitter:site\" content=\"@KapitalisInfo\" \/>\n<meta name=\"twitter:label1\" content=\"\u00c9crit par\" \/>\n\t<meta name=\"twitter:data1\" content=\"Yusra NY\" \/>\n\t<meta name=\"twitter:label2\" content=\"Dur\u00e9e de lecture estim\u00e9e\" \/>\n\t<meta name=\"twitter:data2\" content=\"1 minute\" \/>\n<script type=\"application\/ld+json\" class=\"yoast-schema-graph\">{\"@context\":\"https:\/\/schema.org\",\"@graph\":[{\"@type\":\"Article\",\"@id\":\"https:\/\/kapitalis.com\/tunisie\/2018\/11\/16\/tunis-des-ados-se-disant-maltraites-fuguent-du-centre-ezzahrouni-video\/#article\",\"isPartOf\":{\"@id\":\"https:\/\/kapitalis.com\/tunisie\/2018\/11\/16\/tunis-des-ados-se-disant-maltraites-fuguent-du-centre-ezzahrouni-video\/\"},\"author\":{\"name\":\"Yusra NY\",\"@id\":\"https:\/\/kapitalis.com\/tunisie\/#\/schema\/person\/74bbde0154d49d790a92aaeac5bc01d5\"},\"headline\":\"Tunis : Des ados se disant maltrait\u00e9s fuguent du centre Ezzahrouni (Vid\u00e9o)\",\"datePublished\":\"2018-11-16T12:03:19+00:00\",\"mainEntityOfPage\":{\"@id\":\"https:\/\/kapitalis.com\/tunisie\/2018\/11\/16\/tunis-des-ados-se-disant-maltraites-fuguent-du-centre-ezzahrouni-video\/\"},\"wordCount\":278,\"commentCount\":0,\"publisher\":{\"@id\":\"https:\/\/kapitalis.com\/tunisie\/#organization\"},\"image\":{\"@id\":\"https:\/\/kapitalis.com\/tunisie\/2018\/11\/16\/tunis-des-ados-se-disant-maltraites-fuguent-du-centre-ezzahrouni-video\/#primaryimage\"},\"thumbnailUrl\":\"\",\"keywords\":[\"enfants\",\"Ezzahrouni\",\"fugue\",\"mineurs\",\"violences\"],\"articleSection\":[\"SOCIETE\",\"Tunisie\",\"VIDEOS\"],\"inLanguage\":\"fr-FR\",\"potentialAction\":[{\"@type\":\"CommentAction\",\"name\":\"Comment\",\"target\":[\"https:\/\/kapitalis.com\/tunisie\/2018\/11\/16\/tunis-des-ados-se-disant-maltraites-fuguent-du-centre-ezzahrouni-video\/#respond\"]}]},{\"@type\":\"WebPage\",\"@id\":\"https:\/\/kapitalis.com\/tunisie\/2018\/11\/16\/tunis-des-ados-se-disant-maltraites-fuguent-du-centre-ezzahrouni-video\/\",\"url\":\"https:\/\/kapitalis.com\/tunisie\/2018\/11\/16\/tunis-des-ados-se-disant-maltraites-fuguent-du-centre-ezzahrouni-video\/\",\"name\":\"Tunis : Des ados se disant maltrait\u00e9s fuguent du centre Ezzahrouni (Vid\u00e9o) - Kapitalis\",\"isPartOf\":{\"@id\":\"https:\/\/kapitalis.com\/tunisie\/#website\"},\"primaryImageOfPage\":{\"@id\":\"https:\/\/kapitalis.com\/tunisie\/2018\/11\/16\/tunis-des-ados-se-disant-maltraites-fuguent-du-centre-ezzahrouni-video\/#primaryimage\"},\"image\":{\"@id\":\"https:\/\/kapitalis.com\/tunisie\/2018\/11\/16\/tunis-des-ados-se-disant-maltraites-fuguent-du-centre-ezzahrouni-video\/#primaryimage\"},\"thumbnailUrl\":\"\",\"datePublished\":\"2018-11-16T12:03:19+00:00\",\"breadcrumb\":{\"@id\":\"https:\/\/kapitalis.com\/tunisie\/2018\/11\/16\/tunis-des-ados-se-disant-maltraites-fuguent-du-centre-ezzahrouni-video\/#breadcrumb\"},\"inLanguage\":\"fr-FR\",\"potentialAction\":[{\"@type\":\"ReadAction\",\"target\":[\"https:\/\/kapitalis.com\/tunisie\/2018\/11\/16\/tunis-des-ados-se-disant-maltraites-fuguent-du-centre-ezzahrouni-video\/\"]}]},{\"@type\":\"ImageObject\",\"inLanguage\":\"fr-FR\",\"@id\":\"https:\/\/kapitalis.com\/tunisie\/2018\/11\/16\/tunis-des-ados-se-disant-maltraites-fuguent-du-centre-ezzahrouni-video\/#primaryimage\",\"url\":\"\",\"contentUrl\":\"\"},{\"@type\":\"BreadcrumbList\",\"@id\":\"https:\/\/kapitalis.com\/tunisie\/2018\/11\/16\/tunis-des-ados-se-disant-maltraites-fuguent-du-centre-ezzahrouni-video\/#breadcrumb\",\"itemListElement\":[{\"@type\":\"ListItem\",\"position\":1,\"name\":\"Accueil\",\"item\":\"https:\/\/kapitalis.com\/tunisie\/\"},{\"@type\":\"ListItem\",\"position\":2,\"name\":\"Tunis : Des ados se disant maltrait\u00e9s fuguent du centre Ezzahrouni (Vid\u00e9o)\"}]},{\"@type\":\"WebSite\",\"@id\":\"https:\/\/kapitalis.com\/tunisie\/#website\",\"url\":\"https:\/\/kapitalis.com\/tunisie\/\",\"name\":\"Kapitalis\",\"description\":\"L&#039;actualit\u00e9 en Tunisie et dans le monde\",\"publisher\":{\"@id\":\"https:\/\/kapitalis.com\/tunisie\/#organization\"},\"potentialAction\":[{\"@type\":\"SearchAction\",\"target\":{\"@type\":\"EntryPoint\",\"urlTemplate\":\"https:\/\/kapitalis.com\/tunisie\/?s={search_term_string}\"},\"query-input\":{\"@type\":\"PropertyValueSpecification\",\"valueRequired\":true,\"valueName\":\"search_term_string\"}}],\"inLanguage\":\"fr-FR\"},{\"@type\":\"Organization\",\"@id\":\"https:\/\/kapitalis.com\/tunisie\/#organization\",\"name\":\"Kapitalis\",\"url\":\"https:\/\/kapitalis.com\/tunisie\/\",\"logo\":{\"@type\":\"ImageObject\",\"inLanguage\":\"fr-FR\",\"@id\":\"https:\/\/kapitalis.com\/tunisie\/#\/schema\/logo\/image\/\",\"url\":\"https:\/\/kapitalis.com\/tunisie\/wp-content\/uploads\/2022\/05\/Kapitalis-big-size.png\",\"contentUrl\":\"https:\/\/kapitalis.com\/tunisie\/wp-content\/uploads\/2022\/05\/Kapitalis-big-size.png\",\"width\":5000,\"height\":1500,\"caption\":\"Kapitalis\"},\"image\":{\"@id\":\"https:\/\/kapitalis.com\/tunisie\/#\/schema\/logo\/image\/\"},\"sameAs\":[\"https:\/\/www.facebook.com\/KapitalisInfo\/\",\"https:\/\/x.com\/KapitalisInfo\",\"https:\/\/www.youtube.com\/channel\/UC-yDYrHyfFBWWZaOw3FPg9Q\"]},{\"@type\":\"Person\",\"@id\":\"https:\/\/kapitalis.com\/tunisie\/#\/schema\/person\/74bbde0154d49d790a92aaeac5bc01d5\",\"name\":\"Yusra NY\",\"url\":\"https:\/\/kapitalis.com\/tunisie\/author\/yuza_adam\/\"}]}<\/script>\n<!-- \/ Yoast SEO plugin. -->","yoast_head_json":{"title":"Tunis : Des ados se disant maltrait\u00e9s fuguent du centre Ezzahrouni (Vid\u00e9o) - Kapitalis","robots":{"index":"index","follow":"follow","max-snippet":"max-snippet:-1","max-image-preview":"max-image-preview:large","max-video-preview":"max-video-preview:-1"},"canonical":"https:\/\/kapitalis.com\/tunisie\/2018\/11\/16\/tunis-des-ados-se-disant-maltraites-fuguent-du-centre-ezzahrouni-video\/","og_locale":"fr_FR","og_type":"article","og_title":"Tunis : Des ados se disant maltrait\u00e9s fuguent du centre Ezzahrouni (Vid\u00e9o) - Kapitalis","og_description":"Six adolescents, \u00e2g\u00e9s de 11 \u00e0 16 ans, ont r\u00e9cemment \u00a0fuit du centre social pour mineurs d\u2019Ezzahrouni (Tunis), expliquant qu\u2019ils y sont maltrait\u00e9s et violent\u00e9s par certains \u00e9ducateurs.","og_url":"https:\/\/kapitalis.com\/tunisie\/2018\/11\/16\/tunis-des-ados-se-disant-maltraites-fuguent-du-centre-ezzahrouni-video\/","og_site_name":"Kapitalis","article_publisher":"https:\/\/www.facebook.com\/KapitalisInfo\/","article_published_time":"2018-11-16T12:03:19+00:00","og_image":[{"width":1200,"height":630,"url":"https:\/\/kapitalis.com\/tunisie\/wp-content\/uploads\/2022\/05\/kapitalis-logo-fb.png","type":"image\/png"}],"author":"Yusra NY","twitter_card":"summary_large_image","twitter_creator":"@KapitalisInfo","twitter_site":"@KapitalisInfo","twitter_misc":{"\u00c9crit par":"Yusra NY","Dur\u00e9e de lecture estim\u00e9e":"1 minute"},"schema":{"@context":"https:\/\/schema.org","@graph":[{"@type":"Article","@id":"https:\/\/kapitalis.com\/tunisie\/2018\/11\/16\/tunis-des-ados-se-disant-maltraites-fuguent-du-centre-ezzahrouni-video\/#article","isPartOf":{"@id":"https:\/\/kapitalis.com\/tunisie\/2018\/11\/16\/tunis-des-ados-se-disant-maltraites-fuguent-du-centre-ezzahrouni-video\/"},"author":{"name":"Yusra NY","@id":"https:\/\/kapitalis.com\/tunisie\/#\/schema\/person\/74bbde0154d49d790a92aaeac5bc01d5"},"headline":"Tunis : Des ados se disant maltrait\u00e9s fuguent du centre Ezzahrouni (Vid\u00e9o)","datePublished":"2018-11-16T12:03:19+00:00","mainEntityOfPage":{"@id":"https:\/\/kapitalis.com\/tunisie\/2018\/11\/16\/tunis-des-ados-se-disant-maltraites-fuguent-du-centre-ezzahrouni-video\/"},"wordCount":278,"commentCount":0,"publisher":{"@id":"https:\/\/kapitalis.com\/tunisie\/#organization"},"image":{"@id":"https:\/\/kapitalis.com\/tunisie\/2018\/11\/16\/tunis-des-ados-se-disant-maltraites-fuguent-du-centre-ezzahrouni-video\/#primaryimage"},"thumbnailUrl":"","keywords":["enfants","Ezzahrouni","fugue","mineurs","violences"],"articleSection":["SOCIETE","Tunisie","VIDEOS"],"inLanguage":"fr-FR","potentialAction":[{"@type":"CommentAction","name":"Comment","target":["https:\/\/kapitalis.com\/tunisie\/2018\/11\/16\/tunis-des-ados-se-disant-maltraites-fuguent-du-centre-ezzahrouni-video\/#respond"]}]},{"@type":"WebPage","@id":"https:\/\/kapitalis.com\/tunisie\/2018\/11\/16\/tunis-des-ados-se-disant-maltraites-fuguent-du-centre-ezzahrouni-video\/","url":"https:\/\/kapitalis.com\/tunisie\/2018\/11\/16\/tunis-des-ados-se-disant-maltraites-fuguent-du-centre-ezzahrouni-video\/","name":"Tunis : Des ados se disant maltrait\u00e9s fuguent du centre Ezzahrouni (Vid\u00e9o) - Kapitalis","isPartOf":{"@id":"https:\/\/kapitalis.com\/tunisie\/#website"},"primaryImageOfPage":{"@id":"https:\/\/kapitalis.com\/tunisie\/2018\/11\/16\/tunis-des-ados-se-disant-maltraites-fuguent-du-centre-ezzahrouni-video\/#primaryimage"},"image":{"@id":"https:\/\/kapitalis.com\/tunisie\/2018\/11\/16\/tunis-des-ados-se-disant-maltraites-fuguent-du-centre-ezzahrouni-video\/#primaryimage"},"thumbnailUrl":"","datePublished":"2018-11-16T12:03:19+00:00","breadcrumb":{"@id":"https:\/\/kapitalis.com\/tunisie\/2018\/11\/16\/tunis-des-ados-se-disant-maltraites-fuguent-du-centre-ezzahrouni-video\/#breadcrumb"},"inLanguage":"fr-FR","potentialAction":[{"@type":"ReadAction","target":["https:\/\/kapitalis.com\/tunisie\/2018\/11\/16\/tunis-des-ados-se-disant-maltraites-fuguent-du-centre-ezzahrouni-video\/"]}]},{"@type":"ImageObject","inLanguage":"fr-FR","@id":"https:\/\/kapitalis.com\/tunisie\/2018\/11\/16\/tunis-des-ados-se-disant-maltraites-fuguent-du-centre-ezzahrouni-video\/#primaryimage","url":"","contentUrl":""},{"@type":"BreadcrumbList","@id":"https:\/\/kapitalis.com\/tunisie\/2018\/11\/16\/tunis-des-ados-se-disant-maltraites-fuguent-du-centre-ezzahrouni-video\/#breadcrumb","itemListElement":[{"@type":"ListItem","position":1,"name":"Accueil","item":"https:\/\/kapitalis.com\/tunisie\/"},{"@type":"ListItem","position":2,"name":"Tunis : Des ados se disant maltrait\u00e9s fuguent du centre Ezzahrouni (Vid\u00e9o)"}]},{"@type":"WebSite","@id":"https:\/\/kapitalis.com\/tunisie\/#website","url":"https:\/\/kapitalis.com\/tunisie\/","name":"Kapitalis","description":"L&#039;actualit\u00e9 en Tunisie et dans le monde","publisher":{"@id":"https:\/\/kapitalis.com\/tunisie\/#organization"},"potentialAction":[{"@type":"SearchAction","target":{"@type":"EntryPoint","urlTemplate":"https:\/\/kapitalis.com\/tunisie\/?s={search_term_string}"},"query-input":{"@type":"PropertyValueSpecification","valueRequired":true,"valueName":"search_term_string"}}],"inLanguage":"fr-FR"},{"@type":"Organization","@id":"https:\/\/kapitalis.com\/tunisie\/#organization","name":"Kapitalis","url":"https:\/\/kapitalis.com\/tunisie\/","logo":{"@type":"ImageObject","inLanguage":"fr-FR","@id":"https:\/\/kapitalis.com\/tunisie\/#\/schema\/logo\/image\/","url":"https:\/\/kapitalis.com\/tunisie\/wp-content\/uploads\/2022\/05\/Kapitalis-big-size.png","contentUrl":"https:\/\/kapitalis.com\/tunisie\/wp-content\/uploads\/2022\/05\/Kapitalis-big-size.png","width":5000,"height":1500,"caption":"Kapitalis"},"image":{"@id":"https:\/\/kapitalis.com\/tunisie\/#\/schema\/logo\/image\/"},"sameAs":["https:\/\/www.facebook.com\/KapitalisInfo\/","https:\/\/x.com\/KapitalisInfo","https:\/\/www.youtube.com\/channel\/UC-yDYrHyfFBWWZaOw3FPg9Q"]},{"@type":"Person","@id":"https:\/\/kapitalis.com\/tunisie\/#\/schema\/person\/74bbde0154d49d790a92aaeac5bc01d5","name":"Yusra NY","url":"https:\/\/kapitalis.com\/tunisie\/author\/yuza_adam\/"}]}},"_links":{"self":[{"href":"https:\/\/kapitalis.com\/tunisie\/wp-json\/wp\/v2\/posts\/184171","targetHints":{"allow":["GET"]}}],"collection":[{"href":"https:\/\/kapitalis.com\/tunisie\/wp-json\/wp\/v2\/posts"}],"about":[{"href":"https:\/\/kapitalis.com\/tunisie\/wp-json\/wp\/v2\/types\/post"}],"author":[{"embeddable":true,"href":"https:\/\/kapitalis.com\/tunisie\/wp-json\/wp\/v2\/users\/6"}],"replies":[{"embeddable":true,"href":"https:\/\/kapitalis.com\/tunisie\/wp-json\/wp\/v2\/comments?post=184171"}],"version-history":[{"count":0,"href":"https:\/\/kapitalis.com\/tunisie\/wp-json\/wp\/v2\/posts\/184171\/revisions"}],"wp:featuredmedia":[{"embeddable":true,"href":"https:\/\/kapitalis.com\/tunisie\/wp-json\/wp\/v2\/media\/184175"}],"wp:attachment":[{"href":"https:\/\/kapitalis.com\/tunisie\/wp-json\/wp\/v2\/media?parent=184171"}],"wp:term":[{"taxonomy":"category","embeddable":true,"href":"https:\/\/kapitalis.com\/tunisie\/wp-json\/wp\/v2\/categories?post=184171"},{"taxonomy":"post_tag","embeddable":true,"href":"https:\/\/kapitalis.com\/tunisie\/wp-json\/wp\/v2\/tags?post=184171"}],"curies":[{"name":"wp","href":"https:\/\/api.w.org\/{rel}","templated":true}]}}