{"id":18444187,"date":"2026-03-06T22:02:33","date_gmt":"2026-03-06T21:02:33","guid":{"rendered":"https:\/\/kapitalis.com\/tunisie\/?p=18444187"},"modified":"2026-03-06T22:02:35","modified_gmt":"2026-03-06T21:02:35","slug":"tunisie-enquete-financiere-visant-la-flottille-al-soumoud","status":"publish","type":"post","link":"https:\/\/kapitalis.com\/tunisie\/2026\/03\/06\/tunisie-enquete-financiere-visant-la-flottille-al-soumoud\/","title":{"rendered":"Tunisie | Enqu\u00eate financi\u00e8re visant la flottille Al-Soumoud"},"content":{"rendered":"\n<p><strong><em>Une enqu\u00eate visant la flottille Al-Soumoud a \u00e9t\u00e9 ouverte, ce vendredi 6 mars 2026, par le Parquet du P\u00f4le judiciaire \u00e9conomique et financier.<\/em><\/strong><\/p>\n\n\n\n<!--more-->\n\n\n\n<p>La brigade nationale de recherche dans les crimes financiers de la Garde nationale de Laouina a \u00e9t\u00e9 charg\u00e9e de mener une enqu\u00eate sur des flux financiers dits suspects li\u00e9s \u00e0 l&rsquo;instance dirigeante de la Flottille Soumoud, indique une source judiciaire cit\u00e9e par l&rsquo;agence Tap.<\/p>\n\n\n\n<p>Selon la m\u00eame source, ces investigations sont men\u00e9es en vue de d\u00e9terminer la l\u00e9gitimit\u00e9 de la source de ces fonds et leur \u00e9ventuelle utilisation \u00e0 des fins personnelles ou illicites, avec des soup\u00e7ons de fraude et de blanchiment d\u2019argent.<\/p>\n\n\n\n<p>Pour rappel Al-Soumoud a annonc\u00e9, ce vendredi 6 mars 2026, l&rsquo;arrestation de Sana Msahli, Wael Naouar et son \u00e9pouse Jawaher Channa, ainsi que Nabil Chennoufi et Amine Bennour.<\/p>\n\n\n\n<p class=\"has-text-align-right\"><strong>Y. N.<\/strong><\/p>\n\n\n\n<figure class=\"wp-block-embed is-type-wp-embed is-provider-kapitalis wp-block-embed-kapitalis\"><div class=\"wp-block-embed__wrapper\">\n<blockquote class=\"wp-embedded-content\" data-secret=\"goyM0ac4UX\"><a href=\"https:\/\/kapitalis.com\/tunisie\/2026\/03\/06\/al-soumoud-annonce-larrestation-de-sana-msahli\/\">Al-Soumoud annonce l&rsquo;arrestation de Sana Msahli<\/a><\/blockquote><iframe loading=\"lazy\" class=\"wp-embedded-content\" sandbox=\"allow-scripts\" security=\"restricted\" style=\"position: absolute; visibility: hidden;\" title=\"\u00ab\u00a0Al-Soumoud annonce l&rsquo;arrestation de Sana Msahli\u00a0\u00bb &#8212; Kapitalis\" src=\"https:\/\/kapitalis.com\/tunisie\/2026\/03\/06\/al-soumoud-annonce-larrestation-de-sana-msahli\/embed\/#?secret=cU8cdTmhuT#?secret=goyM0ac4UX\" data-secret=\"goyM0ac4UX\" width=\"600\" height=\"338\" frameborder=\"0\" marginwidth=\"0\" marginheight=\"0\" scrolling=\"no\"><\/iframe>\n<\/div><\/figure>\n\n\n\n<figure class=\"wp-block-embed is-type-wp-embed is-provider-kapitalis wp-block-embed-kapitalis\"><div class=\"wp-block-embed__wrapper\">\n<blockquote class=\"wp-embedded-content\" data-secret=\"h5t8iuNE8L\"><a href=\"https:\/\/kapitalis.com\/tunisie\/2026\/03\/06\/al-soumoud-arrestation-de-nabil-chennoufi-et-amine-bennour\/\">Al-Soumoud\u00a0 | Arrestation de Nabil Chennoufi et Amine Bennour<\/a><\/blockquote><iframe loading=\"lazy\" class=\"wp-embedded-content\" sandbox=\"allow-scripts\" security=\"restricted\" style=\"position: absolute; visibility: hidden;\" title=\"\u00ab\u00a0Al-Soumoud\u00a0 | Arrestation de Nabil Chennoufi et Amine Bennour\u00a0\u00bb &#8212; Kapitalis\" src=\"https:\/\/kapitalis.com\/tunisie\/2026\/03\/06\/al-soumoud-arrestation-de-nabil-chennoufi-et-amine-bennour\/embed\/#?secret=PqHm5FyrRy#?secret=h5t8iuNE8L\" data-secret=\"h5t8iuNE8L\" width=\"600\" height=\"338\" frameborder=\"0\" marginwidth=\"0\" marginheight=\"0\" scrolling=\"no\"><\/iframe>\n<\/div><\/figure>\n\n\n\n<figure class=\"wp-block-embed is-type-wp-embed is-provider-kapitalis wp-block-embed-kapitalis\"><div class=\"wp-block-embed__wrapper\">\n<blockquote class=\"wp-embedded-content\" data-secret=\"qyYeoCnmaT\"><a href=\"https:\/\/kapitalis.com\/tunisie\/2026\/03\/06\/tunisie-arrestation-de-wael-naouar-et-jawaher-chenna\/\">Tunisie | Arrestation de Wael Naouar et Jawaher Chenna<\/a><\/blockquote><iframe loading=\"lazy\" class=\"wp-embedded-content\" sandbox=\"allow-scripts\" security=\"restricted\" style=\"position: absolute; visibility: hidden;\" title=\"\u00ab\u00a0Tunisie | Arrestation de Wael Naouar et Jawaher Chenna\u00a0\u00bb &#8212; Kapitalis\" src=\"https:\/\/kapitalis.com\/tunisie\/2026\/03\/06\/tunisie-arrestation-de-wael-naouar-et-jawaher-chenna\/embed\/#?secret=T4th3vqMAU#?secret=qyYeoCnmaT\" data-secret=\"qyYeoCnmaT\" width=\"600\" height=\"338\" frameborder=\"0\" marginwidth=\"0\" marginheight=\"0\" scrolling=\"no\"><\/iframe>\n<\/div><\/figure>\n","protected":false},"excerpt":{"rendered":"<p>Une enqu\u00eate visant la flottille Al-Soumoud a \u00e9t\u00e9 ouverte, ce vendredi 6 mars 2026, par le Parquet du P\u00f4le judiciaire \u00e9conomique et financier.<\/p>\n","protected":false},"author":6,"featured_media":6264215,"comment_status":"open","ping_status":"open","sticky":false,"template":"","format":"standard","meta":{"footnotes":""},"categories":[998,2433],"tags":[122846,127264,62643],"class_list":["post-18444187","post","type-post","status-publish","format-standard","has-post-thumbnail","hentry","category-societe","category-tunisie","tag-al-soumoud","tag-enquete-financiere","tag-tunisie"],"yoast_head":"<!-- This site is optimized with the Yoast SEO plugin v26.6 - https:\/\/yoast.com\/wordpress\/plugins\/seo\/ -->\n<title>Tunisie | Enqu\u00eate financi\u00e8re visant la flottille Al-Soumoud - Kapitalis<\/title>\n<meta name=\"robots\" content=\"index, follow, max-snippet:-1, max-image-preview:large, max-video-preview:-1\" \/>\n<link rel=\"canonical\" href=\"https:\/\/kapitalis.com\/tunisie\/2026\/03\/06\/tunisie-enquete-financiere-visant-la-flottille-al-soumoud\/\" \/>\n<meta property=\"og:locale\" content=\"fr_FR\" \/>\n<meta property=\"og:type\" content=\"article\" \/>\n<meta property=\"og:title\" content=\"Tunisie | Enqu\u00eate financi\u00e8re visant la flottille Al-Soumoud - Kapitalis\" \/>\n<meta property=\"og:description\" content=\"Une enqu\u00eate visant la flottille Al-Soumoud a \u00e9t\u00e9 ouverte, ce vendredi 6 mars 2026, par le Parquet du P\u00f4le judiciaire \u00e9conomique et financier.\" \/>\n<meta property=\"og:url\" content=\"https:\/\/kapitalis.com\/tunisie\/2026\/03\/06\/tunisie-enquete-financiere-visant-la-flottille-al-soumoud\/\" \/>\n<meta property=\"og:site_name\" content=\"Kapitalis\" \/>\n<meta property=\"article:publisher\" content=\"https:\/\/www.facebook.com\/KapitalisInfo\/\" \/>\n<meta property=\"article:published_time\" content=\"2026-03-06T21:02:33+00:00\" \/>\n<meta property=\"article:modified_time\" content=\"2026-03-06T21:02:35+00:00\" \/>\n<meta property=\"og:image\" content=\"https:\/\/kapitalis.com\/tunisie\/wp-content\/uploads\/2023\/02\/justice.jpg\" \/>\n\t<meta property=\"og:image:width\" content=\"1200\" \/>\n\t<meta property=\"og:image:height\" content=\"630\" \/>\n\t<meta property=\"og:image:type\" content=\"image\/jpeg\" \/>\n<meta name=\"author\" content=\"Yusra NY\" \/>\n<meta name=\"twitter:card\" content=\"summary_large_image\" \/>\n<meta name=\"twitter:creator\" content=\"@KapitalisInfo\" \/>\n<meta name=\"twitter:site\" content=\"@KapitalisInfo\" \/>\n<meta name=\"twitter:label1\" content=\"\u00c9crit par\" \/>\n\t<meta name=\"twitter:data1\" content=\"Yusra NY\" \/>\n\t<meta name=\"twitter:label2\" content=\"Dur\u00e9e de lecture estim\u00e9e\" \/>\n\t<meta name=\"twitter:data2\" content=\"1 minute\" \/>\n<script type=\"application\/ld+json\" class=\"yoast-schema-graph\">{\"@context\":\"https:\/\/schema.org\",\"@graph\":[{\"@type\":\"Article\",\"@id\":\"https:\/\/kapitalis.com\/tunisie\/2026\/03\/06\/tunisie-enquete-financiere-visant-la-flottille-al-soumoud\/#article\",\"isPartOf\":{\"@id\":\"https:\/\/kapitalis.com\/tunisie\/2026\/03\/06\/tunisie-enquete-financiere-visant-la-flottille-al-soumoud\/\"},\"author\":{\"name\":\"Yusra NY\",\"@id\":\"https:\/\/kapitalis.com\/tunisie\/#\/schema\/person\/74bbde0154d49d790a92aaeac5bc01d5\"},\"headline\":\"Tunisie | Enqu\u00eate financi\u00e8re visant la flottille Al-Soumoud\",\"datePublished\":\"2026-03-06T21:02:33+00:00\",\"dateModified\":\"2026-03-06T21:02:35+00:00\",\"mainEntityOfPage\":{\"@id\":\"https:\/\/kapitalis.com\/tunisie\/2026\/03\/06\/tunisie-enquete-financiere-visant-la-flottille-al-soumoud\/\"},\"wordCount\":166,\"commentCount\":0,\"publisher\":{\"@id\":\"https:\/\/kapitalis.com\/tunisie\/#organization\"},\"image\":{\"@id\":\"https:\/\/kapitalis.com\/tunisie\/2026\/03\/06\/tunisie-enquete-financiere-visant-la-flottille-al-soumoud\/#primaryimage\"},\"thumbnailUrl\":\"https:\/\/kapitalis.com\/tunisie\/wp-content\/uploads\/2023\/02\/justice.jpg\",\"keywords\":[\"Al-Soumoud\",\"Enqu\u00eate financi\u00e8re\",\"Tunisie\"],\"articleSection\":[\"SOCIETE\",\"Tunisie\"],\"inLanguage\":\"fr-FR\",\"potentialAction\":[{\"@type\":\"CommentAction\",\"name\":\"Comment\",\"target\":[\"https:\/\/kapitalis.com\/tunisie\/2026\/03\/06\/tunisie-enquete-financiere-visant-la-flottille-al-soumoud\/#respond\"]}]},{\"@type\":\"WebPage\",\"@id\":\"https:\/\/kapitalis.com\/tunisie\/2026\/03\/06\/tunisie-enquete-financiere-visant-la-flottille-al-soumoud\/\",\"url\":\"https:\/\/kapitalis.com\/tunisie\/2026\/03\/06\/tunisie-enquete-financiere-visant-la-flottille-al-soumoud\/\",\"name\":\"Tunisie | Enqu\u00eate financi\u00e8re visant la flottille Al-Soumoud - Kapitalis\",\"isPartOf\":{\"@id\":\"https:\/\/kapitalis.com\/tunisie\/#website\"},\"primaryImageOfPage\":{\"@id\":\"https:\/\/kapitalis.com\/tunisie\/2026\/03\/06\/tunisie-enquete-financiere-visant-la-flottille-al-soumoud\/#primaryimage\"},\"image\":{\"@id\":\"https:\/\/kapitalis.com\/tunisie\/2026\/03\/06\/tunisie-enquete-financiere-visant-la-flottille-al-soumoud\/#primaryimage\"},\"thumbnailUrl\":\"https:\/\/kapitalis.com\/tunisie\/wp-content\/uploads\/2023\/02\/justice.jpg\",\"datePublished\":\"2026-03-06T21:02:33+00:00\",\"dateModified\":\"2026-03-06T21:02:35+00:00\",\"breadcrumb\":{\"@id\":\"https:\/\/kapitalis.com\/tunisie\/2026\/03\/06\/tunisie-enquete-financiere-visant-la-flottille-al-soumoud\/#breadcrumb\"},\"inLanguage\":\"fr-FR\",\"potentialAction\":[{\"@type\":\"ReadAction\",\"target\":[\"https:\/\/kapitalis.com\/tunisie\/2026\/03\/06\/tunisie-enquete-financiere-visant-la-flottille-al-soumoud\/\"]}]},{\"@type\":\"ImageObject\",\"inLanguage\":\"fr-FR\",\"@id\":\"https:\/\/kapitalis.com\/tunisie\/2026\/03\/06\/tunisie-enquete-financiere-visant-la-flottille-al-soumoud\/#primaryimage\",\"url\":\"https:\/\/kapitalis.com\/tunisie\/wp-content\/uploads\/2023\/02\/justice.jpg\",\"contentUrl\":\"https:\/\/kapitalis.com\/tunisie\/wp-content\/uploads\/2023\/02\/justice.jpg\",\"width\":1200,\"height\":630},{\"@type\":\"BreadcrumbList\",\"@id\":\"https:\/\/kapitalis.com\/tunisie\/2026\/03\/06\/tunisie-enquete-financiere-visant-la-flottille-al-soumoud\/#breadcrumb\",\"itemListElement\":[{\"@type\":\"ListItem\",\"position\":1,\"name\":\"Accueil\",\"item\":\"https:\/\/kapitalis.com\/tunisie\/\"},{\"@type\":\"ListItem\",\"position\":2,\"name\":\"Tunisie | Enqu\u00eate financi\u00e8re visant la flottille Al-Soumoud\"}]},{\"@type\":\"WebSite\",\"@id\":\"https:\/\/kapitalis.com\/tunisie\/#website\",\"url\":\"https:\/\/kapitalis.com\/tunisie\/\",\"name\":\"Kapitalis\",\"description\":\"L&#039;actualit\u00e9 en Tunisie et dans le monde\",\"publisher\":{\"@id\":\"https:\/\/kapitalis.com\/tunisie\/#organization\"},\"potentialAction\":[{\"@type\":\"SearchAction\",\"target\":{\"@type\":\"EntryPoint\",\"urlTemplate\":\"https:\/\/kapitalis.com\/tunisie\/?s={search_term_string}\"},\"query-input\":{\"@type\":\"PropertyValueSpecification\",\"valueRequired\":true,\"valueName\":\"search_term_string\"}}],\"inLanguage\":\"fr-FR\"},{\"@type\":\"Organization\",\"@id\":\"https:\/\/kapitalis.com\/tunisie\/#organization\",\"name\":\"Kapitalis\",\"url\":\"https:\/\/kapitalis.com\/tunisie\/\",\"logo\":{\"@type\":\"ImageObject\",\"inLanguage\":\"fr-FR\",\"@id\":\"https:\/\/kapitalis.com\/tunisie\/#\/schema\/logo\/image\/\",\"url\":\"https:\/\/kapitalis.com\/tunisie\/wp-content\/uploads\/2022\/05\/Kapitalis-big-size.png\",\"contentUrl\":\"https:\/\/kapitalis.com\/tunisie\/wp-content\/uploads\/2022\/05\/Kapitalis-big-size.png\",\"width\":5000,\"height\":1500,\"caption\":\"Kapitalis\"},\"image\":{\"@id\":\"https:\/\/kapitalis.com\/tunisie\/#\/schema\/logo\/image\/\"},\"sameAs\":[\"https:\/\/www.facebook.com\/KapitalisInfo\/\",\"https:\/\/x.com\/KapitalisInfo\",\"https:\/\/www.youtube.com\/channel\/UC-yDYrHyfFBWWZaOw3FPg9Q\"]},{\"@type\":\"Person\",\"@id\":\"https:\/\/kapitalis.com\/tunisie\/#\/schema\/person\/74bbde0154d49d790a92aaeac5bc01d5\",\"name\":\"Yusra NY\",\"url\":\"https:\/\/kapitalis.com\/tunisie\/author\/yuza_adam\/\"}]}<\/script>\n<!-- \/ Yoast SEO plugin. -->","yoast_head_json":{"title":"Tunisie | Enqu\u00eate financi\u00e8re visant la flottille Al-Soumoud - Kapitalis","robots":{"index":"index","follow":"follow","max-snippet":"max-snippet:-1","max-image-preview":"max-image-preview:large","max-video-preview":"max-video-preview:-1"},"canonical":"https:\/\/kapitalis.com\/tunisie\/2026\/03\/06\/tunisie-enquete-financiere-visant-la-flottille-al-soumoud\/","og_locale":"fr_FR","og_type":"article","og_title":"Tunisie | Enqu\u00eate financi\u00e8re visant la flottille Al-Soumoud - Kapitalis","og_description":"Une enqu\u00eate visant la flottille Al-Soumoud a \u00e9t\u00e9 ouverte, ce vendredi 6 mars 2026, par le Parquet du P\u00f4le judiciaire \u00e9conomique et financier.","og_url":"https:\/\/kapitalis.com\/tunisie\/2026\/03\/06\/tunisie-enquete-financiere-visant-la-flottille-al-soumoud\/","og_site_name":"Kapitalis","article_publisher":"https:\/\/www.facebook.com\/KapitalisInfo\/","article_published_time":"2026-03-06T21:02:33+00:00","article_modified_time":"2026-03-06T21:02:35+00:00","og_image":[{"width":1200,"height":630,"url":"https:\/\/kapitalis.com\/tunisie\/wp-content\/uploads\/2023\/02\/justice.jpg","type":"image\/jpeg"}],"author":"Yusra NY","twitter_card":"summary_large_image","twitter_creator":"@KapitalisInfo","twitter_site":"@KapitalisInfo","twitter_misc":{"\u00c9crit par":"Yusra NY","Dur\u00e9e de lecture estim\u00e9e":"1 minute"},"schema":{"@context":"https:\/\/schema.org","@graph":[{"@type":"Article","@id":"https:\/\/kapitalis.com\/tunisie\/2026\/03\/06\/tunisie-enquete-financiere-visant-la-flottille-al-soumoud\/#article","isPartOf":{"@id":"https:\/\/kapitalis.com\/tunisie\/2026\/03\/06\/tunisie-enquete-financiere-visant-la-flottille-al-soumoud\/"},"author":{"name":"Yusra NY","@id":"https:\/\/kapitalis.com\/tunisie\/#\/schema\/person\/74bbde0154d49d790a92aaeac5bc01d5"},"headline":"Tunisie | Enqu\u00eate financi\u00e8re visant la flottille Al-Soumoud","datePublished":"2026-03-06T21:02:33+00:00","dateModified":"2026-03-06T21:02:35+00:00","mainEntityOfPage":{"@id":"https:\/\/kapitalis.com\/tunisie\/2026\/03\/06\/tunisie-enquete-financiere-visant-la-flottille-al-soumoud\/"},"wordCount":166,"commentCount":0,"publisher":{"@id":"https:\/\/kapitalis.com\/tunisie\/#organization"},"image":{"@id":"https:\/\/kapitalis.com\/tunisie\/2026\/03\/06\/tunisie-enquete-financiere-visant-la-flottille-al-soumoud\/#primaryimage"},"thumbnailUrl":"https:\/\/kapitalis.com\/tunisie\/wp-content\/uploads\/2023\/02\/justice.jpg","keywords":["Al-Soumoud","Enqu\u00eate financi\u00e8re","Tunisie"],"articleSection":["SOCIETE","Tunisie"],"inLanguage":"fr-FR","potentialAction":[{"@type":"CommentAction","name":"Comment","target":["https:\/\/kapitalis.com\/tunisie\/2026\/03\/06\/tunisie-enquete-financiere-visant-la-flottille-al-soumoud\/#respond"]}]},{"@type":"WebPage","@id":"https:\/\/kapitalis.com\/tunisie\/2026\/03\/06\/tunisie-enquete-financiere-visant-la-flottille-al-soumoud\/","url":"https:\/\/kapitalis.com\/tunisie\/2026\/03\/06\/tunisie-enquete-financiere-visant-la-flottille-al-soumoud\/","name":"Tunisie | Enqu\u00eate financi\u00e8re visant la flottille Al-Soumoud - Kapitalis","isPartOf":{"@id":"https:\/\/kapitalis.com\/tunisie\/#website"},"primaryImageOfPage":{"@id":"https:\/\/kapitalis.com\/tunisie\/2026\/03\/06\/tunisie-enquete-financiere-visant-la-flottille-al-soumoud\/#primaryimage"},"image":{"@id":"https:\/\/kapitalis.com\/tunisie\/2026\/03\/06\/tunisie-enquete-financiere-visant-la-flottille-al-soumoud\/#primaryimage"},"thumbnailUrl":"https:\/\/kapitalis.com\/tunisie\/wp-content\/uploads\/2023\/02\/justice.jpg","datePublished":"2026-03-06T21:02:33+00:00","dateModified":"2026-03-06T21:02:35+00:00","breadcrumb":{"@id":"https:\/\/kapitalis.com\/tunisie\/2026\/03\/06\/tunisie-enquete-financiere-visant-la-flottille-al-soumoud\/#breadcrumb"},"inLanguage":"fr-FR","potentialAction":[{"@type":"ReadAction","target":["https:\/\/kapitalis.com\/tunisie\/2026\/03\/06\/tunisie-enquete-financiere-visant-la-flottille-al-soumoud\/"]}]},{"@type":"ImageObject","inLanguage":"fr-FR","@id":"https:\/\/kapitalis.com\/tunisie\/2026\/03\/06\/tunisie-enquete-financiere-visant-la-flottille-al-soumoud\/#primaryimage","url":"https:\/\/kapitalis.com\/tunisie\/wp-content\/uploads\/2023\/02\/justice.jpg","contentUrl":"https:\/\/kapitalis.com\/tunisie\/wp-content\/uploads\/2023\/02\/justice.jpg","width":1200,"height":630},{"@type":"BreadcrumbList","@id":"https:\/\/kapitalis.com\/tunisie\/2026\/03\/06\/tunisie-enquete-financiere-visant-la-flottille-al-soumoud\/#breadcrumb","itemListElement":[{"@type":"ListItem","position":1,"name":"Accueil","item":"https:\/\/kapitalis.com\/tunisie\/"},{"@type":"ListItem","position":2,"name":"Tunisie | Enqu\u00eate financi\u00e8re visant la flottille Al-Soumoud"}]},{"@type":"WebSite","@id":"https:\/\/kapitalis.com\/tunisie\/#website","url":"https:\/\/kapitalis.com\/tunisie\/","name":"Kapitalis","description":"L&#039;actualit\u00e9 en Tunisie et dans le monde","publisher":{"@id":"https:\/\/kapitalis.com\/tunisie\/#organization"},"potentialAction":[{"@type":"SearchAction","target":{"@type":"EntryPoint","urlTemplate":"https:\/\/kapitalis.com\/tunisie\/?s={search_term_string}"},"query-input":{"@type":"PropertyValueSpecification","valueRequired":true,"valueName":"search_term_string"}}],"inLanguage":"fr-FR"},{"@type":"Organization","@id":"https:\/\/kapitalis.com\/tunisie\/#organization","name":"Kapitalis","url":"https:\/\/kapitalis.com\/tunisie\/","logo":{"@type":"ImageObject","inLanguage":"fr-FR","@id":"https:\/\/kapitalis.com\/tunisie\/#\/schema\/logo\/image\/","url":"https:\/\/kapitalis.com\/tunisie\/wp-content\/uploads\/2022\/05\/Kapitalis-big-size.png","contentUrl":"https:\/\/kapitalis.com\/tunisie\/wp-content\/uploads\/2022\/05\/Kapitalis-big-size.png","width":5000,"height":1500,"caption":"Kapitalis"},"image":{"@id":"https:\/\/kapitalis.com\/tunisie\/#\/schema\/logo\/image\/"},"sameAs":["https:\/\/www.facebook.com\/KapitalisInfo\/","https:\/\/x.com\/KapitalisInfo","https:\/\/www.youtube.com\/channel\/UC-yDYrHyfFBWWZaOw3FPg9Q"]},{"@type":"Person","@id":"https:\/\/kapitalis.com\/tunisie\/#\/schema\/person\/74bbde0154d49d790a92aaeac5bc01d5","name":"Yusra NY","url":"https:\/\/kapitalis.com\/tunisie\/author\/yuza_adam\/"}]}},"_links":{"self":[{"href":"https:\/\/kapitalis.com\/tunisie\/wp-json\/wp\/v2\/posts\/18444187","targetHints":{"allow":["GET"]}}],"collection":[{"href":"https:\/\/kapitalis.com\/tunisie\/wp-json\/wp\/v2\/posts"}],"about":[{"href":"https:\/\/kapitalis.com\/tunisie\/wp-json\/wp\/v2\/types\/post"}],"author":[{"embeddable":true,"href":"https:\/\/kapitalis.com\/tunisie\/wp-json\/wp\/v2\/users\/6"}],"replies":[{"embeddable":true,"href":"https:\/\/kapitalis.com\/tunisie\/wp-json\/wp\/v2\/comments?post=18444187"}],"version-history":[{"count":1,"href":"https:\/\/kapitalis.com\/tunisie\/wp-json\/wp\/v2\/posts\/18444187\/revisions"}],"predecessor-version":[{"id":18444199,"href":"https:\/\/kapitalis.com\/tunisie\/wp-json\/wp\/v2\/posts\/18444187\/revisions\/18444199"}],"wp:featuredmedia":[{"embeddable":true,"href":"https:\/\/kapitalis.com\/tunisie\/wp-json\/wp\/v2\/media\/6264215"}],"wp:attachment":[{"href":"https:\/\/kapitalis.com\/tunisie\/wp-json\/wp\/v2\/media?parent=18444187"}],"wp:term":[{"taxonomy":"category","embeddable":true,"href":"https:\/\/kapitalis.com\/tunisie\/wp-json\/wp\/v2\/categories?post=18444187"},{"taxonomy":"post_tag","embeddable":true,"href":"https:\/\/kapitalis.com\/tunisie\/wp-json\/wp\/v2\/tags?post=18444187"}],"curies":[{"name":"wp","href":"https:\/\/api.w.org\/{rel}","templated":true}]}}