{"id":184449,"date":"2018-11-18T12:23:55","date_gmt":"2018-11-18T11:23:55","guid":{"rendered":"http:\/\/kapitalis.com\/tunisie\/?p=184449"},"modified":"2018-11-18T12:23:55","modified_gmt":"2018-11-18T11:23:55","slug":"jade-a-dar-el-marsa-mood-talent-accueille-11-nouveaux-createurs","status":"publish","type":"post","link":"https:\/\/kapitalis.com\/tunisie\/2018\/11\/18\/jade-a-dar-el-marsa-mood-talent-accueille-11-nouveaux-createurs\/","title":{"rendered":"\u2018\u2018Jade\u2019\u2019 \u00e0 Dar El Marsa : Mood Talent accueille 11 nouveaux cr\u00e9ateurs"},"content":{"rendered":"<p style=\"text-align: center;\"><img loading=\"lazy\" decoding=\"async\" class=\"alignnone size-full wp-image-184450\" src=\"http:\/\/kapitalis.com\/tunisie\/wp-content\/uploads\/2018\/11\/Mood-Talent-Jade.jpg\" alt=\"\" width=\"626\" height=\"380\" \/><\/p>\n<p><em><strong>Mood Talent pr\u00e9pare sa 26e \u00e9dition, \u2018\u2018Jade\u2019\u2019, qui se d\u00e9roulera du 23 au 25 novembre 2018, \u00e0 l\u2019h\u00f4tel Dar El Marsa, en pr\u00e9sence de 18 cr\u00e9ateurs-artisans.<\/strong><\/em><\/p>\n<p><!--more--><\/p>\n<p>Pour la premi\u00e8re fois, le salon mensuel accueillera les cr\u00e9ations de Aman&rsquo;s (maroquinerie sacs et accessoires), Chama\u00e2den, les ateliers mobiles (notebooks et art du papier), Corail Rouge (sp\u00e9cialiste du corail), EKM Marmodeco (d\u00e9co et am\u00e9nagement marbre), Jofely Cr\u00e9ations (joaillerie), Lebra Esprit Libre (maroquinerie chaussures, n\u0153uds papillon, sac et bijoux tiss\u00e9s), Maison K (maroquinerie sacs), P\u00e2tisserie La Rosa Canina, Sana K. (couture habillement et coussins, lin soie et laine feutr\u00e9e), Sozo (bijoux en bois) et Yzas (sacs, accessoires et lunettes en bois).<\/p>\n<p>Le public pourra d\u00e9couvrir les nouvelles collections By Saida (joaillerie, accessoires), Koukou Design (maroquinerie sacs), Sofia Bessi (joaillerie et pochettes vintage) et Zeyna (couture et pochettes)<\/p>\n<p>Le salon des cr\u00e9ateurs de mode, d\u00e9co et accessoires pr\u00e9pare \u00e9galement sa 27e \u00e9dition, les 8 et 9 d\u00e9cembre \u00e0 l\u2019h\u00f4tel Plaza \u00e0 Sfax.<\/p>\n<p>Ce sera la 2e \u00e9dition du salon \u00e0 Sfax de Mood Talent, qui envisage de r\u00e9p\u00e9ter l\u2019op\u00e9ration au moins 4 fois en 2019, afin de faire d\u00e9couvrir r\u00e9guli\u00e8rement les nouvelles collections des cr\u00e9ateurs-artisans du Grand-Tunis dans la capitale du sud tunisiens.<\/p>\n<p><em><strong>Source<\/strong><\/em> : communiqu\u00e9.<\/p>\n","protected":false},"excerpt":{"rendered":"<p>Mood Talent pr\u00e9pare sa 26e \u00e9dition, \u2018\u2018Jade\u2019\u2019, qui se d\u00e9roulera du 23 au 25 novembre 2018, \u00e0 l\u2019h\u00f4tel Dar El Marsa, en pr\u00e9sence de 18 cr\u00e9ateurs-artisans.<\/p>\n","protected":false},"author":8,"featured_media":184450,"comment_status":"open","ping_status":"open","sticky":false,"template":"","format":"standard","meta":{"footnotes":""},"categories":[994,2433],"tags":[18952,36722],"class_list":["post-184449","post","type-post","status-publish","format-standard","has-post-thumbnail","hentry","category-culture","category-tunisie","tag-dar-el-marsa","tag-mood-talent"],"yoast_head":"<!-- This site is optimized with the Yoast SEO plugin v26.6 - https:\/\/yoast.com\/wordpress\/plugins\/seo\/ -->\n<title>\u2018\u2018Jade\u2019\u2019 \u00e0 Dar El Marsa : Mood Talent accueille 11 nouveaux cr\u00e9ateurs - Kapitalis<\/title>\n<meta name=\"robots\" content=\"index, follow, max-snippet:-1, max-image-preview:large, max-video-preview:-1\" \/>\n<link rel=\"canonical\" href=\"https:\/\/kapitalis.com\/tunisie\/2018\/11\/18\/jade-a-dar-el-marsa-mood-talent-accueille-11-nouveaux-createurs\/\" \/>\n<meta property=\"og:locale\" content=\"fr_FR\" \/>\n<meta property=\"og:type\" content=\"article\" \/>\n<meta property=\"og:title\" content=\"\u2018\u2018Jade\u2019\u2019 \u00e0 Dar El Marsa : Mood Talent accueille 11 nouveaux cr\u00e9ateurs - Kapitalis\" \/>\n<meta property=\"og:description\" content=\"Mood Talent pr\u00e9pare sa 26e \u00e9dition, \u2018\u2018Jade\u2019\u2019, qui se d\u00e9roulera du 23 au 25 novembre 2018, \u00e0 l\u2019h\u00f4tel Dar El Marsa, en pr\u00e9sence de 18 cr\u00e9ateurs-artisans.\" \/>\n<meta property=\"og:url\" content=\"https:\/\/kapitalis.com\/tunisie\/2018\/11\/18\/jade-a-dar-el-marsa-mood-talent-accueille-11-nouveaux-createurs\/\" \/>\n<meta property=\"og:site_name\" content=\"Kapitalis\" \/>\n<meta property=\"article:publisher\" content=\"https:\/\/www.facebook.com\/KapitalisInfo\/\" \/>\n<meta property=\"article:published_time\" content=\"2018-11-18T11:23:55+00:00\" \/>\n<meta property=\"og:image\" content=\"https:\/\/kapitalis.com\/tunisie\/wp-content\/uploads\/2022\/05\/kapitalis-logo-fb.png\" \/>\n\t<meta property=\"og:image:width\" content=\"1200\" \/>\n\t<meta property=\"og:image:height\" content=\"630\" \/>\n\t<meta property=\"og:image:type\" content=\"image\/png\" \/>\n<meta name=\"author\" content=\"webmaster kapitalis\" \/>\n<meta name=\"twitter:card\" content=\"summary_large_image\" \/>\n<meta name=\"twitter:creator\" content=\"@KapitalisInfo\" \/>\n<meta name=\"twitter:site\" content=\"@KapitalisInfo\" \/>\n<meta name=\"twitter:label1\" content=\"\u00c9crit par\" \/>\n\t<meta name=\"twitter:data1\" content=\"webmaster kapitalis\" \/>\n\t<meta name=\"twitter:label2\" content=\"Dur\u00e9e de lecture estim\u00e9e\" \/>\n\t<meta name=\"twitter:data2\" content=\"1 minute\" \/>\n<script type=\"application\/ld+json\" class=\"yoast-schema-graph\">{\"@context\":\"https:\/\/schema.org\",\"@graph\":[{\"@type\":\"Article\",\"@id\":\"https:\/\/kapitalis.com\/tunisie\/2018\/11\/18\/jade-a-dar-el-marsa-mood-talent-accueille-11-nouveaux-createurs\/#article\",\"isPartOf\":{\"@id\":\"https:\/\/kapitalis.com\/tunisie\/2018\/11\/18\/jade-a-dar-el-marsa-mood-talent-accueille-11-nouveaux-createurs\/\"},\"author\":{\"name\":\"webmaster kapitalis\",\"@id\":\"https:\/\/kapitalis.com\/tunisie\/#\/schema\/person\/d71f33a9ca44f7bad4698210b480c8e9\"},\"headline\":\"\u2018\u2018Jade\u2019\u2019 \u00e0 Dar El Marsa : Mood Talent accueille 11 nouveaux cr\u00e9ateurs\",\"datePublished\":\"2018-11-18T11:23:55+00:00\",\"mainEntityOfPage\":{\"@id\":\"https:\/\/kapitalis.com\/tunisie\/2018\/11\/18\/jade-a-dar-el-marsa-mood-talent-accueille-11-nouveaux-createurs\/\"},\"wordCount\":230,\"commentCount\":0,\"publisher\":{\"@id\":\"https:\/\/kapitalis.com\/tunisie\/#organization\"},\"image\":{\"@id\":\"https:\/\/kapitalis.com\/tunisie\/2018\/11\/18\/jade-a-dar-el-marsa-mood-talent-accueille-11-nouveaux-createurs\/#primaryimage\"},\"thumbnailUrl\":\"\",\"keywords\":[\"Dar El Marsa\",\"Mood Talent\"],\"articleSection\":[\"CULTURE\",\"Tunisie\"],\"inLanguage\":\"fr-FR\",\"potentialAction\":[{\"@type\":\"CommentAction\",\"name\":\"Comment\",\"target\":[\"https:\/\/kapitalis.com\/tunisie\/2018\/11\/18\/jade-a-dar-el-marsa-mood-talent-accueille-11-nouveaux-createurs\/#respond\"]}]},{\"@type\":\"WebPage\",\"@id\":\"https:\/\/kapitalis.com\/tunisie\/2018\/11\/18\/jade-a-dar-el-marsa-mood-talent-accueille-11-nouveaux-createurs\/\",\"url\":\"https:\/\/kapitalis.com\/tunisie\/2018\/11\/18\/jade-a-dar-el-marsa-mood-talent-accueille-11-nouveaux-createurs\/\",\"name\":\"\u2018\u2018Jade\u2019\u2019 \u00e0 Dar El Marsa : Mood Talent accueille 11 nouveaux cr\u00e9ateurs - Kapitalis\",\"isPartOf\":{\"@id\":\"https:\/\/kapitalis.com\/tunisie\/#website\"},\"primaryImageOfPage\":{\"@id\":\"https:\/\/kapitalis.com\/tunisie\/2018\/11\/18\/jade-a-dar-el-marsa-mood-talent-accueille-11-nouveaux-createurs\/#primaryimage\"},\"image\":{\"@id\":\"https:\/\/kapitalis.com\/tunisie\/2018\/11\/18\/jade-a-dar-el-marsa-mood-talent-accueille-11-nouveaux-createurs\/#primaryimage\"},\"thumbnailUrl\":\"\",\"datePublished\":\"2018-11-18T11:23:55+00:00\",\"breadcrumb\":{\"@id\":\"https:\/\/kapitalis.com\/tunisie\/2018\/11\/18\/jade-a-dar-el-marsa-mood-talent-accueille-11-nouveaux-createurs\/#breadcrumb\"},\"inLanguage\":\"fr-FR\",\"potentialAction\":[{\"@type\":\"ReadAction\",\"target\":[\"https:\/\/kapitalis.com\/tunisie\/2018\/11\/18\/jade-a-dar-el-marsa-mood-talent-accueille-11-nouveaux-createurs\/\"]}]},{\"@type\":\"ImageObject\",\"inLanguage\":\"fr-FR\",\"@id\":\"https:\/\/kapitalis.com\/tunisie\/2018\/11\/18\/jade-a-dar-el-marsa-mood-talent-accueille-11-nouveaux-createurs\/#primaryimage\",\"url\":\"\",\"contentUrl\":\"\"},{\"@type\":\"BreadcrumbList\",\"@id\":\"https:\/\/kapitalis.com\/tunisie\/2018\/11\/18\/jade-a-dar-el-marsa-mood-talent-accueille-11-nouveaux-createurs\/#breadcrumb\",\"itemListElement\":[{\"@type\":\"ListItem\",\"position\":1,\"name\":\"Accueil\",\"item\":\"https:\/\/kapitalis.com\/tunisie\/\"},{\"@type\":\"ListItem\",\"position\":2,\"name\":\"\u2018\u2018Jade\u2019\u2019 \u00e0 Dar El Marsa : Mood Talent accueille 11 nouveaux cr\u00e9ateurs\"}]},{\"@type\":\"WebSite\",\"@id\":\"https:\/\/kapitalis.com\/tunisie\/#website\",\"url\":\"https:\/\/kapitalis.com\/tunisie\/\",\"name\":\"Kapitalis\",\"description\":\"L&#039;actualit\u00e9 en Tunisie et dans le monde\",\"publisher\":{\"@id\":\"https:\/\/kapitalis.com\/tunisie\/#organization\"},\"potentialAction\":[{\"@type\":\"SearchAction\",\"target\":{\"@type\":\"EntryPoint\",\"urlTemplate\":\"https:\/\/kapitalis.com\/tunisie\/?s={search_term_string}\"},\"query-input\":{\"@type\":\"PropertyValueSpecification\",\"valueRequired\":true,\"valueName\":\"search_term_string\"}}],\"inLanguage\":\"fr-FR\"},{\"@type\":\"Organization\",\"@id\":\"https:\/\/kapitalis.com\/tunisie\/#organization\",\"name\":\"Kapitalis\",\"url\":\"https:\/\/kapitalis.com\/tunisie\/\",\"logo\":{\"@type\":\"ImageObject\",\"inLanguage\":\"fr-FR\",\"@id\":\"https:\/\/kapitalis.com\/tunisie\/#\/schema\/logo\/image\/\",\"url\":\"https:\/\/kapitalis.com\/tunisie\/wp-content\/uploads\/2022\/05\/Kapitalis-big-size.png\",\"contentUrl\":\"https:\/\/kapitalis.com\/tunisie\/wp-content\/uploads\/2022\/05\/Kapitalis-big-size.png\",\"width\":5000,\"height\":1500,\"caption\":\"Kapitalis\"},\"image\":{\"@id\":\"https:\/\/kapitalis.com\/tunisie\/#\/schema\/logo\/image\/\"},\"sameAs\":[\"https:\/\/www.facebook.com\/KapitalisInfo\/\",\"https:\/\/x.com\/KapitalisInfo\",\"https:\/\/www.youtube.com\/channel\/UC-yDYrHyfFBWWZaOw3FPg9Q\"]},{\"@type\":\"Person\",\"@id\":\"https:\/\/kapitalis.com\/tunisie\/#\/schema\/person\/d71f33a9ca44f7bad4698210b480c8e9\",\"name\":\"webmaster kapitalis\",\"url\":\"https:\/\/kapitalis.com\/tunisie\/author\/webmaster-kapitalis\/\"}]}<\/script>\n<!-- \/ Yoast SEO plugin. -->","yoast_head_json":{"title":"\u2018\u2018Jade\u2019\u2019 \u00e0 Dar El Marsa : Mood Talent accueille 11 nouveaux cr\u00e9ateurs - Kapitalis","robots":{"index":"index","follow":"follow","max-snippet":"max-snippet:-1","max-image-preview":"max-image-preview:large","max-video-preview":"max-video-preview:-1"},"canonical":"https:\/\/kapitalis.com\/tunisie\/2018\/11\/18\/jade-a-dar-el-marsa-mood-talent-accueille-11-nouveaux-createurs\/","og_locale":"fr_FR","og_type":"article","og_title":"\u2018\u2018Jade\u2019\u2019 \u00e0 Dar El Marsa : Mood Talent accueille 11 nouveaux cr\u00e9ateurs - Kapitalis","og_description":"Mood Talent pr\u00e9pare sa 26e \u00e9dition, \u2018\u2018Jade\u2019\u2019, qui se d\u00e9roulera du 23 au 25 novembre 2018, \u00e0 l\u2019h\u00f4tel Dar El Marsa, en pr\u00e9sence de 18 cr\u00e9ateurs-artisans.","og_url":"https:\/\/kapitalis.com\/tunisie\/2018\/11\/18\/jade-a-dar-el-marsa-mood-talent-accueille-11-nouveaux-createurs\/","og_site_name":"Kapitalis","article_publisher":"https:\/\/www.facebook.com\/KapitalisInfo\/","article_published_time":"2018-11-18T11:23:55+00:00","og_image":[{"width":1200,"height":630,"url":"https:\/\/kapitalis.com\/tunisie\/wp-content\/uploads\/2022\/05\/kapitalis-logo-fb.png","type":"image\/png"}],"author":"webmaster kapitalis","twitter_card":"summary_large_image","twitter_creator":"@KapitalisInfo","twitter_site":"@KapitalisInfo","twitter_misc":{"\u00c9crit par":"webmaster kapitalis","Dur\u00e9e de lecture estim\u00e9e":"1 minute"},"schema":{"@context":"https:\/\/schema.org","@graph":[{"@type":"Article","@id":"https:\/\/kapitalis.com\/tunisie\/2018\/11\/18\/jade-a-dar-el-marsa-mood-talent-accueille-11-nouveaux-createurs\/#article","isPartOf":{"@id":"https:\/\/kapitalis.com\/tunisie\/2018\/11\/18\/jade-a-dar-el-marsa-mood-talent-accueille-11-nouveaux-createurs\/"},"author":{"name":"webmaster kapitalis","@id":"https:\/\/kapitalis.com\/tunisie\/#\/schema\/person\/d71f33a9ca44f7bad4698210b480c8e9"},"headline":"\u2018\u2018Jade\u2019\u2019 \u00e0 Dar El Marsa : Mood Talent accueille 11 nouveaux cr\u00e9ateurs","datePublished":"2018-11-18T11:23:55+00:00","mainEntityOfPage":{"@id":"https:\/\/kapitalis.com\/tunisie\/2018\/11\/18\/jade-a-dar-el-marsa-mood-talent-accueille-11-nouveaux-createurs\/"},"wordCount":230,"commentCount":0,"publisher":{"@id":"https:\/\/kapitalis.com\/tunisie\/#organization"},"image":{"@id":"https:\/\/kapitalis.com\/tunisie\/2018\/11\/18\/jade-a-dar-el-marsa-mood-talent-accueille-11-nouveaux-createurs\/#primaryimage"},"thumbnailUrl":"","keywords":["Dar El Marsa","Mood Talent"],"articleSection":["CULTURE","Tunisie"],"inLanguage":"fr-FR","potentialAction":[{"@type":"CommentAction","name":"Comment","target":["https:\/\/kapitalis.com\/tunisie\/2018\/11\/18\/jade-a-dar-el-marsa-mood-talent-accueille-11-nouveaux-createurs\/#respond"]}]},{"@type":"WebPage","@id":"https:\/\/kapitalis.com\/tunisie\/2018\/11\/18\/jade-a-dar-el-marsa-mood-talent-accueille-11-nouveaux-createurs\/","url":"https:\/\/kapitalis.com\/tunisie\/2018\/11\/18\/jade-a-dar-el-marsa-mood-talent-accueille-11-nouveaux-createurs\/","name":"\u2018\u2018Jade\u2019\u2019 \u00e0 Dar El Marsa : Mood Talent accueille 11 nouveaux cr\u00e9ateurs - Kapitalis","isPartOf":{"@id":"https:\/\/kapitalis.com\/tunisie\/#website"},"primaryImageOfPage":{"@id":"https:\/\/kapitalis.com\/tunisie\/2018\/11\/18\/jade-a-dar-el-marsa-mood-talent-accueille-11-nouveaux-createurs\/#primaryimage"},"image":{"@id":"https:\/\/kapitalis.com\/tunisie\/2018\/11\/18\/jade-a-dar-el-marsa-mood-talent-accueille-11-nouveaux-createurs\/#primaryimage"},"thumbnailUrl":"","datePublished":"2018-11-18T11:23:55+00:00","breadcrumb":{"@id":"https:\/\/kapitalis.com\/tunisie\/2018\/11\/18\/jade-a-dar-el-marsa-mood-talent-accueille-11-nouveaux-createurs\/#breadcrumb"},"inLanguage":"fr-FR","potentialAction":[{"@type":"ReadAction","target":["https:\/\/kapitalis.com\/tunisie\/2018\/11\/18\/jade-a-dar-el-marsa-mood-talent-accueille-11-nouveaux-createurs\/"]}]},{"@type":"ImageObject","inLanguage":"fr-FR","@id":"https:\/\/kapitalis.com\/tunisie\/2018\/11\/18\/jade-a-dar-el-marsa-mood-talent-accueille-11-nouveaux-createurs\/#primaryimage","url":"","contentUrl":""},{"@type":"BreadcrumbList","@id":"https:\/\/kapitalis.com\/tunisie\/2018\/11\/18\/jade-a-dar-el-marsa-mood-talent-accueille-11-nouveaux-createurs\/#breadcrumb","itemListElement":[{"@type":"ListItem","position":1,"name":"Accueil","item":"https:\/\/kapitalis.com\/tunisie\/"},{"@type":"ListItem","position":2,"name":"\u2018\u2018Jade\u2019\u2019 \u00e0 Dar El Marsa : Mood Talent accueille 11 nouveaux cr\u00e9ateurs"}]},{"@type":"WebSite","@id":"https:\/\/kapitalis.com\/tunisie\/#website","url":"https:\/\/kapitalis.com\/tunisie\/","name":"Kapitalis","description":"L&#039;actualit\u00e9 en Tunisie et dans le monde","publisher":{"@id":"https:\/\/kapitalis.com\/tunisie\/#organization"},"potentialAction":[{"@type":"SearchAction","target":{"@type":"EntryPoint","urlTemplate":"https:\/\/kapitalis.com\/tunisie\/?s={search_term_string}"},"query-input":{"@type":"PropertyValueSpecification","valueRequired":true,"valueName":"search_term_string"}}],"inLanguage":"fr-FR"},{"@type":"Organization","@id":"https:\/\/kapitalis.com\/tunisie\/#organization","name":"Kapitalis","url":"https:\/\/kapitalis.com\/tunisie\/","logo":{"@type":"ImageObject","inLanguage":"fr-FR","@id":"https:\/\/kapitalis.com\/tunisie\/#\/schema\/logo\/image\/","url":"https:\/\/kapitalis.com\/tunisie\/wp-content\/uploads\/2022\/05\/Kapitalis-big-size.png","contentUrl":"https:\/\/kapitalis.com\/tunisie\/wp-content\/uploads\/2022\/05\/Kapitalis-big-size.png","width":5000,"height":1500,"caption":"Kapitalis"},"image":{"@id":"https:\/\/kapitalis.com\/tunisie\/#\/schema\/logo\/image\/"},"sameAs":["https:\/\/www.facebook.com\/KapitalisInfo\/","https:\/\/x.com\/KapitalisInfo","https:\/\/www.youtube.com\/channel\/UC-yDYrHyfFBWWZaOw3FPg9Q"]},{"@type":"Person","@id":"https:\/\/kapitalis.com\/tunisie\/#\/schema\/person\/d71f33a9ca44f7bad4698210b480c8e9","name":"webmaster kapitalis","url":"https:\/\/kapitalis.com\/tunisie\/author\/webmaster-kapitalis\/"}]}},"_links":{"self":[{"href":"https:\/\/kapitalis.com\/tunisie\/wp-json\/wp\/v2\/posts\/184449","targetHints":{"allow":["GET"]}}],"collection":[{"href":"https:\/\/kapitalis.com\/tunisie\/wp-json\/wp\/v2\/posts"}],"about":[{"href":"https:\/\/kapitalis.com\/tunisie\/wp-json\/wp\/v2\/types\/post"}],"author":[{"embeddable":true,"href":"https:\/\/kapitalis.com\/tunisie\/wp-json\/wp\/v2\/users\/8"}],"replies":[{"embeddable":true,"href":"https:\/\/kapitalis.com\/tunisie\/wp-json\/wp\/v2\/comments?post=184449"}],"version-history":[{"count":0,"href":"https:\/\/kapitalis.com\/tunisie\/wp-json\/wp\/v2\/posts\/184449\/revisions"}],"wp:featuredmedia":[{"embeddable":true,"href":"https:\/\/kapitalis.com\/tunisie\/wp-json\/wp\/v2\/media\/184450"}],"wp:attachment":[{"href":"https:\/\/kapitalis.com\/tunisie\/wp-json\/wp\/v2\/media?parent=184449"}],"wp:term":[{"taxonomy":"category","embeddable":true,"href":"https:\/\/kapitalis.com\/tunisie\/wp-json\/wp\/v2\/categories?post=184449"},{"taxonomy":"post_tag","embeddable":true,"href":"https:\/\/kapitalis.com\/tunisie\/wp-json\/wp\/v2\/tags?post=184449"}],"curies":[{"name":"wp","href":"https:\/\/api.w.org\/{rel}","templated":true}]}}