{"id":18446541,"date":"2026-03-08T07:31:00","date_gmt":"2026-03-08T06:31:00","guid":{"rendered":"https:\/\/kapitalis.com\/tunisie\/?p=18446541"},"modified":"2026-03-07T12:41:14","modified_gmt":"2026-03-07T11:41:14","slug":"le-poeme-du-dimanche-les-chants-de-maldoror-de-lautreamont","status":"publish","type":"post","link":"https:\/\/kapitalis.com\/tunisie\/2026\/03\/08\/le-poeme-du-dimanche-les-chants-de-maldoror-de-lautreamont\/","title":{"rendered":"Le po\u00e8me du dimanche | \u2018\u2018Les Chants de Maldoror\u2019\u2019 de Lautr\u00e9amont"},"content":{"rendered":"\n<p><strong><em>Isidore Ducasse dit Comte de Lautr\u00e9amont, est n\u00e9 en 1846, \u00e0 Montevideo, en Uruguay, dans une famille originaire du sud-ouest de la France.<\/em><\/strong><\/p>\n\n\n\n<!--more-->\n\n\n\n<p>Le pays \u00e9tant en guerre, il rentre en France et finit par s\u2019installer \u00e0 Paris o\u00f9 il poursuit ses \u00e9tudes secondaires. Il publie son <em>Chant premier<\/em>, \u00e0 compte d\u2019auteur, en 1868. S\u2019en suivent cinq chants. Ce seront <em>Les Chants de Maldoror<\/em>, en 1869. <\/p>\n\n\n\n<p>Il d\u00e9c\u00e8de, dans des circonstances rest\u00e9es m\u00e9connues, \u00e0 l\u2019\u00e2ge de 24 ans, en 1870,\u00a0\u00e0 Paris, alors en guerre, sous la Commune. <\/p>\n\n\n\n<p>Entre po\u00e9sie et prose, l\u2019oeuvre de Lautr\u00e9amont, est une travers\u00e9e remuante, inventive, rebelle, entre rejet et douleur, noirceur et beaut\u00e9, d\u00e9nonciation du mal par le mal, r\u00e9volte contre l\u2019humain pour \u00eatre trop humaine, Cela rappelle Rimbaud et Baudelaire.<\/p>\n\n\n\n<p>On pense que le pseudonyme Lautr\u00e9amont aurait pu lui \u00eatre impos\u00e9 l\u2019\u00e9diteur pour \u00e9chapper \u00e0 la censure,\u00a0\u00e0 cause de l\u2019\u0153uvre jug\u00e9e comme blasph\u00e9matoire.<\/p>\n\n\n\n<p class=\"has-text-align-right\"><strong>Tahar Bekri<\/strong><\/p>\n\n\n\n<p class=\"has-text-align-center\"><strong>Chant premier<\/strong><\/p>\n\n\n\n<p>Vieil Oc\u00e9an, aux vagues de cristal, tu ressembles proportionnellement \u00e0 ces marques azur\u00e9es que l\u2019on voit sur le dos meurtri des mousses&nbsp;; tu es un immense bleu fait sur le corps de la terre&nbsp;; j\u2019aime cette comparaison. Ainsi, \u00e0 ton premier aspect, un souffle prolong\u00e9 de tristesse, qu\u2019on croirait \u00eatre le murmure de ta brise suave, passe en laissant des ineffa\u00e7ables traces, sur l\u2019\u00e2me profond\u00e9ment \u00e9branl\u00e9e, et tu rappelles au souvenir de tes amants, sans qu\u2019on s\u2019en rende toujours compte, les rudes commencements de l\u2019homme, o\u00f9 il fait connaissance avec la douleur qui ne le quitte plus.<\/p>\n\n\n\n<p>&nbsp;Je te salue Vieil Oc\u00e9an&nbsp;<\/p>\n\n\n\n<p class=\"has-text-align-center\">***<\/p>\n\n\n\n<p>Vieil oc\u00e9an, tu es le symbole de l\u2019identit\u00e9&nbsp;: toujours \u00e9gal \u00e0 toi-m\u00eame. Tu ne varies pas d\u2019une mani\u00e8re essentielle, et, si tes vagues sont quelque part en furie, plus loin, dans quelque autre zone, elles sont dans le calme le plus complet. Tu n\u2019es pas comme l\u2019homme, qui s\u2019arr\u00eate dans la rue pour voir deux boule-dogues s\u2019empoigner au cou, mais qui ne s\u2019arr\u00eate pas, quand un enterrement passe, qui est ce matin accessible et ce soir de mauvaise humeur; qui rit aujourd\u2019hui et pleure demain.<\/p>\n\n\n\n<p>Je te salue, vieil oc\u00e9an&nbsp;!<\/p>\n\n\n\n<p class=\"has-text-align-center\">***<\/p>\n\n\n\n<p>Vieil Oc\u00e9an, il n\u2019y aurait rien d\u2019impossible \u00e0 ce que tu caches dans ton sein de futures utilit\u00e9s pour l\u2019homme. Tu lui as d\u00e9j\u00e0 donn\u00e9 la baleine. Tu ne laisses pas facilement deviner aux yeux avides des sciences naturelles les milles secrets de ton intime organisation&nbsp;; tu es modeste. L\u2019homme se vante sans cesse, et pour des minuties.<\/p>\n\n\n\n<p>Je te salue Vieil Oc\u00e9an&nbsp;!<\/p>\n\n\n\n<p><strong><em>Chant premier (extraits), Les Chants de Maldoror et autres po\u00e9sies, Ed. Albert Lacroix 1869.<\/em><\/strong><\/p>\n","protected":false},"excerpt":{"rendered":"<p>Isidore Ducasse dit Comte de Lautr\u00e9amont, a laiss\u00e9 une \u0153uvre remuante, inventive, rebelle, entre rejet et douleur, noirceur et beaut\u00e9. <\/p>\n","protected":false},"author":8,"featured_media":18446577,"comment_status":"open","ping_status":"open","sticky":false,"template":"","format":"standard","meta":{"footnotes":""},"categories":[992,994,2433],"tags":[91204,395,127272,127273,127274,126844],"class_list":["post-18446541","post","type-post","status-publish","format-standard","has-post-thumbnail","hentry","category-a-la-une","category-culture","category-tunisie","tag-baudelaire","tag-france","tag-isidore-ducasse","tag-lautreamont","tag-les-chants-de-maldoror","tag-rimbaud"],"yoast_head":"<!-- This site is optimized with the Yoast SEO plugin v26.6 - https:\/\/yoast.com\/wordpress\/plugins\/seo\/ -->\n<title>Le po\u00e8me du dimanche | \u2018\u2018Les Chants de Maldoror\u2019\u2019 de Lautr\u00e9amont - Kapitalis<\/title>\n<meta name=\"description\" content=\"Isidore Ducasse dit Comte de Lautr\u00e9amont, a laiss\u00e9 une \u0153uvre remuante, inventive, rebelle, entre rejet et douleur, noirceur et beaut\u00e9.\" \/>\n<meta name=\"robots\" content=\"index, follow, max-snippet:-1, max-image-preview:large, max-video-preview:-1\" \/>\n<link rel=\"canonical\" href=\"https:\/\/kapitalis.com\/tunisie\/2026\/03\/08\/le-poeme-du-dimanche-les-chants-de-maldoror-de-lautreamont\/\" \/>\n<meta property=\"og:locale\" content=\"fr_FR\" \/>\n<meta property=\"og:type\" content=\"article\" \/>\n<meta property=\"og:title\" content=\"Le po\u00e8me du dimanche | \u2018\u2018Les Chants de Maldoror\u2019\u2019 de Lautr\u00e9amont - Kapitalis\" \/>\n<meta property=\"og:description\" content=\"Isidore Ducasse dit Comte de Lautr\u00e9amont, a laiss\u00e9 une \u0153uvre remuante, inventive, rebelle, entre rejet et douleur, noirceur et beaut\u00e9.\" \/>\n<meta property=\"og:url\" content=\"https:\/\/kapitalis.com\/tunisie\/2026\/03\/08\/le-poeme-du-dimanche-les-chants-de-maldoror-de-lautreamont\/\" \/>\n<meta property=\"og:site_name\" content=\"Kapitalis\" \/>\n<meta property=\"article:publisher\" content=\"https:\/\/www.facebook.com\/KapitalisInfo\/\" \/>\n<meta property=\"article:published_time\" content=\"2026-03-08T06:31:00+00:00\" \/>\n<meta property=\"og:image\" content=\"https:\/\/kapitalis.com\/tunisie\/wp-content\/uploads\/2026\/03\/Lautreamont.jpg\" \/>\n\t<meta property=\"og:image:width\" content=\"1200\" \/>\n\t<meta property=\"og:image:height\" content=\"630\" \/>\n\t<meta property=\"og:image:type\" content=\"image\/jpeg\" \/>\n<meta name=\"author\" content=\"webmaster kapitalis\" \/>\n<meta name=\"twitter:card\" content=\"summary_large_image\" \/>\n<meta name=\"twitter:creator\" content=\"@KapitalisInfo\" \/>\n<meta name=\"twitter:site\" content=\"@KapitalisInfo\" \/>\n<meta name=\"twitter:label1\" content=\"\u00c9crit par\" \/>\n\t<meta name=\"twitter:data1\" content=\"webmaster kapitalis\" \/>\n\t<meta name=\"twitter:label2\" content=\"Dur\u00e9e de lecture estim\u00e9e\" \/>\n\t<meta name=\"twitter:data2\" content=\"3 minutes\" \/>\n<script type=\"application\/ld+json\" class=\"yoast-schema-graph\">{\"@context\":\"https:\/\/schema.org\",\"@graph\":[{\"@type\":\"Article\",\"@id\":\"https:\/\/kapitalis.com\/tunisie\/2026\/03\/08\/le-poeme-du-dimanche-les-chants-de-maldoror-de-lautreamont\/#article\",\"isPartOf\":{\"@id\":\"https:\/\/kapitalis.com\/tunisie\/2026\/03\/08\/le-poeme-du-dimanche-les-chants-de-maldoror-de-lautreamont\/\"},\"author\":{\"name\":\"webmaster kapitalis\",\"@id\":\"https:\/\/kapitalis.com\/tunisie\/#\/schema\/person\/d71f33a9ca44f7bad4698210b480c8e9\"},\"headline\":\"Le po\u00e8me du dimanche | \u2018\u2018Les Chants de Maldoror\u2019\u2019 de Lautr\u00e9amont\",\"datePublished\":\"2026-03-08T06:31:00+00:00\",\"mainEntityOfPage\":{\"@id\":\"https:\/\/kapitalis.com\/tunisie\/2026\/03\/08\/le-poeme-du-dimanche-les-chants-de-maldoror-de-lautreamont\/\"},\"wordCount\":483,\"commentCount\":0,\"publisher\":{\"@id\":\"https:\/\/kapitalis.com\/tunisie\/#organization\"},\"image\":{\"@id\":\"https:\/\/kapitalis.com\/tunisie\/2026\/03\/08\/le-poeme-du-dimanche-les-chants-de-maldoror-de-lautreamont\/#primaryimage\"},\"thumbnailUrl\":\"https:\/\/kapitalis.com\/tunisie\/wp-content\/uploads\/2026\/03\/Lautreamont.jpg\",\"keywords\":[\"Baudelaire\",\"France\",\"Isidore Ducasse\",\"Lautr\u00e9amont\",\"Les Chants de Maldoror\",\"Rimbaud\"],\"articleSection\":[\"A LA UNE\",\"CULTURE\",\"Tunisie\"],\"inLanguage\":\"fr-FR\",\"potentialAction\":[{\"@type\":\"CommentAction\",\"name\":\"Comment\",\"target\":[\"https:\/\/kapitalis.com\/tunisie\/2026\/03\/08\/le-poeme-du-dimanche-les-chants-de-maldoror-de-lautreamont\/#respond\"]}]},{\"@type\":\"WebPage\",\"@id\":\"https:\/\/kapitalis.com\/tunisie\/2026\/03\/08\/le-poeme-du-dimanche-les-chants-de-maldoror-de-lautreamont\/\",\"url\":\"https:\/\/kapitalis.com\/tunisie\/2026\/03\/08\/le-poeme-du-dimanche-les-chants-de-maldoror-de-lautreamont\/\",\"name\":\"Le po\u00e8me du dimanche | \u2018\u2018Les Chants de Maldoror\u2019\u2019 de Lautr\u00e9amont - Kapitalis\",\"isPartOf\":{\"@id\":\"https:\/\/kapitalis.com\/tunisie\/#website\"},\"primaryImageOfPage\":{\"@id\":\"https:\/\/kapitalis.com\/tunisie\/2026\/03\/08\/le-poeme-du-dimanche-les-chants-de-maldoror-de-lautreamont\/#primaryimage\"},\"image\":{\"@id\":\"https:\/\/kapitalis.com\/tunisie\/2026\/03\/08\/le-poeme-du-dimanche-les-chants-de-maldoror-de-lautreamont\/#primaryimage\"},\"thumbnailUrl\":\"https:\/\/kapitalis.com\/tunisie\/wp-content\/uploads\/2026\/03\/Lautreamont.jpg\",\"datePublished\":\"2026-03-08T06:31:00+00:00\",\"description\":\"Isidore Ducasse dit Comte de Lautr\u00e9amont, a laiss\u00e9 une \u0153uvre remuante, inventive, rebelle, entre rejet et douleur, noirceur et beaut\u00e9.\",\"breadcrumb\":{\"@id\":\"https:\/\/kapitalis.com\/tunisie\/2026\/03\/08\/le-poeme-du-dimanche-les-chants-de-maldoror-de-lautreamont\/#breadcrumb\"},\"inLanguage\":\"fr-FR\",\"potentialAction\":[{\"@type\":\"ReadAction\",\"target\":[\"https:\/\/kapitalis.com\/tunisie\/2026\/03\/08\/le-poeme-du-dimanche-les-chants-de-maldoror-de-lautreamont\/\"]}]},{\"@type\":\"ImageObject\",\"inLanguage\":\"fr-FR\",\"@id\":\"https:\/\/kapitalis.com\/tunisie\/2026\/03\/08\/le-poeme-du-dimanche-les-chants-de-maldoror-de-lautreamont\/#primaryimage\",\"url\":\"https:\/\/kapitalis.com\/tunisie\/wp-content\/uploads\/2026\/03\/Lautreamont.jpg\",\"contentUrl\":\"https:\/\/kapitalis.com\/tunisie\/wp-content\/uploads\/2026\/03\/Lautreamont.jpg\",\"width\":1200,\"height\":630},{\"@type\":\"BreadcrumbList\",\"@id\":\"https:\/\/kapitalis.com\/tunisie\/2026\/03\/08\/le-poeme-du-dimanche-les-chants-de-maldoror-de-lautreamont\/#breadcrumb\",\"itemListElement\":[{\"@type\":\"ListItem\",\"position\":1,\"name\":\"Accueil\",\"item\":\"https:\/\/kapitalis.com\/tunisie\/\"},{\"@type\":\"ListItem\",\"position\":2,\"name\":\"Le po\u00e8me du dimanche | \u2018\u2018Les Chants de Maldoror\u2019\u2019 de Lautr\u00e9amont\"}]},{\"@type\":\"WebSite\",\"@id\":\"https:\/\/kapitalis.com\/tunisie\/#website\",\"url\":\"https:\/\/kapitalis.com\/tunisie\/\",\"name\":\"Kapitalis\",\"description\":\"L&#039;actualit\u00e9 en Tunisie et dans le monde\",\"publisher\":{\"@id\":\"https:\/\/kapitalis.com\/tunisie\/#organization\"},\"potentialAction\":[{\"@type\":\"SearchAction\",\"target\":{\"@type\":\"EntryPoint\",\"urlTemplate\":\"https:\/\/kapitalis.com\/tunisie\/?s={search_term_string}\"},\"query-input\":{\"@type\":\"PropertyValueSpecification\",\"valueRequired\":true,\"valueName\":\"search_term_string\"}}],\"inLanguage\":\"fr-FR\"},{\"@type\":\"Organization\",\"@id\":\"https:\/\/kapitalis.com\/tunisie\/#organization\",\"name\":\"Kapitalis\",\"url\":\"https:\/\/kapitalis.com\/tunisie\/\",\"logo\":{\"@type\":\"ImageObject\",\"inLanguage\":\"fr-FR\",\"@id\":\"https:\/\/kapitalis.com\/tunisie\/#\/schema\/logo\/image\/\",\"url\":\"https:\/\/kapitalis.com\/tunisie\/wp-content\/uploads\/2022\/05\/Kapitalis-big-size.png\",\"contentUrl\":\"https:\/\/kapitalis.com\/tunisie\/wp-content\/uploads\/2022\/05\/Kapitalis-big-size.png\",\"width\":5000,\"height\":1500,\"caption\":\"Kapitalis\"},\"image\":{\"@id\":\"https:\/\/kapitalis.com\/tunisie\/#\/schema\/logo\/image\/\"},\"sameAs\":[\"https:\/\/www.facebook.com\/KapitalisInfo\/\",\"https:\/\/x.com\/KapitalisInfo\",\"https:\/\/www.youtube.com\/channel\/UC-yDYrHyfFBWWZaOw3FPg9Q\"]},{\"@type\":\"Person\",\"@id\":\"https:\/\/kapitalis.com\/tunisie\/#\/schema\/person\/d71f33a9ca44f7bad4698210b480c8e9\",\"name\":\"webmaster kapitalis\",\"url\":\"https:\/\/kapitalis.com\/tunisie\/author\/webmaster-kapitalis\/\"}]}<\/script>\n<!-- \/ Yoast SEO plugin. -->","yoast_head_json":{"title":"Le po\u00e8me du dimanche | \u2018\u2018Les Chants de Maldoror\u2019\u2019 de Lautr\u00e9amont - Kapitalis","description":"Isidore Ducasse dit Comte de Lautr\u00e9amont, a laiss\u00e9 une \u0153uvre remuante, inventive, rebelle, entre rejet et douleur, noirceur et beaut\u00e9.","robots":{"index":"index","follow":"follow","max-snippet":"max-snippet:-1","max-image-preview":"max-image-preview:large","max-video-preview":"max-video-preview:-1"},"canonical":"https:\/\/kapitalis.com\/tunisie\/2026\/03\/08\/le-poeme-du-dimanche-les-chants-de-maldoror-de-lautreamont\/","og_locale":"fr_FR","og_type":"article","og_title":"Le po\u00e8me du dimanche | \u2018\u2018Les Chants de Maldoror\u2019\u2019 de Lautr\u00e9amont - Kapitalis","og_description":"Isidore Ducasse dit Comte de Lautr\u00e9amont, a laiss\u00e9 une \u0153uvre remuante, inventive, rebelle, entre rejet et douleur, noirceur et beaut\u00e9.","og_url":"https:\/\/kapitalis.com\/tunisie\/2026\/03\/08\/le-poeme-du-dimanche-les-chants-de-maldoror-de-lautreamont\/","og_site_name":"Kapitalis","article_publisher":"https:\/\/www.facebook.com\/KapitalisInfo\/","article_published_time":"2026-03-08T06:31:00+00:00","og_image":[{"width":1200,"height":630,"url":"https:\/\/kapitalis.com\/tunisie\/wp-content\/uploads\/2026\/03\/Lautreamont.jpg","type":"image\/jpeg"}],"author":"webmaster kapitalis","twitter_card":"summary_large_image","twitter_creator":"@KapitalisInfo","twitter_site":"@KapitalisInfo","twitter_misc":{"\u00c9crit par":"webmaster kapitalis","Dur\u00e9e de lecture estim\u00e9e":"3 minutes"},"schema":{"@context":"https:\/\/schema.org","@graph":[{"@type":"Article","@id":"https:\/\/kapitalis.com\/tunisie\/2026\/03\/08\/le-poeme-du-dimanche-les-chants-de-maldoror-de-lautreamont\/#article","isPartOf":{"@id":"https:\/\/kapitalis.com\/tunisie\/2026\/03\/08\/le-poeme-du-dimanche-les-chants-de-maldoror-de-lautreamont\/"},"author":{"name":"webmaster kapitalis","@id":"https:\/\/kapitalis.com\/tunisie\/#\/schema\/person\/d71f33a9ca44f7bad4698210b480c8e9"},"headline":"Le po\u00e8me du dimanche | \u2018\u2018Les Chants de Maldoror\u2019\u2019 de Lautr\u00e9amont","datePublished":"2026-03-08T06:31:00+00:00","mainEntityOfPage":{"@id":"https:\/\/kapitalis.com\/tunisie\/2026\/03\/08\/le-poeme-du-dimanche-les-chants-de-maldoror-de-lautreamont\/"},"wordCount":483,"commentCount":0,"publisher":{"@id":"https:\/\/kapitalis.com\/tunisie\/#organization"},"image":{"@id":"https:\/\/kapitalis.com\/tunisie\/2026\/03\/08\/le-poeme-du-dimanche-les-chants-de-maldoror-de-lautreamont\/#primaryimage"},"thumbnailUrl":"https:\/\/kapitalis.com\/tunisie\/wp-content\/uploads\/2026\/03\/Lautreamont.jpg","keywords":["Baudelaire","France","Isidore Ducasse","Lautr\u00e9amont","Les Chants de Maldoror","Rimbaud"],"articleSection":["A LA UNE","CULTURE","Tunisie"],"inLanguage":"fr-FR","potentialAction":[{"@type":"CommentAction","name":"Comment","target":["https:\/\/kapitalis.com\/tunisie\/2026\/03\/08\/le-poeme-du-dimanche-les-chants-de-maldoror-de-lautreamont\/#respond"]}]},{"@type":"WebPage","@id":"https:\/\/kapitalis.com\/tunisie\/2026\/03\/08\/le-poeme-du-dimanche-les-chants-de-maldoror-de-lautreamont\/","url":"https:\/\/kapitalis.com\/tunisie\/2026\/03\/08\/le-poeme-du-dimanche-les-chants-de-maldoror-de-lautreamont\/","name":"Le po\u00e8me du dimanche | \u2018\u2018Les Chants de Maldoror\u2019\u2019 de Lautr\u00e9amont - Kapitalis","isPartOf":{"@id":"https:\/\/kapitalis.com\/tunisie\/#website"},"primaryImageOfPage":{"@id":"https:\/\/kapitalis.com\/tunisie\/2026\/03\/08\/le-poeme-du-dimanche-les-chants-de-maldoror-de-lautreamont\/#primaryimage"},"image":{"@id":"https:\/\/kapitalis.com\/tunisie\/2026\/03\/08\/le-poeme-du-dimanche-les-chants-de-maldoror-de-lautreamont\/#primaryimage"},"thumbnailUrl":"https:\/\/kapitalis.com\/tunisie\/wp-content\/uploads\/2026\/03\/Lautreamont.jpg","datePublished":"2026-03-08T06:31:00+00:00","description":"Isidore Ducasse dit Comte de Lautr\u00e9amont, a laiss\u00e9 une \u0153uvre remuante, inventive, rebelle, entre rejet et douleur, noirceur et beaut\u00e9.","breadcrumb":{"@id":"https:\/\/kapitalis.com\/tunisie\/2026\/03\/08\/le-poeme-du-dimanche-les-chants-de-maldoror-de-lautreamont\/#breadcrumb"},"inLanguage":"fr-FR","potentialAction":[{"@type":"ReadAction","target":["https:\/\/kapitalis.com\/tunisie\/2026\/03\/08\/le-poeme-du-dimanche-les-chants-de-maldoror-de-lautreamont\/"]}]},{"@type":"ImageObject","inLanguage":"fr-FR","@id":"https:\/\/kapitalis.com\/tunisie\/2026\/03\/08\/le-poeme-du-dimanche-les-chants-de-maldoror-de-lautreamont\/#primaryimage","url":"https:\/\/kapitalis.com\/tunisie\/wp-content\/uploads\/2026\/03\/Lautreamont.jpg","contentUrl":"https:\/\/kapitalis.com\/tunisie\/wp-content\/uploads\/2026\/03\/Lautreamont.jpg","width":1200,"height":630},{"@type":"BreadcrumbList","@id":"https:\/\/kapitalis.com\/tunisie\/2026\/03\/08\/le-poeme-du-dimanche-les-chants-de-maldoror-de-lautreamont\/#breadcrumb","itemListElement":[{"@type":"ListItem","position":1,"name":"Accueil","item":"https:\/\/kapitalis.com\/tunisie\/"},{"@type":"ListItem","position":2,"name":"Le po\u00e8me du dimanche | \u2018\u2018Les Chants de Maldoror\u2019\u2019 de Lautr\u00e9amont"}]},{"@type":"WebSite","@id":"https:\/\/kapitalis.com\/tunisie\/#website","url":"https:\/\/kapitalis.com\/tunisie\/","name":"Kapitalis","description":"L&#039;actualit\u00e9 en Tunisie et dans le monde","publisher":{"@id":"https:\/\/kapitalis.com\/tunisie\/#organization"},"potentialAction":[{"@type":"SearchAction","target":{"@type":"EntryPoint","urlTemplate":"https:\/\/kapitalis.com\/tunisie\/?s={search_term_string}"},"query-input":{"@type":"PropertyValueSpecification","valueRequired":true,"valueName":"search_term_string"}}],"inLanguage":"fr-FR"},{"@type":"Organization","@id":"https:\/\/kapitalis.com\/tunisie\/#organization","name":"Kapitalis","url":"https:\/\/kapitalis.com\/tunisie\/","logo":{"@type":"ImageObject","inLanguage":"fr-FR","@id":"https:\/\/kapitalis.com\/tunisie\/#\/schema\/logo\/image\/","url":"https:\/\/kapitalis.com\/tunisie\/wp-content\/uploads\/2022\/05\/Kapitalis-big-size.png","contentUrl":"https:\/\/kapitalis.com\/tunisie\/wp-content\/uploads\/2022\/05\/Kapitalis-big-size.png","width":5000,"height":1500,"caption":"Kapitalis"},"image":{"@id":"https:\/\/kapitalis.com\/tunisie\/#\/schema\/logo\/image\/"},"sameAs":["https:\/\/www.facebook.com\/KapitalisInfo\/","https:\/\/x.com\/KapitalisInfo","https:\/\/www.youtube.com\/channel\/UC-yDYrHyfFBWWZaOw3FPg9Q"]},{"@type":"Person","@id":"https:\/\/kapitalis.com\/tunisie\/#\/schema\/person\/d71f33a9ca44f7bad4698210b480c8e9","name":"webmaster kapitalis","url":"https:\/\/kapitalis.com\/tunisie\/author\/webmaster-kapitalis\/"}]}},"_links":{"self":[{"href":"https:\/\/kapitalis.com\/tunisie\/wp-json\/wp\/v2\/posts\/18446541","targetHints":{"allow":["GET"]}}],"collection":[{"href":"https:\/\/kapitalis.com\/tunisie\/wp-json\/wp\/v2\/posts"}],"about":[{"href":"https:\/\/kapitalis.com\/tunisie\/wp-json\/wp\/v2\/types\/post"}],"author":[{"embeddable":true,"href":"https:\/\/kapitalis.com\/tunisie\/wp-json\/wp\/v2\/users\/8"}],"replies":[{"embeddable":true,"href":"https:\/\/kapitalis.com\/tunisie\/wp-json\/wp\/v2\/comments?post=18446541"}],"version-history":[{"count":2,"href":"https:\/\/kapitalis.com\/tunisie\/wp-json\/wp\/v2\/posts\/18446541\/revisions"}],"predecessor-version":[{"id":18449753,"href":"https:\/\/kapitalis.com\/tunisie\/wp-json\/wp\/v2\/posts\/18446541\/revisions\/18449753"}],"wp:featuredmedia":[{"embeddable":true,"href":"https:\/\/kapitalis.com\/tunisie\/wp-json\/wp\/v2\/media\/18446577"}],"wp:attachment":[{"href":"https:\/\/kapitalis.com\/tunisie\/wp-json\/wp\/v2\/media?parent=18446541"}],"wp:term":[{"taxonomy":"category","embeddable":true,"href":"https:\/\/kapitalis.com\/tunisie\/wp-json\/wp\/v2\/categories?post=18446541"},{"taxonomy":"post_tag","embeddable":true,"href":"https:\/\/kapitalis.com\/tunisie\/wp-json\/wp\/v2\/tags?post=18446541"}],"curies":[{"name":"wp","href":"https:\/\/api.w.org\/{rel}","templated":true}]}}