{"id":18449718,"date":"2026-03-08T07:45:31","date_gmt":"2026-03-08T06:45:31","guid":{"rendered":"https:\/\/kapitalis.com\/tunisie\/?p=18449718"},"modified":"2026-03-08T07:45:33","modified_gmt":"2026-03-08T06:45:33","slug":"la-barbarie-occidentale-encore-et-toujours","status":"publish","type":"post","link":"https:\/\/kapitalis.com\/tunisie\/2026\/03\/08\/la-barbarie-occidentale-encore-et-toujours\/","title":{"rendered":"La barbarie occidentale, encore et toujours\u00a0!"},"content":{"rendered":"\n<p><strong><em>Apr\u00e8s avoir commis un g\u00e9nocide contre le peuple palestinien, et ce malgr\u00e9 une r\u00e9probation plan\u00e9taire, la coalition am\u00e9ricano-isra\u00e9lienne a entam\u00e9 un nouvel \u00e9pisode de barbarie contre l\u2019Iran et le Liban, o\u00f9 chaque jour des civils innocents, personnes \u00e2g\u00e9es, femmes et enfants, meurent sous un d\u00e9luge de fer et de feu.<\/em><\/strong> <strong><em>La civilisation occidentale dans toute sa splendeur. <\/em><\/strong><em>(Photo : Isra\u00ebl bombarde la banlieue sud de Beyrouth. Le Liban entr\u00e9 dans la guerre malgr\u00e9 lui). <\/em> <\/p>\n\n\n\n<p><strong>Abderrahmane Cherfouh *<\/strong><\/p>\n\n\n\n<!--more-->\n\n\n\n<p>Cette coalition criminelle m\u00e8ne des raids a\u00e9riens d\u2019une intensit\u00e9 sans pr\u00e9c\u00e9dent contre un pays qui a os\u00e9 lui tenir t\u00eate et d\u00e9fier ses ambitions de domination. L\u2019Iran est coupable d\u2019avoir refus\u00e9 d\u2019\u00eatre au service des int\u00e9r\u00eats strat\u00e9giques am\u00e9ricano-sionistes au Moyen-Orient, de disposer d\u2019une force militaire lui permettant de constituer un potentiel adversaire pour l\u2019\u00c9tat d\u2019Isra\u00ebl sioniste et de perturber ainsi la fausse qui\u00e9tude d\u2019une r\u00e9gion que l\u2019on croyait dompt\u00e9e par les accords d\u2019Abraham, sur fond de menaces et chantages.<\/p>\n\n\n\n<p>Rappelons, \u00e0 cet \u00e9gard, qu&rsquo;apr\u00e8s la chute de l&rsquo;Egypte de Nasser, de l&rsquo;Irak de Saddam, de la Libye de Kadhafi et de la Syrie des Assad p\u00e8re et fils, l\u2019Iran a \u00e9t\u00e9, durant les trois derni\u00e8res d\u00e9cennies, le seul pays du Moyen-Orient \u00e0 afficher clairement sa volont\u00e9 de s\u2019\u00e9manciper de toute tutelle \u00e9trang\u00e8re, en faisant confiance \u00e0 ses cadres nationaux et \u00e0 leur savoir-faire technologique, notamment en mati\u00e8re d\u2019armement. Et il y a partiellement r\u00e9ussi. <\/p>\n\n\n\n<h2 class=\"wp-block-heading\">Le dernier des r\u00e9sistants<\/h2>\n\n\n\n<p>Malgr\u00e9 l\u2019embargo dont il fut victime, ce pays a men\u00e9 une politique d\u2019ind\u00e9pendance nationale qui s\u2019est traduite par des r\u00e9alisations scientifiques et militaires que les Occidentaux, et \u00e0 leur t\u00eate les \u00c9tats-Unis, Isra\u00ebl, et leurs vassaux arabes du Golfe, ont per\u00e7ues comme une menace pour leurs int\u00e9r\u00eats strat\u00e9giques au Moyen-Orient et, au-del\u00e0, en Asie centrale.<\/p>\n\n\n\n<p>\u00c0 travers les bombardements massifs de l\u2019Iran, on cherche surtout \u00e0 d\u00e9truire cette volont\u00e9 d\u2019\u00e9mancipation vis-\u00e0-vis de l\u2019Occident arrogant et dominateur et \u00e0 perp\u00e9tuer la d\u00e9pendance et la soumission \u00e0 un ordre international dict\u00e9 par les puissances d\u2019hier et qui cherchent \u00e0 le rester ind\u00e9finiment.<\/p>\n\n\n\n<p>Le silence de Moscou, qui m\u00e8ne une guerre difficile contre l\u2019Ukraine, la neutralit\u00e9 calcul\u00e9e de la Chine, soucieuse de conforter son avance technologique dans tous les domaines, et la d\u00e9liquescence morale de la presque totalit\u00e9 des r\u00e9gimes arabes leur auront grandement facilit\u00e9 la t\u00e2che.<\/p>\n\n\n\n<h2 class=\"wp-block-heading\">L\u2019ennemi \u00e0 abattre<\/h2>\n\n\n\n<p>Pour toutes ces raisons, et pour beaucoup d\u2019autres encore, l\u2019Iran est devenu l\u2019irr\u00e9ductible ennemi \u00e0 abattre. Qu\u2019il ait ou non arr\u00eat\u00e9 l\u2019enrichissement de son uranium, qu\u2019il ait ou non avanc\u00e9 dans les n\u00e9gociations avec ses adversaires am\u00e9ricano-sionistes, l\u2019Iran aurait de toute fa\u00e7on subi l\u2019agression dont il est aujourd\u2019hui victime. Cette agression n\u2019est, en fait, que le point d\u2019orgue d\u2019un plan longuement m\u00fbri par Isra\u00ebl et les \u00c9tats-Unis, qui ont orchestr\u00e9 une campagne m\u00e9diatique de d\u00e9nigrement&nbsp;contre l\u2019Iran et sa suppos\u00e9e puissance militaire, axant leurs attaques sur le du r\u00e9gime des mollahs, assimil\u00e9 \u00e0 tort ou \u00e0 raison \u00e0 une dictature sanguinaire.<\/p>\n\n\n\n<p>Cela est en partie vrai et prouv\u00e9, mais justifie-t-il une agression militaire men\u00e9e en dehors de tout cadre l\u00e9gal et au m\u00e9pris du droit international&nbsp;? Et qui met le peuple iranien en tenaille entre, d\u2019un c\u00f4t\u00e9, un r\u00e9gime dictatorial qui r\u00e9prime brutalement toute contestation, et de l\u2019autre, une coalition am\u00e9ricano-isra\u00e9lienne qui frappe aveugl\u00e9ment et sans r\u00e9pit.<\/p>\n\n\n\n<p>Les raids impressionnants sur l\u2019Iran et le Liban, o\u00f9 les cibles sont aussi bien militaires que civiles, n\u2019\u00e9pargnant ni femmes, ni enfants, ni \u00e9coliers, se multiplient.<\/p>\n\n\n\n<p>L\u2019Occident soi-disant civilis\u00e9 et d\u00e9fenseur des droits et des libert\u00e9s se range derri\u00e8re l\u2019\u00c9tat g\u00e9nocidaire d\u2019Isra\u00ebl pour s\u2019attaquer aux <em>\u00abhordes fanatis\u00e9es\u00bb<\/em> de l\u2019Iran, un pr\u00e9texte tout trouv\u00e9 pour d\u00e9truire ce pays et imposer d\u00e9finitivement sa domination \u00e0 un Moyen-Orient qui n\u2019a pas fini de voir couler le sang de ses populations.<\/p>\n\n\n\n<p><em>* M\u00e9decin.<\/em><\/p>\n\n\n\n<figure class=\"wp-block-embed is-type-wp-embed is-provider-kapitalis wp-block-embed-kapitalis\"><div class=\"wp-block-embed__wrapper\">\n<blockquote class=\"wp-embedded-content\" data-secret=\"NaFrVXdZMA\"><a href=\"https:\/\/kapitalis.com\/tunisie\/2026\/03\/07\/iran-des-militaires-americains-parlent-de-guerre-biblique\/\">Iran | Des militaires am\u00e9ricains parlent de guerre biblique !<\/a><\/blockquote><iframe loading=\"lazy\" class=\"wp-embedded-content\" sandbox=\"allow-scripts\" security=\"restricted\" style=\"position: absolute; visibility: hidden;\" title=\"\u00ab\u00a0Iran | Des militaires am\u00e9ricains parlent de guerre biblique !\u00a0\u00bb &#8212; Kapitalis\" src=\"https:\/\/kapitalis.com\/tunisie\/2026\/03\/07\/iran-des-militaires-americains-parlent-de-guerre-biblique\/embed\/#?secret=u2fi6xp6ka#?secret=NaFrVXdZMA\" data-secret=\"NaFrVXdZMA\" width=\"600\" height=\"338\" frameborder=\"0\" marginwidth=\"0\" marginheight=\"0\" scrolling=\"no\"><\/iframe>\n<\/div><\/figure>\n","protected":false},"excerpt":{"rendered":"<p>Apr\u00e8s avoir commis un g\u00e9nocide contre les Palestiniens, les am\u00e9ricano-isra\u00e9liens lancent un nouvel \u00e9pisode de barbarie contre l\u2019Iran.  <\/p>\n","protected":false},"author":8,"featured_media":18449784,"comment_status":"open","ping_status":"open","sticky":false,"template":"","format":"standard","meta":{"footnotes":""},"categories":[992,997,1000,2433],"tags":[86634,75918,497,2478,8563,79371,3895],"class_list":["post-18449718","post","type-post","status-publish","format-standard","has-post-thumbnail","hentry","category-a-la-une","category-politique","category-tribune","category-tunisie","tag-accords-dabraham","tag-etats-unis-2","tag-iran","tag-israel","tag-liban","tag-moyen-orient-2","tag-occident"],"yoast_head":"<!-- This site is optimized with the Yoast SEO plugin v26.6 - https:\/\/yoast.com\/wordpress\/plugins\/seo\/ -->\n<title>La barbarie occidentale, encore et toujours\u00a0! - Kapitalis<\/title>\n<meta name=\"description\" content=\"Apr\u00e8s avoir commis un g\u00e9nocide contre les Palestiniens, les am\u00e9ricano-isra\u00e9liens lancent un nouvel \u00e9pisode de barbarie contre l\u2019Iran.\" \/>\n<meta name=\"robots\" content=\"index, follow, max-snippet:-1, max-image-preview:large, max-video-preview:-1\" \/>\n<link rel=\"canonical\" href=\"https:\/\/kapitalis.com\/tunisie\/2026\/03\/08\/la-barbarie-occidentale-encore-et-toujours\/\" \/>\n<meta property=\"og:locale\" content=\"fr_FR\" \/>\n<meta property=\"og:type\" content=\"article\" \/>\n<meta property=\"og:title\" content=\"La barbarie occidentale, encore et toujours\u00a0! - Kapitalis\" \/>\n<meta property=\"og:description\" content=\"Apr\u00e8s avoir commis un g\u00e9nocide contre les Palestiniens, les am\u00e9ricano-isra\u00e9liens lancent un nouvel \u00e9pisode de barbarie contre l\u2019Iran.\" \/>\n<meta property=\"og:url\" content=\"https:\/\/kapitalis.com\/tunisie\/2026\/03\/08\/la-barbarie-occidentale-encore-et-toujours\/\" \/>\n<meta property=\"og:site_name\" content=\"Kapitalis\" \/>\n<meta property=\"article:publisher\" content=\"https:\/\/www.facebook.com\/KapitalisInfo\/\" \/>\n<meta property=\"article:published_time\" content=\"2026-03-08T06:45:31+00:00\" \/>\n<meta property=\"article:modified_time\" content=\"2026-03-08T06:45:33+00:00\" \/>\n<meta property=\"og:image\" content=\"https:\/\/kapitalis.com\/tunisie\/wp-content\/uploads\/2026\/03\/Bombardement-Israelien-Sud-Beyrouth.jpg\" \/>\n\t<meta property=\"og:image:width\" content=\"1200\" \/>\n\t<meta property=\"og:image:height\" content=\"630\" \/>\n\t<meta property=\"og:image:type\" content=\"image\/jpeg\" \/>\n<meta name=\"author\" content=\"webmaster kapitalis\" \/>\n<meta name=\"twitter:card\" content=\"summary_large_image\" \/>\n<meta name=\"twitter:creator\" content=\"@KapitalisInfo\" \/>\n<meta name=\"twitter:site\" content=\"@KapitalisInfo\" \/>\n<meta name=\"twitter:label1\" content=\"\u00c9crit par\" \/>\n\t<meta name=\"twitter:data1\" content=\"webmaster kapitalis\" \/>\n\t<meta name=\"twitter:label2\" content=\"Dur\u00e9e de lecture estim\u00e9e\" \/>\n\t<meta name=\"twitter:data2\" content=\"4 minutes\" \/>\n<script type=\"application\/ld+json\" class=\"yoast-schema-graph\">{\"@context\":\"https:\/\/schema.org\",\"@graph\":[{\"@type\":\"Article\",\"@id\":\"https:\/\/kapitalis.com\/tunisie\/2026\/03\/08\/la-barbarie-occidentale-encore-et-toujours\/#article\",\"isPartOf\":{\"@id\":\"https:\/\/kapitalis.com\/tunisie\/2026\/03\/08\/la-barbarie-occidentale-encore-et-toujours\/\"},\"author\":{\"name\":\"webmaster kapitalis\",\"@id\":\"https:\/\/kapitalis.com\/tunisie\/#\/schema\/person\/d71f33a9ca44f7bad4698210b480c8e9\"},\"headline\":\"La barbarie occidentale, encore et toujours\u00a0!\",\"datePublished\":\"2026-03-08T06:45:31+00:00\",\"dateModified\":\"2026-03-08T06:45:33+00:00\",\"mainEntityOfPage\":{\"@id\":\"https:\/\/kapitalis.com\/tunisie\/2026\/03\/08\/la-barbarie-occidentale-encore-et-toujours\/\"},\"wordCount\":738,\"commentCount\":5,\"publisher\":{\"@id\":\"https:\/\/kapitalis.com\/tunisie\/#organization\"},\"image\":{\"@id\":\"https:\/\/kapitalis.com\/tunisie\/2026\/03\/08\/la-barbarie-occidentale-encore-et-toujours\/#primaryimage\"},\"thumbnailUrl\":\"https:\/\/kapitalis.com\/tunisie\/wp-content\/uploads\/2026\/03\/Bombardement-Israelien-Sud-Beyrouth.jpg\",\"keywords\":[\"accords d\u2019Abraham\",\"Etats-Unis\",\"Iran\",\"Isra\u00ebl\",\"Liban\",\"Moyen-Orient\",\"occident\"],\"articleSection\":[\"A LA UNE\",\"POLITIQUE\",\"TRIBUNE\",\"Tunisie\"],\"inLanguage\":\"fr-FR\",\"potentialAction\":[{\"@type\":\"CommentAction\",\"name\":\"Comment\",\"target\":[\"https:\/\/kapitalis.com\/tunisie\/2026\/03\/08\/la-barbarie-occidentale-encore-et-toujours\/#respond\"]}]},{\"@type\":\"WebPage\",\"@id\":\"https:\/\/kapitalis.com\/tunisie\/2026\/03\/08\/la-barbarie-occidentale-encore-et-toujours\/\",\"url\":\"https:\/\/kapitalis.com\/tunisie\/2026\/03\/08\/la-barbarie-occidentale-encore-et-toujours\/\",\"name\":\"La barbarie occidentale, encore et toujours\u00a0! - Kapitalis\",\"isPartOf\":{\"@id\":\"https:\/\/kapitalis.com\/tunisie\/#website\"},\"primaryImageOfPage\":{\"@id\":\"https:\/\/kapitalis.com\/tunisie\/2026\/03\/08\/la-barbarie-occidentale-encore-et-toujours\/#primaryimage\"},\"image\":{\"@id\":\"https:\/\/kapitalis.com\/tunisie\/2026\/03\/08\/la-barbarie-occidentale-encore-et-toujours\/#primaryimage\"},\"thumbnailUrl\":\"https:\/\/kapitalis.com\/tunisie\/wp-content\/uploads\/2026\/03\/Bombardement-Israelien-Sud-Beyrouth.jpg\",\"datePublished\":\"2026-03-08T06:45:31+00:00\",\"dateModified\":\"2026-03-08T06:45:33+00:00\",\"description\":\"Apr\u00e8s avoir commis un g\u00e9nocide contre les Palestiniens, les am\u00e9ricano-isra\u00e9liens lancent un nouvel \u00e9pisode de barbarie contre l\u2019Iran.\",\"breadcrumb\":{\"@id\":\"https:\/\/kapitalis.com\/tunisie\/2026\/03\/08\/la-barbarie-occidentale-encore-et-toujours\/#breadcrumb\"},\"inLanguage\":\"fr-FR\",\"potentialAction\":[{\"@type\":\"ReadAction\",\"target\":[\"https:\/\/kapitalis.com\/tunisie\/2026\/03\/08\/la-barbarie-occidentale-encore-et-toujours\/\"]}]},{\"@type\":\"ImageObject\",\"inLanguage\":\"fr-FR\",\"@id\":\"https:\/\/kapitalis.com\/tunisie\/2026\/03\/08\/la-barbarie-occidentale-encore-et-toujours\/#primaryimage\",\"url\":\"https:\/\/kapitalis.com\/tunisie\/wp-content\/uploads\/2026\/03\/Bombardement-Israelien-Sud-Beyrouth.jpg\",\"contentUrl\":\"https:\/\/kapitalis.com\/tunisie\/wp-content\/uploads\/2026\/03\/Bombardement-Israelien-Sud-Beyrouth.jpg\",\"width\":1200,\"height\":630},{\"@type\":\"BreadcrumbList\",\"@id\":\"https:\/\/kapitalis.com\/tunisie\/2026\/03\/08\/la-barbarie-occidentale-encore-et-toujours\/#breadcrumb\",\"itemListElement\":[{\"@type\":\"ListItem\",\"position\":1,\"name\":\"Accueil\",\"item\":\"https:\/\/kapitalis.com\/tunisie\/\"},{\"@type\":\"ListItem\",\"position\":2,\"name\":\"La barbarie occidentale, encore et toujours\u00a0!\"}]},{\"@type\":\"WebSite\",\"@id\":\"https:\/\/kapitalis.com\/tunisie\/#website\",\"url\":\"https:\/\/kapitalis.com\/tunisie\/\",\"name\":\"Kapitalis\",\"description\":\"L&#039;actualit\u00e9 en Tunisie et dans le monde\",\"publisher\":{\"@id\":\"https:\/\/kapitalis.com\/tunisie\/#organization\"},\"potentialAction\":[{\"@type\":\"SearchAction\",\"target\":{\"@type\":\"EntryPoint\",\"urlTemplate\":\"https:\/\/kapitalis.com\/tunisie\/?s={search_term_string}\"},\"query-input\":{\"@type\":\"PropertyValueSpecification\",\"valueRequired\":true,\"valueName\":\"search_term_string\"}}],\"inLanguage\":\"fr-FR\"},{\"@type\":\"Organization\",\"@id\":\"https:\/\/kapitalis.com\/tunisie\/#organization\",\"name\":\"Kapitalis\",\"url\":\"https:\/\/kapitalis.com\/tunisie\/\",\"logo\":{\"@type\":\"ImageObject\",\"inLanguage\":\"fr-FR\",\"@id\":\"https:\/\/kapitalis.com\/tunisie\/#\/schema\/logo\/image\/\",\"url\":\"https:\/\/kapitalis.com\/tunisie\/wp-content\/uploads\/2022\/05\/Kapitalis-big-size.png\",\"contentUrl\":\"https:\/\/kapitalis.com\/tunisie\/wp-content\/uploads\/2022\/05\/Kapitalis-big-size.png\",\"width\":5000,\"height\":1500,\"caption\":\"Kapitalis\"},\"image\":{\"@id\":\"https:\/\/kapitalis.com\/tunisie\/#\/schema\/logo\/image\/\"},\"sameAs\":[\"https:\/\/www.facebook.com\/KapitalisInfo\/\",\"https:\/\/x.com\/KapitalisInfo\",\"https:\/\/www.youtube.com\/channel\/UC-yDYrHyfFBWWZaOw3FPg9Q\"]},{\"@type\":\"Person\",\"@id\":\"https:\/\/kapitalis.com\/tunisie\/#\/schema\/person\/d71f33a9ca44f7bad4698210b480c8e9\",\"name\":\"webmaster kapitalis\",\"url\":\"https:\/\/kapitalis.com\/tunisie\/author\/webmaster-kapitalis\/\"}]}<\/script>\n<!-- \/ Yoast SEO plugin. -->","yoast_head_json":{"title":"La barbarie occidentale, encore et toujours\u00a0! - Kapitalis","description":"Apr\u00e8s avoir commis un g\u00e9nocide contre les Palestiniens, les am\u00e9ricano-isra\u00e9liens lancent un nouvel \u00e9pisode de barbarie contre l\u2019Iran.","robots":{"index":"index","follow":"follow","max-snippet":"max-snippet:-1","max-image-preview":"max-image-preview:large","max-video-preview":"max-video-preview:-1"},"canonical":"https:\/\/kapitalis.com\/tunisie\/2026\/03\/08\/la-barbarie-occidentale-encore-et-toujours\/","og_locale":"fr_FR","og_type":"article","og_title":"La barbarie occidentale, encore et toujours\u00a0! - Kapitalis","og_description":"Apr\u00e8s avoir commis un g\u00e9nocide contre les Palestiniens, les am\u00e9ricano-isra\u00e9liens lancent un nouvel \u00e9pisode de barbarie contre l\u2019Iran.","og_url":"https:\/\/kapitalis.com\/tunisie\/2026\/03\/08\/la-barbarie-occidentale-encore-et-toujours\/","og_site_name":"Kapitalis","article_publisher":"https:\/\/www.facebook.com\/KapitalisInfo\/","article_published_time":"2026-03-08T06:45:31+00:00","article_modified_time":"2026-03-08T06:45:33+00:00","og_image":[{"width":1200,"height":630,"url":"https:\/\/kapitalis.com\/tunisie\/wp-content\/uploads\/2026\/03\/Bombardement-Israelien-Sud-Beyrouth.jpg","type":"image\/jpeg"}],"author":"webmaster kapitalis","twitter_card":"summary_large_image","twitter_creator":"@KapitalisInfo","twitter_site":"@KapitalisInfo","twitter_misc":{"\u00c9crit par":"webmaster kapitalis","Dur\u00e9e de lecture estim\u00e9e":"4 minutes"},"schema":{"@context":"https:\/\/schema.org","@graph":[{"@type":"Article","@id":"https:\/\/kapitalis.com\/tunisie\/2026\/03\/08\/la-barbarie-occidentale-encore-et-toujours\/#article","isPartOf":{"@id":"https:\/\/kapitalis.com\/tunisie\/2026\/03\/08\/la-barbarie-occidentale-encore-et-toujours\/"},"author":{"name":"webmaster kapitalis","@id":"https:\/\/kapitalis.com\/tunisie\/#\/schema\/person\/d71f33a9ca44f7bad4698210b480c8e9"},"headline":"La barbarie occidentale, encore et toujours\u00a0!","datePublished":"2026-03-08T06:45:31+00:00","dateModified":"2026-03-08T06:45:33+00:00","mainEntityOfPage":{"@id":"https:\/\/kapitalis.com\/tunisie\/2026\/03\/08\/la-barbarie-occidentale-encore-et-toujours\/"},"wordCount":738,"commentCount":5,"publisher":{"@id":"https:\/\/kapitalis.com\/tunisie\/#organization"},"image":{"@id":"https:\/\/kapitalis.com\/tunisie\/2026\/03\/08\/la-barbarie-occidentale-encore-et-toujours\/#primaryimage"},"thumbnailUrl":"https:\/\/kapitalis.com\/tunisie\/wp-content\/uploads\/2026\/03\/Bombardement-Israelien-Sud-Beyrouth.jpg","keywords":["accords d\u2019Abraham","Etats-Unis","Iran","Isra\u00ebl","Liban","Moyen-Orient","occident"],"articleSection":["A LA UNE","POLITIQUE","TRIBUNE","Tunisie"],"inLanguage":"fr-FR","potentialAction":[{"@type":"CommentAction","name":"Comment","target":["https:\/\/kapitalis.com\/tunisie\/2026\/03\/08\/la-barbarie-occidentale-encore-et-toujours\/#respond"]}]},{"@type":"WebPage","@id":"https:\/\/kapitalis.com\/tunisie\/2026\/03\/08\/la-barbarie-occidentale-encore-et-toujours\/","url":"https:\/\/kapitalis.com\/tunisie\/2026\/03\/08\/la-barbarie-occidentale-encore-et-toujours\/","name":"La barbarie occidentale, encore et toujours\u00a0! - Kapitalis","isPartOf":{"@id":"https:\/\/kapitalis.com\/tunisie\/#website"},"primaryImageOfPage":{"@id":"https:\/\/kapitalis.com\/tunisie\/2026\/03\/08\/la-barbarie-occidentale-encore-et-toujours\/#primaryimage"},"image":{"@id":"https:\/\/kapitalis.com\/tunisie\/2026\/03\/08\/la-barbarie-occidentale-encore-et-toujours\/#primaryimage"},"thumbnailUrl":"https:\/\/kapitalis.com\/tunisie\/wp-content\/uploads\/2026\/03\/Bombardement-Israelien-Sud-Beyrouth.jpg","datePublished":"2026-03-08T06:45:31+00:00","dateModified":"2026-03-08T06:45:33+00:00","description":"Apr\u00e8s avoir commis un g\u00e9nocide contre les Palestiniens, les am\u00e9ricano-isra\u00e9liens lancent un nouvel \u00e9pisode de barbarie contre l\u2019Iran.","breadcrumb":{"@id":"https:\/\/kapitalis.com\/tunisie\/2026\/03\/08\/la-barbarie-occidentale-encore-et-toujours\/#breadcrumb"},"inLanguage":"fr-FR","potentialAction":[{"@type":"ReadAction","target":["https:\/\/kapitalis.com\/tunisie\/2026\/03\/08\/la-barbarie-occidentale-encore-et-toujours\/"]}]},{"@type":"ImageObject","inLanguage":"fr-FR","@id":"https:\/\/kapitalis.com\/tunisie\/2026\/03\/08\/la-barbarie-occidentale-encore-et-toujours\/#primaryimage","url":"https:\/\/kapitalis.com\/tunisie\/wp-content\/uploads\/2026\/03\/Bombardement-Israelien-Sud-Beyrouth.jpg","contentUrl":"https:\/\/kapitalis.com\/tunisie\/wp-content\/uploads\/2026\/03\/Bombardement-Israelien-Sud-Beyrouth.jpg","width":1200,"height":630},{"@type":"BreadcrumbList","@id":"https:\/\/kapitalis.com\/tunisie\/2026\/03\/08\/la-barbarie-occidentale-encore-et-toujours\/#breadcrumb","itemListElement":[{"@type":"ListItem","position":1,"name":"Accueil","item":"https:\/\/kapitalis.com\/tunisie\/"},{"@type":"ListItem","position":2,"name":"La barbarie occidentale, encore et toujours\u00a0!"}]},{"@type":"WebSite","@id":"https:\/\/kapitalis.com\/tunisie\/#website","url":"https:\/\/kapitalis.com\/tunisie\/","name":"Kapitalis","description":"L&#039;actualit\u00e9 en Tunisie et dans le monde","publisher":{"@id":"https:\/\/kapitalis.com\/tunisie\/#organization"},"potentialAction":[{"@type":"SearchAction","target":{"@type":"EntryPoint","urlTemplate":"https:\/\/kapitalis.com\/tunisie\/?s={search_term_string}"},"query-input":{"@type":"PropertyValueSpecification","valueRequired":true,"valueName":"search_term_string"}}],"inLanguage":"fr-FR"},{"@type":"Organization","@id":"https:\/\/kapitalis.com\/tunisie\/#organization","name":"Kapitalis","url":"https:\/\/kapitalis.com\/tunisie\/","logo":{"@type":"ImageObject","inLanguage":"fr-FR","@id":"https:\/\/kapitalis.com\/tunisie\/#\/schema\/logo\/image\/","url":"https:\/\/kapitalis.com\/tunisie\/wp-content\/uploads\/2022\/05\/Kapitalis-big-size.png","contentUrl":"https:\/\/kapitalis.com\/tunisie\/wp-content\/uploads\/2022\/05\/Kapitalis-big-size.png","width":5000,"height":1500,"caption":"Kapitalis"},"image":{"@id":"https:\/\/kapitalis.com\/tunisie\/#\/schema\/logo\/image\/"},"sameAs":["https:\/\/www.facebook.com\/KapitalisInfo\/","https:\/\/x.com\/KapitalisInfo","https:\/\/www.youtube.com\/channel\/UC-yDYrHyfFBWWZaOw3FPg9Q"]},{"@type":"Person","@id":"https:\/\/kapitalis.com\/tunisie\/#\/schema\/person\/d71f33a9ca44f7bad4698210b480c8e9","name":"webmaster kapitalis","url":"https:\/\/kapitalis.com\/tunisie\/author\/webmaster-kapitalis\/"}]}},"_links":{"self":[{"href":"https:\/\/kapitalis.com\/tunisie\/wp-json\/wp\/v2\/posts\/18449718","targetHints":{"allow":["GET"]}}],"collection":[{"href":"https:\/\/kapitalis.com\/tunisie\/wp-json\/wp\/v2\/posts"}],"about":[{"href":"https:\/\/kapitalis.com\/tunisie\/wp-json\/wp\/v2\/types\/post"}],"author":[{"embeddable":true,"href":"https:\/\/kapitalis.com\/tunisie\/wp-json\/wp\/v2\/users\/8"}],"replies":[{"embeddable":true,"href":"https:\/\/kapitalis.com\/tunisie\/wp-json\/wp\/v2\/comments?post=18449718"}],"version-history":[{"count":2,"href":"https:\/\/kapitalis.com\/tunisie\/wp-json\/wp\/v2\/posts\/18449718\/revisions"}],"predecessor-version":[{"id":18449795,"href":"https:\/\/kapitalis.com\/tunisie\/wp-json\/wp\/v2\/posts\/18449718\/revisions\/18449795"}],"wp:featuredmedia":[{"embeddable":true,"href":"https:\/\/kapitalis.com\/tunisie\/wp-json\/wp\/v2\/media\/18449784"}],"wp:attachment":[{"href":"https:\/\/kapitalis.com\/tunisie\/wp-json\/wp\/v2\/media?parent=18449718"}],"wp:term":[{"taxonomy":"category","embeddable":true,"href":"https:\/\/kapitalis.com\/tunisie\/wp-json\/wp\/v2\/categories?post=18449718"},{"taxonomy":"post_tag","embeddable":true,"href":"https:\/\/kapitalis.com\/tunisie\/wp-json\/wp\/v2\/tags?post=18449718"}],"curies":[{"name":"wp","href":"https:\/\/api.w.org\/{rel}","templated":true}]}}