{"id":18450166,"date":"2026-03-08T09:24:47","date_gmt":"2026-03-08T08:24:47","guid":{"rendered":"https:\/\/kapitalis.com\/tunisie\/?p=18450166"},"modified":"2026-03-08T09:24:48","modified_gmt":"2026-03-08T08:24:48","slug":"manifestation-a-tunis-contre-la-guerre-en-iran","status":"publish","type":"post","link":"https:\/\/kapitalis.com\/tunisie\/2026\/03\/08\/manifestation-a-tunis-contre-la-guerre-en-iran\/","title":{"rendered":"Manifestation \u00e0 Tunis contre la guerre en Iran"},"content":{"rendered":"\n<p><strong><em>Samedi 7 mars 2026, des manifestants pacifistes se sont rassembl\u00e9s sur l\u2019avenue Habib Bourguiba, dans le centre de Tunis, pour exprimer leur solidarit\u00e9 avec l\u2019Iran face aux attaques men\u00e9es par les \u00c9tats-Unis et Isra\u00ebl.<\/em><\/strong> <em>(Ph. Fethi Belaid, AFP).<\/em><\/p>\n\n\n\n<!--more-->\n\n\n\n<p>Les manifestants ont appel\u00e9 \u00e0 la fin des combats et ont exprim\u00e9 leur opposition aux frappes en cours.<\/p>\n\n\n\n<p>La guerre a d\u00e9but\u00e9 apr\u00e8s les attaques lanc\u00e9es par les \u00c9tats-Unis et Isra\u00ebl contre l\u2019Iran le 28 f\u00e9vrier, provoquant des repr\u00e9sailles de T\u00e9h\u00e9ran contre Isra\u00ebl et les bases am\u00e9ricaines situ\u00e9es dans les pays du Conseil d coop\u00e9ration du Golfe.<\/p>\n\n\n\n<p>Ce conflit a impliqu\u00e9 les puissances mondiales et perturb\u00e9 les secteurs de l\u2019\u00e9nergie et des transports au Moyen-Orient, mettant en danger la paix et l\u2019\u00e9conomie mondiales.<\/p>\n\n\n\n<p>Rappelons que la Tunisie<em> \u00aba r\u00e9affirm\u00e9 son attachement au respect du principe de souverainet\u00e9 des \u00c9tats et a condamn\u00e9 toute agression contre le territoire d\u2019un \u00c9tat ou toute violation de son int\u00e9grit\u00e9 territoriale\u00bb<\/em>, selon un communiqu\u00e9 publi\u00e9 le 1<sup>er<\/sup> mars, par le minist\u00e8re des Affaires \u00e9trang\u00e8res, des Migrations et des Tunisiens de l\u2019\u00e9tranger, tour en soulignant son <em>\u00abrejet absolu de toute attaque contre les territoires des \u00c9tats arabes fr\u00e8res\u00bb<\/em>, sans nommer aucun des auteurs desdites attaques, soit Isra\u00ebl et les Etats-Unis d\u2019un c\u00f4t\u00e9 et l\u2019Iran de l\u2019autre.<\/p>\n\n\n\n<p class=\"has-text-align-right\"><strong>I. B.<\/strong> <\/p>\n","protected":false},"excerpt":{"rendered":"<p>Des Tunisiens manifestent \u00e0 Tunis leur soutien \u00e0 l&rsquo;Iran et leur condamnation des attaques men\u00e9es par les \u00c9tats-Unis et Isra\u00ebl contre ce pays. <\/p>\n","protected":false},"author":8,"featured_media":18450189,"comment_status":"open","ping_status":"open","sticky":false,"template":"","format":"standard","meta":{"footnotes":""},"categories":[997,2433],"tags":[318,75918,497,2478,5642,62643],"class_list":["post-18450166","post","type-post","status-publish","format-standard","has-post-thumbnail","hentry","category-politique","category-tunisie","tag-energie","tag-etats-unis-2","tag-iran","tag-israel","tag-pays-du-golfe","tag-tunisie"],"yoast_head":"<!-- This site is optimized with the Yoast SEO plugin v26.6 - https:\/\/yoast.com\/wordpress\/plugins\/seo\/ -->\n<title>Manifestation \u00e0 Tunis contre la guerre en Iran - Kapitalis<\/title>\n<meta name=\"description\" content=\"Des Tunisiens manifestent \u00e0 Tunis leur soutien \u00e0 l&#039;Iran et leur condamnation des attaques men\u00e9es par les \u00c9tats-Unis et Isra\u00ebl contre ce pays.\" \/>\n<meta name=\"robots\" content=\"index, follow, max-snippet:-1, max-image-preview:large, max-video-preview:-1\" \/>\n<link rel=\"canonical\" href=\"https:\/\/kapitalis.com\/tunisie\/2026\/03\/08\/manifestation-a-tunis-contre-la-guerre-en-iran\/\" \/>\n<meta property=\"og:locale\" content=\"fr_FR\" \/>\n<meta property=\"og:type\" content=\"article\" \/>\n<meta property=\"og:title\" content=\"Manifestation \u00e0 Tunis contre la guerre en Iran - Kapitalis\" \/>\n<meta property=\"og:description\" content=\"Des Tunisiens manifestent \u00e0 Tunis leur soutien \u00e0 l&#039;Iran et leur condamnation des attaques men\u00e9es par les \u00c9tats-Unis et Isra\u00ebl contre ce pays.\" \/>\n<meta property=\"og:url\" content=\"https:\/\/kapitalis.com\/tunisie\/2026\/03\/08\/manifestation-a-tunis-contre-la-guerre-en-iran\/\" \/>\n<meta property=\"og:site_name\" content=\"Kapitalis\" \/>\n<meta property=\"article:publisher\" content=\"https:\/\/www.facebook.com\/KapitalisInfo\/\" \/>\n<meta property=\"article:published_time\" content=\"2026-03-08T08:24:47+00:00\" \/>\n<meta property=\"article:modified_time\" content=\"2026-03-08T08:24:48+00:00\" \/>\n<meta property=\"og:image\" content=\"https:\/\/kapitalis.com\/tunisie\/wp-content\/uploads\/2026\/03\/Tunisiens-manifestent-contre-la-guerre-en-Iran-Fethi-Belaid.jpg\" \/>\n\t<meta property=\"og:image:width\" content=\"1200\" \/>\n\t<meta property=\"og:image:height\" content=\"630\" \/>\n\t<meta property=\"og:image:type\" content=\"image\/jpeg\" \/>\n<meta name=\"author\" content=\"webmaster kapitalis\" \/>\n<meta name=\"twitter:card\" content=\"summary_large_image\" \/>\n<meta name=\"twitter:creator\" content=\"@KapitalisInfo\" \/>\n<meta name=\"twitter:site\" content=\"@KapitalisInfo\" \/>\n<meta name=\"twitter:label1\" content=\"\u00c9crit par\" \/>\n\t<meta name=\"twitter:data1\" content=\"webmaster kapitalis\" \/>\n\t<meta name=\"twitter:label2\" content=\"Dur\u00e9e de lecture estim\u00e9e\" \/>\n\t<meta name=\"twitter:data2\" content=\"2 minutes\" \/>\n<script type=\"application\/ld+json\" class=\"yoast-schema-graph\">{\"@context\":\"https:\/\/schema.org\",\"@graph\":[{\"@type\":\"Article\",\"@id\":\"https:\/\/kapitalis.com\/tunisie\/2026\/03\/08\/manifestation-a-tunis-contre-la-guerre-en-iran\/#article\",\"isPartOf\":{\"@id\":\"https:\/\/kapitalis.com\/tunisie\/2026\/03\/08\/manifestation-a-tunis-contre-la-guerre-en-iran\/\"},\"author\":{\"name\":\"webmaster kapitalis\",\"@id\":\"https:\/\/kapitalis.com\/tunisie\/#\/schema\/person\/d71f33a9ca44f7bad4698210b480c8e9\"},\"headline\":\"Manifestation \u00e0 Tunis contre la guerre en Iran\",\"datePublished\":\"2026-03-08T08:24:47+00:00\",\"dateModified\":\"2026-03-08T08:24:48+00:00\",\"mainEntityOfPage\":{\"@id\":\"https:\/\/kapitalis.com\/tunisie\/2026\/03\/08\/manifestation-a-tunis-contre-la-guerre-en-iran\/\"},\"wordCount\":245,\"commentCount\":3,\"publisher\":{\"@id\":\"https:\/\/kapitalis.com\/tunisie\/#organization\"},\"image\":{\"@id\":\"https:\/\/kapitalis.com\/tunisie\/2026\/03\/08\/manifestation-a-tunis-contre-la-guerre-en-iran\/#primaryimage\"},\"thumbnailUrl\":\"https:\/\/kapitalis.com\/tunisie\/wp-content\/uploads\/2026\/03\/Tunisiens-manifestent-contre-la-guerre-en-Iran-Fethi-Belaid.jpg\",\"keywords\":[\"\u00e9nergie\",\"Etats-Unis\",\"Iran\",\"Isra\u00ebl\",\"pays du Golfe\",\"Tunisie\"],\"articleSection\":[\"POLITIQUE\",\"Tunisie\"],\"inLanguage\":\"fr-FR\",\"potentialAction\":[{\"@type\":\"CommentAction\",\"name\":\"Comment\",\"target\":[\"https:\/\/kapitalis.com\/tunisie\/2026\/03\/08\/manifestation-a-tunis-contre-la-guerre-en-iran\/#respond\"]}]},{\"@type\":\"WebPage\",\"@id\":\"https:\/\/kapitalis.com\/tunisie\/2026\/03\/08\/manifestation-a-tunis-contre-la-guerre-en-iran\/\",\"url\":\"https:\/\/kapitalis.com\/tunisie\/2026\/03\/08\/manifestation-a-tunis-contre-la-guerre-en-iran\/\",\"name\":\"Manifestation \u00e0 Tunis contre la guerre en Iran - Kapitalis\",\"isPartOf\":{\"@id\":\"https:\/\/kapitalis.com\/tunisie\/#website\"},\"primaryImageOfPage\":{\"@id\":\"https:\/\/kapitalis.com\/tunisie\/2026\/03\/08\/manifestation-a-tunis-contre-la-guerre-en-iran\/#primaryimage\"},\"image\":{\"@id\":\"https:\/\/kapitalis.com\/tunisie\/2026\/03\/08\/manifestation-a-tunis-contre-la-guerre-en-iran\/#primaryimage\"},\"thumbnailUrl\":\"https:\/\/kapitalis.com\/tunisie\/wp-content\/uploads\/2026\/03\/Tunisiens-manifestent-contre-la-guerre-en-Iran-Fethi-Belaid.jpg\",\"datePublished\":\"2026-03-08T08:24:47+00:00\",\"dateModified\":\"2026-03-08T08:24:48+00:00\",\"description\":\"Des Tunisiens manifestent \u00e0 Tunis leur soutien \u00e0 l'Iran et leur condamnation des attaques men\u00e9es par les \u00c9tats-Unis et Isra\u00ebl contre ce pays.\",\"breadcrumb\":{\"@id\":\"https:\/\/kapitalis.com\/tunisie\/2026\/03\/08\/manifestation-a-tunis-contre-la-guerre-en-iran\/#breadcrumb\"},\"inLanguage\":\"fr-FR\",\"potentialAction\":[{\"@type\":\"ReadAction\",\"target\":[\"https:\/\/kapitalis.com\/tunisie\/2026\/03\/08\/manifestation-a-tunis-contre-la-guerre-en-iran\/\"]}]},{\"@type\":\"ImageObject\",\"inLanguage\":\"fr-FR\",\"@id\":\"https:\/\/kapitalis.com\/tunisie\/2026\/03\/08\/manifestation-a-tunis-contre-la-guerre-en-iran\/#primaryimage\",\"url\":\"https:\/\/kapitalis.com\/tunisie\/wp-content\/uploads\/2026\/03\/Tunisiens-manifestent-contre-la-guerre-en-Iran-Fethi-Belaid.jpg\",\"contentUrl\":\"https:\/\/kapitalis.com\/tunisie\/wp-content\/uploads\/2026\/03\/Tunisiens-manifestent-contre-la-guerre-en-Iran-Fethi-Belaid.jpg\",\"width\":1200,\"height\":630},{\"@type\":\"BreadcrumbList\",\"@id\":\"https:\/\/kapitalis.com\/tunisie\/2026\/03\/08\/manifestation-a-tunis-contre-la-guerre-en-iran\/#breadcrumb\",\"itemListElement\":[{\"@type\":\"ListItem\",\"position\":1,\"name\":\"Accueil\",\"item\":\"https:\/\/kapitalis.com\/tunisie\/\"},{\"@type\":\"ListItem\",\"position\":2,\"name\":\"Manifestation \u00e0 Tunis contre la guerre en Iran\"}]},{\"@type\":\"WebSite\",\"@id\":\"https:\/\/kapitalis.com\/tunisie\/#website\",\"url\":\"https:\/\/kapitalis.com\/tunisie\/\",\"name\":\"Kapitalis\",\"description\":\"L&#039;actualit\u00e9 en Tunisie et dans le monde\",\"publisher\":{\"@id\":\"https:\/\/kapitalis.com\/tunisie\/#organization\"},\"potentialAction\":[{\"@type\":\"SearchAction\",\"target\":{\"@type\":\"EntryPoint\",\"urlTemplate\":\"https:\/\/kapitalis.com\/tunisie\/?s={search_term_string}\"},\"query-input\":{\"@type\":\"PropertyValueSpecification\",\"valueRequired\":true,\"valueName\":\"search_term_string\"}}],\"inLanguage\":\"fr-FR\"},{\"@type\":\"Organization\",\"@id\":\"https:\/\/kapitalis.com\/tunisie\/#organization\",\"name\":\"Kapitalis\",\"url\":\"https:\/\/kapitalis.com\/tunisie\/\",\"logo\":{\"@type\":\"ImageObject\",\"inLanguage\":\"fr-FR\",\"@id\":\"https:\/\/kapitalis.com\/tunisie\/#\/schema\/logo\/image\/\",\"url\":\"https:\/\/kapitalis.com\/tunisie\/wp-content\/uploads\/2022\/05\/Kapitalis-big-size.png\",\"contentUrl\":\"https:\/\/kapitalis.com\/tunisie\/wp-content\/uploads\/2022\/05\/Kapitalis-big-size.png\",\"width\":5000,\"height\":1500,\"caption\":\"Kapitalis\"},\"image\":{\"@id\":\"https:\/\/kapitalis.com\/tunisie\/#\/schema\/logo\/image\/\"},\"sameAs\":[\"https:\/\/www.facebook.com\/KapitalisInfo\/\",\"https:\/\/x.com\/KapitalisInfo\",\"https:\/\/www.youtube.com\/channel\/UC-yDYrHyfFBWWZaOw3FPg9Q\"]},{\"@type\":\"Person\",\"@id\":\"https:\/\/kapitalis.com\/tunisie\/#\/schema\/person\/d71f33a9ca44f7bad4698210b480c8e9\",\"name\":\"webmaster kapitalis\",\"url\":\"https:\/\/kapitalis.com\/tunisie\/author\/webmaster-kapitalis\/\"}]}<\/script>\n<!-- \/ Yoast SEO plugin. -->","yoast_head_json":{"title":"Manifestation \u00e0 Tunis contre la guerre en Iran - Kapitalis","description":"Des Tunisiens manifestent \u00e0 Tunis leur soutien \u00e0 l'Iran et leur condamnation des attaques men\u00e9es par les \u00c9tats-Unis et Isra\u00ebl contre ce pays.","robots":{"index":"index","follow":"follow","max-snippet":"max-snippet:-1","max-image-preview":"max-image-preview:large","max-video-preview":"max-video-preview:-1"},"canonical":"https:\/\/kapitalis.com\/tunisie\/2026\/03\/08\/manifestation-a-tunis-contre-la-guerre-en-iran\/","og_locale":"fr_FR","og_type":"article","og_title":"Manifestation \u00e0 Tunis contre la guerre en Iran - Kapitalis","og_description":"Des Tunisiens manifestent \u00e0 Tunis leur soutien \u00e0 l'Iran et leur condamnation des attaques men\u00e9es par les \u00c9tats-Unis et Isra\u00ebl contre ce pays.","og_url":"https:\/\/kapitalis.com\/tunisie\/2026\/03\/08\/manifestation-a-tunis-contre-la-guerre-en-iran\/","og_site_name":"Kapitalis","article_publisher":"https:\/\/www.facebook.com\/KapitalisInfo\/","article_published_time":"2026-03-08T08:24:47+00:00","article_modified_time":"2026-03-08T08:24:48+00:00","og_image":[{"width":1200,"height":630,"url":"https:\/\/kapitalis.com\/tunisie\/wp-content\/uploads\/2026\/03\/Tunisiens-manifestent-contre-la-guerre-en-Iran-Fethi-Belaid.jpg","type":"image\/jpeg"}],"author":"webmaster kapitalis","twitter_card":"summary_large_image","twitter_creator":"@KapitalisInfo","twitter_site":"@KapitalisInfo","twitter_misc":{"\u00c9crit par":"webmaster kapitalis","Dur\u00e9e de lecture estim\u00e9e":"2 minutes"},"schema":{"@context":"https:\/\/schema.org","@graph":[{"@type":"Article","@id":"https:\/\/kapitalis.com\/tunisie\/2026\/03\/08\/manifestation-a-tunis-contre-la-guerre-en-iran\/#article","isPartOf":{"@id":"https:\/\/kapitalis.com\/tunisie\/2026\/03\/08\/manifestation-a-tunis-contre-la-guerre-en-iran\/"},"author":{"name":"webmaster kapitalis","@id":"https:\/\/kapitalis.com\/tunisie\/#\/schema\/person\/d71f33a9ca44f7bad4698210b480c8e9"},"headline":"Manifestation \u00e0 Tunis contre la guerre en Iran","datePublished":"2026-03-08T08:24:47+00:00","dateModified":"2026-03-08T08:24:48+00:00","mainEntityOfPage":{"@id":"https:\/\/kapitalis.com\/tunisie\/2026\/03\/08\/manifestation-a-tunis-contre-la-guerre-en-iran\/"},"wordCount":245,"commentCount":3,"publisher":{"@id":"https:\/\/kapitalis.com\/tunisie\/#organization"},"image":{"@id":"https:\/\/kapitalis.com\/tunisie\/2026\/03\/08\/manifestation-a-tunis-contre-la-guerre-en-iran\/#primaryimage"},"thumbnailUrl":"https:\/\/kapitalis.com\/tunisie\/wp-content\/uploads\/2026\/03\/Tunisiens-manifestent-contre-la-guerre-en-Iran-Fethi-Belaid.jpg","keywords":["\u00e9nergie","Etats-Unis","Iran","Isra\u00ebl","pays du Golfe","Tunisie"],"articleSection":["POLITIQUE","Tunisie"],"inLanguage":"fr-FR","potentialAction":[{"@type":"CommentAction","name":"Comment","target":["https:\/\/kapitalis.com\/tunisie\/2026\/03\/08\/manifestation-a-tunis-contre-la-guerre-en-iran\/#respond"]}]},{"@type":"WebPage","@id":"https:\/\/kapitalis.com\/tunisie\/2026\/03\/08\/manifestation-a-tunis-contre-la-guerre-en-iran\/","url":"https:\/\/kapitalis.com\/tunisie\/2026\/03\/08\/manifestation-a-tunis-contre-la-guerre-en-iran\/","name":"Manifestation \u00e0 Tunis contre la guerre en Iran - Kapitalis","isPartOf":{"@id":"https:\/\/kapitalis.com\/tunisie\/#website"},"primaryImageOfPage":{"@id":"https:\/\/kapitalis.com\/tunisie\/2026\/03\/08\/manifestation-a-tunis-contre-la-guerre-en-iran\/#primaryimage"},"image":{"@id":"https:\/\/kapitalis.com\/tunisie\/2026\/03\/08\/manifestation-a-tunis-contre-la-guerre-en-iran\/#primaryimage"},"thumbnailUrl":"https:\/\/kapitalis.com\/tunisie\/wp-content\/uploads\/2026\/03\/Tunisiens-manifestent-contre-la-guerre-en-Iran-Fethi-Belaid.jpg","datePublished":"2026-03-08T08:24:47+00:00","dateModified":"2026-03-08T08:24:48+00:00","description":"Des Tunisiens manifestent \u00e0 Tunis leur soutien \u00e0 l'Iran et leur condamnation des attaques men\u00e9es par les \u00c9tats-Unis et Isra\u00ebl contre ce pays.","breadcrumb":{"@id":"https:\/\/kapitalis.com\/tunisie\/2026\/03\/08\/manifestation-a-tunis-contre-la-guerre-en-iran\/#breadcrumb"},"inLanguage":"fr-FR","potentialAction":[{"@type":"ReadAction","target":["https:\/\/kapitalis.com\/tunisie\/2026\/03\/08\/manifestation-a-tunis-contre-la-guerre-en-iran\/"]}]},{"@type":"ImageObject","inLanguage":"fr-FR","@id":"https:\/\/kapitalis.com\/tunisie\/2026\/03\/08\/manifestation-a-tunis-contre-la-guerre-en-iran\/#primaryimage","url":"https:\/\/kapitalis.com\/tunisie\/wp-content\/uploads\/2026\/03\/Tunisiens-manifestent-contre-la-guerre-en-Iran-Fethi-Belaid.jpg","contentUrl":"https:\/\/kapitalis.com\/tunisie\/wp-content\/uploads\/2026\/03\/Tunisiens-manifestent-contre-la-guerre-en-Iran-Fethi-Belaid.jpg","width":1200,"height":630},{"@type":"BreadcrumbList","@id":"https:\/\/kapitalis.com\/tunisie\/2026\/03\/08\/manifestation-a-tunis-contre-la-guerre-en-iran\/#breadcrumb","itemListElement":[{"@type":"ListItem","position":1,"name":"Accueil","item":"https:\/\/kapitalis.com\/tunisie\/"},{"@type":"ListItem","position":2,"name":"Manifestation \u00e0 Tunis contre la guerre en Iran"}]},{"@type":"WebSite","@id":"https:\/\/kapitalis.com\/tunisie\/#website","url":"https:\/\/kapitalis.com\/tunisie\/","name":"Kapitalis","description":"L&#039;actualit\u00e9 en Tunisie et dans le monde","publisher":{"@id":"https:\/\/kapitalis.com\/tunisie\/#organization"},"potentialAction":[{"@type":"SearchAction","target":{"@type":"EntryPoint","urlTemplate":"https:\/\/kapitalis.com\/tunisie\/?s={search_term_string}"},"query-input":{"@type":"PropertyValueSpecification","valueRequired":true,"valueName":"search_term_string"}}],"inLanguage":"fr-FR"},{"@type":"Organization","@id":"https:\/\/kapitalis.com\/tunisie\/#organization","name":"Kapitalis","url":"https:\/\/kapitalis.com\/tunisie\/","logo":{"@type":"ImageObject","inLanguage":"fr-FR","@id":"https:\/\/kapitalis.com\/tunisie\/#\/schema\/logo\/image\/","url":"https:\/\/kapitalis.com\/tunisie\/wp-content\/uploads\/2022\/05\/Kapitalis-big-size.png","contentUrl":"https:\/\/kapitalis.com\/tunisie\/wp-content\/uploads\/2022\/05\/Kapitalis-big-size.png","width":5000,"height":1500,"caption":"Kapitalis"},"image":{"@id":"https:\/\/kapitalis.com\/tunisie\/#\/schema\/logo\/image\/"},"sameAs":["https:\/\/www.facebook.com\/KapitalisInfo\/","https:\/\/x.com\/KapitalisInfo","https:\/\/www.youtube.com\/channel\/UC-yDYrHyfFBWWZaOw3FPg9Q"]},{"@type":"Person","@id":"https:\/\/kapitalis.com\/tunisie\/#\/schema\/person\/d71f33a9ca44f7bad4698210b480c8e9","name":"webmaster kapitalis","url":"https:\/\/kapitalis.com\/tunisie\/author\/webmaster-kapitalis\/"}]}},"_links":{"self":[{"href":"https:\/\/kapitalis.com\/tunisie\/wp-json\/wp\/v2\/posts\/18450166","targetHints":{"allow":["GET"]}}],"collection":[{"href":"https:\/\/kapitalis.com\/tunisie\/wp-json\/wp\/v2\/posts"}],"about":[{"href":"https:\/\/kapitalis.com\/tunisie\/wp-json\/wp\/v2\/types\/post"}],"author":[{"embeddable":true,"href":"https:\/\/kapitalis.com\/tunisie\/wp-json\/wp\/v2\/users\/8"}],"replies":[{"embeddable":true,"href":"https:\/\/kapitalis.com\/tunisie\/wp-json\/wp\/v2\/comments?post=18450166"}],"version-history":[{"count":2,"href":"https:\/\/kapitalis.com\/tunisie\/wp-json\/wp\/v2\/posts\/18450166\/revisions"}],"predecessor-version":[{"id":18450200,"href":"https:\/\/kapitalis.com\/tunisie\/wp-json\/wp\/v2\/posts\/18450166\/revisions\/18450200"}],"wp:featuredmedia":[{"embeddable":true,"href":"https:\/\/kapitalis.com\/tunisie\/wp-json\/wp\/v2\/media\/18450189"}],"wp:attachment":[{"href":"https:\/\/kapitalis.com\/tunisie\/wp-json\/wp\/v2\/media?parent=18450166"}],"wp:term":[{"taxonomy":"category","embeddable":true,"href":"https:\/\/kapitalis.com\/tunisie\/wp-json\/wp\/v2\/categories?post=18450166"},{"taxonomy":"post_tag","embeddable":true,"href":"https:\/\/kapitalis.com\/tunisie\/wp-json\/wp\/v2\/tags?post=18450166"}],"curies":[{"name":"wp","href":"https:\/\/api.w.org\/{rel}","templated":true}]}}