{"id":18450258,"date":"2026-03-08T09:50:06","date_gmt":"2026-03-08T08:50:06","guid":{"rendered":"https:\/\/kapitalis.com\/tunisie\/?p=18450258"},"modified":"2026-03-08T09:50:08","modified_gmt":"2026-03-08T08:50:08","slug":"football-l-pourquoi-rani-khedira-a-opte-pour-la-tunisie","status":"publish","type":"post","link":"https:\/\/kapitalis.com\/tunisie\/2026\/03\/08\/football-l-pourquoi-rani-khedira-a-opte-pour-la-tunisie\/","title":{"rendered":"Football l Pourquoi Rani Khedira a opt\u00e9 pour la Tunisie"},"content":{"rendered":"\n<p><strong><em>Rani Khedira, le milieu d\u00e9fensif du 1. FC Union Berlin, a opt\u00e9 pour la s\u00e9lection nationale tunisienne afin de repr\u00e9senter le pays de naissance de son p\u00e8re. Bien que n\u00e9 27 janvier 1994<\/em><\/strong> <strong><em>\u00e0 Stuttgart, en Allemagne, \u00a0d\u2019un p\u00e8re tunisien et d\u2019une m\u00e8re allemande<\/em><\/strong>, <strong><em>Khedira est originaire de la ville de Hammamet, en Tunisie, ce qui explique ce choix.<\/em><\/strong><\/p>\n\n\n\n<!--more-->\n\n\n\n<p>La F\u00e9d\u00e9ration tunisienne de football ( FTF ) a annonc\u00e9, mercredi 4 mars 2026, avoir trouv\u00e9 un accord officiel avec\u00a0Rani Khedira\u00a0afin qu\u2019il porte d\u00e9sormais le maillot des Aigles de Carthage.<\/p>\n\n\n\n<p>La F\u00e9d\u00e9ration, pr\u00e9sid\u00e9e par Moez Nasri, a \u00e9galement confirm\u00e9 que le Tribunal du football de la Fifa a officiellement valid\u00e9 le changement d\u2019association nationale du joueur.<\/p>\n\n\n\n<p>Dans son communiqu\u00e9 concernant l\u2019\u00e9ligibilit\u00e9 du milieu de terrain de FC Union Berlin, l\u2019instance tunisienne pr\u00e9cise :<\/p>\n\n\n\n<p><em>\u00abLa F\u00e9d\u00e9ration tunisienne de football informe le public sportif et les repr\u00e9sentants des m\u00e9dias que le Tribunal du football de la FIFA a officiellement approuv\u00e9 aujourd\u2019hui le changement d\u2019association nationale du joueur Rani Khedira.<\/em><\/p>\n\n\n\n<p><em>\u00c0 la suite des d\u00e9marches administratives entreprises par la F\u00e9d\u00e9ration tunisienne de football, et conform\u00e9ment \u00e0 la volont\u00e9 claire et affirm\u00e9e du joueur de d\u00e9fendre les couleurs de la Tunisie, le juge unique de la Chambre du Statut du Joueur a rendu la d\u00e9cision suivante :<\/em><\/p>\n\n\n\n<p><em>\u2022 Acceptation de la demande : la requ\u00eate de la F\u00e9d\u00e9ration tunisienne de football concernant le changement d\u2019association nationale du joueur Rani Khedira a \u00e9t\u00e9 officiellement approuv\u00e9e.<\/em><\/p>\n\n\n\n<p><em>\u2022 \u00c9ligibilit\u00e9 imm\u00e9diate : le joueur est d\u00e9sormais autoris\u00e9 \u00e0 repr\u00e9senter les s\u00e9lections nationales relevant de la F\u00e9d\u00e9ration tunisienne de football avec effet imm\u00e9diat.<br><\/em><\/p>\n\n\n\n<p><em>\u2022 Notification internationale : cette d\u00e9cision a \u00e9t\u00e9 officiellement communiqu\u00e9e \u00e0 la Deutscher Fu\u00dfball-Bund, \u00e0 la Conf\u00e9d\u00e9ration africaine de football et \u00e0 l\u2019UEFA. \u00bb<\/em><\/p>\n\n\n\n<p>Rani Khedira pourrait faire ses d\u00e9buts en mars lors du match amical international opposant la Tunisie \u00e0 Ha\u00efti.<\/p>\n\n\n\n<p>\u00c2g\u00e9 de 32 ans, Khedira a auparavant \u00e9volu\u00e9 dans les \u00e9quipes de jeunes allemandes, des U15 aux U19.<\/p>\n\n\n\n<p>Curieusement, la Tunisie avait approch\u00e9 Khedira pour qu\u2019il repr\u00e9sente le pays en 2015, mais il avait alors d\u00e9clin\u00e9 l\u2019offre en d\u00e9clarant&nbsp;: <em>\u00abLa F\u00e9d\u00e9ration tunisienne de football m\u2019a r\u00e9cemment contact\u00e9, mais j\u2019ai refus\u00e9. Je joue pour l&rsquo;Allemagne depuis les moins de 15 ans. Je me sens chez moi en DFB, j\u2019ai grandi ici et j\u2019ai la mentalit\u00e9 allemande. L\u2019id\u00e9e d\u2019aller en Tunisie ne m&rsquo;a jamais effleur\u00e9 l\u2019esprit.\u00bb<\/em><\/p>\n\n\n\n<p>Il a clairement chang\u00e9 d\u2019avis, car, entretemps, l\u2019Allemagne n\u2019a pas eu besoin de ses services et la Tunisie lui offre la chance de sa vie de footballeur, celle de participer \u00e0 la Coupe du monde 2026 aux Etats-Unis, Canada et Mexique.<\/p>\n\n\n\n<p>Son fr\u00e8re a\u00een\u00e9, Sami, a notamment particip\u00e9 \u00e0 l\u2019\u00e9dition 2014 de la comp\u00e9tition, contribuant \u00e0 la victoire de l\u2019Allemagne au Br\u00e9sil.<\/p>\n\n\n\n<p>Rani KHedira a d\u00e9but\u00e9 sa carri\u00e8re professionnelle avec VfB Stuttgart avant de rejoindre FC Augsburg, puis de signer en 2021 avec 1. FC Union Berlin en Bundesliga.<\/p>\n\n\n\n<p>Lors de la saison 2025-2026, il a disput\u00e9 environ 26 matches toutes comp\u00e9titions confondues avec l\u2019Union Berlin, inscrivant 5 buts et d\u00e9livrant une passe d\u00e9cisive.<\/p>\n\n\n\n<p>Sa valeur marchande est estim\u00e9e \u00e0 environ 2 millions d\u2019euros, selon le site sp\u00e9cialis\u00e9 <em>Transfermarkt<\/em>.<\/p>\n\n\n\n<p class=\"has-text-align-right\"><strong>I. B.<\/strong><\/p>\n","protected":false},"excerpt":{"rendered":"<p>Pourquoi Rani Khedira, le milieu d\u00e9fensif du 1. FC Union Berlin, a-t-il enfin opt\u00e9 pour la s\u00e9lection nationale tunisienne ?<\/p>\n","protected":false},"author":8,"featured_media":18450302,"comment_status":"open","ping_status":"open","sticky":false,"template":"","format":"standard","meta":{"footnotes":""},"categories":[999,2433],"tags":[1096,112104,127282,762,127281,62643],"class_list":["post-18450258","post","type-post","status-publish","format-standard","has-post-thumbnail","hentry","category-sport","category-tunisie","tag-allemagne","tag-coupe-du-monde-2026","tag-fc-union-berlin","tag-rani-khedira","tag-sami-khedira","tag-tunisie"],"yoast_head":"<!-- This site is optimized with the Yoast SEO plugin v26.6 - https:\/\/yoast.com\/wordpress\/plugins\/seo\/ -->\n<title>Football l Pourquoi Rani Khedira a opt\u00e9 pour la Tunisie - Kapitalis<\/title>\n<meta name=\"description\" content=\"Pourquoi Rani Khedira, le milieu d\u00e9fensif du 1. FC Union Berlin, a-t-il enfin opt\u00e9 pour la s\u00e9lection nationale tunisienne ?\" \/>\n<meta name=\"robots\" content=\"index, follow, max-snippet:-1, max-image-preview:large, max-video-preview:-1\" \/>\n<link rel=\"canonical\" href=\"https:\/\/kapitalis.com\/tunisie\/2026\/03\/08\/football-l-pourquoi-rani-khedira-a-opte-pour-la-tunisie\/\" \/>\n<meta property=\"og:locale\" content=\"fr_FR\" \/>\n<meta property=\"og:type\" content=\"article\" \/>\n<meta property=\"og:title\" content=\"Football l Pourquoi Rani Khedira a opt\u00e9 pour la Tunisie - Kapitalis\" \/>\n<meta property=\"og:description\" content=\"Pourquoi Rani Khedira, le milieu d\u00e9fensif du 1. FC Union Berlin, a-t-il enfin opt\u00e9 pour la s\u00e9lection nationale tunisienne ?\" \/>\n<meta property=\"og:url\" content=\"https:\/\/kapitalis.com\/tunisie\/2026\/03\/08\/football-l-pourquoi-rani-khedira-a-opte-pour-la-tunisie\/\" \/>\n<meta property=\"og:site_name\" content=\"Kapitalis\" \/>\n<meta property=\"article:publisher\" content=\"https:\/\/www.facebook.com\/KapitalisInfo\/\" \/>\n<meta property=\"article:published_time\" content=\"2026-03-08T08:50:06+00:00\" \/>\n<meta property=\"article:modified_time\" content=\"2026-03-08T08:50:08+00:00\" \/>\n<meta property=\"og:image\" content=\"https:\/\/kapitalis.com\/tunisie\/wp-content\/uploads\/2026\/03\/Rani-Khedira.jpg\" \/>\n\t<meta property=\"og:image:width\" content=\"1200\" \/>\n\t<meta property=\"og:image:height\" content=\"630\" \/>\n\t<meta property=\"og:image:type\" content=\"image\/jpeg\" \/>\n<meta name=\"author\" content=\"webmaster kapitalis\" \/>\n<meta name=\"twitter:card\" content=\"summary_large_image\" \/>\n<meta name=\"twitter:creator\" content=\"@KapitalisInfo\" \/>\n<meta name=\"twitter:site\" content=\"@KapitalisInfo\" \/>\n<meta name=\"twitter:label1\" content=\"\u00c9crit par\" \/>\n\t<meta name=\"twitter:data1\" content=\"webmaster kapitalis\" \/>\n\t<meta name=\"twitter:label2\" content=\"Dur\u00e9e de lecture estim\u00e9e\" \/>\n\t<meta name=\"twitter:data2\" content=\"3 minutes\" \/>\n<script type=\"application\/ld+json\" class=\"yoast-schema-graph\">{\"@context\":\"https:\/\/schema.org\",\"@graph\":[{\"@type\":\"Article\",\"@id\":\"https:\/\/kapitalis.com\/tunisie\/2026\/03\/08\/football-l-pourquoi-rani-khedira-a-opte-pour-la-tunisie\/#article\",\"isPartOf\":{\"@id\":\"https:\/\/kapitalis.com\/tunisie\/2026\/03\/08\/football-l-pourquoi-rani-khedira-a-opte-pour-la-tunisie\/\"},\"author\":{\"name\":\"webmaster kapitalis\",\"@id\":\"https:\/\/kapitalis.com\/tunisie\/#\/schema\/person\/d71f33a9ca44f7bad4698210b480c8e9\"},\"headline\":\"Football l Pourquoi Rani Khedira a opt\u00e9 pour la Tunisie\",\"datePublished\":\"2026-03-08T08:50:06+00:00\",\"dateModified\":\"2026-03-08T08:50:08+00:00\",\"mainEntityOfPage\":{\"@id\":\"https:\/\/kapitalis.com\/tunisie\/2026\/03\/08\/football-l-pourquoi-rani-khedira-a-opte-pour-la-tunisie\/\"},\"wordCount\":582,\"commentCount\":0,\"publisher\":{\"@id\":\"https:\/\/kapitalis.com\/tunisie\/#organization\"},\"image\":{\"@id\":\"https:\/\/kapitalis.com\/tunisie\/2026\/03\/08\/football-l-pourquoi-rani-khedira-a-opte-pour-la-tunisie\/#primaryimage\"},\"thumbnailUrl\":\"https:\/\/kapitalis.com\/tunisie\/wp-content\/uploads\/2026\/03\/Rani-Khedira.jpg\",\"keywords\":[\"Allemagne\",\"Coupe du Monde 2026\",\"FC Union Berlin\",\"Rani Khedira\",\"Sami Khedira\",\"Tunisie\"],\"articleSection\":[\"SPORT\",\"Tunisie\"],\"inLanguage\":\"fr-FR\",\"potentialAction\":[{\"@type\":\"CommentAction\",\"name\":\"Comment\",\"target\":[\"https:\/\/kapitalis.com\/tunisie\/2026\/03\/08\/football-l-pourquoi-rani-khedira-a-opte-pour-la-tunisie\/#respond\"]}]},{\"@type\":\"WebPage\",\"@id\":\"https:\/\/kapitalis.com\/tunisie\/2026\/03\/08\/football-l-pourquoi-rani-khedira-a-opte-pour-la-tunisie\/\",\"url\":\"https:\/\/kapitalis.com\/tunisie\/2026\/03\/08\/football-l-pourquoi-rani-khedira-a-opte-pour-la-tunisie\/\",\"name\":\"Football l Pourquoi Rani Khedira a opt\u00e9 pour la Tunisie - Kapitalis\",\"isPartOf\":{\"@id\":\"https:\/\/kapitalis.com\/tunisie\/#website\"},\"primaryImageOfPage\":{\"@id\":\"https:\/\/kapitalis.com\/tunisie\/2026\/03\/08\/football-l-pourquoi-rani-khedira-a-opte-pour-la-tunisie\/#primaryimage\"},\"image\":{\"@id\":\"https:\/\/kapitalis.com\/tunisie\/2026\/03\/08\/football-l-pourquoi-rani-khedira-a-opte-pour-la-tunisie\/#primaryimage\"},\"thumbnailUrl\":\"https:\/\/kapitalis.com\/tunisie\/wp-content\/uploads\/2026\/03\/Rani-Khedira.jpg\",\"datePublished\":\"2026-03-08T08:50:06+00:00\",\"dateModified\":\"2026-03-08T08:50:08+00:00\",\"description\":\"Pourquoi Rani Khedira, le milieu d\u00e9fensif du 1. FC Union Berlin, a-t-il enfin opt\u00e9 pour la s\u00e9lection nationale tunisienne ?\",\"breadcrumb\":{\"@id\":\"https:\/\/kapitalis.com\/tunisie\/2026\/03\/08\/football-l-pourquoi-rani-khedira-a-opte-pour-la-tunisie\/#breadcrumb\"},\"inLanguage\":\"fr-FR\",\"potentialAction\":[{\"@type\":\"ReadAction\",\"target\":[\"https:\/\/kapitalis.com\/tunisie\/2026\/03\/08\/football-l-pourquoi-rani-khedira-a-opte-pour-la-tunisie\/\"]}]},{\"@type\":\"ImageObject\",\"inLanguage\":\"fr-FR\",\"@id\":\"https:\/\/kapitalis.com\/tunisie\/2026\/03\/08\/football-l-pourquoi-rani-khedira-a-opte-pour-la-tunisie\/#primaryimage\",\"url\":\"https:\/\/kapitalis.com\/tunisie\/wp-content\/uploads\/2026\/03\/Rani-Khedira.jpg\",\"contentUrl\":\"https:\/\/kapitalis.com\/tunisie\/wp-content\/uploads\/2026\/03\/Rani-Khedira.jpg\",\"width\":1200,\"height\":630},{\"@type\":\"BreadcrumbList\",\"@id\":\"https:\/\/kapitalis.com\/tunisie\/2026\/03\/08\/football-l-pourquoi-rani-khedira-a-opte-pour-la-tunisie\/#breadcrumb\",\"itemListElement\":[{\"@type\":\"ListItem\",\"position\":1,\"name\":\"Accueil\",\"item\":\"https:\/\/kapitalis.com\/tunisie\/\"},{\"@type\":\"ListItem\",\"position\":2,\"name\":\"Football l Pourquoi Rani Khedira a opt\u00e9 pour la Tunisie\"}]},{\"@type\":\"WebSite\",\"@id\":\"https:\/\/kapitalis.com\/tunisie\/#website\",\"url\":\"https:\/\/kapitalis.com\/tunisie\/\",\"name\":\"Kapitalis\",\"description\":\"L&#039;actualit\u00e9 en Tunisie et dans le monde\",\"publisher\":{\"@id\":\"https:\/\/kapitalis.com\/tunisie\/#organization\"},\"potentialAction\":[{\"@type\":\"SearchAction\",\"target\":{\"@type\":\"EntryPoint\",\"urlTemplate\":\"https:\/\/kapitalis.com\/tunisie\/?s={search_term_string}\"},\"query-input\":{\"@type\":\"PropertyValueSpecification\",\"valueRequired\":true,\"valueName\":\"search_term_string\"}}],\"inLanguage\":\"fr-FR\"},{\"@type\":\"Organization\",\"@id\":\"https:\/\/kapitalis.com\/tunisie\/#organization\",\"name\":\"Kapitalis\",\"url\":\"https:\/\/kapitalis.com\/tunisie\/\",\"logo\":{\"@type\":\"ImageObject\",\"inLanguage\":\"fr-FR\",\"@id\":\"https:\/\/kapitalis.com\/tunisie\/#\/schema\/logo\/image\/\",\"url\":\"https:\/\/kapitalis.com\/tunisie\/wp-content\/uploads\/2022\/05\/Kapitalis-big-size.png\",\"contentUrl\":\"https:\/\/kapitalis.com\/tunisie\/wp-content\/uploads\/2022\/05\/Kapitalis-big-size.png\",\"width\":5000,\"height\":1500,\"caption\":\"Kapitalis\"},\"image\":{\"@id\":\"https:\/\/kapitalis.com\/tunisie\/#\/schema\/logo\/image\/\"},\"sameAs\":[\"https:\/\/www.facebook.com\/KapitalisInfo\/\",\"https:\/\/x.com\/KapitalisInfo\",\"https:\/\/www.youtube.com\/channel\/UC-yDYrHyfFBWWZaOw3FPg9Q\"]},{\"@type\":\"Person\",\"@id\":\"https:\/\/kapitalis.com\/tunisie\/#\/schema\/person\/d71f33a9ca44f7bad4698210b480c8e9\",\"name\":\"webmaster kapitalis\",\"url\":\"https:\/\/kapitalis.com\/tunisie\/author\/webmaster-kapitalis\/\"}]}<\/script>\n<!-- \/ Yoast SEO plugin. -->","yoast_head_json":{"title":"Football l Pourquoi Rani Khedira a opt\u00e9 pour la Tunisie - Kapitalis","description":"Pourquoi Rani Khedira, le milieu d\u00e9fensif du 1. FC Union Berlin, a-t-il enfin opt\u00e9 pour la s\u00e9lection nationale tunisienne ?","robots":{"index":"index","follow":"follow","max-snippet":"max-snippet:-1","max-image-preview":"max-image-preview:large","max-video-preview":"max-video-preview:-1"},"canonical":"https:\/\/kapitalis.com\/tunisie\/2026\/03\/08\/football-l-pourquoi-rani-khedira-a-opte-pour-la-tunisie\/","og_locale":"fr_FR","og_type":"article","og_title":"Football l Pourquoi Rani Khedira a opt\u00e9 pour la Tunisie - Kapitalis","og_description":"Pourquoi Rani Khedira, le milieu d\u00e9fensif du 1. FC Union Berlin, a-t-il enfin opt\u00e9 pour la s\u00e9lection nationale tunisienne ?","og_url":"https:\/\/kapitalis.com\/tunisie\/2026\/03\/08\/football-l-pourquoi-rani-khedira-a-opte-pour-la-tunisie\/","og_site_name":"Kapitalis","article_publisher":"https:\/\/www.facebook.com\/KapitalisInfo\/","article_published_time":"2026-03-08T08:50:06+00:00","article_modified_time":"2026-03-08T08:50:08+00:00","og_image":[{"width":1200,"height":630,"url":"https:\/\/kapitalis.com\/tunisie\/wp-content\/uploads\/2026\/03\/Rani-Khedira.jpg","type":"image\/jpeg"}],"author":"webmaster kapitalis","twitter_card":"summary_large_image","twitter_creator":"@KapitalisInfo","twitter_site":"@KapitalisInfo","twitter_misc":{"\u00c9crit par":"webmaster kapitalis","Dur\u00e9e de lecture estim\u00e9e":"3 minutes"},"schema":{"@context":"https:\/\/schema.org","@graph":[{"@type":"Article","@id":"https:\/\/kapitalis.com\/tunisie\/2026\/03\/08\/football-l-pourquoi-rani-khedira-a-opte-pour-la-tunisie\/#article","isPartOf":{"@id":"https:\/\/kapitalis.com\/tunisie\/2026\/03\/08\/football-l-pourquoi-rani-khedira-a-opte-pour-la-tunisie\/"},"author":{"name":"webmaster kapitalis","@id":"https:\/\/kapitalis.com\/tunisie\/#\/schema\/person\/d71f33a9ca44f7bad4698210b480c8e9"},"headline":"Football l Pourquoi Rani Khedira a opt\u00e9 pour la Tunisie","datePublished":"2026-03-08T08:50:06+00:00","dateModified":"2026-03-08T08:50:08+00:00","mainEntityOfPage":{"@id":"https:\/\/kapitalis.com\/tunisie\/2026\/03\/08\/football-l-pourquoi-rani-khedira-a-opte-pour-la-tunisie\/"},"wordCount":582,"commentCount":0,"publisher":{"@id":"https:\/\/kapitalis.com\/tunisie\/#organization"},"image":{"@id":"https:\/\/kapitalis.com\/tunisie\/2026\/03\/08\/football-l-pourquoi-rani-khedira-a-opte-pour-la-tunisie\/#primaryimage"},"thumbnailUrl":"https:\/\/kapitalis.com\/tunisie\/wp-content\/uploads\/2026\/03\/Rani-Khedira.jpg","keywords":["Allemagne","Coupe du Monde 2026","FC Union Berlin","Rani Khedira","Sami Khedira","Tunisie"],"articleSection":["SPORT","Tunisie"],"inLanguage":"fr-FR","potentialAction":[{"@type":"CommentAction","name":"Comment","target":["https:\/\/kapitalis.com\/tunisie\/2026\/03\/08\/football-l-pourquoi-rani-khedira-a-opte-pour-la-tunisie\/#respond"]}]},{"@type":"WebPage","@id":"https:\/\/kapitalis.com\/tunisie\/2026\/03\/08\/football-l-pourquoi-rani-khedira-a-opte-pour-la-tunisie\/","url":"https:\/\/kapitalis.com\/tunisie\/2026\/03\/08\/football-l-pourquoi-rani-khedira-a-opte-pour-la-tunisie\/","name":"Football l Pourquoi Rani Khedira a opt\u00e9 pour la Tunisie - Kapitalis","isPartOf":{"@id":"https:\/\/kapitalis.com\/tunisie\/#website"},"primaryImageOfPage":{"@id":"https:\/\/kapitalis.com\/tunisie\/2026\/03\/08\/football-l-pourquoi-rani-khedira-a-opte-pour-la-tunisie\/#primaryimage"},"image":{"@id":"https:\/\/kapitalis.com\/tunisie\/2026\/03\/08\/football-l-pourquoi-rani-khedira-a-opte-pour-la-tunisie\/#primaryimage"},"thumbnailUrl":"https:\/\/kapitalis.com\/tunisie\/wp-content\/uploads\/2026\/03\/Rani-Khedira.jpg","datePublished":"2026-03-08T08:50:06+00:00","dateModified":"2026-03-08T08:50:08+00:00","description":"Pourquoi Rani Khedira, le milieu d\u00e9fensif du 1. FC Union Berlin, a-t-il enfin opt\u00e9 pour la s\u00e9lection nationale tunisienne ?","breadcrumb":{"@id":"https:\/\/kapitalis.com\/tunisie\/2026\/03\/08\/football-l-pourquoi-rani-khedira-a-opte-pour-la-tunisie\/#breadcrumb"},"inLanguage":"fr-FR","potentialAction":[{"@type":"ReadAction","target":["https:\/\/kapitalis.com\/tunisie\/2026\/03\/08\/football-l-pourquoi-rani-khedira-a-opte-pour-la-tunisie\/"]}]},{"@type":"ImageObject","inLanguage":"fr-FR","@id":"https:\/\/kapitalis.com\/tunisie\/2026\/03\/08\/football-l-pourquoi-rani-khedira-a-opte-pour-la-tunisie\/#primaryimage","url":"https:\/\/kapitalis.com\/tunisie\/wp-content\/uploads\/2026\/03\/Rani-Khedira.jpg","contentUrl":"https:\/\/kapitalis.com\/tunisie\/wp-content\/uploads\/2026\/03\/Rani-Khedira.jpg","width":1200,"height":630},{"@type":"BreadcrumbList","@id":"https:\/\/kapitalis.com\/tunisie\/2026\/03\/08\/football-l-pourquoi-rani-khedira-a-opte-pour-la-tunisie\/#breadcrumb","itemListElement":[{"@type":"ListItem","position":1,"name":"Accueil","item":"https:\/\/kapitalis.com\/tunisie\/"},{"@type":"ListItem","position":2,"name":"Football l Pourquoi Rani Khedira a opt\u00e9 pour la Tunisie"}]},{"@type":"WebSite","@id":"https:\/\/kapitalis.com\/tunisie\/#website","url":"https:\/\/kapitalis.com\/tunisie\/","name":"Kapitalis","description":"L&#039;actualit\u00e9 en Tunisie et dans le monde","publisher":{"@id":"https:\/\/kapitalis.com\/tunisie\/#organization"},"potentialAction":[{"@type":"SearchAction","target":{"@type":"EntryPoint","urlTemplate":"https:\/\/kapitalis.com\/tunisie\/?s={search_term_string}"},"query-input":{"@type":"PropertyValueSpecification","valueRequired":true,"valueName":"search_term_string"}}],"inLanguage":"fr-FR"},{"@type":"Organization","@id":"https:\/\/kapitalis.com\/tunisie\/#organization","name":"Kapitalis","url":"https:\/\/kapitalis.com\/tunisie\/","logo":{"@type":"ImageObject","inLanguage":"fr-FR","@id":"https:\/\/kapitalis.com\/tunisie\/#\/schema\/logo\/image\/","url":"https:\/\/kapitalis.com\/tunisie\/wp-content\/uploads\/2022\/05\/Kapitalis-big-size.png","contentUrl":"https:\/\/kapitalis.com\/tunisie\/wp-content\/uploads\/2022\/05\/Kapitalis-big-size.png","width":5000,"height":1500,"caption":"Kapitalis"},"image":{"@id":"https:\/\/kapitalis.com\/tunisie\/#\/schema\/logo\/image\/"},"sameAs":["https:\/\/www.facebook.com\/KapitalisInfo\/","https:\/\/x.com\/KapitalisInfo","https:\/\/www.youtube.com\/channel\/UC-yDYrHyfFBWWZaOw3FPg9Q"]},{"@type":"Person","@id":"https:\/\/kapitalis.com\/tunisie\/#\/schema\/person\/d71f33a9ca44f7bad4698210b480c8e9","name":"webmaster kapitalis","url":"https:\/\/kapitalis.com\/tunisie\/author\/webmaster-kapitalis\/"}]}},"_links":{"self":[{"href":"https:\/\/kapitalis.com\/tunisie\/wp-json\/wp\/v2\/posts\/18450258","targetHints":{"allow":["GET"]}}],"collection":[{"href":"https:\/\/kapitalis.com\/tunisie\/wp-json\/wp\/v2\/posts"}],"about":[{"href":"https:\/\/kapitalis.com\/tunisie\/wp-json\/wp\/v2\/types\/post"}],"author":[{"embeddable":true,"href":"https:\/\/kapitalis.com\/tunisie\/wp-json\/wp\/v2\/users\/8"}],"replies":[{"embeddable":true,"href":"https:\/\/kapitalis.com\/tunisie\/wp-json\/wp\/v2\/comments?post=18450258"}],"version-history":[{"count":1,"href":"https:\/\/kapitalis.com\/tunisie\/wp-json\/wp\/v2\/posts\/18450258\/revisions"}],"predecessor-version":[{"id":18450311,"href":"https:\/\/kapitalis.com\/tunisie\/wp-json\/wp\/v2\/posts\/18450258\/revisions\/18450311"}],"wp:featuredmedia":[{"embeddable":true,"href":"https:\/\/kapitalis.com\/tunisie\/wp-json\/wp\/v2\/media\/18450302"}],"wp:attachment":[{"href":"https:\/\/kapitalis.com\/tunisie\/wp-json\/wp\/v2\/media?parent=18450258"}],"wp:term":[{"taxonomy":"category","embeddable":true,"href":"https:\/\/kapitalis.com\/tunisie\/wp-json\/wp\/v2\/categories?post=18450258"},{"taxonomy":"post_tag","embeddable":true,"href":"https:\/\/kapitalis.com\/tunisie\/wp-json\/wp\/v2\/tags?post=18450258"}],"curies":[{"name":"wp","href":"https:\/\/api.w.org\/{rel}","templated":true}]}}