{"id":184963,"date":"2018-11-21T14:45:26","date_gmt":"2018-11-21T13:45:26","guid":{"rendered":"http:\/\/kapitalis.com\/tunisie\/?p=184963"},"modified":"2018-11-21T14:45:26","modified_gmt":"2018-11-21T13:45:26","slug":"les-medecins-de-la-sante-publique-opposes-a-la-greve-generale","status":"publish","type":"post","link":"https:\/\/kapitalis.com\/tunisie\/2018\/11\/21\/les-medecins-de-la-sante-publique-opposes-a-la-greve-generale\/","title":{"rendered":"Les m\u00e9decins de la sant\u00e9 publique oppos\u00e9s \u00e0 la gr\u00e8ve g\u00e9n\u00e9rale"},"content":{"rendered":"<p style=\"text-align: center;\"><img loading=\"lazy\" decoding=\"async\" class=\"alignnone size-full wp-image-171043\" src=\"http:\/\/kapitalis.com\/tunisie\/wp-content\/uploads\/2018\/08\/M\u00e9decins-internes-.jpg\" alt=\"\" width=\"626\" height=\"380\" \/><\/p>\n<p><em><strong>L\u2019Union des m\u00e9decins g\u00e9n\u00e9ralistes de la sant\u00e9 publique (UMGDP) appelle ses adh\u00e9rents \u00e0 ne pas prendre part \u00e0 la gr\u00e8ve g\u00e9n\u00e9rale dans la fonction publique, d\u00e9cr\u00e9t\u00e9e par l&rsquo;Union g\u00e9n\u00e9rale tunisienne du travail (UGTT), pr\u00e9vue demain, jeudi 22 novembre 2018.<\/strong><\/em><!--more--><\/p>\n<p>Dans un communiqu\u00e9 rendu public aujourd\u2019hui, mercredi 21 novembre 2018, l\u2019Union des m\u00e9decins de la sant\u00e9 publique a fait part de son opposition \u00e0 cette gr\u00e8ve, en pr\u00e9cisant qu&rsquo;elle n\u2019a pas \u00e9t\u00e9 consult\u00e9e par la centrale syndicale \u00e0 propos de cette gr\u00e8ve, et que l\u2019augmentation salariale n\u2019est pas une priorit\u00e9 dans les r\u00e9formes attendues du secteur de la sant\u00e9.<\/p>\n<p>Rappelons que l\u2019UGTT, qui exige une augmentation des salaires des employ\u00e9s de la fonction publique, a mis fin, hier, aux n\u00e9gociations avec le gouvernement \u00e0 ce sujet et maintenu sa d\u00e9cision de gr\u00e8ve fix\u00e9e pour demain.<\/p>\n<p style=\"text-align: right;\"><strong>Y. N.<\/strong><\/p>\n<blockquote class=\"wp-embedded-content\" data-secret=\"C6ET1H1IuZ\"><p><a href=\"https:\/\/kapitalis.com\/tunisie\/2018\/11\/20\/lugtt-met-fin-aux-negociations-et-maintient-la-greve-de-la-fonction-publique\/\">L\u2019UGTT met fin aux n\u00e9gociations et maintient la gr\u00e8ve de la fonction publique<\/a><\/p><\/blockquote>\n<p><iframe loading=\"lazy\" class=\"wp-embedded-content\" sandbox=\"allow-scripts\" security=\"restricted\" style=\"position: absolute; clip: rect(1px, 1px, 1px, 1px);\" title=\"\u00ab\u00a0L\u2019UGTT met fin aux n\u00e9gociations et maintient la gr\u00e8ve de la fonction publique\u00a0\u00bb &#8212; Kapitalis\" src=\"https:\/\/kapitalis.com\/tunisie\/2018\/11\/20\/lugtt-met-fin-aux-negociations-et-maintient-la-greve-de-la-fonction-publique\/embed\/#?secret=4Ydn3BZPtO#?secret=C6ET1H1IuZ\" data-secret=\"C6ET1H1IuZ\" width=\"600\" height=\"338\" frameborder=\"0\" marginwidth=\"0\" marginheight=\"0\" scrolling=\"no\"><\/iframe><\/p>\n<blockquote class=\"wp-embedded-content\" data-secret=\"7VvMxp0XrZ\"><p><a href=\"https:\/\/kapitalis.com\/tunisie\/2018\/11\/20\/lauteur-de-lintox-sur-des-arrestations-de-syndicalistes-sera-poursuivi\/\">L&rsquo;auteur de l&rsquo;intox sur des arrestations de syndicalistes sera poursuivi<\/a><\/p><\/blockquote>\n<p><iframe loading=\"lazy\" class=\"wp-embedded-content\" sandbox=\"allow-scripts\" security=\"restricted\" style=\"position: absolute; clip: rect(1px, 1px, 1px, 1px);\" title=\"\u00ab\u00a0L&rsquo;auteur de l&rsquo;intox sur des arrestations de syndicalistes sera poursuivi\u00a0\u00bb &#8212; Kapitalis\" src=\"https:\/\/kapitalis.com\/tunisie\/2018\/11\/20\/lauteur-de-lintox-sur-des-arrestations-de-syndicalistes-sera-poursuivi\/embed\/#?secret=TuuvbBLc8B#?secret=7VvMxp0XrZ\" data-secret=\"7VvMxp0XrZ\" width=\"600\" height=\"338\" frameborder=\"0\" marginwidth=\"0\" marginheight=\"0\" scrolling=\"no\"><\/iframe><\/p>\n","protected":false},"excerpt":{"rendered":"<p>L\u2019Union des m\u00e9decins g\u00e9n\u00e9ralistes de la sant\u00e9 publique (UMGDP) appelle ses adh\u00e9rents \u00e0 ne pas prendre part \u00e0 la gr\u00e8ve g\u00e9n\u00e9rale dans la fonction publique, d\u00e9cr\u00e9t\u00e9e par l&rsquo;Union g\u00e9n\u00e9rale tunisienne du travail (UGTT), pr\u00e9vue demain, jeudi 22 novembre 2018.<\/p>\n","protected":false},"author":6,"featured_media":0,"comment_status":"open","ping_status":"open","sticky":false,"template":"","format":"standard","meta":{"footnotes":""},"categories":[998,2433],"tags":[18855,1194,425,6947,1337,936],"class_list":["post-184963","post","type-post","status-publish","format-standard","hentry","category-societe","category-tunisie","tag-augmentation-des-salaires","tag-fonction-publique","tag-greve","tag-greve-generale","tag-medecins","tag-ugtt"],"yoast_head":"<!-- This site is optimized with the Yoast SEO plugin v26.6 - https:\/\/yoast.com\/wordpress\/plugins\/seo\/ -->\n<title>Les m\u00e9decins de la sant\u00e9 publique oppos\u00e9s \u00e0 la gr\u00e8ve g\u00e9n\u00e9rale - Kapitalis<\/title>\n<meta name=\"robots\" content=\"index, follow, max-snippet:-1, max-image-preview:large, max-video-preview:-1\" \/>\n<link rel=\"canonical\" href=\"https:\/\/kapitalis.com\/tunisie\/2018\/11\/21\/les-medecins-de-la-sante-publique-opposes-a-la-greve-generale\/\" \/>\n<meta property=\"og:locale\" content=\"fr_FR\" \/>\n<meta property=\"og:type\" content=\"article\" \/>\n<meta property=\"og:title\" content=\"Les m\u00e9decins de la sant\u00e9 publique oppos\u00e9s \u00e0 la gr\u00e8ve g\u00e9n\u00e9rale - Kapitalis\" \/>\n<meta property=\"og:description\" content=\"L\u2019Union des m\u00e9decins g\u00e9n\u00e9ralistes de la sant\u00e9 publique (UMGDP) appelle ses adh\u00e9rents \u00e0 ne pas prendre part \u00e0 la gr\u00e8ve g\u00e9n\u00e9rale dans la fonction publique, d\u00e9cr\u00e9t\u00e9e par l&rsquo;Union g\u00e9n\u00e9rale tunisienne du travail (UGTT), pr\u00e9vue demain, jeudi 22 novembre 2018.\" \/>\n<meta property=\"og:url\" content=\"https:\/\/kapitalis.com\/tunisie\/2018\/11\/21\/les-medecins-de-la-sante-publique-opposes-a-la-greve-generale\/\" \/>\n<meta property=\"og:site_name\" content=\"Kapitalis\" \/>\n<meta property=\"article:publisher\" content=\"https:\/\/www.facebook.com\/KapitalisInfo\/\" \/>\n<meta property=\"article:published_time\" content=\"2018-11-21T13:45:26+00:00\" \/>\n<meta property=\"og:image\" content=\"https:\/\/kapitalis.com\/tunisie\/wp-content\/uploads\/2022\/05\/kapitalis-logo-fb.png\" \/>\n\t<meta property=\"og:image:width\" content=\"1200\" \/>\n\t<meta property=\"og:image:height\" content=\"630\" \/>\n\t<meta property=\"og:image:type\" content=\"image\/png\" \/>\n<meta name=\"author\" content=\"Yusra NY\" \/>\n<meta name=\"twitter:card\" content=\"summary_large_image\" \/>\n<meta name=\"twitter:creator\" content=\"@KapitalisInfo\" \/>\n<meta name=\"twitter:site\" content=\"@KapitalisInfo\" \/>\n<meta name=\"twitter:label1\" content=\"\u00c9crit par\" \/>\n\t<meta name=\"twitter:data1\" content=\"Yusra NY\" \/>\n\t<meta name=\"twitter:label2\" content=\"Dur\u00e9e de lecture estim\u00e9e\" \/>\n\t<meta name=\"twitter:data2\" content=\"1 minute\" \/>\n<script type=\"application\/ld+json\" class=\"yoast-schema-graph\">{\"@context\":\"https:\/\/schema.org\",\"@graph\":[{\"@type\":\"Article\",\"@id\":\"https:\/\/kapitalis.com\/tunisie\/2018\/11\/21\/les-medecins-de-la-sante-publique-opposes-a-la-greve-generale\/#article\",\"isPartOf\":{\"@id\":\"https:\/\/kapitalis.com\/tunisie\/2018\/11\/21\/les-medecins-de-la-sante-publique-opposes-a-la-greve-generale\/\"},\"author\":{\"name\":\"Yusra NY\",\"@id\":\"https:\/\/kapitalis.com\/tunisie\/#\/schema\/person\/74bbde0154d49d790a92aaeac5bc01d5\"},\"headline\":\"Les m\u00e9decins de la sant\u00e9 publique oppos\u00e9s \u00e0 la gr\u00e8ve g\u00e9n\u00e9rale\",\"datePublished\":\"2018-11-21T13:45:26+00:00\",\"mainEntityOfPage\":{\"@id\":\"https:\/\/kapitalis.com\/tunisie\/2018\/11\/21\/les-medecins-de-la-sante-publique-opposes-a-la-greve-generale\/\"},\"wordCount\":183,\"commentCount\":0,\"publisher\":{\"@id\":\"https:\/\/kapitalis.com\/tunisie\/#organization\"},\"keywords\":[\"augmentation des salaires\",\"fonction publique\",\"gr\u00e8ve\",\"gr\u00e8ve g\u00e9n\u00e9rale\",\"m\u00e9decins\",\"UGTT\"],\"articleSection\":[\"SOCIETE\",\"Tunisie\"],\"inLanguage\":\"fr-FR\",\"potentialAction\":[{\"@type\":\"CommentAction\",\"name\":\"Comment\",\"target\":[\"https:\/\/kapitalis.com\/tunisie\/2018\/11\/21\/les-medecins-de-la-sante-publique-opposes-a-la-greve-generale\/#respond\"]}]},{\"@type\":\"WebPage\",\"@id\":\"https:\/\/kapitalis.com\/tunisie\/2018\/11\/21\/les-medecins-de-la-sante-publique-opposes-a-la-greve-generale\/\",\"url\":\"https:\/\/kapitalis.com\/tunisie\/2018\/11\/21\/les-medecins-de-la-sante-publique-opposes-a-la-greve-generale\/\",\"name\":\"Les m\u00e9decins de la sant\u00e9 publique oppos\u00e9s \u00e0 la gr\u00e8ve g\u00e9n\u00e9rale - Kapitalis\",\"isPartOf\":{\"@id\":\"https:\/\/kapitalis.com\/tunisie\/#website\"},\"datePublished\":\"2018-11-21T13:45:26+00:00\",\"breadcrumb\":{\"@id\":\"https:\/\/kapitalis.com\/tunisie\/2018\/11\/21\/les-medecins-de-la-sante-publique-opposes-a-la-greve-generale\/#breadcrumb\"},\"inLanguage\":\"fr-FR\",\"potentialAction\":[{\"@type\":\"ReadAction\",\"target\":[\"https:\/\/kapitalis.com\/tunisie\/2018\/11\/21\/les-medecins-de-la-sante-publique-opposes-a-la-greve-generale\/\"]}]},{\"@type\":\"BreadcrumbList\",\"@id\":\"https:\/\/kapitalis.com\/tunisie\/2018\/11\/21\/les-medecins-de-la-sante-publique-opposes-a-la-greve-generale\/#breadcrumb\",\"itemListElement\":[{\"@type\":\"ListItem\",\"position\":1,\"name\":\"Accueil\",\"item\":\"https:\/\/kapitalis.com\/tunisie\/\"},{\"@type\":\"ListItem\",\"position\":2,\"name\":\"Les m\u00e9decins de la sant\u00e9 publique oppos\u00e9s \u00e0 la gr\u00e8ve g\u00e9n\u00e9rale\"}]},{\"@type\":\"WebSite\",\"@id\":\"https:\/\/kapitalis.com\/tunisie\/#website\",\"url\":\"https:\/\/kapitalis.com\/tunisie\/\",\"name\":\"Kapitalis\",\"description\":\"L&#039;actualit\u00e9 en Tunisie et dans le monde\",\"publisher\":{\"@id\":\"https:\/\/kapitalis.com\/tunisie\/#organization\"},\"potentialAction\":[{\"@type\":\"SearchAction\",\"target\":{\"@type\":\"EntryPoint\",\"urlTemplate\":\"https:\/\/kapitalis.com\/tunisie\/?s={search_term_string}\"},\"query-input\":{\"@type\":\"PropertyValueSpecification\",\"valueRequired\":true,\"valueName\":\"search_term_string\"}}],\"inLanguage\":\"fr-FR\"},{\"@type\":\"Organization\",\"@id\":\"https:\/\/kapitalis.com\/tunisie\/#organization\",\"name\":\"Kapitalis\",\"url\":\"https:\/\/kapitalis.com\/tunisie\/\",\"logo\":{\"@type\":\"ImageObject\",\"inLanguage\":\"fr-FR\",\"@id\":\"https:\/\/kapitalis.com\/tunisie\/#\/schema\/logo\/image\/\",\"url\":\"https:\/\/kapitalis.com\/tunisie\/wp-content\/uploads\/2022\/05\/Kapitalis-big-size.png\",\"contentUrl\":\"https:\/\/kapitalis.com\/tunisie\/wp-content\/uploads\/2022\/05\/Kapitalis-big-size.png\",\"width\":5000,\"height\":1500,\"caption\":\"Kapitalis\"},\"image\":{\"@id\":\"https:\/\/kapitalis.com\/tunisie\/#\/schema\/logo\/image\/\"},\"sameAs\":[\"https:\/\/www.facebook.com\/KapitalisInfo\/\",\"https:\/\/x.com\/KapitalisInfo\",\"https:\/\/www.youtube.com\/channel\/UC-yDYrHyfFBWWZaOw3FPg9Q\"]},{\"@type\":\"Person\",\"@id\":\"https:\/\/kapitalis.com\/tunisie\/#\/schema\/person\/74bbde0154d49d790a92aaeac5bc01d5\",\"name\":\"Yusra NY\",\"url\":\"https:\/\/kapitalis.com\/tunisie\/author\/yuza_adam\/\"}]}<\/script>\n<!-- \/ Yoast SEO plugin. -->","yoast_head_json":{"title":"Les m\u00e9decins de la sant\u00e9 publique oppos\u00e9s \u00e0 la gr\u00e8ve g\u00e9n\u00e9rale - Kapitalis","robots":{"index":"index","follow":"follow","max-snippet":"max-snippet:-1","max-image-preview":"max-image-preview:large","max-video-preview":"max-video-preview:-1"},"canonical":"https:\/\/kapitalis.com\/tunisie\/2018\/11\/21\/les-medecins-de-la-sante-publique-opposes-a-la-greve-generale\/","og_locale":"fr_FR","og_type":"article","og_title":"Les m\u00e9decins de la sant\u00e9 publique oppos\u00e9s \u00e0 la gr\u00e8ve g\u00e9n\u00e9rale - Kapitalis","og_description":"L\u2019Union des m\u00e9decins g\u00e9n\u00e9ralistes de la sant\u00e9 publique (UMGDP) appelle ses adh\u00e9rents \u00e0 ne pas prendre part \u00e0 la gr\u00e8ve g\u00e9n\u00e9rale dans la fonction publique, d\u00e9cr\u00e9t\u00e9e par l&rsquo;Union g\u00e9n\u00e9rale tunisienne du travail (UGTT), pr\u00e9vue demain, jeudi 22 novembre 2018.","og_url":"https:\/\/kapitalis.com\/tunisie\/2018\/11\/21\/les-medecins-de-la-sante-publique-opposes-a-la-greve-generale\/","og_site_name":"Kapitalis","article_publisher":"https:\/\/www.facebook.com\/KapitalisInfo\/","article_published_time":"2018-11-21T13:45:26+00:00","og_image":[{"width":1200,"height":630,"url":"https:\/\/kapitalis.com\/tunisie\/wp-content\/uploads\/2022\/05\/kapitalis-logo-fb.png","type":"image\/png"}],"author":"Yusra NY","twitter_card":"summary_large_image","twitter_creator":"@KapitalisInfo","twitter_site":"@KapitalisInfo","twitter_misc":{"\u00c9crit par":"Yusra NY","Dur\u00e9e de lecture estim\u00e9e":"1 minute"},"schema":{"@context":"https:\/\/schema.org","@graph":[{"@type":"Article","@id":"https:\/\/kapitalis.com\/tunisie\/2018\/11\/21\/les-medecins-de-la-sante-publique-opposes-a-la-greve-generale\/#article","isPartOf":{"@id":"https:\/\/kapitalis.com\/tunisie\/2018\/11\/21\/les-medecins-de-la-sante-publique-opposes-a-la-greve-generale\/"},"author":{"name":"Yusra NY","@id":"https:\/\/kapitalis.com\/tunisie\/#\/schema\/person\/74bbde0154d49d790a92aaeac5bc01d5"},"headline":"Les m\u00e9decins de la sant\u00e9 publique oppos\u00e9s \u00e0 la gr\u00e8ve g\u00e9n\u00e9rale","datePublished":"2018-11-21T13:45:26+00:00","mainEntityOfPage":{"@id":"https:\/\/kapitalis.com\/tunisie\/2018\/11\/21\/les-medecins-de-la-sante-publique-opposes-a-la-greve-generale\/"},"wordCount":183,"commentCount":0,"publisher":{"@id":"https:\/\/kapitalis.com\/tunisie\/#organization"},"keywords":["augmentation des salaires","fonction publique","gr\u00e8ve","gr\u00e8ve g\u00e9n\u00e9rale","m\u00e9decins","UGTT"],"articleSection":["SOCIETE","Tunisie"],"inLanguage":"fr-FR","potentialAction":[{"@type":"CommentAction","name":"Comment","target":["https:\/\/kapitalis.com\/tunisie\/2018\/11\/21\/les-medecins-de-la-sante-publique-opposes-a-la-greve-generale\/#respond"]}]},{"@type":"WebPage","@id":"https:\/\/kapitalis.com\/tunisie\/2018\/11\/21\/les-medecins-de-la-sante-publique-opposes-a-la-greve-generale\/","url":"https:\/\/kapitalis.com\/tunisie\/2018\/11\/21\/les-medecins-de-la-sante-publique-opposes-a-la-greve-generale\/","name":"Les m\u00e9decins de la sant\u00e9 publique oppos\u00e9s \u00e0 la gr\u00e8ve g\u00e9n\u00e9rale - Kapitalis","isPartOf":{"@id":"https:\/\/kapitalis.com\/tunisie\/#website"},"datePublished":"2018-11-21T13:45:26+00:00","breadcrumb":{"@id":"https:\/\/kapitalis.com\/tunisie\/2018\/11\/21\/les-medecins-de-la-sante-publique-opposes-a-la-greve-generale\/#breadcrumb"},"inLanguage":"fr-FR","potentialAction":[{"@type":"ReadAction","target":["https:\/\/kapitalis.com\/tunisie\/2018\/11\/21\/les-medecins-de-la-sante-publique-opposes-a-la-greve-generale\/"]}]},{"@type":"BreadcrumbList","@id":"https:\/\/kapitalis.com\/tunisie\/2018\/11\/21\/les-medecins-de-la-sante-publique-opposes-a-la-greve-generale\/#breadcrumb","itemListElement":[{"@type":"ListItem","position":1,"name":"Accueil","item":"https:\/\/kapitalis.com\/tunisie\/"},{"@type":"ListItem","position":2,"name":"Les m\u00e9decins de la sant\u00e9 publique oppos\u00e9s \u00e0 la gr\u00e8ve g\u00e9n\u00e9rale"}]},{"@type":"WebSite","@id":"https:\/\/kapitalis.com\/tunisie\/#website","url":"https:\/\/kapitalis.com\/tunisie\/","name":"Kapitalis","description":"L&#039;actualit\u00e9 en Tunisie et dans le monde","publisher":{"@id":"https:\/\/kapitalis.com\/tunisie\/#organization"},"potentialAction":[{"@type":"SearchAction","target":{"@type":"EntryPoint","urlTemplate":"https:\/\/kapitalis.com\/tunisie\/?s={search_term_string}"},"query-input":{"@type":"PropertyValueSpecification","valueRequired":true,"valueName":"search_term_string"}}],"inLanguage":"fr-FR"},{"@type":"Organization","@id":"https:\/\/kapitalis.com\/tunisie\/#organization","name":"Kapitalis","url":"https:\/\/kapitalis.com\/tunisie\/","logo":{"@type":"ImageObject","inLanguage":"fr-FR","@id":"https:\/\/kapitalis.com\/tunisie\/#\/schema\/logo\/image\/","url":"https:\/\/kapitalis.com\/tunisie\/wp-content\/uploads\/2022\/05\/Kapitalis-big-size.png","contentUrl":"https:\/\/kapitalis.com\/tunisie\/wp-content\/uploads\/2022\/05\/Kapitalis-big-size.png","width":5000,"height":1500,"caption":"Kapitalis"},"image":{"@id":"https:\/\/kapitalis.com\/tunisie\/#\/schema\/logo\/image\/"},"sameAs":["https:\/\/www.facebook.com\/KapitalisInfo\/","https:\/\/x.com\/KapitalisInfo","https:\/\/www.youtube.com\/channel\/UC-yDYrHyfFBWWZaOw3FPg9Q"]},{"@type":"Person","@id":"https:\/\/kapitalis.com\/tunisie\/#\/schema\/person\/74bbde0154d49d790a92aaeac5bc01d5","name":"Yusra NY","url":"https:\/\/kapitalis.com\/tunisie\/author\/yuza_adam\/"}]}},"_links":{"self":[{"href":"https:\/\/kapitalis.com\/tunisie\/wp-json\/wp\/v2\/posts\/184963","targetHints":{"allow":["GET"]}}],"collection":[{"href":"https:\/\/kapitalis.com\/tunisie\/wp-json\/wp\/v2\/posts"}],"about":[{"href":"https:\/\/kapitalis.com\/tunisie\/wp-json\/wp\/v2\/types\/post"}],"author":[{"embeddable":true,"href":"https:\/\/kapitalis.com\/tunisie\/wp-json\/wp\/v2\/users\/6"}],"replies":[{"embeddable":true,"href":"https:\/\/kapitalis.com\/tunisie\/wp-json\/wp\/v2\/comments?post=184963"}],"version-history":[{"count":0,"href":"https:\/\/kapitalis.com\/tunisie\/wp-json\/wp\/v2\/posts\/184963\/revisions"}],"wp:attachment":[{"href":"https:\/\/kapitalis.com\/tunisie\/wp-json\/wp\/v2\/media?parent=184963"}],"wp:term":[{"taxonomy":"category","embeddable":true,"href":"https:\/\/kapitalis.com\/tunisie\/wp-json\/wp\/v2\/categories?post=184963"},{"taxonomy":"post_tag","embeddable":true,"href":"https:\/\/kapitalis.com\/tunisie\/wp-json\/wp\/v2\/tags?post=184963"}],"curies":[{"name":"wp","href":"https:\/\/api.w.org\/{rel}","templated":true}]}}