{"id":185130,"date":"2018-11-22T16:29:13","date_gmt":"2018-11-22T15:29:13","guid":{"rendered":"http:\/\/kapitalis.com\/tunisie\/?p=185130"},"modified":"2018-11-22T16:34:57","modified_gmt":"2018-11-22T15:34:57","slug":"belaid-appelle-les-partis-de-gauche-a-abandonner-leurs-calculs-egoistes","status":"publish","type":"post","link":"https:\/\/kapitalis.com\/tunisie\/2018\/11\/22\/belaid-appelle-les-partis-de-gauche-a-abandonner-leurs-calculs-egoistes\/","title":{"rendered":"Bela\u00efd appelle les partis de gauche \u00e0 abandonner leurs calculs \u00e9go\u00efstes"},"content":{"rendered":"<p style=\"text-align: center;\"><img loading=\"lazy\" decoding=\"async\" class=\"alignnone size-full wp-image-144530\" src=\"http:\/\/kapitalis.com\/tunisie\/wp-content\/uploads\/2018\/03\/Sadok-Belaid.jpg\" alt=\"\" width=\"626\" height=\"380\" \/><\/p>\n<p><em><strong>Le professeur\u00a0de droit constitutionnel Sadok Bela\u00efd a appel\u00e9 les partis de gauche et du centre \u00e0 mettre de c\u00f4t\u00e9 leurs calculs politiques \u00e9go\u00efstes.<\/strong><\/em><!--more--><\/p>\n<p>De passage \u00e0 Express FM aujourd&rsquo;hui, jeudi 22 novembre 2018, M. Bela\u00efd a indiqu\u00e9 qu&rsquo;avec\u00a0l&rsquo;\u00e9l\u00e9vation du seuil \u00e9lectoral en Tunisie, les petits partis de gauche et du centre auront de faibles chances d&rsquo;am\u00e9liorer leurs scores lors des prochaines \u00e9lections. Pour \u00e9viter ces faibles scores, ils devraient former des coalitions avant les \u00e9lections, a-t-il ajout\u00e9.<\/p>\n<p>\u00ab<em>Si ces partis ne recueillent pas assez de voix lors des \u00e9lections, c&rsquo;est qu&rsquo;ils n&rsquo;ont pas de place sur la sc\u00e8ne politique. C&rsquo;est pourquoi, je leur demande d&rsquo;abandonner leur \u00e9go\u00efsme. Leurs choix n&rsquo;ont pas abouti, jusque-l\u00e0, \u00e0 des r\u00e9sultats positifs et cela, ils doivent l&rsquo;admettre. Pour augmenter leurs chances \u00e9lectorales,\u00a0ils devraient conclure des coalitions, afin de se donner un r\u00e9el poids sur la sc\u00e8ne politique<\/em>\u00bb, a-t-il d\u00e9clar\u00e9.<\/p>\n<p>Rappelons que Sadok Bela\u00efd avait appel\u00e9, il y a des mois, \u00e0 changer le syst\u00e8me \u00e9lectoral en Tunisie, et ce avant les \u00e9lections de 2019, et de r\u00e9duire le nombre des d\u00e9put\u00e9s.<\/p>\n<p>Notons\u00a0qu&rsquo;un projet d&rsquo;amendement de la loi \u00e9lectorale est actuellement examin\u00e9 par l&rsquo;Assembl\u00e9e des repr\u00e9sentants du peuple (ARP). Le syst\u00e8me \u00e9lectoral actuel,\u00a0qui se base sur le scrutin proportionnel au plus fort reste, a eu pour effet d&rsquo;\u00e9parpiller les voix et d&#8217;emp\u00eacher la constitution\u00a0d&rsquo;une majorit\u00e9 claire capable de gouverner le pays. Le projet de loi vise \u00e0 \u00e9lever le seuil de la proportionnelle \u00e0 10% ou plus pour \u00e9viter, justement, cet \u00e9parpillement. C&rsquo;est ce\u00a0que les partis de gauche rejettent, craignant d&rsquo;\u00eatre \u00e9cart\u00e9 de la course.<\/p>\n<p style=\"text-align: right;\"><strong>E. B. A.<\/strong><\/p>\n<blockquote class=\"wp-embedded-content\" data-secret=\"QmMdSa0XSM\"><p><a href=\"https:\/\/kapitalis.com\/tunisie\/2018\/03\/20\/sadok-belaid-il-faut-changer-le-systeme-electoral-en-tunisie\/\">Sadok Belaid : Il faut changer le syst\u00e8me \u00e9lectoral en Tunisie<\/a><\/p><\/blockquote>\n<p><iframe loading=\"lazy\" class=\"wp-embedded-content\" sandbox=\"allow-scripts\" security=\"restricted\" style=\"position: absolute; clip: rect(1px, 1px, 1px, 1px);\" title=\"\u00ab\u00a0Sadok Belaid : Il faut changer le syst\u00e8me \u00e9lectoral en Tunisie\u00a0\u00bb &#8212; Kapitalis\" src=\"https:\/\/kapitalis.com\/tunisie\/2018\/03\/20\/sadok-belaid-il-faut-changer-le-systeme-electoral-en-tunisie\/embed\/#?secret=9RQP6FNfrv#?secret=QmMdSa0XSM\" data-secret=\"QmMdSa0XSM\" width=\"600\" height=\"338\" frameborder=\"0\" marginwidth=\"0\" marginheight=\"0\" scrolling=\"no\"><\/iframe><\/p>\n","protected":false},"excerpt":{"rendered":"<p>Le professeur\u00a0de droit constitutionnel Sadok Bela\u00efd a appel\u00e9 les partis de gauche et du centre \u00e0 mettre de c\u00f4t\u00e9 leurs calculs politiques \u00e9go\u00efstes.<\/p>\n","protected":false},"author":16,"featured_media":0,"comment_status":"open","ping_status":"open","sticky":false,"template":"","format":"standard","meta":{"footnotes":""},"categories":[997,2433],"tags":[7474,313,11228],"class_list":["post-185130","post","type-post","status-publish","format-standard","hentry","category-politique","category-tunisie","tag-droit-constitutionnel","tag-elections","tag-sadok-belaid"],"yoast_head":"<!-- This site is optimized with the Yoast SEO plugin v26.6 - https:\/\/yoast.com\/wordpress\/plugins\/seo\/ -->\n<title>Bela\u00efd appelle les partis de gauche \u00e0 abandonner leurs calculs \u00e9go\u00efstes - Kapitalis<\/title>\n<meta name=\"robots\" content=\"index, follow, max-snippet:-1, max-image-preview:large, max-video-preview:-1\" \/>\n<link rel=\"canonical\" href=\"https:\/\/kapitalis.com\/tunisie\/2018\/11\/22\/belaid-appelle-les-partis-de-gauche-a-abandonner-leurs-calculs-egoistes\/\" \/>\n<meta property=\"og:locale\" content=\"fr_FR\" \/>\n<meta property=\"og:type\" content=\"article\" \/>\n<meta property=\"og:title\" content=\"Bela\u00efd appelle les partis de gauche \u00e0 abandonner leurs calculs \u00e9go\u00efstes - Kapitalis\" \/>\n<meta property=\"og:description\" content=\"Le professeur\u00a0de droit constitutionnel Sadok Bela\u00efd a appel\u00e9 les partis de gauche et du centre \u00e0 mettre de c\u00f4t\u00e9 leurs calculs politiques \u00e9go\u00efstes.\" \/>\n<meta property=\"og:url\" content=\"https:\/\/kapitalis.com\/tunisie\/2018\/11\/22\/belaid-appelle-les-partis-de-gauche-a-abandonner-leurs-calculs-egoistes\/\" \/>\n<meta property=\"og:site_name\" content=\"Kapitalis\" \/>\n<meta property=\"article:publisher\" content=\"https:\/\/www.facebook.com\/KapitalisInfo\/\" \/>\n<meta property=\"article:published_time\" content=\"2018-11-22T15:29:13+00:00\" \/>\n<meta property=\"article:modified_time\" content=\"2018-11-22T15:34:57+00:00\" \/>\n<meta property=\"og:image\" content=\"http:\/\/kapitalis.com\/tunisie\/wp-content\/uploads\/2018\/03\/Sadok-Belaid.jpg\" \/>\n<meta name=\"author\" content=\"emna benabdallah\" \/>\n<meta name=\"twitter:card\" content=\"summary_large_image\" \/>\n<meta name=\"twitter:creator\" content=\"@KapitalisInfo\" \/>\n<meta name=\"twitter:site\" content=\"@KapitalisInfo\" \/>\n<meta name=\"twitter:label1\" content=\"\u00c9crit par\" \/>\n\t<meta name=\"twitter:data1\" content=\"emna benabdallah\" \/>\n\t<meta name=\"twitter:label2\" content=\"Dur\u00e9e de lecture estim\u00e9e\" \/>\n\t<meta name=\"twitter:data2\" content=\"1 minute\" \/>\n<script type=\"application\/ld+json\" class=\"yoast-schema-graph\">{\"@context\":\"https:\/\/schema.org\",\"@graph\":[{\"@type\":\"Article\",\"@id\":\"https:\/\/kapitalis.com\/tunisie\/2018\/11\/22\/belaid-appelle-les-partis-de-gauche-a-abandonner-leurs-calculs-egoistes\/#article\",\"isPartOf\":{\"@id\":\"https:\/\/kapitalis.com\/tunisie\/2018\/11\/22\/belaid-appelle-les-partis-de-gauche-a-abandonner-leurs-calculs-egoistes\/\"},\"author\":{\"name\":\"emna benabdallah\",\"@id\":\"https:\/\/kapitalis.com\/tunisie\/#\/schema\/person\/2c6e134b2f3369dffcd1daf5f087d28b\"},\"headline\":\"Bela\u00efd appelle les partis de gauche \u00e0 abandonner leurs calculs \u00e9go\u00efstes\",\"datePublished\":\"2018-11-22T15:29:13+00:00\",\"dateModified\":\"2018-11-22T15:34:57+00:00\",\"mainEntityOfPage\":{\"@id\":\"https:\/\/kapitalis.com\/tunisie\/2018\/11\/22\/belaid-appelle-les-partis-de-gauche-a-abandonner-leurs-calculs-egoistes\/\"},\"wordCount\":300,\"commentCount\":1,\"publisher\":{\"@id\":\"https:\/\/kapitalis.com\/tunisie\/#organization\"},\"image\":{\"@id\":\"https:\/\/kapitalis.com\/tunisie\/2018\/11\/22\/belaid-appelle-les-partis-de-gauche-a-abandonner-leurs-calculs-egoistes\/#primaryimage\"},\"thumbnailUrl\":\"http:\/\/kapitalis.com\/tunisie\/wp-content\/uploads\/2018\/03\/Sadok-Belaid.jpg\",\"keywords\":[\"droit constitutionnel\",\"\u00e9lections\",\"Sadok Belaid\"],\"articleSection\":[\"POLITIQUE\",\"Tunisie\"],\"inLanguage\":\"fr-FR\",\"potentialAction\":[{\"@type\":\"CommentAction\",\"name\":\"Comment\",\"target\":[\"https:\/\/kapitalis.com\/tunisie\/2018\/11\/22\/belaid-appelle-les-partis-de-gauche-a-abandonner-leurs-calculs-egoistes\/#respond\"]}]},{\"@type\":\"WebPage\",\"@id\":\"https:\/\/kapitalis.com\/tunisie\/2018\/11\/22\/belaid-appelle-les-partis-de-gauche-a-abandonner-leurs-calculs-egoistes\/\",\"url\":\"https:\/\/kapitalis.com\/tunisie\/2018\/11\/22\/belaid-appelle-les-partis-de-gauche-a-abandonner-leurs-calculs-egoistes\/\",\"name\":\"Bela\u00efd appelle les partis de gauche \u00e0 abandonner leurs calculs \u00e9go\u00efstes - Kapitalis\",\"isPartOf\":{\"@id\":\"https:\/\/kapitalis.com\/tunisie\/#website\"},\"primaryImageOfPage\":{\"@id\":\"https:\/\/kapitalis.com\/tunisie\/2018\/11\/22\/belaid-appelle-les-partis-de-gauche-a-abandonner-leurs-calculs-egoistes\/#primaryimage\"},\"image\":{\"@id\":\"https:\/\/kapitalis.com\/tunisie\/2018\/11\/22\/belaid-appelle-les-partis-de-gauche-a-abandonner-leurs-calculs-egoistes\/#primaryimage\"},\"thumbnailUrl\":\"http:\/\/kapitalis.com\/tunisie\/wp-content\/uploads\/2018\/03\/Sadok-Belaid.jpg\",\"datePublished\":\"2018-11-22T15:29:13+00:00\",\"dateModified\":\"2018-11-22T15:34:57+00:00\",\"breadcrumb\":{\"@id\":\"https:\/\/kapitalis.com\/tunisie\/2018\/11\/22\/belaid-appelle-les-partis-de-gauche-a-abandonner-leurs-calculs-egoistes\/#breadcrumb\"},\"inLanguage\":\"fr-FR\",\"potentialAction\":[{\"@type\":\"ReadAction\",\"target\":[\"https:\/\/kapitalis.com\/tunisie\/2018\/11\/22\/belaid-appelle-les-partis-de-gauche-a-abandonner-leurs-calculs-egoistes\/\"]}]},{\"@type\":\"ImageObject\",\"inLanguage\":\"fr-FR\",\"@id\":\"https:\/\/kapitalis.com\/tunisie\/2018\/11\/22\/belaid-appelle-les-partis-de-gauche-a-abandonner-leurs-calculs-egoistes\/#primaryimage\",\"url\":\"http:\/\/kapitalis.com\/tunisie\/wp-content\/uploads\/2018\/03\/Sadok-Belaid.jpg\",\"contentUrl\":\"http:\/\/kapitalis.com\/tunisie\/wp-content\/uploads\/2018\/03\/Sadok-Belaid.jpg\"},{\"@type\":\"BreadcrumbList\",\"@id\":\"https:\/\/kapitalis.com\/tunisie\/2018\/11\/22\/belaid-appelle-les-partis-de-gauche-a-abandonner-leurs-calculs-egoistes\/#breadcrumb\",\"itemListElement\":[{\"@type\":\"ListItem\",\"position\":1,\"name\":\"Accueil\",\"item\":\"https:\/\/kapitalis.com\/tunisie\/\"},{\"@type\":\"ListItem\",\"position\":2,\"name\":\"Bela\u00efd appelle les partis de gauche \u00e0 abandonner leurs calculs \u00e9go\u00efstes\"}]},{\"@type\":\"WebSite\",\"@id\":\"https:\/\/kapitalis.com\/tunisie\/#website\",\"url\":\"https:\/\/kapitalis.com\/tunisie\/\",\"name\":\"Kapitalis\",\"description\":\"L&#039;actualit\u00e9 en Tunisie et dans le monde\",\"publisher\":{\"@id\":\"https:\/\/kapitalis.com\/tunisie\/#organization\"},\"potentialAction\":[{\"@type\":\"SearchAction\",\"target\":{\"@type\":\"EntryPoint\",\"urlTemplate\":\"https:\/\/kapitalis.com\/tunisie\/?s={search_term_string}\"},\"query-input\":{\"@type\":\"PropertyValueSpecification\",\"valueRequired\":true,\"valueName\":\"search_term_string\"}}],\"inLanguage\":\"fr-FR\"},{\"@type\":\"Organization\",\"@id\":\"https:\/\/kapitalis.com\/tunisie\/#organization\",\"name\":\"Kapitalis\",\"url\":\"https:\/\/kapitalis.com\/tunisie\/\",\"logo\":{\"@type\":\"ImageObject\",\"inLanguage\":\"fr-FR\",\"@id\":\"https:\/\/kapitalis.com\/tunisie\/#\/schema\/logo\/image\/\",\"url\":\"https:\/\/kapitalis.com\/tunisie\/wp-content\/uploads\/2022\/05\/Kapitalis-big-size.png\",\"contentUrl\":\"https:\/\/kapitalis.com\/tunisie\/wp-content\/uploads\/2022\/05\/Kapitalis-big-size.png\",\"width\":5000,\"height\":1500,\"caption\":\"Kapitalis\"},\"image\":{\"@id\":\"https:\/\/kapitalis.com\/tunisie\/#\/schema\/logo\/image\/\"},\"sameAs\":[\"https:\/\/www.facebook.com\/KapitalisInfo\/\",\"https:\/\/x.com\/KapitalisInfo\",\"https:\/\/www.youtube.com\/channel\/UC-yDYrHyfFBWWZaOw3FPg9Q\"]},{\"@type\":\"Person\",\"@id\":\"https:\/\/kapitalis.com\/tunisie\/#\/schema\/person\/2c6e134b2f3369dffcd1daf5f087d28b\",\"name\":\"emna benabdallah\",\"url\":\"https:\/\/kapitalis.com\/tunisie\/author\/emna\/\"}]}<\/script>\n<!-- \/ Yoast SEO plugin. -->","yoast_head_json":{"title":"Bela\u00efd appelle les partis de gauche \u00e0 abandonner leurs calculs \u00e9go\u00efstes - Kapitalis","robots":{"index":"index","follow":"follow","max-snippet":"max-snippet:-1","max-image-preview":"max-image-preview:large","max-video-preview":"max-video-preview:-1"},"canonical":"https:\/\/kapitalis.com\/tunisie\/2018\/11\/22\/belaid-appelle-les-partis-de-gauche-a-abandonner-leurs-calculs-egoistes\/","og_locale":"fr_FR","og_type":"article","og_title":"Bela\u00efd appelle les partis de gauche \u00e0 abandonner leurs calculs \u00e9go\u00efstes - Kapitalis","og_description":"Le professeur\u00a0de droit constitutionnel Sadok Bela\u00efd a appel\u00e9 les partis de gauche et du centre \u00e0 mettre de c\u00f4t\u00e9 leurs calculs politiques \u00e9go\u00efstes.","og_url":"https:\/\/kapitalis.com\/tunisie\/2018\/11\/22\/belaid-appelle-les-partis-de-gauche-a-abandonner-leurs-calculs-egoistes\/","og_site_name":"Kapitalis","article_publisher":"https:\/\/www.facebook.com\/KapitalisInfo\/","article_published_time":"2018-11-22T15:29:13+00:00","article_modified_time":"2018-11-22T15:34:57+00:00","og_image":[{"url":"http:\/\/kapitalis.com\/tunisie\/wp-content\/uploads\/2018\/03\/Sadok-Belaid.jpg","type":"","width":"","height":""}],"author":"emna benabdallah","twitter_card":"summary_large_image","twitter_creator":"@KapitalisInfo","twitter_site":"@KapitalisInfo","twitter_misc":{"\u00c9crit par":"emna benabdallah","Dur\u00e9e de lecture estim\u00e9e":"1 minute"},"schema":{"@context":"https:\/\/schema.org","@graph":[{"@type":"Article","@id":"https:\/\/kapitalis.com\/tunisie\/2018\/11\/22\/belaid-appelle-les-partis-de-gauche-a-abandonner-leurs-calculs-egoistes\/#article","isPartOf":{"@id":"https:\/\/kapitalis.com\/tunisie\/2018\/11\/22\/belaid-appelle-les-partis-de-gauche-a-abandonner-leurs-calculs-egoistes\/"},"author":{"name":"emna benabdallah","@id":"https:\/\/kapitalis.com\/tunisie\/#\/schema\/person\/2c6e134b2f3369dffcd1daf5f087d28b"},"headline":"Bela\u00efd appelle les partis de gauche \u00e0 abandonner leurs calculs \u00e9go\u00efstes","datePublished":"2018-11-22T15:29:13+00:00","dateModified":"2018-11-22T15:34:57+00:00","mainEntityOfPage":{"@id":"https:\/\/kapitalis.com\/tunisie\/2018\/11\/22\/belaid-appelle-les-partis-de-gauche-a-abandonner-leurs-calculs-egoistes\/"},"wordCount":300,"commentCount":1,"publisher":{"@id":"https:\/\/kapitalis.com\/tunisie\/#organization"},"image":{"@id":"https:\/\/kapitalis.com\/tunisie\/2018\/11\/22\/belaid-appelle-les-partis-de-gauche-a-abandonner-leurs-calculs-egoistes\/#primaryimage"},"thumbnailUrl":"http:\/\/kapitalis.com\/tunisie\/wp-content\/uploads\/2018\/03\/Sadok-Belaid.jpg","keywords":["droit constitutionnel","\u00e9lections","Sadok Belaid"],"articleSection":["POLITIQUE","Tunisie"],"inLanguage":"fr-FR","potentialAction":[{"@type":"CommentAction","name":"Comment","target":["https:\/\/kapitalis.com\/tunisie\/2018\/11\/22\/belaid-appelle-les-partis-de-gauche-a-abandonner-leurs-calculs-egoistes\/#respond"]}]},{"@type":"WebPage","@id":"https:\/\/kapitalis.com\/tunisie\/2018\/11\/22\/belaid-appelle-les-partis-de-gauche-a-abandonner-leurs-calculs-egoistes\/","url":"https:\/\/kapitalis.com\/tunisie\/2018\/11\/22\/belaid-appelle-les-partis-de-gauche-a-abandonner-leurs-calculs-egoistes\/","name":"Bela\u00efd appelle les partis de gauche \u00e0 abandonner leurs calculs \u00e9go\u00efstes - Kapitalis","isPartOf":{"@id":"https:\/\/kapitalis.com\/tunisie\/#website"},"primaryImageOfPage":{"@id":"https:\/\/kapitalis.com\/tunisie\/2018\/11\/22\/belaid-appelle-les-partis-de-gauche-a-abandonner-leurs-calculs-egoistes\/#primaryimage"},"image":{"@id":"https:\/\/kapitalis.com\/tunisie\/2018\/11\/22\/belaid-appelle-les-partis-de-gauche-a-abandonner-leurs-calculs-egoistes\/#primaryimage"},"thumbnailUrl":"http:\/\/kapitalis.com\/tunisie\/wp-content\/uploads\/2018\/03\/Sadok-Belaid.jpg","datePublished":"2018-11-22T15:29:13+00:00","dateModified":"2018-11-22T15:34:57+00:00","breadcrumb":{"@id":"https:\/\/kapitalis.com\/tunisie\/2018\/11\/22\/belaid-appelle-les-partis-de-gauche-a-abandonner-leurs-calculs-egoistes\/#breadcrumb"},"inLanguage":"fr-FR","potentialAction":[{"@type":"ReadAction","target":["https:\/\/kapitalis.com\/tunisie\/2018\/11\/22\/belaid-appelle-les-partis-de-gauche-a-abandonner-leurs-calculs-egoistes\/"]}]},{"@type":"ImageObject","inLanguage":"fr-FR","@id":"https:\/\/kapitalis.com\/tunisie\/2018\/11\/22\/belaid-appelle-les-partis-de-gauche-a-abandonner-leurs-calculs-egoistes\/#primaryimage","url":"http:\/\/kapitalis.com\/tunisie\/wp-content\/uploads\/2018\/03\/Sadok-Belaid.jpg","contentUrl":"http:\/\/kapitalis.com\/tunisie\/wp-content\/uploads\/2018\/03\/Sadok-Belaid.jpg"},{"@type":"BreadcrumbList","@id":"https:\/\/kapitalis.com\/tunisie\/2018\/11\/22\/belaid-appelle-les-partis-de-gauche-a-abandonner-leurs-calculs-egoistes\/#breadcrumb","itemListElement":[{"@type":"ListItem","position":1,"name":"Accueil","item":"https:\/\/kapitalis.com\/tunisie\/"},{"@type":"ListItem","position":2,"name":"Bela\u00efd appelle les partis de gauche \u00e0 abandonner leurs calculs \u00e9go\u00efstes"}]},{"@type":"WebSite","@id":"https:\/\/kapitalis.com\/tunisie\/#website","url":"https:\/\/kapitalis.com\/tunisie\/","name":"Kapitalis","description":"L&#039;actualit\u00e9 en Tunisie et dans le monde","publisher":{"@id":"https:\/\/kapitalis.com\/tunisie\/#organization"},"potentialAction":[{"@type":"SearchAction","target":{"@type":"EntryPoint","urlTemplate":"https:\/\/kapitalis.com\/tunisie\/?s={search_term_string}"},"query-input":{"@type":"PropertyValueSpecification","valueRequired":true,"valueName":"search_term_string"}}],"inLanguage":"fr-FR"},{"@type":"Organization","@id":"https:\/\/kapitalis.com\/tunisie\/#organization","name":"Kapitalis","url":"https:\/\/kapitalis.com\/tunisie\/","logo":{"@type":"ImageObject","inLanguage":"fr-FR","@id":"https:\/\/kapitalis.com\/tunisie\/#\/schema\/logo\/image\/","url":"https:\/\/kapitalis.com\/tunisie\/wp-content\/uploads\/2022\/05\/Kapitalis-big-size.png","contentUrl":"https:\/\/kapitalis.com\/tunisie\/wp-content\/uploads\/2022\/05\/Kapitalis-big-size.png","width":5000,"height":1500,"caption":"Kapitalis"},"image":{"@id":"https:\/\/kapitalis.com\/tunisie\/#\/schema\/logo\/image\/"},"sameAs":["https:\/\/www.facebook.com\/KapitalisInfo\/","https:\/\/x.com\/KapitalisInfo","https:\/\/www.youtube.com\/channel\/UC-yDYrHyfFBWWZaOw3FPg9Q"]},{"@type":"Person","@id":"https:\/\/kapitalis.com\/tunisie\/#\/schema\/person\/2c6e134b2f3369dffcd1daf5f087d28b","name":"emna benabdallah","url":"https:\/\/kapitalis.com\/tunisie\/author\/emna\/"}]}},"_links":{"self":[{"href":"https:\/\/kapitalis.com\/tunisie\/wp-json\/wp\/v2\/posts\/185130","targetHints":{"allow":["GET"]}}],"collection":[{"href":"https:\/\/kapitalis.com\/tunisie\/wp-json\/wp\/v2\/posts"}],"about":[{"href":"https:\/\/kapitalis.com\/tunisie\/wp-json\/wp\/v2\/types\/post"}],"author":[{"embeddable":true,"href":"https:\/\/kapitalis.com\/tunisie\/wp-json\/wp\/v2\/users\/16"}],"replies":[{"embeddable":true,"href":"https:\/\/kapitalis.com\/tunisie\/wp-json\/wp\/v2\/comments?post=185130"}],"version-history":[{"count":0,"href":"https:\/\/kapitalis.com\/tunisie\/wp-json\/wp\/v2\/posts\/185130\/revisions"}],"wp:attachment":[{"href":"https:\/\/kapitalis.com\/tunisie\/wp-json\/wp\/v2\/media?parent=185130"}],"wp:term":[{"taxonomy":"category","embeddable":true,"href":"https:\/\/kapitalis.com\/tunisie\/wp-json\/wp\/v2\/categories?post=185130"},{"taxonomy":"post_tag","embeddable":true,"href":"https:\/\/kapitalis.com\/tunisie\/wp-json\/wp\/v2\/tags?post=185130"}],"curies":[{"name":"wp","href":"https:\/\/api.w.org\/{rel}","templated":true}]}}