{"id":185184,"date":"2018-11-22T19:26:19","date_gmt":"2018-11-22T18:26:19","guid":{"rendered":"http:\/\/kapitalis.com\/tunisie\/?p=185184"},"modified":"2018-11-22T19:26:19","modified_gmt":"2018-11-22T18:26:19","slug":"accident-a-el-ala-deces-de-fahd-21-ans-ses-2-cousins-dans-le-coma","status":"publish","type":"post","link":"https:\/\/kapitalis.com\/tunisie\/2018\/11\/22\/accident-a-el-ala-deces-de-fahd-21-ans-ses-2-cousins-dans-le-coma\/","title":{"rendered":"Accident \u00e0 El-Ala : D\u00e9c\u00e8s de Fahd, ses 2 cousins dans le coma"},"content":{"rendered":"<p style=\"text-align: center;\"><img loading=\"lazy\" decoding=\"async\" class=\"alignnone size-full wp-image-185191\" src=\"http:\/\/kapitalis.com\/tunisie\/wp-content\/uploads\/2018\/11\/Accident-El-Ala-Kairouan.jpg\" alt=\"\" width=\"626\" height=\"380\" \/><\/p>\n<p><em><strong>Fahd Baccouchi (21 ans) est d\u00e9c\u00e9d\u00e9 aujourd\u2019hui, jeudi 22 novembre 2018, dans un accident de voiture, \u00e0 El-Ala (Kairouan). Ses deux cousins ont \u00e9t\u00e9 gri\u00e8vement bless\u00e9s et sont dans le coma.<\/strong><\/em><!--more--><\/p>\n<p>Selon les premi\u00e8res informations, Fahd roulait \u00e0 grande vitesse et a perdu contr\u00f4le de sa voiture, qui s\u2019est renvers\u00e9e. Il mourut sur le coup. Amir et Khiri, ses deux cousins, ont \u00e9t\u00e9 transf\u00e9r\u00e9s \u00e0 l\u2019h\u00f4pital des Aghlabides de Kairouan et admis en soins intensifs.<\/p>\n<p>L\u2019un des deux bless\u00e9s est dans un \u00e9tat tr\u00e8s critique, selon les m\u00e9decins.<\/p>\n<p style=\"text-align: right;\"><strong>Y. N.<\/strong><\/p>\n<blockquote class=\"wp-embedded-content\" data-secret=\"KlNRHQVZbd\"><p><a href=\"https:\/\/kapitalis.com\/tunisie\/2018\/11\/10\/ben-arous-deces-de-2-supporteurs-de-lesperance-fauches-par-un-vehicule\/\">Ben Arous : D\u00e9c\u00e8s de 2 supporteurs de l\u2019Esp\u00e9rance fauch\u00e9s par un v\u00e9hicule<\/a><\/p><\/blockquote>\n<p><iframe loading=\"lazy\" class=\"wp-embedded-content\" sandbox=\"allow-scripts\" security=\"restricted\" style=\"position: absolute; clip: rect(1px, 1px, 1px, 1px);\" title=\"\u00ab\u00a0Ben Arous : D\u00e9c\u00e8s de 2 supporteurs de l\u2019Esp\u00e9rance fauch\u00e9s par un v\u00e9hicule\u00a0\u00bb &#8212; Kapitalis\" src=\"https:\/\/kapitalis.com\/tunisie\/2018\/11\/10\/ben-arous-deces-de-2-supporteurs-de-lesperance-fauches-par-un-vehicule\/embed\/#?secret=YahGxs00If#?secret=KlNRHQVZbd\" data-secret=\"KlNRHQVZbd\" width=\"600\" height=\"338\" frameborder=\"0\" marginwidth=\"0\" marginheight=\"0\" scrolling=\"no\"><\/iframe><\/p>\n<blockquote class=\"wp-embedded-content\" data-secret=\"o10woK0dzM\"><p><a href=\"https:\/\/kapitalis.com\/tunisie\/2018\/10\/05\/en-tunisie-les-terroristes-sont-aussi-sur-les-routes\/\">En Tunisie, les terroristes sont aussi sur les routes<\/a><\/p><\/blockquote>\n<p><iframe loading=\"lazy\" class=\"wp-embedded-content\" sandbox=\"allow-scripts\" security=\"restricted\" style=\"position: absolute; clip: rect(1px, 1px, 1px, 1px);\" title=\"\u00ab\u00a0En Tunisie, les terroristes sont aussi sur les routes\u00a0\u00bb &#8212; Kapitalis\" src=\"https:\/\/kapitalis.com\/tunisie\/2018\/10\/05\/en-tunisie-les-terroristes-sont-aussi-sur-les-routes\/embed\/#?secret=ZlgIoUhhBt#?secret=o10woK0dzM\" data-secret=\"o10woK0dzM\" width=\"600\" height=\"338\" frameborder=\"0\" marginwidth=\"0\" marginheight=\"0\" scrolling=\"no\"><\/iframe><\/p>\n","protected":false},"excerpt":{"rendered":"<p>Fahd Baccouchi (21 ans) est d\u00e9c\u00e9d\u00e9 aujourd\u2019hui, jeudi 22 novembre 2018, dans un accident de voiture, \u00e0 El-Ala (Kairouan). Ses deux cousins ont \u00e9t\u00e9 gri\u00e8vement bless\u00e9s et sont dans le coma.<\/p>\n","protected":false},"author":6,"featured_media":185191,"comment_status":"open","ping_status":"open","sticky":false,"template":"","format":"standard","meta":{"footnotes":""},"categories":[998,2433],"tags":[23,1489,2313,637],"class_list":["post-185184","post","type-post","status-publish","format-standard","has-post-thumbnail","hentry","category-societe","category-tunisie","tag-accident","tag-coma","tag-el-ala","tag-mort"],"yoast_head":"<!-- This site is optimized with the Yoast SEO plugin v26.6 - https:\/\/yoast.com\/wordpress\/plugins\/seo\/ -->\n<title>Accident \u00e0 El-Ala : D\u00e9c\u00e8s de Fahd, ses 2 cousins dans le coma - Kapitalis<\/title>\n<meta name=\"robots\" content=\"index, follow, max-snippet:-1, max-image-preview:large, max-video-preview:-1\" \/>\n<link rel=\"canonical\" href=\"https:\/\/kapitalis.com\/tunisie\/2018\/11\/22\/accident-a-el-ala-deces-de-fahd-21-ans-ses-2-cousins-dans-le-coma\/\" \/>\n<meta property=\"og:locale\" content=\"fr_FR\" \/>\n<meta property=\"og:type\" content=\"article\" \/>\n<meta property=\"og:title\" content=\"Accident \u00e0 El-Ala : D\u00e9c\u00e8s de Fahd, ses 2 cousins dans le coma - Kapitalis\" \/>\n<meta property=\"og:description\" content=\"Fahd Baccouchi (21 ans) est d\u00e9c\u00e9d\u00e9 aujourd\u2019hui, jeudi 22 novembre 2018, dans un accident de voiture, \u00e0 El-Ala (Kairouan). Ses deux cousins ont \u00e9t\u00e9 gri\u00e8vement bless\u00e9s et sont dans le coma.\" \/>\n<meta property=\"og:url\" content=\"https:\/\/kapitalis.com\/tunisie\/2018\/11\/22\/accident-a-el-ala-deces-de-fahd-21-ans-ses-2-cousins-dans-le-coma\/\" \/>\n<meta property=\"og:site_name\" content=\"Kapitalis\" \/>\n<meta property=\"article:publisher\" content=\"https:\/\/www.facebook.com\/KapitalisInfo\/\" \/>\n<meta property=\"article:published_time\" content=\"2018-11-22T18:26:19+00:00\" \/>\n<meta property=\"og:image\" content=\"https:\/\/kapitalis.com\/tunisie\/wp-content\/uploads\/2022\/05\/kapitalis-logo-fb.png\" \/>\n\t<meta property=\"og:image:width\" content=\"1200\" \/>\n\t<meta property=\"og:image:height\" content=\"630\" \/>\n\t<meta property=\"og:image:type\" content=\"image\/png\" \/>\n<meta name=\"author\" content=\"Yusra NY\" \/>\n<meta name=\"twitter:card\" content=\"summary_large_image\" \/>\n<meta name=\"twitter:creator\" content=\"@KapitalisInfo\" \/>\n<meta name=\"twitter:site\" content=\"@KapitalisInfo\" \/>\n<meta name=\"twitter:label1\" content=\"\u00c9crit par\" \/>\n\t<meta name=\"twitter:data1\" content=\"Yusra NY\" \/>\n\t<meta name=\"twitter:label2\" content=\"Dur\u00e9e de lecture estim\u00e9e\" \/>\n\t<meta name=\"twitter:data2\" content=\"1 minute\" \/>\n<script type=\"application\/ld+json\" class=\"yoast-schema-graph\">{\"@context\":\"https:\/\/schema.org\",\"@graph\":[{\"@type\":\"Article\",\"@id\":\"https:\/\/kapitalis.com\/tunisie\/2018\/11\/22\/accident-a-el-ala-deces-de-fahd-21-ans-ses-2-cousins-dans-le-coma\/#article\",\"isPartOf\":{\"@id\":\"https:\/\/kapitalis.com\/tunisie\/2018\/11\/22\/accident-a-el-ala-deces-de-fahd-21-ans-ses-2-cousins-dans-le-coma\/\"},\"author\":{\"name\":\"Yusra NY\",\"@id\":\"https:\/\/kapitalis.com\/tunisie\/#\/schema\/person\/74bbde0154d49d790a92aaeac5bc01d5\"},\"headline\":\"Accident \u00e0 El-Ala : D\u00e9c\u00e8s de Fahd, ses 2 cousins dans le coma\",\"datePublished\":\"2018-11-22T18:26:19+00:00\",\"mainEntityOfPage\":{\"@id\":\"https:\/\/kapitalis.com\/tunisie\/2018\/11\/22\/accident-a-el-ala-deces-de-fahd-21-ans-ses-2-cousins-dans-le-coma\/\"},\"wordCount\":124,\"commentCount\":1,\"publisher\":{\"@id\":\"https:\/\/kapitalis.com\/tunisie\/#organization\"},\"image\":{\"@id\":\"https:\/\/kapitalis.com\/tunisie\/2018\/11\/22\/accident-a-el-ala-deces-de-fahd-21-ans-ses-2-cousins-dans-le-coma\/#primaryimage\"},\"thumbnailUrl\":\"\",\"keywords\":[\"accident\",\"coma\",\"El-Ala\",\"mort\"],\"articleSection\":[\"SOCIETE\",\"Tunisie\"],\"inLanguage\":\"fr-FR\",\"potentialAction\":[{\"@type\":\"CommentAction\",\"name\":\"Comment\",\"target\":[\"https:\/\/kapitalis.com\/tunisie\/2018\/11\/22\/accident-a-el-ala-deces-de-fahd-21-ans-ses-2-cousins-dans-le-coma\/#respond\"]}]},{\"@type\":\"WebPage\",\"@id\":\"https:\/\/kapitalis.com\/tunisie\/2018\/11\/22\/accident-a-el-ala-deces-de-fahd-21-ans-ses-2-cousins-dans-le-coma\/\",\"url\":\"https:\/\/kapitalis.com\/tunisie\/2018\/11\/22\/accident-a-el-ala-deces-de-fahd-21-ans-ses-2-cousins-dans-le-coma\/\",\"name\":\"Accident \u00e0 El-Ala : D\u00e9c\u00e8s de Fahd, ses 2 cousins dans le coma - Kapitalis\",\"isPartOf\":{\"@id\":\"https:\/\/kapitalis.com\/tunisie\/#website\"},\"primaryImageOfPage\":{\"@id\":\"https:\/\/kapitalis.com\/tunisie\/2018\/11\/22\/accident-a-el-ala-deces-de-fahd-21-ans-ses-2-cousins-dans-le-coma\/#primaryimage\"},\"image\":{\"@id\":\"https:\/\/kapitalis.com\/tunisie\/2018\/11\/22\/accident-a-el-ala-deces-de-fahd-21-ans-ses-2-cousins-dans-le-coma\/#primaryimage\"},\"thumbnailUrl\":\"\",\"datePublished\":\"2018-11-22T18:26:19+00:00\",\"breadcrumb\":{\"@id\":\"https:\/\/kapitalis.com\/tunisie\/2018\/11\/22\/accident-a-el-ala-deces-de-fahd-21-ans-ses-2-cousins-dans-le-coma\/#breadcrumb\"},\"inLanguage\":\"fr-FR\",\"potentialAction\":[{\"@type\":\"ReadAction\",\"target\":[\"https:\/\/kapitalis.com\/tunisie\/2018\/11\/22\/accident-a-el-ala-deces-de-fahd-21-ans-ses-2-cousins-dans-le-coma\/\"]}]},{\"@type\":\"ImageObject\",\"inLanguage\":\"fr-FR\",\"@id\":\"https:\/\/kapitalis.com\/tunisie\/2018\/11\/22\/accident-a-el-ala-deces-de-fahd-21-ans-ses-2-cousins-dans-le-coma\/#primaryimage\",\"url\":\"\",\"contentUrl\":\"\"},{\"@type\":\"BreadcrumbList\",\"@id\":\"https:\/\/kapitalis.com\/tunisie\/2018\/11\/22\/accident-a-el-ala-deces-de-fahd-21-ans-ses-2-cousins-dans-le-coma\/#breadcrumb\",\"itemListElement\":[{\"@type\":\"ListItem\",\"position\":1,\"name\":\"Accueil\",\"item\":\"https:\/\/kapitalis.com\/tunisie\/\"},{\"@type\":\"ListItem\",\"position\":2,\"name\":\"Accident \u00e0 El-Ala : D\u00e9c\u00e8s de Fahd, ses 2 cousins dans le coma\"}]},{\"@type\":\"WebSite\",\"@id\":\"https:\/\/kapitalis.com\/tunisie\/#website\",\"url\":\"https:\/\/kapitalis.com\/tunisie\/\",\"name\":\"Kapitalis\",\"description\":\"L&#039;actualit\u00e9 en Tunisie et dans le monde\",\"publisher\":{\"@id\":\"https:\/\/kapitalis.com\/tunisie\/#organization\"},\"potentialAction\":[{\"@type\":\"SearchAction\",\"target\":{\"@type\":\"EntryPoint\",\"urlTemplate\":\"https:\/\/kapitalis.com\/tunisie\/?s={search_term_string}\"},\"query-input\":{\"@type\":\"PropertyValueSpecification\",\"valueRequired\":true,\"valueName\":\"search_term_string\"}}],\"inLanguage\":\"fr-FR\"},{\"@type\":\"Organization\",\"@id\":\"https:\/\/kapitalis.com\/tunisie\/#organization\",\"name\":\"Kapitalis\",\"url\":\"https:\/\/kapitalis.com\/tunisie\/\",\"logo\":{\"@type\":\"ImageObject\",\"inLanguage\":\"fr-FR\",\"@id\":\"https:\/\/kapitalis.com\/tunisie\/#\/schema\/logo\/image\/\",\"url\":\"https:\/\/kapitalis.com\/tunisie\/wp-content\/uploads\/2022\/05\/Kapitalis-big-size.png\",\"contentUrl\":\"https:\/\/kapitalis.com\/tunisie\/wp-content\/uploads\/2022\/05\/Kapitalis-big-size.png\",\"width\":5000,\"height\":1500,\"caption\":\"Kapitalis\"},\"image\":{\"@id\":\"https:\/\/kapitalis.com\/tunisie\/#\/schema\/logo\/image\/\"},\"sameAs\":[\"https:\/\/www.facebook.com\/KapitalisInfo\/\",\"https:\/\/x.com\/KapitalisInfo\",\"https:\/\/www.youtube.com\/channel\/UC-yDYrHyfFBWWZaOw3FPg9Q\"]},{\"@type\":\"Person\",\"@id\":\"https:\/\/kapitalis.com\/tunisie\/#\/schema\/person\/74bbde0154d49d790a92aaeac5bc01d5\",\"name\":\"Yusra NY\",\"url\":\"https:\/\/kapitalis.com\/tunisie\/author\/yuza_adam\/\"}]}<\/script>\n<!-- \/ Yoast SEO plugin. -->","yoast_head_json":{"title":"Accident \u00e0 El-Ala : D\u00e9c\u00e8s de Fahd, ses 2 cousins dans le coma - Kapitalis","robots":{"index":"index","follow":"follow","max-snippet":"max-snippet:-1","max-image-preview":"max-image-preview:large","max-video-preview":"max-video-preview:-1"},"canonical":"https:\/\/kapitalis.com\/tunisie\/2018\/11\/22\/accident-a-el-ala-deces-de-fahd-21-ans-ses-2-cousins-dans-le-coma\/","og_locale":"fr_FR","og_type":"article","og_title":"Accident \u00e0 El-Ala : D\u00e9c\u00e8s de Fahd, ses 2 cousins dans le coma - Kapitalis","og_description":"Fahd Baccouchi (21 ans) est d\u00e9c\u00e9d\u00e9 aujourd\u2019hui, jeudi 22 novembre 2018, dans un accident de voiture, \u00e0 El-Ala (Kairouan). Ses deux cousins ont \u00e9t\u00e9 gri\u00e8vement bless\u00e9s et sont dans le coma.","og_url":"https:\/\/kapitalis.com\/tunisie\/2018\/11\/22\/accident-a-el-ala-deces-de-fahd-21-ans-ses-2-cousins-dans-le-coma\/","og_site_name":"Kapitalis","article_publisher":"https:\/\/www.facebook.com\/KapitalisInfo\/","article_published_time":"2018-11-22T18:26:19+00:00","og_image":[{"width":1200,"height":630,"url":"https:\/\/kapitalis.com\/tunisie\/wp-content\/uploads\/2022\/05\/kapitalis-logo-fb.png","type":"image\/png"}],"author":"Yusra NY","twitter_card":"summary_large_image","twitter_creator":"@KapitalisInfo","twitter_site":"@KapitalisInfo","twitter_misc":{"\u00c9crit par":"Yusra NY","Dur\u00e9e de lecture estim\u00e9e":"1 minute"},"schema":{"@context":"https:\/\/schema.org","@graph":[{"@type":"Article","@id":"https:\/\/kapitalis.com\/tunisie\/2018\/11\/22\/accident-a-el-ala-deces-de-fahd-21-ans-ses-2-cousins-dans-le-coma\/#article","isPartOf":{"@id":"https:\/\/kapitalis.com\/tunisie\/2018\/11\/22\/accident-a-el-ala-deces-de-fahd-21-ans-ses-2-cousins-dans-le-coma\/"},"author":{"name":"Yusra NY","@id":"https:\/\/kapitalis.com\/tunisie\/#\/schema\/person\/74bbde0154d49d790a92aaeac5bc01d5"},"headline":"Accident \u00e0 El-Ala : D\u00e9c\u00e8s de Fahd, ses 2 cousins dans le coma","datePublished":"2018-11-22T18:26:19+00:00","mainEntityOfPage":{"@id":"https:\/\/kapitalis.com\/tunisie\/2018\/11\/22\/accident-a-el-ala-deces-de-fahd-21-ans-ses-2-cousins-dans-le-coma\/"},"wordCount":124,"commentCount":1,"publisher":{"@id":"https:\/\/kapitalis.com\/tunisie\/#organization"},"image":{"@id":"https:\/\/kapitalis.com\/tunisie\/2018\/11\/22\/accident-a-el-ala-deces-de-fahd-21-ans-ses-2-cousins-dans-le-coma\/#primaryimage"},"thumbnailUrl":"","keywords":["accident","coma","El-Ala","mort"],"articleSection":["SOCIETE","Tunisie"],"inLanguage":"fr-FR","potentialAction":[{"@type":"CommentAction","name":"Comment","target":["https:\/\/kapitalis.com\/tunisie\/2018\/11\/22\/accident-a-el-ala-deces-de-fahd-21-ans-ses-2-cousins-dans-le-coma\/#respond"]}]},{"@type":"WebPage","@id":"https:\/\/kapitalis.com\/tunisie\/2018\/11\/22\/accident-a-el-ala-deces-de-fahd-21-ans-ses-2-cousins-dans-le-coma\/","url":"https:\/\/kapitalis.com\/tunisie\/2018\/11\/22\/accident-a-el-ala-deces-de-fahd-21-ans-ses-2-cousins-dans-le-coma\/","name":"Accident \u00e0 El-Ala : D\u00e9c\u00e8s de Fahd, ses 2 cousins dans le coma - Kapitalis","isPartOf":{"@id":"https:\/\/kapitalis.com\/tunisie\/#website"},"primaryImageOfPage":{"@id":"https:\/\/kapitalis.com\/tunisie\/2018\/11\/22\/accident-a-el-ala-deces-de-fahd-21-ans-ses-2-cousins-dans-le-coma\/#primaryimage"},"image":{"@id":"https:\/\/kapitalis.com\/tunisie\/2018\/11\/22\/accident-a-el-ala-deces-de-fahd-21-ans-ses-2-cousins-dans-le-coma\/#primaryimage"},"thumbnailUrl":"","datePublished":"2018-11-22T18:26:19+00:00","breadcrumb":{"@id":"https:\/\/kapitalis.com\/tunisie\/2018\/11\/22\/accident-a-el-ala-deces-de-fahd-21-ans-ses-2-cousins-dans-le-coma\/#breadcrumb"},"inLanguage":"fr-FR","potentialAction":[{"@type":"ReadAction","target":["https:\/\/kapitalis.com\/tunisie\/2018\/11\/22\/accident-a-el-ala-deces-de-fahd-21-ans-ses-2-cousins-dans-le-coma\/"]}]},{"@type":"ImageObject","inLanguage":"fr-FR","@id":"https:\/\/kapitalis.com\/tunisie\/2018\/11\/22\/accident-a-el-ala-deces-de-fahd-21-ans-ses-2-cousins-dans-le-coma\/#primaryimage","url":"","contentUrl":""},{"@type":"BreadcrumbList","@id":"https:\/\/kapitalis.com\/tunisie\/2018\/11\/22\/accident-a-el-ala-deces-de-fahd-21-ans-ses-2-cousins-dans-le-coma\/#breadcrumb","itemListElement":[{"@type":"ListItem","position":1,"name":"Accueil","item":"https:\/\/kapitalis.com\/tunisie\/"},{"@type":"ListItem","position":2,"name":"Accident \u00e0 El-Ala : D\u00e9c\u00e8s de Fahd, ses 2 cousins dans le coma"}]},{"@type":"WebSite","@id":"https:\/\/kapitalis.com\/tunisie\/#website","url":"https:\/\/kapitalis.com\/tunisie\/","name":"Kapitalis","description":"L&#039;actualit\u00e9 en Tunisie et dans le monde","publisher":{"@id":"https:\/\/kapitalis.com\/tunisie\/#organization"},"potentialAction":[{"@type":"SearchAction","target":{"@type":"EntryPoint","urlTemplate":"https:\/\/kapitalis.com\/tunisie\/?s={search_term_string}"},"query-input":{"@type":"PropertyValueSpecification","valueRequired":true,"valueName":"search_term_string"}}],"inLanguage":"fr-FR"},{"@type":"Organization","@id":"https:\/\/kapitalis.com\/tunisie\/#organization","name":"Kapitalis","url":"https:\/\/kapitalis.com\/tunisie\/","logo":{"@type":"ImageObject","inLanguage":"fr-FR","@id":"https:\/\/kapitalis.com\/tunisie\/#\/schema\/logo\/image\/","url":"https:\/\/kapitalis.com\/tunisie\/wp-content\/uploads\/2022\/05\/Kapitalis-big-size.png","contentUrl":"https:\/\/kapitalis.com\/tunisie\/wp-content\/uploads\/2022\/05\/Kapitalis-big-size.png","width":5000,"height":1500,"caption":"Kapitalis"},"image":{"@id":"https:\/\/kapitalis.com\/tunisie\/#\/schema\/logo\/image\/"},"sameAs":["https:\/\/www.facebook.com\/KapitalisInfo\/","https:\/\/x.com\/KapitalisInfo","https:\/\/www.youtube.com\/channel\/UC-yDYrHyfFBWWZaOw3FPg9Q"]},{"@type":"Person","@id":"https:\/\/kapitalis.com\/tunisie\/#\/schema\/person\/74bbde0154d49d790a92aaeac5bc01d5","name":"Yusra NY","url":"https:\/\/kapitalis.com\/tunisie\/author\/yuza_adam\/"}]}},"_links":{"self":[{"href":"https:\/\/kapitalis.com\/tunisie\/wp-json\/wp\/v2\/posts\/185184","targetHints":{"allow":["GET"]}}],"collection":[{"href":"https:\/\/kapitalis.com\/tunisie\/wp-json\/wp\/v2\/posts"}],"about":[{"href":"https:\/\/kapitalis.com\/tunisie\/wp-json\/wp\/v2\/types\/post"}],"author":[{"embeddable":true,"href":"https:\/\/kapitalis.com\/tunisie\/wp-json\/wp\/v2\/users\/6"}],"replies":[{"embeddable":true,"href":"https:\/\/kapitalis.com\/tunisie\/wp-json\/wp\/v2\/comments?post=185184"}],"version-history":[{"count":0,"href":"https:\/\/kapitalis.com\/tunisie\/wp-json\/wp\/v2\/posts\/185184\/revisions"}],"wp:featuredmedia":[{"embeddable":true,"href":"https:\/\/kapitalis.com\/tunisie\/wp-json\/wp\/v2\/media\/185191"}],"wp:attachment":[{"href":"https:\/\/kapitalis.com\/tunisie\/wp-json\/wp\/v2\/media?parent=185184"}],"wp:term":[{"taxonomy":"category","embeddable":true,"href":"https:\/\/kapitalis.com\/tunisie\/wp-json\/wp\/v2\/categories?post=185184"},{"taxonomy":"post_tag","embeddable":true,"href":"https:\/\/kapitalis.com\/tunisie\/wp-json\/wp\/v2\/tags?post=185184"}],"curies":[{"name":"wp","href":"https:\/\/api.w.org\/{rel}","templated":true}]}}