{"id":185195,"date":"2018-11-22T18:37:33","date_gmt":"2018-11-22T17:37:33","guid":{"rendered":"http:\/\/kapitalis.com\/tunisie\/?p=185195"},"modified":"2018-11-22T18:37:33","modified_gmt":"2018-11-22T17:37:33","slug":"question-a-m-al-jari-comment-sont-depenses-les-36-mdt-du-budget-de-la-ftf","status":"publish","type":"post","link":"https:\/\/kapitalis.com\/tunisie\/2018\/11\/22\/question-a-m-al-jari-comment-sont-depenses-les-36-mdt-du-budget-de-la-ftf\/","title":{"rendered":"Question \u00e0 M. Al-Jari : Comment sont d\u00e9pens\u00e9s les 36 MDT du budget de la FTF ?"},"content":{"rendered":"<p style=\"text-align: center;\"><img loading=\"lazy\" decoding=\"async\" class=\"alignnone size-full wp-image-94070\" src=\"http:\/\/kapitalis.com\/tunisie\/wp-content\/uploads\/2017\/05\/wadii-el-jeri.jpg\" alt=\"\" width=\"626\" height=\"380\" \/><\/p>\n<p><em><strong>La F\u00e9d\u00e9ration tunisienne de football (FTF) est riche et son budget s\u2019\u00e9l\u00e8ve cette ann\u00e9e 2018 \u00e0 36 millions de dinars tunisiens (MDT), avec une contribution du minist\u00e8re de la Jeunesse et du Sport de 250 000 DT. Son pr\u00e9sident n\u2019en dira pas plus, par droit de r\u00e9serve, dit-il !<\/strong><\/em><\/p>\n<p><!--more--><\/p>\n<p>C\u2019est ce qu\u2019a indiqu\u00e9 le pr\u00e9sident de la FTF, Wadii Al-Jari, lors de la signature, hier, mercredi 21 novembre 2018, du contrat sponsoring avec Kappa, le nouvel \u00e9quipementier des \u00e9quipes de Tunisie.<\/p>\n<p>Ce budget \u00e9tait de 12 MDT \u00e0 l\u2019arriv\u00e9e de Wadi Al-Jari \u00e0 la pr\u00e9sidence de la FTF, en 2012, puis 24 MDT en 2015, ajoute le patron de la FTF, qui pr\u00e9cise que la prime de la Fifa pour la participation de la Tunisie \u00e0 la Coupe du monde 2018 en Russie n\u2019est pas encore arriv\u00e9e.<\/p>\n<p>Le nouveau contrat de sponsoring, qui couvrira les 4 prochaines saisons \u00e0 partir du 1er janvier 2019 et qui met fin au pr\u00e9c\u00e9dent avec Uhlsport, garantit \u00e0 la FTF une recette globale de 7 MDT, avec 1 MDT de bonification selon les r\u00e9sultats.<\/p>\n<p>Pour la Coupe d\u2019Afrique des nations 2019, les Aigles de Carthage joueront avec un maillot sp\u00e9cialement con\u00e7u pour la comp\u00e9tition. En attendant, les s\u00e9lections \u00e9volueront avec des maillots temporaires jusqu\u2019\u00e0 la fin de l\u2019ann\u00e9e en cours.<\/p>\n<p>Reste \u00e0 remarquer que tout ce budget n\u2019a pas son impact souhait\u00e9 sur la gestion et les r\u00e9sultats des \u00e9quipes nationales ni sur la mise en place de programmes de promotion du football.<\/p>\n<p>Quant \u00e0 la transparence, il faut attendre car le pr\u00e9sident de la FTF n\u2019aime pas donner des chiffres, par droit de r\u00e9serve, dit-il. M\u00eame pas \u00e0 l\u2019autorit\u00e9 de tutelle ni \u00e0 ceux qui l\u2019ont \u00e9lu.<\/p>\n<p>No\u00ebl Le Gra\u00ebt, pr\u00e9sident de la F\u00e9d\u00e9ration fran\u00e7aise de football (FTF), championne du monde 2018, se trompe, aux yeux \u00e9videmment de\u2026 Wadii Al-Jari, en publiant les budgets 2018 et 2019 de son organisme! Chacun peut y avoir acc\u00e8s facilement sur le site des 3F. La transparence c\u2019est une qualit\u00e9 et une garantie de bonne gestion!<\/p>\n<p>Ce que l\u2019on sait par contre, c\u2019est que notre bon Wadii national fait dans la <em>\u00abpromotion personnelle\u00bb<\/em> avec des g\u00e9n\u00e9rosit\u00e9s pomp\u00e9es justement dans le budget en faveur des clubs pour les <em>\u00abd\u00e9panner\u00bb<\/em> en cas de manque de liquidit\u00e9s. De quoi rendre jaloux Papa No\u00ebl soi-m\u00eame !<\/p>\n<p style=\"text-align: right;\"><strong>H. M.<\/strong><\/p>\n<blockquote class=\"wp-embedded-content\" data-secret=\"A6kHEq9XFV\"><p><a href=\"https:\/\/kapitalis.com\/tunisie\/2018\/08\/24\/ftf-wadii-al-jari-fait-adopter-des-reglements-sur-mesure\/\">FTF : Wadii Al Jari fait adopter des r\u00e8glements sur mesure<\/a><\/p><\/blockquote>\n<p><iframe loading=\"lazy\" class=\"wp-embedded-content\" sandbox=\"allow-scripts\" security=\"restricted\" style=\"position: absolute; clip: rect(1px, 1px, 1px, 1px);\" title=\"\u00ab\u00a0FTF : Wadii Al Jari fait adopter des r\u00e8glements sur mesure\u00a0\u00bb &#8212; Kapitalis\" src=\"https:\/\/kapitalis.com\/tunisie\/2018\/08\/24\/ftf-wadii-al-jari-fait-adopter-des-reglements-sur-mesure\/embed\/#?secret=DOdD1lHui9#?secret=A6kHEq9XFV\" data-secret=\"A6kHEq9XFV\" width=\"600\" height=\"338\" frameborder=\"0\" marginwidth=\"0\" marginheight=\"0\" scrolling=\"no\"><\/iframe><\/p>\n<blockquote class=\"wp-embedded-content\" data-secret=\"xsnqaPo9Nu\"><p><a href=\"https:\/\/kapitalis.com\/tunisie\/2018\/07\/20\/le-football-tunisien-a-la-merci-dun-dictateur-nomme-wadii-al-jari\/\">Le football tunisien \u00e0 la merci d\u2019un dictateur nomm\u00e9 Wadii Al Jari<\/a><\/p><\/blockquote>\n<p><iframe loading=\"lazy\" class=\"wp-embedded-content\" sandbox=\"allow-scripts\" security=\"restricted\" style=\"position: absolute; clip: rect(1px, 1px, 1px, 1px);\" title=\"\u00ab\u00a0Le football tunisien \u00e0 la merci d\u2019un dictateur nomm\u00e9 Wadii Al Jari\u00a0\u00bb &#8212; Kapitalis\" src=\"https:\/\/kapitalis.com\/tunisie\/2018\/07\/20\/le-football-tunisien-a-la-merci-dun-dictateur-nomme-wadii-al-jari\/embed\/#?secret=yogj3aewLP#?secret=xsnqaPo9Nu\" data-secret=\"xsnqaPo9Nu\" width=\"600\" height=\"338\" frameborder=\"0\" marginwidth=\"0\" marginheight=\"0\" scrolling=\"no\"><\/iframe><\/p>\n","protected":false},"excerpt":{"rendered":"<p>La F\u00e9d\u00e9ration tunisienne de football (FTF) est riche et son budget s\u2019\u00e9l\u00e8ve cette ann\u00e9e 2018 \u00e0 36 millions de dinars tunisiens (MDT), avec une contribution du minist\u00e8re de la Jeunesse et du Sport de 250 000 DT. Son pr\u00e9sident n\u2019en dira pas plus, par droit de r\u00e9serve, dit-il !<\/p>\n","protected":false},"author":8,"featured_media":0,"comment_status":"open","ping_status":"open","sticky":false,"template":"","format":"standard","meta":{"footnotes":""},"categories":[999,2433],"tags":[4195,173,376,35301],"class_list":["post-185195","post","type-post","status-publish","format-standard","hentry","category-sport","category-tunisie","tag-aigles-de-carthage","tag-budget","tag-federation-tunisienne-de-football","tag-wadii-al-jari"],"yoast_head":"<!-- This site is optimized with the Yoast SEO plugin v26.6 - https:\/\/yoast.com\/wordpress\/plugins\/seo\/ -->\n<title>Question \u00e0 M. Al-Jari : Comment sont d\u00e9pens\u00e9s les 36 MDT du budget de la FTF ? - Kapitalis<\/title>\n<meta name=\"robots\" content=\"index, follow, max-snippet:-1, max-image-preview:large, max-video-preview:-1\" \/>\n<link rel=\"canonical\" href=\"https:\/\/kapitalis.com\/tunisie\/2018\/11\/22\/question-a-m-al-jari-comment-sont-depenses-les-36-mdt-du-budget-de-la-ftf\/\" \/>\n<meta property=\"og:locale\" content=\"fr_FR\" \/>\n<meta property=\"og:type\" content=\"article\" \/>\n<meta property=\"og:title\" content=\"Question \u00e0 M. Al-Jari : Comment sont d\u00e9pens\u00e9s les 36 MDT du budget de la FTF ? - Kapitalis\" \/>\n<meta property=\"og:description\" content=\"La F\u00e9d\u00e9ration tunisienne de football (FTF) est riche et son budget s\u2019\u00e9l\u00e8ve cette ann\u00e9e 2018 \u00e0 36 millions de dinars tunisiens (MDT), avec une contribution du minist\u00e8re de la Jeunesse et du Sport de 250 000 DT. Son pr\u00e9sident n\u2019en dira pas plus, par droit de r\u00e9serve, dit-il !\" \/>\n<meta property=\"og:url\" content=\"https:\/\/kapitalis.com\/tunisie\/2018\/11\/22\/question-a-m-al-jari-comment-sont-depenses-les-36-mdt-du-budget-de-la-ftf\/\" \/>\n<meta property=\"og:site_name\" content=\"Kapitalis\" \/>\n<meta property=\"article:publisher\" content=\"https:\/\/www.facebook.com\/KapitalisInfo\/\" \/>\n<meta property=\"article:published_time\" content=\"2018-11-22T17:37:33+00:00\" \/>\n<meta property=\"og:image\" content=\"http:\/\/kapitalis.com\/tunisie\/wp-content\/uploads\/2017\/05\/wadii-el-jeri.jpg\" \/>\n<meta name=\"author\" content=\"webmaster kapitalis\" \/>\n<meta name=\"twitter:card\" content=\"summary_large_image\" \/>\n<meta name=\"twitter:creator\" content=\"@KapitalisInfo\" \/>\n<meta name=\"twitter:site\" content=\"@KapitalisInfo\" \/>\n<meta name=\"twitter:label1\" content=\"\u00c9crit par\" \/>\n\t<meta name=\"twitter:data1\" content=\"webmaster kapitalis\" \/>\n\t<meta name=\"twitter:label2\" content=\"Dur\u00e9e de lecture estim\u00e9e\" \/>\n\t<meta name=\"twitter:data2\" content=\"2 minutes\" \/>\n<script type=\"application\/ld+json\" class=\"yoast-schema-graph\">{\"@context\":\"https:\/\/schema.org\",\"@graph\":[{\"@type\":\"Article\",\"@id\":\"https:\/\/kapitalis.com\/tunisie\/2018\/11\/22\/question-a-m-al-jari-comment-sont-depenses-les-36-mdt-du-budget-de-la-ftf\/#article\",\"isPartOf\":{\"@id\":\"https:\/\/kapitalis.com\/tunisie\/2018\/11\/22\/question-a-m-al-jari-comment-sont-depenses-les-36-mdt-du-budget-de-la-ftf\/\"},\"author\":{\"name\":\"webmaster kapitalis\",\"@id\":\"https:\/\/kapitalis.com\/tunisie\/#\/schema\/person\/d71f33a9ca44f7bad4698210b480c8e9\"},\"headline\":\"Question \u00e0 M. Al-Jari : Comment sont d\u00e9pens\u00e9s les 36 MDT du budget de la FTF ?\",\"datePublished\":\"2018-11-22T17:37:33+00:00\",\"mainEntityOfPage\":{\"@id\":\"https:\/\/kapitalis.com\/tunisie\/2018\/11\/22\/question-a-m-al-jari-comment-sont-depenses-les-36-mdt-du-budget-de-la-ftf\/\"},\"wordCount\":435,\"commentCount\":3,\"publisher\":{\"@id\":\"https:\/\/kapitalis.com\/tunisie\/#organization\"},\"image\":{\"@id\":\"https:\/\/kapitalis.com\/tunisie\/2018\/11\/22\/question-a-m-al-jari-comment-sont-depenses-les-36-mdt-du-budget-de-la-ftf\/#primaryimage\"},\"thumbnailUrl\":\"http:\/\/kapitalis.com\/tunisie\/wp-content\/uploads\/2017\/05\/wadii-el-jeri.jpg\",\"keywords\":[\"aigles de Carthage\",\"budget\",\"F\u00e9d\u00e9ration tunisienne de football\",\"Wadii Al-Jari\"],\"articleSection\":[\"SPORT\",\"Tunisie\"],\"inLanguage\":\"fr-FR\",\"potentialAction\":[{\"@type\":\"CommentAction\",\"name\":\"Comment\",\"target\":[\"https:\/\/kapitalis.com\/tunisie\/2018\/11\/22\/question-a-m-al-jari-comment-sont-depenses-les-36-mdt-du-budget-de-la-ftf\/#respond\"]}]},{\"@type\":\"WebPage\",\"@id\":\"https:\/\/kapitalis.com\/tunisie\/2018\/11\/22\/question-a-m-al-jari-comment-sont-depenses-les-36-mdt-du-budget-de-la-ftf\/\",\"url\":\"https:\/\/kapitalis.com\/tunisie\/2018\/11\/22\/question-a-m-al-jari-comment-sont-depenses-les-36-mdt-du-budget-de-la-ftf\/\",\"name\":\"Question \u00e0 M. Al-Jari : Comment sont d\u00e9pens\u00e9s les 36 MDT du budget de la FTF ? - Kapitalis\",\"isPartOf\":{\"@id\":\"https:\/\/kapitalis.com\/tunisie\/#website\"},\"primaryImageOfPage\":{\"@id\":\"https:\/\/kapitalis.com\/tunisie\/2018\/11\/22\/question-a-m-al-jari-comment-sont-depenses-les-36-mdt-du-budget-de-la-ftf\/#primaryimage\"},\"image\":{\"@id\":\"https:\/\/kapitalis.com\/tunisie\/2018\/11\/22\/question-a-m-al-jari-comment-sont-depenses-les-36-mdt-du-budget-de-la-ftf\/#primaryimage\"},\"thumbnailUrl\":\"http:\/\/kapitalis.com\/tunisie\/wp-content\/uploads\/2017\/05\/wadii-el-jeri.jpg\",\"datePublished\":\"2018-11-22T17:37:33+00:00\",\"breadcrumb\":{\"@id\":\"https:\/\/kapitalis.com\/tunisie\/2018\/11\/22\/question-a-m-al-jari-comment-sont-depenses-les-36-mdt-du-budget-de-la-ftf\/#breadcrumb\"},\"inLanguage\":\"fr-FR\",\"potentialAction\":[{\"@type\":\"ReadAction\",\"target\":[\"https:\/\/kapitalis.com\/tunisie\/2018\/11\/22\/question-a-m-al-jari-comment-sont-depenses-les-36-mdt-du-budget-de-la-ftf\/\"]}]},{\"@type\":\"ImageObject\",\"inLanguage\":\"fr-FR\",\"@id\":\"https:\/\/kapitalis.com\/tunisie\/2018\/11\/22\/question-a-m-al-jari-comment-sont-depenses-les-36-mdt-du-budget-de-la-ftf\/#primaryimage\",\"url\":\"http:\/\/kapitalis.com\/tunisie\/wp-content\/uploads\/2017\/05\/wadii-el-jeri.jpg\",\"contentUrl\":\"http:\/\/kapitalis.com\/tunisie\/wp-content\/uploads\/2017\/05\/wadii-el-jeri.jpg\"},{\"@type\":\"BreadcrumbList\",\"@id\":\"https:\/\/kapitalis.com\/tunisie\/2018\/11\/22\/question-a-m-al-jari-comment-sont-depenses-les-36-mdt-du-budget-de-la-ftf\/#breadcrumb\",\"itemListElement\":[{\"@type\":\"ListItem\",\"position\":1,\"name\":\"Accueil\",\"item\":\"https:\/\/kapitalis.com\/tunisie\/\"},{\"@type\":\"ListItem\",\"position\":2,\"name\":\"Question \u00e0 M. Al-Jari : Comment sont d\u00e9pens\u00e9s les 36 MDT du budget de la FTF ?\"}]},{\"@type\":\"WebSite\",\"@id\":\"https:\/\/kapitalis.com\/tunisie\/#website\",\"url\":\"https:\/\/kapitalis.com\/tunisie\/\",\"name\":\"Kapitalis\",\"description\":\"L&#039;actualit\u00e9 en Tunisie et dans le monde\",\"publisher\":{\"@id\":\"https:\/\/kapitalis.com\/tunisie\/#organization\"},\"potentialAction\":[{\"@type\":\"SearchAction\",\"target\":{\"@type\":\"EntryPoint\",\"urlTemplate\":\"https:\/\/kapitalis.com\/tunisie\/?s={search_term_string}\"},\"query-input\":{\"@type\":\"PropertyValueSpecification\",\"valueRequired\":true,\"valueName\":\"search_term_string\"}}],\"inLanguage\":\"fr-FR\"},{\"@type\":\"Organization\",\"@id\":\"https:\/\/kapitalis.com\/tunisie\/#organization\",\"name\":\"Kapitalis\",\"url\":\"https:\/\/kapitalis.com\/tunisie\/\",\"logo\":{\"@type\":\"ImageObject\",\"inLanguage\":\"fr-FR\",\"@id\":\"https:\/\/kapitalis.com\/tunisie\/#\/schema\/logo\/image\/\",\"url\":\"https:\/\/kapitalis.com\/tunisie\/wp-content\/uploads\/2022\/05\/Kapitalis-big-size.png\",\"contentUrl\":\"https:\/\/kapitalis.com\/tunisie\/wp-content\/uploads\/2022\/05\/Kapitalis-big-size.png\",\"width\":5000,\"height\":1500,\"caption\":\"Kapitalis\"},\"image\":{\"@id\":\"https:\/\/kapitalis.com\/tunisie\/#\/schema\/logo\/image\/\"},\"sameAs\":[\"https:\/\/www.facebook.com\/KapitalisInfo\/\",\"https:\/\/x.com\/KapitalisInfo\",\"https:\/\/www.youtube.com\/channel\/UC-yDYrHyfFBWWZaOw3FPg9Q\"]},{\"@type\":\"Person\",\"@id\":\"https:\/\/kapitalis.com\/tunisie\/#\/schema\/person\/d71f33a9ca44f7bad4698210b480c8e9\",\"name\":\"webmaster kapitalis\",\"url\":\"https:\/\/kapitalis.com\/tunisie\/author\/webmaster-kapitalis\/\"}]}<\/script>\n<!-- \/ Yoast SEO plugin. -->","yoast_head_json":{"title":"Question \u00e0 M. Al-Jari : Comment sont d\u00e9pens\u00e9s les 36 MDT du budget de la FTF ? - Kapitalis","robots":{"index":"index","follow":"follow","max-snippet":"max-snippet:-1","max-image-preview":"max-image-preview:large","max-video-preview":"max-video-preview:-1"},"canonical":"https:\/\/kapitalis.com\/tunisie\/2018\/11\/22\/question-a-m-al-jari-comment-sont-depenses-les-36-mdt-du-budget-de-la-ftf\/","og_locale":"fr_FR","og_type":"article","og_title":"Question \u00e0 M. Al-Jari : Comment sont d\u00e9pens\u00e9s les 36 MDT du budget de la FTF ? - Kapitalis","og_description":"La F\u00e9d\u00e9ration tunisienne de football (FTF) est riche et son budget s\u2019\u00e9l\u00e8ve cette ann\u00e9e 2018 \u00e0 36 millions de dinars tunisiens (MDT), avec une contribution du minist\u00e8re de la Jeunesse et du Sport de 250 000 DT. Son pr\u00e9sident n\u2019en dira pas plus, par droit de r\u00e9serve, dit-il !","og_url":"https:\/\/kapitalis.com\/tunisie\/2018\/11\/22\/question-a-m-al-jari-comment-sont-depenses-les-36-mdt-du-budget-de-la-ftf\/","og_site_name":"Kapitalis","article_publisher":"https:\/\/www.facebook.com\/KapitalisInfo\/","article_published_time":"2018-11-22T17:37:33+00:00","og_image":[{"url":"http:\/\/kapitalis.com\/tunisie\/wp-content\/uploads\/2017\/05\/wadii-el-jeri.jpg","type":"","width":"","height":""}],"author":"webmaster kapitalis","twitter_card":"summary_large_image","twitter_creator":"@KapitalisInfo","twitter_site":"@KapitalisInfo","twitter_misc":{"\u00c9crit par":"webmaster kapitalis","Dur\u00e9e de lecture estim\u00e9e":"2 minutes"},"schema":{"@context":"https:\/\/schema.org","@graph":[{"@type":"Article","@id":"https:\/\/kapitalis.com\/tunisie\/2018\/11\/22\/question-a-m-al-jari-comment-sont-depenses-les-36-mdt-du-budget-de-la-ftf\/#article","isPartOf":{"@id":"https:\/\/kapitalis.com\/tunisie\/2018\/11\/22\/question-a-m-al-jari-comment-sont-depenses-les-36-mdt-du-budget-de-la-ftf\/"},"author":{"name":"webmaster kapitalis","@id":"https:\/\/kapitalis.com\/tunisie\/#\/schema\/person\/d71f33a9ca44f7bad4698210b480c8e9"},"headline":"Question \u00e0 M. Al-Jari : Comment sont d\u00e9pens\u00e9s les 36 MDT du budget de la FTF ?","datePublished":"2018-11-22T17:37:33+00:00","mainEntityOfPage":{"@id":"https:\/\/kapitalis.com\/tunisie\/2018\/11\/22\/question-a-m-al-jari-comment-sont-depenses-les-36-mdt-du-budget-de-la-ftf\/"},"wordCount":435,"commentCount":3,"publisher":{"@id":"https:\/\/kapitalis.com\/tunisie\/#organization"},"image":{"@id":"https:\/\/kapitalis.com\/tunisie\/2018\/11\/22\/question-a-m-al-jari-comment-sont-depenses-les-36-mdt-du-budget-de-la-ftf\/#primaryimage"},"thumbnailUrl":"http:\/\/kapitalis.com\/tunisie\/wp-content\/uploads\/2017\/05\/wadii-el-jeri.jpg","keywords":["aigles de Carthage","budget","F\u00e9d\u00e9ration tunisienne de football","Wadii Al-Jari"],"articleSection":["SPORT","Tunisie"],"inLanguage":"fr-FR","potentialAction":[{"@type":"CommentAction","name":"Comment","target":["https:\/\/kapitalis.com\/tunisie\/2018\/11\/22\/question-a-m-al-jari-comment-sont-depenses-les-36-mdt-du-budget-de-la-ftf\/#respond"]}]},{"@type":"WebPage","@id":"https:\/\/kapitalis.com\/tunisie\/2018\/11\/22\/question-a-m-al-jari-comment-sont-depenses-les-36-mdt-du-budget-de-la-ftf\/","url":"https:\/\/kapitalis.com\/tunisie\/2018\/11\/22\/question-a-m-al-jari-comment-sont-depenses-les-36-mdt-du-budget-de-la-ftf\/","name":"Question \u00e0 M. Al-Jari : Comment sont d\u00e9pens\u00e9s les 36 MDT du budget de la FTF ? - Kapitalis","isPartOf":{"@id":"https:\/\/kapitalis.com\/tunisie\/#website"},"primaryImageOfPage":{"@id":"https:\/\/kapitalis.com\/tunisie\/2018\/11\/22\/question-a-m-al-jari-comment-sont-depenses-les-36-mdt-du-budget-de-la-ftf\/#primaryimage"},"image":{"@id":"https:\/\/kapitalis.com\/tunisie\/2018\/11\/22\/question-a-m-al-jari-comment-sont-depenses-les-36-mdt-du-budget-de-la-ftf\/#primaryimage"},"thumbnailUrl":"http:\/\/kapitalis.com\/tunisie\/wp-content\/uploads\/2017\/05\/wadii-el-jeri.jpg","datePublished":"2018-11-22T17:37:33+00:00","breadcrumb":{"@id":"https:\/\/kapitalis.com\/tunisie\/2018\/11\/22\/question-a-m-al-jari-comment-sont-depenses-les-36-mdt-du-budget-de-la-ftf\/#breadcrumb"},"inLanguage":"fr-FR","potentialAction":[{"@type":"ReadAction","target":["https:\/\/kapitalis.com\/tunisie\/2018\/11\/22\/question-a-m-al-jari-comment-sont-depenses-les-36-mdt-du-budget-de-la-ftf\/"]}]},{"@type":"ImageObject","inLanguage":"fr-FR","@id":"https:\/\/kapitalis.com\/tunisie\/2018\/11\/22\/question-a-m-al-jari-comment-sont-depenses-les-36-mdt-du-budget-de-la-ftf\/#primaryimage","url":"http:\/\/kapitalis.com\/tunisie\/wp-content\/uploads\/2017\/05\/wadii-el-jeri.jpg","contentUrl":"http:\/\/kapitalis.com\/tunisie\/wp-content\/uploads\/2017\/05\/wadii-el-jeri.jpg"},{"@type":"BreadcrumbList","@id":"https:\/\/kapitalis.com\/tunisie\/2018\/11\/22\/question-a-m-al-jari-comment-sont-depenses-les-36-mdt-du-budget-de-la-ftf\/#breadcrumb","itemListElement":[{"@type":"ListItem","position":1,"name":"Accueil","item":"https:\/\/kapitalis.com\/tunisie\/"},{"@type":"ListItem","position":2,"name":"Question \u00e0 M. Al-Jari : Comment sont d\u00e9pens\u00e9s les 36 MDT du budget de la FTF ?"}]},{"@type":"WebSite","@id":"https:\/\/kapitalis.com\/tunisie\/#website","url":"https:\/\/kapitalis.com\/tunisie\/","name":"Kapitalis","description":"L&#039;actualit\u00e9 en Tunisie et dans le monde","publisher":{"@id":"https:\/\/kapitalis.com\/tunisie\/#organization"},"potentialAction":[{"@type":"SearchAction","target":{"@type":"EntryPoint","urlTemplate":"https:\/\/kapitalis.com\/tunisie\/?s={search_term_string}"},"query-input":{"@type":"PropertyValueSpecification","valueRequired":true,"valueName":"search_term_string"}}],"inLanguage":"fr-FR"},{"@type":"Organization","@id":"https:\/\/kapitalis.com\/tunisie\/#organization","name":"Kapitalis","url":"https:\/\/kapitalis.com\/tunisie\/","logo":{"@type":"ImageObject","inLanguage":"fr-FR","@id":"https:\/\/kapitalis.com\/tunisie\/#\/schema\/logo\/image\/","url":"https:\/\/kapitalis.com\/tunisie\/wp-content\/uploads\/2022\/05\/Kapitalis-big-size.png","contentUrl":"https:\/\/kapitalis.com\/tunisie\/wp-content\/uploads\/2022\/05\/Kapitalis-big-size.png","width":5000,"height":1500,"caption":"Kapitalis"},"image":{"@id":"https:\/\/kapitalis.com\/tunisie\/#\/schema\/logo\/image\/"},"sameAs":["https:\/\/www.facebook.com\/KapitalisInfo\/","https:\/\/x.com\/KapitalisInfo","https:\/\/www.youtube.com\/channel\/UC-yDYrHyfFBWWZaOw3FPg9Q"]},{"@type":"Person","@id":"https:\/\/kapitalis.com\/tunisie\/#\/schema\/person\/d71f33a9ca44f7bad4698210b480c8e9","name":"webmaster kapitalis","url":"https:\/\/kapitalis.com\/tunisie\/author\/webmaster-kapitalis\/"}]}},"_links":{"self":[{"href":"https:\/\/kapitalis.com\/tunisie\/wp-json\/wp\/v2\/posts\/185195","targetHints":{"allow":["GET"]}}],"collection":[{"href":"https:\/\/kapitalis.com\/tunisie\/wp-json\/wp\/v2\/posts"}],"about":[{"href":"https:\/\/kapitalis.com\/tunisie\/wp-json\/wp\/v2\/types\/post"}],"author":[{"embeddable":true,"href":"https:\/\/kapitalis.com\/tunisie\/wp-json\/wp\/v2\/users\/8"}],"replies":[{"embeddable":true,"href":"https:\/\/kapitalis.com\/tunisie\/wp-json\/wp\/v2\/comments?post=185195"}],"version-history":[{"count":0,"href":"https:\/\/kapitalis.com\/tunisie\/wp-json\/wp\/v2\/posts\/185195\/revisions"}],"wp:attachment":[{"href":"https:\/\/kapitalis.com\/tunisie\/wp-json\/wp\/v2\/media?parent=185195"}],"wp:term":[{"taxonomy":"category","embeddable":true,"href":"https:\/\/kapitalis.com\/tunisie\/wp-json\/wp\/v2\/categories?post=185195"},{"taxonomy":"post_tag","embeddable":true,"href":"https:\/\/kapitalis.com\/tunisie\/wp-json\/wp\/v2\/tags?post=185195"}],"curies":[{"name":"wp","href":"https:\/\/api.w.org\/{rel}","templated":true}]}}