{"id":18522418,"date":"2026-03-26T23:09:44","date_gmt":"2026-03-26T22:09:44","guid":{"rendered":"https:\/\/kapitalis.com\/tunisie\/?p=18522418"},"modified":"2026-03-26T23:17:23","modified_gmt":"2026-03-26T22:17:23","slug":"tunis-journee-mondiale-de-leau-a-la-cite-des-sciences","status":"publish","type":"post","link":"https:\/\/kapitalis.com\/tunisie\/2026\/03\/26\/tunis-journee-mondiale-de-leau-a-la-cite-des-sciences\/","title":{"rendered":"Tunis | Journ\u00e9e mondiale de l\u2019eau \u00e0 la Cit\u00e9 des sciences"},"content":{"rendered":"\n<p><strong><em>\u00c0 l\u2019occasion de la Journ\u00e9e mondiale de l\u2019Eau, la Cit\u00e9 des sciences \u00e0 Tunis (CST) c\u00e9l\u00e8bre, le 4 avril 2026, une journ\u00e9e d\u00e9di\u00e9e \u00e0 cette ressource essentielle.<\/em><\/strong><\/p>\n\n\n\n<!--more-->\n\n\n\n<p>Cette manifestation, programm\u00e9e Pavillon Explora \u00e0 la CST, vise \u00e0 sensibiliser le grand public \u00e0 l\u2019importance de l\u2019eau dans nos soci\u00e9t\u00e9s et \u00e0 la n\u00e9cessit\u00e9 de pr\u00e9server cette ressource vitale.<\/p>\n\n\n\n<p>\u00c0 travers cette initiative, la Cit\u00e9 des Sciences se mobilise pour promouvoir une gestion durable de l\u2019eau, indispensable pour garantir l\u2019acc\u00e8s \u00e0 cette ressource aux g\u00e9n\u00e9rations pr\u00e9sentes et futures.<\/p>\n\n\n\n<p>\u00c0 cette occasion, un programme riche et vari\u00e9 sera propos\u00e9, comprenant notamment des interventions de sp\u00e9cialistes du domaine pr\u00e9sentant des donn\u00e9es et enjeux nationaux li\u00e9s \u00e0 l\u2019eau, des expositions scientifiques, des ateliers et d\u00e9monstrations scientifiques, des activit\u00e9s interactives permettant de d\u00e9couvrir les propri\u00e9t\u00e9s physico-chimiques de l\u2019eau \u00e0 travers des exp\u00e9riences spectaculaires, telles que la fus\u00e9e \u00e0 eau, des ateliers pour enfants pour sensibiliser \u00e0 l\u2019\u00e9conomie de l\u2019eau et du th\u00e9\u00e2tre pour enfants.<\/p>\n\n\n\n<p>Notons que cet \u00e9v\u00e8nement est organis\u00e9 en collaboration avec le Centre de recherches et des technologies des eaux (CERTE), la Soci\u00e9t\u00e9 nationale d\u2019exploitation et de distribution des eaux (Sonede) , l\u2019Institut de Recherche pour le d\u00e9veloppement (IRD) et l\u2019Association la Recherche en Action (REACT.)<\/p>\n","protected":false},"excerpt":{"rendered":"<p>\u00c0 l\u2019occasion de la Journ\u00e9e mondiale de l\u2019Eau, la Cit\u00e9 des sciences \u00e0 Tunis (CST) c\u00e9l\u00e8bre, le 4 avril 2026, une journ\u00e9e d\u00e9di\u00e9e \u00e0 cette ressource essentielle.<\/p>\n","protected":false},"author":6,"featured_media":18522461,"comment_status":"open","ping_status":"open","sticky":false,"template":"","format":"standard","meta":{"footnotes":""},"categories":[99475,998,2433],"tags":[20351,105460,76574,849,62643],"class_list":["post-18522418","post","type-post","status-publish","format-standard","has-post-thumbnail","hentry","category-science","category-societe","category-tunisie","tag-cite-des-sciences","tag-cst","tag-journee-mondiale-de-leau-2","tag-sonede","tag-tunisie"],"yoast_head":"<!-- This site is optimized with the Yoast SEO plugin v26.6 - https:\/\/yoast.com\/wordpress\/plugins\/seo\/ -->\n<title>Tunis | Journ\u00e9e mondiale de l\u2019eau \u00e0 la Cit\u00e9 des sciences - Kapitalis<\/title>\n<meta name=\"robots\" content=\"index, follow, max-snippet:-1, max-image-preview:large, max-video-preview:-1\" \/>\n<link rel=\"canonical\" href=\"https:\/\/kapitalis.com\/tunisie\/2026\/03\/26\/tunis-journee-mondiale-de-leau-a-la-cite-des-sciences\/\" \/>\n<meta property=\"og:locale\" content=\"fr_FR\" \/>\n<meta property=\"og:type\" content=\"article\" \/>\n<meta property=\"og:title\" content=\"Tunis | Journ\u00e9e mondiale de l\u2019eau \u00e0 la Cit\u00e9 des sciences - Kapitalis\" \/>\n<meta property=\"og:description\" content=\"\u00c0 l\u2019occasion de la Journ\u00e9e mondiale de l\u2019Eau, la Cit\u00e9 des sciences \u00e0 Tunis (CST) c\u00e9l\u00e8bre, le 4 avril 2026, une journ\u00e9e d\u00e9di\u00e9e \u00e0 cette ressource essentielle.\" \/>\n<meta property=\"og:url\" content=\"https:\/\/kapitalis.com\/tunisie\/2026\/03\/26\/tunis-journee-mondiale-de-leau-a-la-cite-des-sciences\/\" \/>\n<meta property=\"og:site_name\" content=\"Kapitalis\" \/>\n<meta property=\"article:publisher\" content=\"https:\/\/www.facebook.com\/KapitalisInfo\/\" \/>\n<meta property=\"article:published_time\" content=\"2026-03-26T22:09:44+00:00\" \/>\n<meta property=\"article:modified_time\" content=\"2026-03-26T22:17:23+00:00\" \/>\n<meta property=\"og:image\" content=\"https:\/\/kapitalis.com\/tunisie\/wp-content\/uploads\/2026\/03\/Journee-mondiale-de-leau.jpg\" \/>\n\t<meta property=\"og:image:width\" content=\"1200\" \/>\n\t<meta property=\"og:image:height\" content=\"630\" \/>\n\t<meta property=\"og:image:type\" content=\"image\/jpeg\" \/>\n<meta name=\"author\" content=\"Yusra NY\" \/>\n<meta name=\"twitter:card\" content=\"summary_large_image\" \/>\n<meta name=\"twitter:creator\" content=\"@KapitalisInfo\" \/>\n<meta name=\"twitter:site\" content=\"@KapitalisInfo\" \/>\n<meta name=\"twitter:label1\" content=\"\u00c9crit par\" \/>\n\t<meta name=\"twitter:data1\" content=\"Yusra NY\" \/>\n\t<meta name=\"twitter:label2\" content=\"Dur\u00e9e de lecture estim\u00e9e\" \/>\n\t<meta name=\"twitter:data2\" content=\"2 minutes\" \/>\n<script type=\"application\/ld+json\" class=\"yoast-schema-graph\">{\"@context\":\"https:\/\/schema.org\",\"@graph\":[{\"@type\":\"Article\",\"@id\":\"https:\/\/kapitalis.com\/tunisie\/2026\/03\/26\/tunis-journee-mondiale-de-leau-a-la-cite-des-sciences\/#article\",\"isPartOf\":{\"@id\":\"https:\/\/kapitalis.com\/tunisie\/2026\/03\/26\/tunis-journee-mondiale-de-leau-a-la-cite-des-sciences\/\"},\"author\":{\"name\":\"Yusra NY\",\"@id\":\"https:\/\/kapitalis.com\/tunisie\/#\/schema\/person\/74bbde0154d49d790a92aaeac5bc01d5\"},\"headline\":\"Tunis | Journ\u00e9e mondiale de l\u2019eau \u00e0 la Cit\u00e9 des sciences\",\"datePublished\":\"2026-03-26T22:09:44+00:00\",\"dateModified\":\"2026-03-26T22:17:23+00:00\",\"mainEntityOfPage\":{\"@id\":\"https:\/\/kapitalis.com\/tunisie\/2026\/03\/26\/tunis-journee-mondiale-de-leau-a-la-cite-des-sciences\/\"},\"wordCount\":239,\"commentCount\":0,\"publisher\":{\"@id\":\"https:\/\/kapitalis.com\/tunisie\/#organization\"},\"image\":{\"@id\":\"https:\/\/kapitalis.com\/tunisie\/2026\/03\/26\/tunis-journee-mondiale-de-leau-a-la-cite-des-sciences\/#primaryimage\"},\"thumbnailUrl\":\"https:\/\/kapitalis.com\/tunisie\/wp-content\/uploads\/2026\/03\/Journee-mondiale-de-leau.jpg\",\"keywords\":[\"Cit\u00e9 des Sciences\",\"CST\",\"Journ\u00e9e mondiale de l\u2019eau\",\"Sonede\",\"Tunisie\"],\"articleSection\":[\"Science\",\"SOCIETE\",\"Tunisie\"],\"inLanguage\":\"fr-FR\",\"potentialAction\":[{\"@type\":\"CommentAction\",\"name\":\"Comment\",\"target\":[\"https:\/\/kapitalis.com\/tunisie\/2026\/03\/26\/tunis-journee-mondiale-de-leau-a-la-cite-des-sciences\/#respond\"]}]},{\"@type\":\"WebPage\",\"@id\":\"https:\/\/kapitalis.com\/tunisie\/2026\/03\/26\/tunis-journee-mondiale-de-leau-a-la-cite-des-sciences\/\",\"url\":\"https:\/\/kapitalis.com\/tunisie\/2026\/03\/26\/tunis-journee-mondiale-de-leau-a-la-cite-des-sciences\/\",\"name\":\"Tunis | Journ\u00e9e mondiale de l\u2019eau \u00e0 la Cit\u00e9 des sciences - Kapitalis\",\"isPartOf\":{\"@id\":\"https:\/\/kapitalis.com\/tunisie\/#website\"},\"primaryImageOfPage\":{\"@id\":\"https:\/\/kapitalis.com\/tunisie\/2026\/03\/26\/tunis-journee-mondiale-de-leau-a-la-cite-des-sciences\/#primaryimage\"},\"image\":{\"@id\":\"https:\/\/kapitalis.com\/tunisie\/2026\/03\/26\/tunis-journee-mondiale-de-leau-a-la-cite-des-sciences\/#primaryimage\"},\"thumbnailUrl\":\"https:\/\/kapitalis.com\/tunisie\/wp-content\/uploads\/2026\/03\/Journee-mondiale-de-leau.jpg\",\"datePublished\":\"2026-03-26T22:09:44+00:00\",\"dateModified\":\"2026-03-26T22:17:23+00:00\",\"breadcrumb\":{\"@id\":\"https:\/\/kapitalis.com\/tunisie\/2026\/03\/26\/tunis-journee-mondiale-de-leau-a-la-cite-des-sciences\/#breadcrumb\"},\"inLanguage\":\"fr-FR\",\"potentialAction\":[{\"@type\":\"ReadAction\",\"target\":[\"https:\/\/kapitalis.com\/tunisie\/2026\/03\/26\/tunis-journee-mondiale-de-leau-a-la-cite-des-sciences\/\"]}]},{\"@type\":\"ImageObject\",\"inLanguage\":\"fr-FR\",\"@id\":\"https:\/\/kapitalis.com\/tunisie\/2026\/03\/26\/tunis-journee-mondiale-de-leau-a-la-cite-des-sciences\/#primaryimage\",\"url\":\"https:\/\/kapitalis.com\/tunisie\/wp-content\/uploads\/2026\/03\/Journee-mondiale-de-leau.jpg\",\"contentUrl\":\"https:\/\/kapitalis.com\/tunisie\/wp-content\/uploads\/2026\/03\/Journee-mondiale-de-leau.jpg\",\"width\":1200,\"height\":630},{\"@type\":\"BreadcrumbList\",\"@id\":\"https:\/\/kapitalis.com\/tunisie\/2026\/03\/26\/tunis-journee-mondiale-de-leau-a-la-cite-des-sciences\/#breadcrumb\",\"itemListElement\":[{\"@type\":\"ListItem\",\"position\":1,\"name\":\"Accueil\",\"item\":\"https:\/\/kapitalis.com\/tunisie\/\"},{\"@type\":\"ListItem\",\"position\":2,\"name\":\"Tunis | Journ\u00e9e mondiale de l\u2019eau \u00e0 la Cit\u00e9 des sciences\"}]},{\"@type\":\"WebSite\",\"@id\":\"https:\/\/kapitalis.com\/tunisie\/#website\",\"url\":\"https:\/\/kapitalis.com\/tunisie\/\",\"name\":\"Kapitalis\",\"description\":\"L&#039;actualit\u00e9 en Tunisie et dans le monde\",\"publisher\":{\"@id\":\"https:\/\/kapitalis.com\/tunisie\/#organization\"},\"potentialAction\":[{\"@type\":\"SearchAction\",\"target\":{\"@type\":\"EntryPoint\",\"urlTemplate\":\"https:\/\/kapitalis.com\/tunisie\/?s={search_term_string}\"},\"query-input\":{\"@type\":\"PropertyValueSpecification\",\"valueRequired\":true,\"valueName\":\"search_term_string\"}}],\"inLanguage\":\"fr-FR\"},{\"@type\":\"Organization\",\"@id\":\"https:\/\/kapitalis.com\/tunisie\/#organization\",\"name\":\"Kapitalis\",\"url\":\"https:\/\/kapitalis.com\/tunisie\/\",\"logo\":{\"@type\":\"ImageObject\",\"inLanguage\":\"fr-FR\",\"@id\":\"https:\/\/kapitalis.com\/tunisie\/#\/schema\/logo\/image\/\",\"url\":\"https:\/\/kapitalis.com\/tunisie\/wp-content\/uploads\/2022\/05\/Kapitalis-big-size.png\",\"contentUrl\":\"https:\/\/kapitalis.com\/tunisie\/wp-content\/uploads\/2022\/05\/Kapitalis-big-size.png\",\"width\":5000,\"height\":1500,\"caption\":\"Kapitalis\"},\"image\":{\"@id\":\"https:\/\/kapitalis.com\/tunisie\/#\/schema\/logo\/image\/\"},\"sameAs\":[\"https:\/\/www.facebook.com\/KapitalisInfo\/\",\"https:\/\/x.com\/KapitalisInfo\",\"https:\/\/www.youtube.com\/channel\/UC-yDYrHyfFBWWZaOw3FPg9Q\"]},{\"@type\":\"Person\",\"@id\":\"https:\/\/kapitalis.com\/tunisie\/#\/schema\/person\/74bbde0154d49d790a92aaeac5bc01d5\",\"name\":\"Yusra NY\",\"url\":\"https:\/\/kapitalis.com\/tunisie\/author\/yuza_adam\/\"}]}<\/script>\n<!-- \/ Yoast SEO plugin. -->","yoast_head_json":{"title":"Tunis | Journ\u00e9e mondiale de l\u2019eau \u00e0 la Cit\u00e9 des sciences - Kapitalis","robots":{"index":"index","follow":"follow","max-snippet":"max-snippet:-1","max-image-preview":"max-image-preview:large","max-video-preview":"max-video-preview:-1"},"canonical":"https:\/\/kapitalis.com\/tunisie\/2026\/03\/26\/tunis-journee-mondiale-de-leau-a-la-cite-des-sciences\/","og_locale":"fr_FR","og_type":"article","og_title":"Tunis | Journ\u00e9e mondiale de l\u2019eau \u00e0 la Cit\u00e9 des sciences - Kapitalis","og_description":"\u00c0 l\u2019occasion de la Journ\u00e9e mondiale de l\u2019Eau, la Cit\u00e9 des sciences \u00e0 Tunis (CST) c\u00e9l\u00e8bre, le 4 avril 2026, une journ\u00e9e d\u00e9di\u00e9e \u00e0 cette ressource essentielle.","og_url":"https:\/\/kapitalis.com\/tunisie\/2026\/03\/26\/tunis-journee-mondiale-de-leau-a-la-cite-des-sciences\/","og_site_name":"Kapitalis","article_publisher":"https:\/\/www.facebook.com\/KapitalisInfo\/","article_published_time":"2026-03-26T22:09:44+00:00","article_modified_time":"2026-03-26T22:17:23+00:00","og_image":[{"width":1200,"height":630,"url":"https:\/\/kapitalis.com\/tunisie\/wp-content\/uploads\/2026\/03\/Journee-mondiale-de-leau.jpg","type":"image\/jpeg"}],"author":"Yusra NY","twitter_card":"summary_large_image","twitter_creator":"@KapitalisInfo","twitter_site":"@KapitalisInfo","twitter_misc":{"\u00c9crit par":"Yusra NY","Dur\u00e9e de lecture estim\u00e9e":"2 minutes"},"schema":{"@context":"https:\/\/schema.org","@graph":[{"@type":"Article","@id":"https:\/\/kapitalis.com\/tunisie\/2026\/03\/26\/tunis-journee-mondiale-de-leau-a-la-cite-des-sciences\/#article","isPartOf":{"@id":"https:\/\/kapitalis.com\/tunisie\/2026\/03\/26\/tunis-journee-mondiale-de-leau-a-la-cite-des-sciences\/"},"author":{"name":"Yusra NY","@id":"https:\/\/kapitalis.com\/tunisie\/#\/schema\/person\/74bbde0154d49d790a92aaeac5bc01d5"},"headline":"Tunis | Journ\u00e9e mondiale de l\u2019eau \u00e0 la Cit\u00e9 des sciences","datePublished":"2026-03-26T22:09:44+00:00","dateModified":"2026-03-26T22:17:23+00:00","mainEntityOfPage":{"@id":"https:\/\/kapitalis.com\/tunisie\/2026\/03\/26\/tunis-journee-mondiale-de-leau-a-la-cite-des-sciences\/"},"wordCount":239,"commentCount":0,"publisher":{"@id":"https:\/\/kapitalis.com\/tunisie\/#organization"},"image":{"@id":"https:\/\/kapitalis.com\/tunisie\/2026\/03\/26\/tunis-journee-mondiale-de-leau-a-la-cite-des-sciences\/#primaryimage"},"thumbnailUrl":"https:\/\/kapitalis.com\/tunisie\/wp-content\/uploads\/2026\/03\/Journee-mondiale-de-leau.jpg","keywords":["Cit\u00e9 des Sciences","CST","Journ\u00e9e mondiale de l\u2019eau","Sonede","Tunisie"],"articleSection":["Science","SOCIETE","Tunisie"],"inLanguage":"fr-FR","potentialAction":[{"@type":"CommentAction","name":"Comment","target":["https:\/\/kapitalis.com\/tunisie\/2026\/03\/26\/tunis-journee-mondiale-de-leau-a-la-cite-des-sciences\/#respond"]}]},{"@type":"WebPage","@id":"https:\/\/kapitalis.com\/tunisie\/2026\/03\/26\/tunis-journee-mondiale-de-leau-a-la-cite-des-sciences\/","url":"https:\/\/kapitalis.com\/tunisie\/2026\/03\/26\/tunis-journee-mondiale-de-leau-a-la-cite-des-sciences\/","name":"Tunis | Journ\u00e9e mondiale de l\u2019eau \u00e0 la Cit\u00e9 des sciences - Kapitalis","isPartOf":{"@id":"https:\/\/kapitalis.com\/tunisie\/#website"},"primaryImageOfPage":{"@id":"https:\/\/kapitalis.com\/tunisie\/2026\/03\/26\/tunis-journee-mondiale-de-leau-a-la-cite-des-sciences\/#primaryimage"},"image":{"@id":"https:\/\/kapitalis.com\/tunisie\/2026\/03\/26\/tunis-journee-mondiale-de-leau-a-la-cite-des-sciences\/#primaryimage"},"thumbnailUrl":"https:\/\/kapitalis.com\/tunisie\/wp-content\/uploads\/2026\/03\/Journee-mondiale-de-leau.jpg","datePublished":"2026-03-26T22:09:44+00:00","dateModified":"2026-03-26T22:17:23+00:00","breadcrumb":{"@id":"https:\/\/kapitalis.com\/tunisie\/2026\/03\/26\/tunis-journee-mondiale-de-leau-a-la-cite-des-sciences\/#breadcrumb"},"inLanguage":"fr-FR","potentialAction":[{"@type":"ReadAction","target":["https:\/\/kapitalis.com\/tunisie\/2026\/03\/26\/tunis-journee-mondiale-de-leau-a-la-cite-des-sciences\/"]}]},{"@type":"ImageObject","inLanguage":"fr-FR","@id":"https:\/\/kapitalis.com\/tunisie\/2026\/03\/26\/tunis-journee-mondiale-de-leau-a-la-cite-des-sciences\/#primaryimage","url":"https:\/\/kapitalis.com\/tunisie\/wp-content\/uploads\/2026\/03\/Journee-mondiale-de-leau.jpg","contentUrl":"https:\/\/kapitalis.com\/tunisie\/wp-content\/uploads\/2026\/03\/Journee-mondiale-de-leau.jpg","width":1200,"height":630},{"@type":"BreadcrumbList","@id":"https:\/\/kapitalis.com\/tunisie\/2026\/03\/26\/tunis-journee-mondiale-de-leau-a-la-cite-des-sciences\/#breadcrumb","itemListElement":[{"@type":"ListItem","position":1,"name":"Accueil","item":"https:\/\/kapitalis.com\/tunisie\/"},{"@type":"ListItem","position":2,"name":"Tunis | Journ\u00e9e mondiale de l\u2019eau \u00e0 la Cit\u00e9 des sciences"}]},{"@type":"WebSite","@id":"https:\/\/kapitalis.com\/tunisie\/#website","url":"https:\/\/kapitalis.com\/tunisie\/","name":"Kapitalis","description":"L&#039;actualit\u00e9 en Tunisie et dans le monde","publisher":{"@id":"https:\/\/kapitalis.com\/tunisie\/#organization"},"potentialAction":[{"@type":"SearchAction","target":{"@type":"EntryPoint","urlTemplate":"https:\/\/kapitalis.com\/tunisie\/?s={search_term_string}"},"query-input":{"@type":"PropertyValueSpecification","valueRequired":true,"valueName":"search_term_string"}}],"inLanguage":"fr-FR"},{"@type":"Organization","@id":"https:\/\/kapitalis.com\/tunisie\/#organization","name":"Kapitalis","url":"https:\/\/kapitalis.com\/tunisie\/","logo":{"@type":"ImageObject","inLanguage":"fr-FR","@id":"https:\/\/kapitalis.com\/tunisie\/#\/schema\/logo\/image\/","url":"https:\/\/kapitalis.com\/tunisie\/wp-content\/uploads\/2022\/05\/Kapitalis-big-size.png","contentUrl":"https:\/\/kapitalis.com\/tunisie\/wp-content\/uploads\/2022\/05\/Kapitalis-big-size.png","width":5000,"height":1500,"caption":"Kapitalis"},"image":{"@id":"https:\/\/kapitalis.com\/tunisie\/#\/schema\/logo\/image\/"},"sameAs":["https:\/\/www.facebook.com\/KapitalisInfo\/","https:\/\/x.com\/KapitalisInfo","https:\/\/www.youtube.com\/channel\/UC-yDYrHyfFBWWZaOw3FPg9Q"]},{"@type":"Person","@id":"https:\/\/kapitalis.com\/tunisie\/#\/schema\/person\/74bbde0154d49d790a92aaeac5bc01d5","name":"Yusra NY","url":"https:\/\/kapitalis.com\/tunisie\/author\/yuza_adam\/"}]}},"_links":{"self":[{"href":"https:\/\/kapitalis.com\/tunisie\/wp-json\/wp\/v2\/posts\/18522418","targetHints":{"allow":["GET"]}}],"collection":[{"href":"https:\/\/kapitalis.com\/tunisie\/wp-json\/wp\/v2\/posts"}],"about":[{"href":"https:\/\/kapitalis.com\/tunisie\/wp-json\/wp\/v2\/types\/post"}],"author":[{"embeddable":true,"href":"https:\/\/kapitalis.com\/tunisie\/wp-json\/wp\/v2\/users\/6"}],"replies":[{"embeddable":true,"href":"https:\/\/kapitalis.com\/tunisie\/wp-json\/wp\/v2\/comments?post=18522418"}],"version-history":[{"count":2,"href":"https:\/\/kapitalis.com\/tunisie\/wp-json\/wp\/v2\/posts\/18522418\/revisions"}],"predecessor-version":[{"id":18522477,"href":"https:\/\/kapitalis.com\/tunisie\/wp-json\/wp\/v2\/posts\/18522418\/revisions\/18522477"}],"wp:featuredmedia":[{"embeddable":true,"href":"https:\/\/kapitalis.com\/tunisie\/wp-json\/wp\/v2\/media\/18522461"}],"wp:attachment":[{"href":"https:\/\/kapitalis.com\/tunisie\/wp-json\/wp\/v2\/media?parent=18522418"}],"wp:term":[{"taxonomy":"category","embeddable":true,"href":"https:\/\/kapitalis.com\/tunisie\/wp-json\/wp\/v2\/categories?post=18522418"},{"taxonomy":"post_tag","embeddable":true,"href":"https:\/\/kapitalis.com\/tunisie\/wp-json\/wp\/v2\/tags?post=18522418"}],"curies":[{"name":"wp","href":"https:\/\/api.w.org\/{rel}","templated":true}]}}