{"id":185227,"date":"2018-11-23T09:20:48","date_gmt":"2018-11-23T08:20:48","guid":{"rendered":"http:\/\/kapitalis.com\/tunisie\/?p=185227"},"modified":"2018-11-23T09:20:48","modified_gmt":"2018-11-23T08:20:48","slug":"savoir-et-du-developpement-congres-constitutif-de-la-fisdhi-a-tunis","status":"publish","type":"post","link":"https:\/\/kapitalis.com\/tunisie\/2018\/11\/23\/savoir-et-du-developpement-congres-constitutif-de-la-fisdhi-a-tunis\/","title":{"rendered":"Savoir et du d\u00e9veloppement : Congr\u00e8s constitutif de la FISDHI \u00e0 Tunis"},"content":{"rendered":"<p style=\"text-align: center;\"><img loading=\"lazy\" decoding=\"async\" class=\"alignnone size-full wp-image-179818\" src=\"http:\/\/kapitalis.com\/tunisie\/wp-content\/uploads\/2018\/10\/Ahmed-Fri\u00e2a.jpg\" alt=\"\" width=\"626\" height=\"380\" \/><\/p>\n<p style=\"text-align: center;\"><em> Pr. Ahmed Friaa, pr\u00e9sident du FTSDH.<\/em><\/p>\n<p><em><strong>Capitalisant sur la r\u00e9ussite de son colloque international, il y a un an \u00e0 Tunis, le Forum tunisien du savoir et du d\u00e9veloppement (FTSDH) contribuera demain, samedi 24 novembre 2018, \u00e0 la tenue du congr\u00e8s constitutif de la F\u00e9d\u00e9ration internationale du savoir, du d\u00e9veloppement humain et de l\u2019innovation (FISDHI).<\/strong><\/em><\/p>\n<p><!--more--><\/p>\n<p>Les 8 et 9 d\u00e9cembre 2017, la FTSDH avait organis\u00e9 un colloque international sur le th\u00e8me <em>\u00abSavoir et d\u00e9veloppement\u00bb<\/em>. \u00c0 l\u2019occasion de ce symposium, les participants avaient notamment planch\u00e9 sur \u00ables d\u00e9fis redoutables\u00bb auxquels sont confront\u00e9s les pays maghr\u00e9bins \u2013 entre autres ceux du ch\u00f4mage, la pr\u00e9carit\u00e9 sociale et la menace de la radicalisation.<\/p>\n<p>\u00c0l\u2019issue de cette r\u00e9flexion collective, un ensemble de recommandations ont \u00e9t\u00e9 soumises: d\u2019une mani\u00e8re g\u00e9n\u00e9rale, les participants se sont accord\u00e9s sur la n\u00e9cessit\u00e9 de mettre le savoir et ses applications au service du d\u00e9veloppement humain dans son acception la plus large.<\/p>\n<p>Demain, \u00e0 la Cit\u00e9 de la Culture, \u00e0 Tunis, les m\u00eames id\u00e9es et les m\u00eames motivations pr\u00e9sideront \u00e0 la tenue du Congr\u00e8s constitutif de la FISDHI.<\/p>\n<p>Venus des quatre coins du monde (Afrique, Europe, Asie et Am\u00e9riques), des experts, des universitaires et autres sommit\u00e9s des mondes de la politique et de l\u2019\u00e9conomie mettront \u00e0 profit leurs exp\u00e9riences, leur savoir-faire et leurs carnets d\u2019adresses\u2026<\/p>\n<p>Parmi les participants, on annonce aux c\u00f4t\u00e9s du Pr. Ahmed Friaa, pr\u00e9sident du FTSDH;<br \/>\nKhalil Laamiri, secr\u00e9taire d\u2019Etat charg\u00e9 de la Recherche Scientifique; Mohammed Kabbaj, ancien ministre, membre de l\u2019Acad\u00e9mie Marocaine des Sciences ; Pr. V. Sree Hari Rao, Fondation pour la Recherche Scientifique et l\u2019Innovation Technologique, Hyderabad, Inde, membre de l\u2019Acad\u00e9mie Indienne des Sciences ; Pr. Kossivi Adjamagbo, Universit\u00e9 de Paris 6 et Universit\u00e9 de Compi\u00e8gne, France; Pr. Nazmul H. Siddique, University de l\u2019Ulster, Londonderry, Irlande du nord; Dr. V. Prakash Reddy, Missouri University of Science and Technology, Rolla-USA; Pr. Kossivi Adjamagbo; Pr. Michel Fremond, ancien professeur \u00e0 l\u2019Ecole Polytechnique et \u00e0 l\u2019ENPC-Paris, France; Professeur \u00e0 l\u2019Universit\u00e9 Tor Vergata, Italie; Pr. Mikhail Altaisky, Space Research Institute \u2013 Moscou; member of Russian Academy of Science, Russie; Dr. Jocierei D. Ferreira, Federal University of Mato Grosso, Barra do Gar\u00e7as, Br\u00e9sil; Dr. Kapil Kumar Sharma, South Asian University &#8211; New Delhi, India; Jean-Yves Leber; Abdoulaye SY, \u00e9conomiste principal pour la Tunisie, Banque Mondiale; Habib Ben Yahia, ancien ministre et ancien secr\u00e9taire g\u00e9n\u00e9ral de l\u2019UMA (Union du Maghreb Arabe).<\/p>\n<p>Le congr\u00e8s sera cl\u00f4tur\u00e9 par Hatem Ben Salem, ministre de l\u2019Education.<\/p>\n<p style=\"text-align: right;\"><strong>Marwan Chahla<\/strong><\/p>\n","protected":false},"excerpt":{"rendered":"<p>Pr. Ahmed Friaa, pr\u00e9sident du FTSDH. Capitalisant sur la r\u00e9ussite de son colloque international, il y a un an \u00e0 Tunis, le Forum tunisien du savoir et du d\u00e9veloppement (FTSDH) contribuera demain, samedi 24 novembre 2018, \u00e0 la tenue du congr\u00e8s constitutif de la F\u00e9d\u00e9ration internationale du savoir, du d\u00e9veloppement humain et de l\u2019innovation (FISDHI).<\/p>\n","protected":false},"author":8,"featured_media":0,"comment_status":"open","ping_status":"open","sticky":false,"template":"","format":"standard","meta":{"footnotes":""},"categories":[994,2433],"tags":[9307,275,11518,1908],"class_list":["post-185227","post","type-post","status-publish","format-standard","hentry","category-culture","category-tunisie","tag-ahmed-friaa","tag-developpement","tag-habib-ben-yahia","tag-hatem-ben-salem"],"yoast_head":"<!-- This site is optimized with the Yoast SEO plugin v26.6 - https:\/\/yoast.com\/wordpress\/plugins\/seo\/ -->\n<title>Savoir et du d\u00e9veloppement : Congr\u00e8s constitutif de la FISDHI \u00e0 Tunis - Kapitalis<\/title>\n<meta name=\"robots\" content=\"index, follow, max-snippet:-1, max-image-preview:large, max-video-preview:-1\" \/>\n<link rel=\"canonical\" href=\"https:\/\/kapitalis.com\/tunisie\/2018\/11\/23\/savoir-et-du-developpement-congres-constitutif-de-la-fisdhi-a-tunis\/\" \/>\n<meta property=\"og:locale\" content=\"fr_FR\" \/>\n<meta property=\"og:type\" content=\"article\" \/>\n<meta property=\"og:title\" content=\"Savoir et du d\u00e9veloppement : Congr\u00e8s constitutif de la FISDHI \u00e0 Tunis - Kapitalis\" \/>\n<meta property=\"og:description\" content=\"Pr. Ahmed Friaa, pr\u00e9sident du FTSDH. Capitalisant sur la r\u00e9ussite de son colloque international, il y a un an \u00e0 Tunis, le Forum tunisien du savoir et du d\u00e9veloppement (FTSDH) contribuera demain, samedi 24 novembre 2018, \u00e0 la tenue du congr\u00e8s constitutif de la F\u00e9d\u00e9ration internationale du savoir, du d\u00e9veloppement humain et de l\u2019innovation (FISDHI).\" \/>\n<meta property=\"og:url\" content=\"https:\/\/kapitalis.com\/tunisie\/2018\/11\/23\/savoir-et-du-developpement-congres-constitutif-de-la-fisdhi-a-tunis\/\" \/>\n<meta property=\"og:site_name\" content=\"Kapitalis\" \/>\n<meta property=\"article:publisher\" content=\"https:\/\/www.facebook.com\/KapitalisInfo\/\" \/>\n<meta property=\"article:published_time\" content=\"2018-11-23T08:20:48+00:00\" \/>\n<meta property=\"og:image\" content=\"https:\/\/kapitalis.com\/tunisie\/wp-content\/uploads\/2022\/05\/kapitalis-logo-fb.png\" \/>\n\t<meta property=\"og:image:width\" content=\"1200\" \/>\n\t<meta property=\"og:image:height\" content=\"630\" \/>\n\t<meta property=\"og:image:type\" content=\"image\/png\" \/>\n<meta name=\"author\" content=\"webmaster kapitalis\" \/>\n<meta name=\"twitter:card\" content=\"summary_large_image\" \/>\n<meta name=\"twitter:creator\" content=\"@KapitalisInfo\" \/>\n<meta name=\"twitter:site\" content=\"@KapitalisInfo\" \/>\n<meta name=\"twitter:label1\" content=\"\u00c9crit par\" \/>\n\t<meta name=\"twitter:data1\" content=\"webmaster kapitalis\" \/>\n\t<meta name=\"twitter:label2\" content=\"Dur\u00e9e de lecture estim\u00e9e\" \/>\n\t<meta name=\"twitter:data2\" content=\"2 minutes\" \/>\n<script type=\"application\/ld+json\" class=\"yoast-schema-graph\">{\"@context\":\"https:\/\/schema.org\",\"@graph\":[{\"@type\":\"Article\",\"@id\":\"https:\/\/kapitalis.com\/tunisie\/2018\/11\/23\/savoir-et-du-developpement-congres-constitutif-de-la-fisdhi-a-tunis\/#article\",\"isPartOf\":{\"@id\":\"https:\/\/kapitalis.com\/tunisie\/2018\/11\/23\/savoir-et-du-developpement-congres-constitutif-de-la-fisdhi-a-tunis\/\"},\"author\":{\"name\":\"webmaster kapitalis\",\"@id\":\"https:\/\/kapitalis.com\/tunisie\/#\/schema\/person\/d71f33a9ca44f7bad4698210b480c8e9\"},\"headline\":\"Savoir et du d\u00e9veloppement : Congr\u00e8s constitutif de la FISDHI \u00e0 Tunis\",\"datePublished\":\"2018-11-23T08:20:48+00:00\",\"mainEntityOfPage\":{\"@id\":\"https:\/\/kapitalis.com\/tunisie\/2018\/11\/23\/savoir-et-du-developpement-congres-constitutif-de-la-fisdhi-a-tunis\/\"},\"wordCount\":454,\"commentCount\":0,\"publisher\":{\"@id\":\"https:\/\/kapitalis.com\/tunisie\/#organization\"},\"keywords\":[\"Ahmed Friaa\",\"d\u00e9veloppement\",\"Habib Ben Yahia\",\"Hatem Ben Salem\"],\"articleSection\":[\"CULTURE\",\"Tunisie\"],\"inLanguage\":\"fr-FR\",\"potentialAction\":[{\"@type\":\"CommentAction\",\"name\":\"Comment\",\"target\":[\"https:\/\/kapitalis.com\/tunisie\/2018\/11\/23\/savoir-et-du-developpement-congres-constitutif-de-la-fisdhi-a-tunis\/#respond\"]}]},{\"@type\":\"WebPage\",\"@id\":\"https:\/\/kapitalis.com\/tunisie\/2018\/11\/23\/savoir-et-du-developpement-congres-constitutif-de-la-fisdhi-a-tunis\/\",\"url\":\"https:\/\/kapitalis.com\/tunisie\/2018\/11\/23\/savoir-et-du-developpement-congres-constitutif-de-la-fisdhi-a-tunis\/\",\"name\":\"Savoir et du d\u00e9veloppement : Congr\u00e8s constitutif de la FISDHI \u00e0 Tunis - Kapitalis\",\"isPartOf\":{\"@id\":\"https:\/\/kapitalis.com\/tunisie\/#website\"},\"datePublished\":\"2018-11-23T08:20:48+00:00\",\"breadcrumb\":{\"@id\":\"https:\/\/kapitalis.com\/tunisie\/2018\/11\/23\/savoir-et-du-developpement-congres-constitutif-de-la-fisdhi-a-tunis\/#breadcrumb\"},\"inLanguage\":\"fr-FR\",\"potentialAction\":[{\"@type\":\"ReadAction\",\"target\":[\"https:\/\/kapitalis.com\/tunisie\/2018\/11\/23\/savoir-et-du-developpement-congres-constitutif-de-la-fisdhi-a-tunis\/\"]}]},{\"@type\":\"BreadcrumbList\",\"@id\":\"https:\/\/kapitalis.com\/tunisie\/2018\/11\/23\/savoir-et-du-developpement-congres-constitutif-de-la-fisdhi-a-tunis\/#breadcrumb\",\"itemListElement\":[{\"@type\":\"ListItem\",\"position\":1,\"name\":\"Accueil\",\"item\":\"https:\/\/kapitalis.com\/tunisie\/\"},{\"@type\":\"ListItem\",\"position\":2,\"name\":\"Savoir et du d\u00e9veloppement : Congr\u00e8s constitutif de la FISDHI \u00e0 Tunis\"}]},{\"@type\":\"WebSite\",\"@id\":\"https:\/\/kapitalis.com\/tunisie\/#website\",\"url\":\"https:\/\/kapitalis.com\/tunisie\/\",\"name\":\"Kapitalis\",\"description\":\"L&#039;actualit\u00e9 en Tunisie et dans le monde\",\"publisher\":{\"@id\":\"https:\/\/kapitalis.com\/tunisie\/#organization\"},\"potentialAction\":[{\"@type\":\"SearchAction\",\"target\":{\"@type\":\"EntryPoint\",\"urlTemplate\":\"https:\/\/kapitalis.com\/tunisie\/?s={search_term_string}\"},\"query-input\":{\"@type\":\"PropertyValueSpecification\",\"valueRequired\":true,\"valueName\":\"search_term_string\"}}],\"inLanguage\":\"fr-FR\"},{\"@type\":\"Organization\",\"@id\":\"https:\/\/kapitalis.com\/tunisie\/#organization\",\"name\":\"Kapitalis\",\"url\":\"https:\/\/kapitalis.com\/tunisie\/\",\"logo\":{\"@type\":\"ImageObject\",\"inLanguage\":\"fr-FR\",\"@id\":\"https:\/\/kapitalis.com\/tunisie\/#\/schema\/logo\/image\/\",\"url\":\"https:\/\/kapitalis.com\/tunisie\/wp-content\/uploads\/2022\/05\/Kapitalis-big-size.png\",\"contentUrl\":\"https:\/\/kapitalis.com\/tunisie\/wp-content\/uploads\/2022\/05\/Kapitalis-big-size.png\",\"width\":5000,\"height\":1500,\"caption\":\"Kapitalis\"},\"image\":{\"@id\":\"https:\/\/kapitalis.com\/tunisie\/#\/schema\/logo\/image\/\"},\"sameAs\":[\"https:\/\/www.facebook.com\/KapitalisInfo\/\",\"https:\/\/x.com\/KapitalisInfo\",\"https:\/\/www.youtube.com\/channel\/UC-yDYrHyfFBWWZaOw3FPg9Q\"]},{\"@type\":\"Person\",\"@id\":\"https:\/\/kapitalis.com\/tunisie\/#\/schema\/person\/d71f33a9ca44f7bad4698210b480c8e9\",\"name\":\"webmaster kapitalis\",\"url\":\"https:\/\/kapitalis.com\/tunisie\/author\/webmaster-kapitalis\/\"}]}<\/script>\n<!-- \/ Yoast SEO plugin. -->","yoast_head_json":{"title":"Savoir et du d\u00e9veloppement : Congr\u00e8s constitutif de la FISDHI \u00e0 Tunis - Kapitalis","robots":{"index":"index","follow":"follow","max-snippet":"max-snippet:-1","max-image-preview":"max-image-preview:large","max-video-preview":"max-video-preview:-1"},"canonical":"https:\/\/kapitalis.com\/tunisie\/2018\/11\/23\/savoir-et-du-developpement-congres-constitutif-de-la-fisdhi-a-tunis\/","og_locale":"fr_FR","og_type":"article","og_title":"Savoir et du d\u00e9veloppement : Congr\u00e8s constitutif de la FISDHI \u00e0 Tunis - Kapitalis","og_description":"Pr. Ahmed Friaa, pr\u00e9sident du FTSDH. Capitalisant sur la r\u00e9ussite de son colloque international, il y a un an \u00e0 Tunis, le Forum tunisien du savoir et du d\u00e9veloppement (FTSDH) contribuera demain, samedi 24 novembre 2018, \u00e0 la tenue du congr\u00e8s constitutif de la F\u00e9d\u00e9ration internationale du savoir, du d\u00e9veloppement humain et de l\u2019innovation (FISDHI).","og_url":"https:\/\/kapitalis.com\/tunisie\/2018\/11\/23\/savoir-et-du-developpement-congres-constitutif-de-la-fisdhi-a-tunis\/","og_site_name":"Kapitalis","article_publisher":"https:\/\/www.facebook.com\/KapitalisInfo\/","article_published_time":"2018-11-23T08:20:48+00:00","og_image":[{"width":1200,"height":630,"url":"https:\/\/kapitalis.com\/tunisie\/wp-content\/uploads\/2022\/05\/kapitalis-logo-fb.png","type":"image\/png"}],"author":"webmaster kapitalis","twitter_card":"summary_large_image","twitter_creator":"@KapitalisInfo","twitter_site":"@KapitalisInfo","twitter_misc":{"\u00c9crit par":"webmaster kapitalis","Dur\u00e9e de lecture estim\u00e9e":"2 minutes"},"schema":{"@context":"https:\/\/schema.org","@graph":[{"@type":"Article","@id":"https:\/\/kapitalis.com\/tunisie\/2018\/11\/23\/savoir-et-du-developpement-congres-constitutif-de-la-fisdhi-a-tunis\/#article","isPartOf":{"@id":"https:\/\/kapitalis.com\/tunisie\/2018\/11\/23\/savoir-et-du-developpement-congres-constitutif-de-la-fisdhi-a-tunis\/"},"author":{"name":"webmaster kapitalis","@id":"https:\/\/kapitalis.com\/tunisie\/#\/schema\/person\/d71f33a9ca44f7bad4698210b480c8e9"},"headline":"Savoir et du d\u00e9veloppement : Congr\u00e8s constitutif de la FISDHI \u00e0 Tunis","datePublished":"2018-11-23T08:20:48+00:00","mainEntityOfPage":{"@id":"https:\/\/kapitalis.com\/tunisie\/2018\/11\/23\/savoir-et-du-developpement-congres-constitutif-de-la-fisdhi-a-tunis\/"},"wordCount":454,"commentCount":0,"publisher":{"@id":"https:\/\/kapitalis.com\/tunisie\/#organization"},"keywords":["Ahmed Friaa","d\u00e9veloppement","Habib Ben Yahia","Hatem Ben Salem"],"articleSection":["CULTURE","Tunisie"],"inLanguage":"fr-FR","potentialAction":[{"@type":"CommentAction","name":"Comment","target":["https:\/\/kapitalis.com\/tunisie\/2018\/11\/23\/savoir-et-du-developpement-congres-constitutif-de-la-fisdhi-a-tunis\/#respond"]}]},{"@type":"WebPage","@id":"https:\/\/kapitalis.com\/tunisie\/2018\/11\/23\/savoir-et-du-developpement-congres-constitutif-de-la-fisdhi-a-tunis\/","url":"https:\/\/kapitalis.com\/tunisie\/2018\/11\/23\/savoir-et-du-developpement-congres-constitutif-de-la-fisdhi-a-tunis\/","name":"Savoir et du d\u00e9veloppement : Congr\u00e8s constitutif de la FISDHI \u00e0 Tunis - Kapitalis","isPartOf":{"@id":"https:\/\/kapitalis.com\/tunisie\/#website"},"datePublished":"2018-11-23T08:20:48+00:00","breadcrumb":{"@id":"https:\/\/kapitalis.com\/tunisie\/2018\/11\/23\/savoir-et-du-developpement-congres-constitutif-de-la-fisdhi-a-tunis\/#breadcrumb"},"inLanguage":"fr-FR","potentialAction":[{"@type":"ReadAction","target":["https:\/\/kapitalis.com\/tunisie\/2018\/11\/23\/savoir-et-du-developpement-congres-constitutif-de-la-fisdhi-a-tunis\/"]}]},{"@type":"BreadcrumbList","@id":"https:\/\/kapitalis.com\/tunisie\/2018\/11\/23\/savoir-et-du-developpement-congres-constitutif-de-la-fisdhi-a-tunis\/#breadcrumb","itemListElement":[{"@type":"ListItem","position":1,"name":"Accueil","item":"https:\/\/kapitalis.com\/tunisie\/"},{"@type":"ListItem","position":2,"name":"Savoir et du d\u00e9veloppement : Congr\u00e8s constitutif de la FISDHI \u00e0 Tunis"}]},{"@type":"WebSite","@id":"https:\/\/kapitalis.com\/tunisie\/#website","url":"https:\/\/kapitalis.com\/tunisie\/","name":"Kapitalis","description":"L&#039;actualit\u00e9 en Tunisie et dans le monde","publisher":{"@id":"https:\/\/kapitalis.com\/tunisie\/#organization"},"potentialAction":[{"@type":"SearchAction","target":{"@type":"EntryPoint","urlTemplate":"https:\/\/kapitalis.com\/tunisie\/?s={search_term_string}"},"query-input":{"@type":"PropertyValueSpecification","valueRequired":true,"valueName":"search_term_string"}}],"inLanguage":"fr-FR"},{"@type":"Organization","@id":"https:\/\/kapitalis.com\/tunisie\/#organization","name":"Kapitalis","url":"https:\/\/kapitalis.com\/tunisie\/","logo":{"@type":"ImageObject","inLanguage":"fr-FR","@id":"https:\/\/kapitalis.com\/tunisie\/#\/schema\/logo\/image\/","url":"https:\/\/kapitalis.com\/tunisie\/wp-content\/uploads\/2022\/05\/Kapitalis-big-size.png","contentUrl":"https:\/\/kapitalis.com\/tunisie\/wp-content\/uploads\/2022\/05\/Kapitalis-big-size.png","width":5000,"height":1500,"caption":"Kapitalis"},"image":{"@id":"https:\/\/kapitalis.com\/tunisie\/#\/schema\/logo\/image\/"},"sameAs":["https:\/\/www.facebook.com\/KapitalisInfo\/","https:\/\/x.com\/KapitalisInfo","https:\/\/www.youtube.com\/channel\/UC-yDYrHyfFBWWZaOw3FPg9Q"]},{"@type":"Person","@id":"https:\/\/kapitalis.com\/tunisie\/#\/schema\/person\/d71f33a9ca44f7bad4698210b480c8e9","name":"webmaster kapitalis","url":"https:\/\/kapitalis.com\/tunisie\/author\/webmaster-kapitalis\/"}]}},"_links":{"self":[{"href":"https:\/\/kapitalis.com\/tunisie\/wp-json\/wp\/v2\/posts\/185227","targetHints":{"allow":["GET"]}}],"collection":[{"href":"https:\/\/kapitalis.com\/tunisie\/wp-json\/wp\/v2\/posts"}],"about":[{"href":"https:\/\/kapitalis.com\/tunisie\/wp-json\/wp\/v2\/types\/post"}],"author":[{"embeddable":true,"href":"https:\/\/kapitalis.com\/tunisie\/wp-json\/wp\/v2\/users\/8"}],"replies":[{"embeddable":true,"href":"https:\/\/kapitalis.com\/tunisie\/wp-json\/wp\/v2\/comments?post=185227"}],"version-history":[{"count":0,"href":"https:\/\/kapitalis.com\/tunisie\/wp-json\/wp\/v2\/posts\/185227\/revisions"}],"wp:attachment":[{"href":"https:\/\/kapitalis.com\/tunisie\/wp-json\/wp\/v2\/media?parent=185227"}],"wp:term":[{"taxonomy":"category","embeddable":true,"href":"https:\/\/kapitalis.com\/tunisie\/wp-json\/wp\/v2\/categories?post=185227"},{"taxonomy":"post_tag","embeddable":true,"href":"https:\/\/kapitalis.com\/tunisie\/wp-json\/wp\/v2\/tags?post=185227"}],"curies":[{"name":"wp","href":"https:\/\/api.w.org\/{rel}","templated":true}]}}