{"id":185243,"date":"2018-11-23T11:23:13","date_gmt":"2018-11-23T10:23:13","guid":{"rendered":"http:\/\/kapitalis.com\/tunisie\/?p=185243"},"modified":"2018-11-23T11:31:53","modified_gmt":"2018-11-23T10:31:53","slug":"saida-garrach-mohamed-ben-salman-a-demande-de-visiter-la-tunisie","status":"publish","type":"post","link":"https:\/\/kapitalis.com\/tunisie\/2018\/11\/23\/saida-garrach-mohamed-ben-salman-a-demande-de-visiter-la-tunisie\/","title":{"rendered":"Sa\u00efda Garrach : Mohamed Ben Salman a demand\u00e9 de visiter la Tunisie"},"content":{"rendered":"<p style=\"text-align: center;\"><img loading=\"lazy\" decoding=\"async\" class=\"alignnone size-full wp-image-185250\" src=\"http:\/\/kapitalis.com\/tunisie\/wp-content\/uploads\/2018\/11\/B\u00e9ji-Ca\u00efd-Essebsi_Mohamed-Ben-Salmane.jpg\" alt=\"\" width=\"626\" height=\"380\" \/><\/p>\n<p style=\"text-align: center;\"><em>B\u00e9ji Ca\u00efd Essebsi\/Mohamed Ben Salman.<\/em><\/p>\n<p><em><strong>C&rsquo;est\u00a0le\u00a0prince h\u00e9ritier saoudien, Mohamed Ben Salman, qui a demand\u00e9 \u00e0 visiter la Tunisie,\u00a0la semaine prochaine, et ce avant de participer au sommet du G20 de Buenos Aires, en Argentine<\/strong><\/em><em><strong>, a indiqu\u00e9 Sa\u00efda Garrach, porte-parole de la pr\u00e9sidence de la r\u00e9publique.<\/strong><\/em><\/p>\n<p><!--more--><\/p>\n<p>\u00ab<em>Je ne vais pas trop m&rsquo;attarder sur ce sujet. Le prince h\u00e9ritier a demand\u00e9 \u00e0 visiter dix pays dont la Tunisie, et ce avant de se rendre en Argentine. Nous avons condamn\u00e9 le meurtre du journaliste saoudien Jamal Khashoggi et demand\u00e9 l&rsquo;ouverture d&rsquo;une enqu\u00eate pour d\u00e9couvrir la v\u00e9rit\u00e9 sur cette affaire. La pr\u00e9sidence de la r\u00e9publique et le minist\u00e8re des Affaires \u00e9trang\u00e8res ont aussi appel\u00e9 \u00e0 ne pas exploiter cette affaire pour porter atteinte \u00e0 la souverainet\u00e9 de l&rsquo;Arabie Saoudite<\/em><em>\u00bb<\/em>, a d\u00e9clar\u00e9 Mme Garrach lors de son passage \u00e0 <em>\u00ab\u00a0El-Matinale\u00a0\u00bb<\/em> sur Shems FM aujourd&rsquo;hui, vendredi 23 novembre 2018.<\/p>\n<p>Sur un autre plan, la porte-parole de la pr\u00e9sidence de la r\u00e9publique a indiqu\u00e9 que le projet de loi sur l&rsquo;\u00e9tat d&rsquo;urgence, en cours d&rsquo;\u00e9laboration \u00e0 la pr\u00e9sidence de la r\u00e9publique, sera en ad\u00e9quation avec la Constitution de 2014.<\/p>\n<p>Plusieurs points seront pr\u00e9vus dans ce projet de loi, notamment la m\u00e9thode ad\u00e9quate pour annoncer et prolonger l&rsquo;\u00e9tat d&rsquo;urgence dont la dur\u00e9e ne doit pas d\u00e9passer 3 mois apr\u00e8s consultation du Conseil de s\u00e9curit\u00e9 nationale et information du parlement.<\/p>\n<p>Rappelons\u00a0que l&rsquo;annonce de la visite du prince h\u00e9ritier en Tunisie a suscit\u00e9 des critiques de la part de la soci\u00e9t\u00e9 civile et notamment des d\u00e9fenseurs des droits de l&rsquo;homme et de la libert\u00e9 de la presse\u00a0qui n&rsquo;ont pas appr\u00e9ci\u00e9 (c&rsquo;est un euph\u00e9misme) que la pr\u00e9sidence de la r\u00e9publique d\u00e9roule le tapis rouge \u00e0 un dirigeant soup\u00e7onn\u00e9 d&rsquo;implication dans le meurtre atroce du journaliste Jamal Khachoggi, le 2 octobre dernier, au consulat de l&rsquo;Arabie saoudite, en Turquie.<\/p>\n<p>Le corps de la victime n&rsquo;ayant toujours pas \u00e9t\u00e9 retrouv\u00e9, les enqu\u00eateurs turcs ont affirm\u00e9\u00a0qu&rsquo;il a \u00e9t\u00e9 d\u00e9coup\u00e9 en morceaux et dilu\u00e9 dans de l&rsquo;acide. La raison d&rsquo;Etat, encore et toujours, a bon dos&#8230;<\/p>\n<p style=\"text-align: right;\"><strong>\u00a0E. B. A.<\/strong><\/p>\n<blockquote class=\"wp-embedded-content\" data-secret=\"FI379RKOvf\"><p><a href=\"https:\/\/kapitalis.com\/tunisie\/2018\/10\/21\/disparu-le-2-octobre-2018-a-istanbul-qui-est-jamal-khashoggi\/\">Disparu le 2 octobre 2018 \u00e0 Istanbul : Qui est Jamal Khashoggi?<\/a><\/p><\/blockquote>\n<p><iframe loading=\"lazy\" class=\"wp-embedded-content\" sandbox=\"allow-scripts\" security=\"restricted\" style=\"position: absolute; clip: rect(1px, 1px, 1px, 1px);\" title=\"\u00ab\u00a0Disparu le 2 octobre 2018 \u00e0 Istanbul : Qui est Jamal Khashoggi?\u00a0\u00bb &#8212; Kapitalis\" src=\"https:\/\/kapitalis.com\/tunisie\/2018\/10\/21\/disparu-le-2-octobre-2018-a-istanbul-qui-est-jamal-khashoggi\/embed\/#?secret=8vGsBOk6lf#?secret=FI379RKOvf\" data-secret=\"FI379RKOvf\" width=\"600\" height=\"338\" frameborder=\"0\" marginwidth=\"0\" marginheight=\"0\" scrolling=\"no\"><\/iframe><\/p>\n<blockquote class=\"wp-embedded-content\" data-secret=\"uON0w7KlMW\"><p><a href=\"https:\/\/kapitalis.com\/tunisie\/2018\/11\/21\/affaire-khashoggi-trump-fait-prevaloir-la-realpolitik\/\">Affaire Khashoggi : Trump fait pr\u00e9valoir la realpolitik<\/a><\/p><\/blockquote>\n<p><iframe loading=\"lazy\" class=\"wp-embedded-content\" sandbox=\"allow-scripts\" security=\"restricted\" style=\"position: absolute; clip: rect(1px, 1px, 1px, 1px);\" title=\"\u00ab\u00a0Affaire Khashoggi : Trump fait pr\u00e9valoir la realpolitik\u00a0\u00bb &#8212; Kapitalis\" src=\"https:\/\/kapitalis.com\/tunisie\/2018\/11\/21\/affaire-khashoggi-trump-fait-prevaloir-la-realpolitik\/embed\/#?secret=BIm2s1ME7Z#?secret=uON0w7KlMW\" data-secret=\"uON0w7KlMW\" width=\"600\" height=\"338\" frameborder=\"0\" marginwidth=\"0\" marginheight=\"0\" scrolling=\"no\"><\/iframe><\/p>\n","protected":false},"excerpt":{"rendered":"<p>B\u00e9ji Ca\u00efd Essebsi\/Mohamed Ben Salman. C&rsquo;est\u00a0le\u00a0prince h\u00e9ritier saoudien, Mohamed Ben Salman, qui a demand\u00e9 \u00e0 visiter la Tunisie,\u00a0la semaine prochaine, et ce avant de participer au sommet du G20 de Buenos Aires, en Argentine, a indiqu\u00e9 Sa\u00efda Garrach, porte-parole de la pr\u00e9sidence de la r\u00e9publique.<\/p>\n","protected":false},"author":16,"featured_media":185244,"comment_status":"open","ping_status":"open","sticky":false,"template":"","format":"standard","meta":{"footnotes":""},"categories":[997,2433],"tags":[1108,2948,16484],"class_list":["post-185243","post","type-post","status-publish","format-standard","has-post-thumbnail","hentry","category-politique","category-tunisie","tag-beji-caid-essebsi","tag-etat-durgence","tag-saida-garrach"],"yoast_head":"<!-- This site is optimized with the Yoast SEO plugin v26.6 - https:\/\/yoast.com\/wordpress\/plugins\/seo\/ -->\n<title>Sa\u00efda Garrach : Mohamed Ben Salman a demand\u00e9 de visiter la Tunisie - Kapitalis<\/title>\n<meta name=\"robots\" content=\"index, follow, max-snippet:-1, max-image-preview:large, max-video-preview:-1\" \/>\n<link rel=\"canonical\" href=\"https:\/\/kapitalis.com\/tunisie\/2018\/11\/23\/saida-garrach-mohamed-ben-salman-a-demande-de-visiter-la-tunisie\/\" \/>\n<meta property=\"og:locale\" content=\"fr_FR\" \/>\n<meta property=\"og:type\" content=\"article\" \/>\n<meta property=\"og:title\" content=\"Sa\u00efda Garrach : Mohamed Ben Salman a demand\u00e9 de visiter la Tunisie - Kapitalis\" \/>\n<meta property=\"og:description\" content=\"B\u00e9ji Ca\u00efd Essebsi\/Mohamed Ben Salman. C&rsquo;est\u00a0le\u00a0prince h\u00e9ritier saoudien, Mohamed Ben Salman, qui a demand\u00e9 \u00e0 visiter la Tunisie,\u00a0la semaine prochaine, et ce avant de participer au sommet du G20 de Buenos Aires, en Argentine, a indiqu\u00e9 Sa\u00efda Garrach, porte-parole de la pr\u00e9sidence de la r\u00e9publique.\" \/>\n<meta property=\"og:url\" content=\"https:\/\/kapitalis.com\/tunisie\/2018\/11\/23\/saida-garrach-mohamed-ben-salman-a-demande-de-visiter-la-tunisie\/\" \/>\n<meta property=\"og:site_name\" content=\"Kapitalis\" \/>\n<meta property=\"article:publisher\" content=\"https:\/\/www.facebook.com\/KapitalisInfo\/\" \/>\n<meta property=\"article:published_time\" content=\"2018-11-23T10:23:13+00:00\" \/>\n<meta property=\"article:modified_time\" content=\"2018-11-23T10:31:53+00:00\" \/>\n<meta property=\"og:image\" content=\"https:\/\/kapitalis.com\/tunisie\/wp-content\/uploads\/2022\/05\/kapitalis-logo-fb.png\" \/>\n\t<meta property=\"og:image:width\" content=\"1200\" \/>\n\t<meta property=\"og:image:height\" content=\"630\" \/>\n\t<meta property=\"og:image:type\" content=\"image\/png\" \/>\n<meta name=\"author\" content=\"emna benabdallah\" \/>\n<meta name=\"twitter:card\" content=\"summary_large_image\" \/>\n<meta name=\"twitter:creator\" content=\"@KapitalisInfo\" \/>\n<meta name=\"twitter:site\" content=\"@KapitalisInfo\" \/>\n<meta name=\"twitter:label1\" content=\"\u00c9crit par\" \/>\n\t<meta name=\"twitter:data1\" content=\"emna benabdallah\" \/>\n\t<meta name=\"twitter:label2\" content=\"Dur\u00e9e de lecture estim\u00e9e\" \/>\n\t<meta name=\"twitter:data2\" content=\"2 minutes\" \/>\n<script type=\"application\/ld+json\" class=\"yoast-schema-graph\">{\"@context\":\"https:\/\/schema.org\",\"@graph\":[{\"@type\":\"Article\",\"@id\":\"https:\/\/kapitalis.com\/tunisie\/2018\/11\/23\/saida-garrach-mohamed-ben-salman-a-demande-de-visiter-la-tunisie\/#article\",\"isPartOf\":{\"@id\":\"https:\/\/kapitalis.com\/tunisie\/2018\/11\/23\/saida-garrach-mohamed-ben-salman-a-demande-de-visiter-la-tunisie\/\"},\"author\":{\"name\":\"emna benabdallah\",\"@id\":\"https:\/\/kapitalis.com\/tunisie\/#\/schema\/person\/2c6e134b2f3369dffcd1daf5f087d28b\"},\"headline\":\"Sa\u00efda Garrach : Mohamed Ben Salman a demand\u00e9 de visiter la Tunisie\",\"datePublished\":\"2018-11-23T10:23:13+00:00\",\"dateModified\":\"2018-11-23T10:31:53+00:00\",\"mainEntityOfPage\":{\"@id\":\"https:\/\/kapitalis.com\/tunisie\/2018\/11\/23\/saida-garrach-mohamed-ben-salman-a-demande-de-visiter-la-tunisie\/\"},\"wordCount\":394,\"commentCount\":4,\"publisher\":{\"@id\":\"https:\/\/kapitalis.com\/tunisie\/#organization\"},\"image\":{\"@id\":\"https:\/\/kapitalis.com\/tunisie\/2018\/11\/23\/saida-garrach-mohamed-ben-salman-a-demande-de-visiter-la-tunisie\/#primaryimage\"},\"thumbnailUrl\":\"\",\"keywords\":[\"B\u00e9ji Ca\u00efd Essebsi\",\"\u00e9tat d'urgence\",\"Sa\u00efda Garrach\"],\"articleSection\":[\"POLITIQUE\",\"Tunisie\"],\"inLanguage\":\"fr-FR\",\"potentialAction\":[{\"@type\":\"CommentAction\",\"name\":\"Comment\",\"target\":[\"https:\/\/kapitalis.com\/tunisie\/2018\/11\/23\/saida-garrach-mohamed-ben-salman-a-demande-de-visiter-la-tunisie\/#respond\"]}]},{\"@type\":\"WebPage\",\"@id\":\"https:\/\/kapitalis.com\/tunisie\/2018\/11\/23\/saida-garrach-mohamed-ben-salman-a-demande-de-visiter-la-tunisie\/\",\"url\":\"https:\/\/kapitalis.com\/tunisie\/2018\/11\/23\/saida-garrach-mohamed-ben-salman-a-demande-de-visiter-la-tunisie\/\",\"name\":\"Sa\u00efda Garrach : Mohamed Ben Salman a demand\u00e9 de visiter la Tunisie - Kapitalis\",\"isPartOf\":{\"@id\":\"https:\/\/kapitalis.com\/tunisie\/#website\"},\"primaryImageOfPage\":{\"@id\":\"https:\/\/kapitalis.com\/tunisie\/2018\/11\/23\/saida-garrach-mohamed-ben-salman-a-demande-de-visiter-la-tunisie\/#primaryimage\"},\"image\":{\"@id\":\"https:\/\/kapitalis.com\/tunisie\/2018\/11\/23\/saida-garrach-mohamed-ben-salman-a-demande-de-visiter-la-tunisie\/#primaryimage\"},\"thumbnailUrl\":\"\",\"datePublished\":\"2018-11-23T10:23:13+00:00\",\"dateModified\":\"2018-11-23T10:31:53+00:00\",\"breadcrumb\":{\"@id\":\"https:\/\/kapitalis.com\/tunisie\/2018\/11\/23\/saida-garrach-mohamed-ben-salman-a-demande-de-visiter-la-tunisie\/#breadcrumb\"},\"inLanguage\":\"fr-FR\",\"potentialAction\":[{\"@type\":\"ReadAction\",\"target\":[\"https:\/\/kapitalis.com\/tunisie\/2018\/11\/23\/saida-garrach-mohamed-ben-salman-a-demande-de-visiter-la-tunisie\/\"]}]},{\"@type\":\"ImageObject\",\"inLanguage\":\"fr-FR\",\"@id\":\"https:\/\/kapitalis.com\/tunisie\/2018\/11\/23\/saida-garrach-mohamed-ben-salman-a-demande-de-visiter-la-tunisie\/#primaryimage\",\"url\":\"\",\"contentUrl\":\"\"},{\"@type\":\"BreadcrumbList\",\"@id\":\"https:\/\/kapitalis.com\/tunisie\/2018\/11\/23\/saida-garrach-mohamed-ben-salman-a-demande-de-visiter-la-tunisie\/#breadcrumb\",\"itemListElement\":[{\"@type\":\"ListItem\",\"position\":1,\"name\":\"Accueil\",\"item\":\"https:\/\/kapitalis.com\/tunisie\/\"},{\"@type\":\"ListItem\",\"position\":2,\"name\":\"Sa\u00efda Garrach : Mohamed Ben Salman a demand\u00e9 de visiter la Tunisie\"}]},{\"@type\":\"WebSite\",\"@id\":\"https:\/\/kapitalis.com\/tunisie\/#website\",\"url\":\"https:\/\/kapitalis.com\/tunisie\/\",\"name\":\"Kapitalis\",\"description\":\"L&#039;actualit\u00e9 en Tunisie et dans le monde\",\"publisher\":{\"@id\":\"https:\/\/kapitalis.com\/tunisie\/#organization\"},\"potentialAction\":[{\"@type\":\"SearchAction\",\"target\":{\"@type\":\"EntryPoint\",\"urlTemplate\":\"https:\/\/kapitalis.com\/tunisie\/?s={search_term_string}\"},\"query-input\":{\"@type\":\"PropertyValueSpecification\",\"valueRequired\":true,\"valueName\":\"search_term_string\"}}],\"inLanguage\":\"fr-FR\"},{\"@type\":\"Organization\",\"@id\":\"https:\/\/kapitalis.com\/tunisie\/#organization\",\"name\":\"Kapitalis\",\"url\":\"https:\/\/kapitalis.com\/tunisie\/\",\"logo\":{\"@type\":\"ImageObject\",\"inLanguage\":\"fr-FR\",\"@id\":\"https:\/\/kapitalis.com\/tunisie\/#\/schema\/logo\/image\/\",\"url\":\"https:\/\/kapitalis.com\/tunisie\/wp-content\/uploads\/2022\/05\/Kapitalis-big-size.png\",\"contentUrl\":\"https:\/\/kapitalis.com\/tunisie\/wp-content\/uploads\/2022\/05\/Kapitalis-big-size.png\",\"width\":5000,\"height\":1500,\"caption\":\"Kapitalis\"},\"image\":{\"@id\":\"https:\/\/kapitalis.com\/tunisie\/#\/schema\/logo\/image\/\"},\"sameAs\":[\"https:\/\/www.facebook.com\/KapitalisInfo\/\",\"https:\/\/x.com\/KapitalisInfo\",\"https:\/\/www.youtube.com\/channel\/UC-yDYrHyfFBWWZaOw3FPg9Q\"]},{\"@type\":\"Person\",\"@id\":\"https:\/\/kapitalis.com\/tunisie\/#\/schema\/person\/2c6e134b2f3369dffcd1daf5f087d28b\",\"name\":\"emna benabdallah\",\"url\":\"https:\/\/kapitalis.com\/tunisie\/author\/emna\/\"}]}<\/script>\n<!-- \/ Yoast SEO plugin. -->","yoast_head_json":{"title":"Sa\u00efda Garrach : Mohamed Ben Salman a demand\u00e9 de visiter la Tunisie - Kapitalis","robots":{"index":"index","follow":"follow","max-snippet":"max-snippet:-1","max-image-preview":"max-image-preview:large","max-video-preview":"max-video-preview:-1"},"canonical":"https:\/\/kapitalis.com\/tunisie\/2018\/11\/23\/saida-garrach-mohamed-ben-salman-a-demande-de-visiter-la-tunisie\/","og_locale":"fr_FR","og_type":"article","og_title":"Sa\u00efda Garrach : Mohamed Ben Salman a demand\u00e9 de visiter la Tunisie - Kapitalis","og_description":"B\u00e9ji Ca\u00efd Essebsi\/Mohamed Ben Salman. C&rsquo;est\u00a0le\u00a0prince h\u00e9ritier saoudien, Mohamed Ben Salman, qui a demand\u00e9 \u00e0 visiter la Tunisie,\u00a0la semaine prochaine, et ce avant de participer au sommet du G20 de Buenos Aires, en Argentine, a indiqu\u00e9 Sa\u00efda Garrach, porte-parole de la pr\u00e9sidence de la r\u00e9publique.","og_url":"https:\/\/kapitalis.com\/tunisie\/2018\/11\/23\/saida-garrach-mohamed-ben-salman-a-demande-de-visiter-la-tunisie\/","og_site_name":"Kapitalis","article_publisher":"https:\/\/www.facebook.com\/KapitalisInfo\/","article_published_time":"2018-11-23T10:23:13+00:00","article_modified_time":"2018-11-23T10:31:53+00:00","og_image":[{"width":1200,"height":630,"url":"https:\/\/kapitalis.com\/tunisie\/wp-content\/uploads\/2022\/05\/kapitalis-logo-fb.png","type":"image\/png"}],"author":"emna benabdallah","twitter_card":"summary_large_image","twitter_creator":"@KapitalisInfo","twitter_site":"@KapitalisInfo","twitter_misc":{"\u00c9crit par":"emna benabdallah","Dur\u00e9e de lecture estim\u00e9e":"2 minutes"},"schema":{"@context":"https:\/\/schema.org","@graph":[{"@type":"Article","@id":"https:\/\/kapitalis.com\/tunisie\/2018\/11\/23\/saida-garrach-mohamed-ben-salman-a-demande-de-visiter-la-tunisie\/#article","isPartOf":{"@id":"https:\/\/kapitalis.com\/tunisie\/2018\/11\/23\/saida-garrach-mohamed-ben-salman-a-demande-de-visiter-la-tunisie\/"},"author":{"name":"emna benabdallah","@id":"https:\/\/kapitalis.com\/tunisie\/#\/schema\/person\/2c6e134b2f3369dffcd1daf5f087d28b"},"headline":"Sa\u00efda Garrach : Mohamed Ben Salman a demand\u00e9 de visiter la Tunisie","datePublished":"2018-11-23T10:23:13+00:00","dateModified":"2018-11-23T10:31:53+00:00","mainEntityOfPage":{"@id":"https:\/\/kapitalis.com\/tunisie\/2018\/11\/23\/saida-garrach-mohamed-ben-salman-a-demande-de-visiter-la-tunisie\/"},"wordCount":394,"commentCount":4,"publisher":{"@id":"https:\/\/kapitalis.com\/tunisie\/#organization"},"image":{"@id":"https:\/\/kapitalis.com\/tunisie\/2018\/11\/23\/saida-garrach-mohamed-ben-salman-a-demande-de-visiter-la-tunisie\/#primaryimage"},"thumbnailUrl":"","keywords":["B\u00e9ji Ca\u00efd Essebsi","\u00e9tat d'urgence","Sa\u00efda Garrach"],"articleSection":["POLITIQUE","Tunisie"],"inLanguage":"fr-FR","potentialAction":[{"@type":"CommentAction","name":"Comment","target":["https:\/\/kapitalis.com\/tunisie\/2018\/11\/23\/saida-garrach-mohamed-ben-salman-a-demande-de-visiter-la-tunisie\/#respond"]}]},{"@type":"WebPage","@id":"https:\/\/kapitalis.com\/tunisie\/2018\/11\/23\/saida-garrach-mohamed-ben-salman-a-demande-de-visiter-la-tunisie\/","url":"https:\/\/kapitalis.com\/tunisie\/2018\/11\/23\/saida-garrach-mohamed-ben-salman-a-demande-de-visiter-la-tunisie\/","name":"Sa\u00efda Garrach : Mohamed Ben Salman a demand\u00e9 de visiter la Tunisie - Kapitalis","isPartOf":{"@id":"https:\/\/kapitalis.com\/tunisie\/#website"},"primaryImageOfPage":{"@id":"https:\/\/kapitalis.com\/tunisie\/2018\/11\/23\/saida-garrach-mohamed-ben-salman-a-demande-de-visiter-la-tunisie\/#primaryimage"},"image":{"@id":"https:\/\/kapitalis.com\/tunisie\/2018\/11\/23\/saida-garrach-mohamed-ben-salman-a-demande-de-visiter-la-tunisie\/#primaryimage"},"thumbnailUrl":"","datePublished":"2018-11-23T10:23:13+00:00","dateModified":"2018-11-23T10:31:53+00:00","breadcrumb":{"@id":"https:\/\/kapitalis.com\/tunisie\/2018\/11\/23\/saida-garrach-mohamed-ben-salman-a-demande-de-visiter-la-tunisie\/#breadcrumb"},"inLanguage":"fr-FR","potentialAction":[{"@type":"ReadAction","target":["https:\/\/kapitalis.com\/tunisie\/2018\/11\/23\/saida-garrach-mohamed-ben-salman-a-demande-de-visiter-la-tunisie\/"]}]},{"@type":"ImageObject","inLanguage":"fr-FR","@id":"https:\/\/kapitalis.com\/tunisie\/2018\/11\/23\/saida-garrach-mohamed-ben-salman-a-demande-de-visiter-la-tunisie\/#primaryimage","url":"","contentUrl":""},{"@type":"BreadcrumbList","@id":"https:\/\/kapitalis.com\/tunisie\/2018\/11\/23\/saida-garrach-mohamed-ben-salman-a-demande-de-visiter-la-tunisie\/#breadcrumb","itemListElement":[{"@type":"ListItem","position":1,"name":"Accueil","item":"https:\/\/kapitalis.com\/tunisie\/"},{"@type":"ListItem","position":2,"name":"Sa\u00efda Garrach : Mohamed Ben Salman a demand\u00e9 de visiter la Tunisie"}]},{"@type":"WebSite","@id":"https:\/\/kapitalis.com\/tunisie\/#website","url":"https:\/\/kapitalis.com\/tunisie\/","name":"Kapitalis","description":"L&#039;actualit\u00e9 en Tunisie et dans le monde","publisher":{"@id":"https:\/\/kapitalis.com\/tunisie\/#organization"},"potentialAction":[{"@type":"SearchAction","target":{"@type":"EntryPoint","urlTemplate":"https:\/\/kapitalis.com\/tunisie\/?s={search_term_string}"},"query-input":{"@type":"PropertyValueSpecification","valueRequired":true,"valueName":"search_term_string"}}],"inLanguage":"fr-FR"},{"@type":"Organization","@id":"https:\/\/kapitalis.com\/tunisie\/#organization","name":"Kapitalis","url":"https:\/\/kapitalis.com\/tunisie\/","logo":{"@type":"ImageObject","inLanguage":"fr-FR","@id":"https:\/\/kapitalis.com\/tunisie\/#\/schema\/logo\/image\/","url":"https:\/\/kapitalis.com\/tunisie\/wp-content\/uploads\/2022\/05\/Kapitalis-big-size.png","contentUrl":"https:\/\/kapitalis.com\/tunisie\/wp-content\/uploads\/2022\/05\/Kapitalis-big-size.png","width":5000,"height":1500,"caption":"Kapitalis"},"image":{"@id":"https:\/\/kapitalis.com\/tunisie\/#\/schema\/logo\/image\/"},"sameAs":["https:\/\/www.facebook.com\/KapitalisInfo\/","https:\/\/x.com\/KapitalisInfo","https:\/\/www.youtube.com\/channel\/UC-yDYrHyfFBWWZaOw3FPg9Q"]},{"@type":"Person","@id":"https:\/\/kapitalis.com\/tunisie\/#\/schema\/person\/2c6e134b2f3369dffcd1daf5f087d28b","name":"emna benabdallah","url":"https:\/\/kapitalis.com\/tunisie\/author\/emna\/"}]}},"_links":{"self":[{"href":"https:\/\/kapitalis.com\/tunisie\/wp-json\/wp\/v2\/posts\/185243","targetHints":{"allow":["GET"]}}],"collection":[{"href":"https:\/\/kapitalis.com\/tunisie\/wp-json\/wp\/v2\/posts"}],"about":[{"href":"https:\/\/kapitalis.com\/tunisie\/wp-json\/wp\/v2\/types\/post"}],"author":[{"embeddable":true,"href":"https:\/\/kapitalis.com\/tunisie\/wp-json\/wp\/v2\/users\/16"}],"replies":[{"embeddable":true,"href":"https:\/\/kapitalis.com\/tunisie\/wp-json\/wp\/v2\/comments?post=185243"}],"version-history":[{"count":0,"href":"https:\/\/kapitalis.com\/tunisie\/wp-json\/wp\/v2\/posts\/185243\/revisions"}],"wp:featuredmedia":[{"embeddable":true,"href":"https:\/\/kapitalis.com\/tunisie\/wp-json\/wp\/v2\/media\/185244"}],"wp:attachment":[{"href":"https:\/\/kapitalis.com\/tunisie\/wp-json\/wp\/v2\/media?parent=185243"}],"wp:term":[{"taxonomy":"category","embeddable":true,"href":"https:\/\/kapitalis.com\/tunisie\/wp-json\/wp\/v2\/categories?post=185243"},{"taxonomy":"post_tag","embeddable":true,"href":"https:\/\/kapitalis.com\/tunisie\/wp-json\/wp\/v2\/tags?post=185243"}],"curies":[{"name":"wp","href":"https:\/\/api.w.org\/{rel}","templated":true}]}}