{"id":185271,"date":"2018-11-23T12:28:59","date_gmt":"2018-11-23T11:28:59","guid":{"rendered":"http:\/\/kapitalis.com\/tunisie\/?p=185271"},"modified":"2018-11-23T12:28:59","modified_gmt":"2018-11-23T11:28:59","slug":"blanchiment-de-capitaux-la-tunisie-bientot-retiree-de-la-liste-grise","status":"publish","type":"post","link":"https:\/\/kapitalis.com\/tunisie\/2018\/11\/23\/blanchiment-de-capitaux-la-tunisie-bientot-retiree-de-la-liste-grise\/","title":{"rendered":"Blanchiment de capitaux : La Tunisie bient\u00f4t retir\u00e9e de la liste grise"},"content":{"rendered":"<p style=\"text-align: center;\"><img loading=\"lazy\" decoding=\"async\" class=\"alignnone size-full wp-image-126971\" src=\"http:\/\/kapitalis.com\/tunisie\/wp-content\/uploads\/2017\/12\/Evasion-fiscale-Tunisie-UE.jpg\" alt=\"\" width=\"626\" height=\"380\" \/><\/p>\n<p><em><strong>La Tunisie sortira de la liste grise des pays tiers \u00e0 haut risque de blanchiment de capitaux et de financement du terrorisme avant la fin de l&rsquo;ann\u00e9e et au plus tard d\u00e9but 2019.<\/strong><\/em><!--more--><\/p>\n<p>C&rsquo;est ce qu&rsquo;a indiqu\u00e9 Khemaies Jhinaoui, ministre des Affaires \u00e9trang\u00e8res, au journal en langue arabe \u00ab\u00a0<em>Le Maghreb<\/em>\u00a0\u00bb publi\u00e9 aujourd&rsquo;hui, vendredi 23 novembre 2018, en pr\u00e9cisant que cette d\u00e9cision a \u00e9t\u00e9 prise suite aux mesures prises par le gouvernement d&rsquo;union nationale en mati\u00e8re de gouvernance financi\u00e8re, notamment la r\u00e9vision de la loi anti-terroriste et contre le blanchiment d&rsquo;argent.<\/p>\n<p>Rappelons que <a href=\"http:\/\/kapitalis.com\/tunisie\/2018\/10\/25\/blanchiment-de-capitaux-la-tunisie-retiree-de-la-liste-noire\/\" target=\"_blank\" rel=\"noopener\">Jean-Claude Junker,<\/a> pr\u00e9sident de la Commission europ\u00e9enne (CE) avait annonc\u00e9, fin octobre dernier, que la Tunisie a \u00e9t\u00e9 retir\u00e9e de la liste noire des pays tiers \u00e0 haut risque de blanchiment de capitaux et de financement du terrorisme, et ce suite \u00e0 une rencontre avec le pr\u00e9sident de la r\u00e9publique, B\u00e9ji Ca\u00efd Essebsi, au palais de Carthage, \u00e0 Tunis.<\/p>\n<p>La Tunisie avait \u00e9t\u00e9 class\u00e9e, en f\u00e9vrier dernier, par le Groupe d&rsquo;action financi\u00e8re (Gafi), dans la liste des Etats aux juridictions sous surveillance en mati\u00e8re de financement du terrorisme. Classement qui a inspir\u00e9 un classement similaire de l&rsquo;Union europ\u00e9enne.<\/p>\n<p style=\"text-align: right;\"><strong>E. B. A.<\/strong><\/p>\n<blockquote class=\"wp-embedded-content\" data-secret=\"7fGjD8tBTl\"><p><a href=\"https:\/\/kapitalis.com\/tunisie\/2018\/02\/07\/tunisie-liste-pays-exposes-blanchiment-de-capitaux\/\">La Tunisie dans la liste des pays expos\u00e9s au blanchiment de capitaux<\/a><\/p><\/blockquote>\n<p><iframe loading=\"lazy\" class=\"wp-embedded-content\" sandbox=\"allow-scripts\" security=\"restricted\" style=\"position: absolute; clip: rect(1px, 1px, 1px, 1px);\" title=\"\u00ab\u00a0La Tunisie dans la liste des pays expos\u00e9s au blanchiment de capitaux\u00a0\u00bb &#8212; Kapitalis\" src=\"https:\/\/kapitalis.com\/tunisie\/2018\/02\/07\/tunisie-liste-pays-exposes-blanchiment-de-capitaux\/embed\/#?secret=oiFTBojEDi#?secret=7fGjD8tBTl\" data-secret=\"7fGjD8tBTl\" width=\"600\" height=\"338\" frameborder=\"0\" marginwidth=\"0\" marginheight=\"0\" scrolling=\"no\"><\/iframe><\/p>\n<blockquote class=\"wp-embedded-content\" data-secret=\"QO6v9nRFdT\"><p><a href=\"https:\/\/kapitalis.com\/tunisie\/2018\/02\/01\/financement-du-terrorisme-la-tunisie-parmi-les-etats-sous-surveillance\/\">Financement du terrorisme : La Tunisie parmi les \u00abEtats sous surveillance\u00bb<\/a><\/p><\/blockquote>\n<p><iframe loading=\"lazy\" class=\"wp-embedded-content\" sandbox=\"allow-scripts\" security=\"restricted\" style=\"position: absolute; clip: rect(1px, 1px, 1px, 1px);\" title=\"\u00ab\u00a0Financement du terrorisme : La Tunisie parmi les \u00abEtats sous surveillance\u00bb\u00a0\u00bb &#8212; Kapitalis\" src=\"https:\/\/kapitalis.com\/tunisie\/2018\/02\/01\/financement-du-terrorisme-la-tunisie-parmi-les-etats-sous-surveillance\/embed\/#?secret=f71fYPbrDn#?secret=QO6v9nRFdT\" data-secret=\"QO6v9nRFdT\" width=\"600\" height=\"338\" frameborder=\"0\" marginwidth=\"0\" marginheight=\"0\" scrolling=\"no\"><\/iframe><\/p>\n","protected":false},"excerpt":{"rendered":"<p>La Tunisie sortira de la liste grise des pays tiers \u00e0 haut risque de blanchiment de capitaux et de financement du terrorisme avant la fin de l&rsquo;ann\u00e9e et au plus tard d\u00e9but 2019.<\/p>\n","protected":false},"author":16,"featured_media":126971,"comment_status":"open","ping_status":"open","sticky":false,"template":"","format":"standard","meta":{"footnotes":""},"categories":[995,2433],"tags":[1108,3724,45538,12690,897],"class_list":["post-185271","post","type-post","status-publish","format-standard","has-post-thumbnail","hentry","category-economie","category-tunisie","tag-beji-caid-essebsi","tag-blanchiment-dargent","tag-jean-claude-junker","tag-khemais-jhinaoui","tag-terrorisme"],"yoast_head":"<!-- This site is optimized with the Yoast SEO plugin v26.6 - https:\/\/yoast.com\/wordpress\/plugins\/seo\/ -->\n<title>Blanchiment de capitaux : La Tunisie bient\u00f4t retir\u00e9e de la liste grise - Kapitalis<\/title>\n<meta name=\"robots\" content=\"index, follow, max-snippet:-1, max-image-preview:large, max-video-preview:-1\" \/>\n<link rel=\"canonical\" href=\"https:\/\/kapitalis.com\/tunisie\/2018\/11\/23\/blanchiment-de-capitaux-la-tunisie-bientot-retiree-de-la-liste-grise\/\" \/>\n<meta property=\"og:locale\" content=\"fr_FR\" \/>\n<meta property=\"og:type\" content=\"article\" \/>\n<meta property=\"og:title\" content=\"Blanchiment de capitaux : La Tunisie bient\u00f4t retir\u00e9e de la liste grise - Kapitalis\" \/>\n<meta property=\"og:description\" content=\"La Tunisie sortira de la liste grise des pays tiers \u00e0 haut risque de blanchiment de capitaux et de financement du terrorisme avant la fin de l&rsquo;ann\u00e9e et au plus tard d\u00e9but 2019.\" \/>\n<meta property=\"og:url\" content=\"https:\/\/kapitalis.com\/tunisie\/2018\/11\/23\/blanchiment-de-capitaux-la-tunisie-bientot-retiree-de-la-liste-grise\/\" \/>\n<meta property=\"og:site_name\" content=\"Kapitalis\" \/>\n<meta property=\"article:publisher\" content=\"https:\/\/www.facebook.com\/KapitalisInfo\/\" \/>\n<meta property=\"article:published_time\" content=\"2018-11-23T11:28:59+00:00\" \/>\n<meta property=\"og:image\" content=\"https:\/\/kapitalis.com\/tunisie\/wp-content\/uploads\/2022\/05\/kapitalis-logo-fb.png\" \/>\n\t<meta property=\"og:image:width\" content=\"1200\" \/>\n\t<meta property=\"og:image:height\" content=\"630\" \/>\n\t<meta property=\"og:image:type\" content=\"image\/png\" \/>\n<meta name=\"author\" content=\"emna benabdallah\" \/>\n<meta name=\"twitter:card\" content=\"summary_large_image\" \/>\n<meta name=\"twitter:creator\" content=\"@KapitalisInfo\" \/>\n<meta name=\"twitter:site\" content=\"@KapitalisInfo\" \/>\n<meta name=\"twitter:label1\" content=\"\u00c9crit par\" \/>\n\t<meta name=\"twitter:data1\" content=\"emna benabdallah\" \/>\n\t<meta name=\"twitter:label2\" content=\"Dur\u00e9e de lecture estim\u00e9e\" \/>\n\t<meta name=\"twitter:data2\" content=\"1 minute\" \/>\n<script type=\"application\/ld+json\" class=\"yoast-schema-graph\">{\"@context\":\"https:\/\/schema.org\",\"@graph\":[{\"@type\":\"Article\",\"@id\":\"https:\/\/kapitalis.com\/tunisie\/2018\/11\/23\/blanchiment-de-capitaux-la-tunisie-bientot-retiree-de-la-liste-grise\/#article\",\"isPartOf\":{\"@id\":\"https:\/\/kapitalis.com\/tunisie\/2018\/11\/23\/blanchiment-de-capitaux-la-tunisie-bientot-retiree-de-la-liste-grise\/\"},\"author\":{\"name\":\"emna benabdallah\",\"@id\":\"https:\/\/kapitalis.com\/tunisie\/#\/schema\/person\/2c6e134b2f3369dffcd1daf5f087d28b\"},\"headline\":\"Blanchiment de capitaux : La Tunisie bient\u00f4t retir\u00e9e de la liste grise\",\"datePublished\":\"2018-11-23T11:28:59+00:00\",\"mainEntityOfPage\":{\"@id\":\"https:\/\/kapitalis.com\/tunisie\/2018\/11\/23\/blanchiment-de-capitaux-la-tunisie-bientot-retiree-de-la-liste-grise\/\"},\"wordCount\":229,\"commentCount\":0,\"publisher\":{\"@id\":\"https:\/\/kapitalis.com\/tunisie\/#organization\"},\"image\":{\"@id\":\"https:\/\/kapitalis.com\/tunisie\/2018\/11\/23\/blanchiment-de-capitaux-la-tunisie-bientot-retiree-de-la-liste-grise\/#primaryimage\"},\"thumbnailUrl\":\"\",\"keywords\":[\"B\u00e9ji Ca\u00efd Essebsi\",\"blanchiment d'argent\",\"Jean-Claude Junker\",\"Khema\u00efs Jhinaoui\",\"terrorisme\"],\"articleSection\":[\"ECONOMIE\",\"Tunisie\"],\"inLanguage\":\"fr-FR\",\"potentialAction\":[{\"@type\":\"CommentAction\",\"name\":\"Comment\",\"target\":[\"https:\/\/kapitalis.com\/tunisie\/2018\/11\/23\/blanchiment-de-capitaux-la-tunisie-bientot-retiree-de-la-liste-grise\/#respond\"]}]},{\"@type\":\"WebPage\",\"@id\":\"https:\/\/kapitalis.com\/tunisie\/2018\/11\/23\/blanchiment-de-capitaux-la-tunisie-bientot-retiree-de-la-liste-grise\/\",\"url\":\"https:\/\/kapitalis.com\/tunisie\/2018\/11\/23\/blanchiment-de-capitaux-la-tunisie-bientot-retiree-de-la-liste-grise\/\",\"name\":\"Blanchiment de capitaux : La Tunisie bient\u00f4t retir\u00e9e de la liste grise - Kapitalis\",\"isPartOf\":{\"@id\":\"https:\/\/kapitalis.com\/tunisie\/#website\"},\"primaryImageOfPage\":{\"@id\":\"https:\/\/kapitalis.com\/tunisie\/2018\/11\/23\/blanchiment-de-capitaux-la-tunisie-bientot-retiree-de-la-liste-grise\/#primaryimage\"},\"image\":{\"@id\":\"https:\/\/kapitalis.com\/tunisie\/2018\/11\/23\/blanchiment-de-capitaux-la-tunisie-bientot-retiree-de-la-liste-grise\/#primaryimage\"},\"thumbnailUrl\":\"\",\"datePublished\":\"2018-11-23T11:28:59+00:00\",\"breadcrumb\":{\"@id\":\"https:\/\/kapitalis.com\/tunisie\/2018\/11\/23\/blanchiment-de-capitaux-la-tunisie-bientot-retiree-de-la-liste-grise\/#breadcrumb\"},\"inLanguage\":\"fr-FR\",\"potentialAction\":[{\"@type\":\"ReadAction\",\"target\":[\"https:\/\/kapitalis.com\/tunisie\/2018\/11\/23\/blanchiment-de-capitaux-la-tunisie-bientot-retiree-de-la-liste-grise\/\"]}]},{\"@type\":\"ImageObject\",\"inLanguage\":\"fr-FR\",\"@id\":\"https:\/\/kapitalis.com\/tunisie\/2018\/11\/23\/blanchiment-de-capitaux-la-tunisie-bientot-retiree-de-la-liste-grise\/#primaryimage\",\"url\":\"\",\"contentUrl\":\"\"},{\"@type\":\"BreadcrumbList\",\"@id\":\"https:\/\/kapitalis.com\/tunisie\/2018\/11\/23\/blanchiment-de-capitaux-la-tunisie-bientot-retiree-de-la-liste-grise\/#breadcrumb\",\"itemListElement\":[{\"@type\":\"ListItem\",\"position\":1,\"name\":\"Accueil\",\"item\":\"https:\/\/kapitalis.com\/tunisie\/\"},{\"@type\":\"ListItem\",\"position\":2,\"name\":\"Blanchiment de capitaux : La Tunisie bient\u00f4t retir\u00e9e de la liste grise\"}]},{\"@type\":\"WebSite\",\"@id\":\"https:\/\/kapitalis.com\/tunisie\/#website\",\"url\":\"https:\/\/kapitalis.com\/tunisie\/\",\"name\":\"Kapitalis\",\"description\":\"L&#039;actualit\u00e9 en Tunisie et dans le monde\",\"publisher\":{\"@id\":\"https:\/\/kapitalis.com\/tunisie\/#organization\"},\"potentialAction\":[{\"@type\":\"SearchAction\",\"target\":{\"@type\":\"EntryPoint\",\"urlTemplate\":\"https:\/\/kapitalis.com\/tunisie\/?s={search_term_string}\"},\"query-input\":{\"@type\":\"PropertyValueSpecification\",\"valueRequired\":true,\"valueName\":\"search_term_string\"}}],\"inLanguage\":\"fr-FR\"},{\"@type\":\"Organization\",\"@id\":\"https:\/\/kapitalis.com\/tunisie\/#organization\",\"name\":\"Kapitalis\",\"url\":\"https:\/\/kapitalis.com\/tunisie\/\",\"logo\":{\"@type\":\"ImageObject\",\"inLanguage\":\"fr-FR\",\"@id\":\"https:\/\/kapitalis.com\/tunisie\/#\/schema\/logo\/image\/\",\"url\":\"https:\/\/kapitalis.com\/tunisie\/wp-content\/uploads\/2022\/05\/Kapitalis-big-size.png\",\"contentUrl\":\"https:\/\/kapitalis.com\/tunisie\/wp-content\/uploads\/2022\/05\/Kapitalis-big-size.png\",\"width\":5000,\"height\":1500,\"caption\":\"Kapitalis\"},\"image\":{\"@id\":\"https:\/\/kapitalis.com\/tunisie\/#\/schema\/logo\/image\/\"},\"sameAs\":[\"https:\/\/www.facebook.com\/KapitalisInfo\/\",\"https:\/\/x.com\/KapitalisInfo\",\"https:\/\/www.youtube.com\/channel\/UC-yDYrHyfFBWWZaOw3FPg9Q\"]},{\"@type\":\"Person\",\"@id\":\"https:\/\/kapitalis.com\/tunisie\/#\/schema\/person\/2c6e134b2f3369dffcd1daf5f087d28b\",\"name\":\"emna benabdallah\",\"url\":\"https:\/\/kapitalis.com\/tunisie\/author\/emna\/\"}]}<\/script>\n<!-- \/ Yoast SEO plugin. -->","yoast_head_json":{"title":"Blanchiment de capitaux : La Tunisie bient\u00f4t retir\u00e9e de la liste grise - Kapitalis","robots":{"index":"index","follow":"follow","max-snippet":"max-snippet:-1","max-image-preview":"max-image-preview:large","max-video-preview":"max-video-preview:-1"},"canonical":"https:\/\/kapitalis.com\/tunisie\/2018\/11\/23\/blanchiment-de-capitaux-la-tunisie-bientot-retiree-de-la-liste-grise\/","og_locale":"fr_FR","og_type":"article","og_title":"Blanchiment de capitaux : La Tunisie bient\u00f4t retir\u00e9e de la liste grise - Kapitalis","og_description":"La Tunisie sortira de la liste grise des pays tiers \u00e0 haut risque de blanchiment de capitaux et de financement du terrorisme avant la fin de l&rsquo;ann\u00e9e et au plus tard d\u00e9but 2019.","og_url":"https:\/\/kapitalis.com\/tunisie\/2018\/11\/23\/blanchiment-de-capitaux-la-tunisie-bientot-retiree-de-la-liste-grise\/","og_site_name":"Kapitalis","article_publisher":"https:\/\/www.facebook.com\/KapitalisInfo\/","article_published_time":"2018-11-23T11:28:59+00:00","og_image":[{"width":1200,"height":630,"url":"https:\/\/kapitalis.com\/tunisie\/wp-content\/uploads\/2022\/05\/kapitalis-logo-fb.png","type":"image\/png"}],"author":"emna benabdallah","twitter_card":"summary_large_image","twitter_creator":"@KapitalisInfo","twitter_site":"@KapitalisInfo","twitter_misc":{"\u00c9crit par":"emna benabdallah","Dur\u00e9e de lecture estim\u00e9e":"1 minute"},"schema":{"@context":"https:\/\/schema.org","@graph":[{"@type":"Article","@id":"https:\/\/kapitalis.com\/tunisie\/2018\/11\/23\/blanchiment-de-capitaux-la-tunisie-bientot-retiree-de-la-liste-grise\/#article","isPartOf":{"@id":"https:\/\/kapitalis.com\/tunisie\/2018\/11\/23\/blanchiment-de-capitaux-la-tunisie-bientot-retiree-de-la-liste-grise\/"},"author":{"name":"emna benabdallah","@id":"https:\/\/kapitalis.com\/tunisie\/#\/schema\/person\/2c6e134b2f3369dffcd1daf5f087d28b"},"headline":"Blanchiment de capitaux : La Tunisie bient\u00f4t retir\u00e9e de la liste grise","datePublished":"2018-11-23T11:28:59+00:00","mainEntityOfPage":{"@id":"https:\/\/kapitalis.com\/tunisie\/2018\/11\/23\/blanchiment-de-capitaux-la-tunisie-bientot-retiree-de-la-liste-grise\/"},"wordCount":229,"commentCount":0,"publisher":{"@id":"https:\/\/kapitalis.com\/tunisie\/#organization"},"image":{"@id":"https:\/\/kapitalis.com\/tunisie\/2018\/11\/23\/blanchiment-de-capitaux-la-tunisie-bientot-retiree-de-la-liste-grise\/#primaryimage"},"thumbnailUrl":"","keywords":["B\u00e9ji Ca\u00efd Essebsi","blanchiment d'argent","Jean-Claude Junker","Khema\u00efs Jhinaoui","terrorisme"],"articleSection":["ECONOMIE","Tunisie"],"inLanguage":"fr-FR","potentialAction":[{"@type":"CommentAction","name":"Comment","target":["https:\/\/kapitalis.com\/tunisie\/2018\/11\/23\/blanchiment-de-capitaux-la-tunisie-bientot-retiree-de-la-liste-grise\/#respond"]}]},{"@type":"WebPage","@id":"https:\/\/kapitalis.com\/tunisie\/2018\/11\/23\/blanchiment-de-capitaux-la-tunisie-bientot-retiree-de-la-liste-grise\/","url":"https:\/\/kapitalis.com\/tunisie\/2018\/11\/23\/blanchiment-de-capitaux-la-tunisie-bientot-retiree-de-la-liste-grise\/","name":"Blanchiment de capitaux : La Tunisie bient\u00f4t retir\u00e9e de la liste grise - Kapitalis","isPartOf":{"@id":"https:\/\/kapitalis.com\/tunisie\/#website"},"primaryImageOfPage":{"@id":"https:\/\/kapitalis.com\/tunisie\/2018\/11\/23\/blanchiment-de-capitaux-la-tunisie-bientot-retiree-de-la-liste-grise\/#primaryimage"},"image":{"@id":"https:\/\/kapitalis.com\/tunisie\/2018\/11\/23\/blanchiment-de-capitaux-la-tunisie-bientot-retiree-de-la-liste-grise\/#primaryimage"},"thumbnailUrl":"","datePublished":"2018-11-23T11:28:59+00:00","breadcrumb":{"@id":"https:\/\/kapitalis.com\/tunisie\/2018\/11\/23\/blanchiment-de-capitaux-la-tunisie-bientot-retiree-de-la-liste-grise\/#breadcrumb"},"inLanguage":"fr-FR","potentialAction":[{"@type":"ReadAction","target":["https:\/\/kapitalis.com\/tunisie\/2018\/11\/23\/blanchiment-de-capitaux-la-tunisie-bientot-retiree-de-la-liste-grise\/"]}]},{"@type":"ImageObject","inLanguage":"fr-FR","@id":"https:\/\/kapitalis.com\/tunisie\/2018\/11\/23\/blanchiment-de-capitaux-la-tunisie-bientot-retiree-de-la-liste-grise\/#primaryimage","url":"","contentUrl":""},{"@type":"BreadcrumbList","@id":"https:\/\/kapitalis.com\/tunisie\/2018\/11\/23\/blanchiment-de-capitaux-la-tunisie-bientot-retiree-de-la-liste-grise\/#breadcrumb","itemListElement":[{"@type":"ListItem","position":1,"name":"Accueil","item":"https:\/\/kapitalis.com\/tunisie\/"},{"@type":"ListItem","position":2,"name":"Blanchiment de capitaux : La Tunisie bient\u00f4t retir\u00e9e de la liste grise"}]},{"@type":"WebSite","@id":"https:\/\/kapitalis.com\/tunisie\/#website","url":"https:\/\/kapitalis.com\/tunisie\/","name":"Kapitalis","description":"L&#039;actualit\u00e9 en Tunisie et dans le monde","publisher":{"@id":"https:\/\/kapitalis.com\/tunisie\/#organization"},"potentialAction":[{"@type":"SearchAction","target":{"@type":"EntryPoint","urlTemplate":"https:\/\/kapitalis.com\/tunisie\/?s={search_term_string}"},"query-input":{"@type":"PropertyValueSpecification","valueRequired":true,"valueName":"search_term_string"}}],"inLanguage":"fr-FR"},{"@type":"Organization","@id":"https:\/\/kapitalis.com\/tunisie\/#organization","name":"Kapitalis","url":"https:\/\/kapitalis.com\/tunisie\/","logo":{"@type":"ImageObject","inLanguage":"fr-FR","@id":"https:\/\/kapitalis.com\/tunisie\/#\/schema\/logo\/image\/","url":"https:\/\/kapitalis.com\/tunisie\/wp-content\/uploads\/2022\/05\/Kapitalis-big-size.png","contentUrl":"https:\/\/kapitalis.com\/tunisie\/wp-content\/uploads\/2022\/05\/Kapitalis-big-size.png","width":5000,"height":1500,"caption":"Kapitalis"},"image":{"@id":"https:\/\/kapitalis.com\/tunisie\/#\/schema\/logo\/image\/"},"sameAs":["https:\/\/www.facebook.com\/KapitalisInfo\/","https:\/\/x.com\/KapitalisInfo","https:\/\/www.youtube.com\/channel\/UC-yDYrHyfFBWWZaOw3FPg9Q"]},{"@type":"Person","@id":"https:\/\/kapitalis.com\/tunisie\/#\/schema\/person\/2c6e134b2f3369dffcd1daf5f087d28b","name":"emna benabdallah","url":"https:\/\/kapitalis.com\/tunisie\/author\/emna\/"}]}},"_links":{"self":[{"href":"https:\/\/kapitalis.com\/tunisie\/wp-json\/wp\/v2\/posts\/185271","targetHints":{"allow":["GET"]}}],"collection":[{"href":"https:\/\/kapitalis.com\/tunisie\/wp-json\/wp\/v2\/posts"}],"about":[{"href":"https:\/\/kapitalis.com\/tunisie\/wp-json\/wp\/v2\/types\/post"}],"author":[{"embeddable":true,"href":"https:\/\/kapitalis.com\/tunisie\/wp-json\/wp\/v2\/users\/16"}],"replies":[{"embeddable":true,"href":"https:\/\/kapitalis.com\/tunisie\/wp-json\/wp\/v2\/comments?post=185271"}],"version-history":[{"count":0,"href":"https:\/\/kapitalis.com\/tunisie\/wp-json\/wp\/v2\/posts\/185271\/revisions"}],"wp:featuredmedia":[{"embeddable":true,"href":"https:\/\/kapitalis.com\/tunisie\/wp-json\/wp\/v2\/media\/126971"}],"wp:attachment":[{"href":"https:\/\/kapitalis.com\/tunisie\/wp-json\/wp\/v2\/media?parent=185271"}],"wp:term":[{"taxonomy":"category","embeddable":true,"href":"https:\/\/kapitalis.com\/tunisie\/wp-json\/wp\/v2\/categories?post=185271"},{"taxonomy":"post_tag","embeddable":true,"href":"https:\/\/kapitalis.com\/tunisie\/wp-json\/wp\/v2\/tags?post=185271"}],"curies":[{"name":"wp","href":"https:\/\/api.w.org\/{rel}","templated":true}]}}