{"id":18532059,"date":"2026-03-28T13:14:15","date_gmt":"2026-03-28T12:14:15","guid":{"rendered":"https:\/\/kapitalis.com\/tunisie\/?p=18532059"},"modified":"2026-03-28T13:14:17","modified_gmt":"2026-03-28T12:14:17","slug":"djerba-accueille-desertifactions-2026-dans-un-contexte-de-crise-climatique","status":"publish","type":"post","link":"https:\/\/kapitalis.com\/tunisie\/2026\/03\/28\/djerba-accueille-desertifactions-2026-dans-un-contexte-de-crise-climatique\/","title":{"rendered":"Djerba accueille Desertif&rsquo;actions 2026 dans un contexte de crise climatique"},"content":{"rendered":"\n<p><strong><em>Le sommet international Desertif&rsquo;actions 2026 sur la r\u00e9silience r\u00e9gionale face aux crises climatiques s\u2019est d\u00e9roul\u00e9 du 25 au 28 mars 2026 \u00e0 l\u2019Institut sup\u00e9rieur d&rsquo;\u00e9tudes technologiques (ISET), \u00e0 Djerba, Tunisie. Cette 6<sup>e<\/sup> \u00e9dition a r\u00e9uni plus de 300 participants internationaux&nbsp;: repr\u00e9sentants de la soci\u00e9t\u00e9 civile, chercheurs, scientifiques, ONG, associations, institutions publiques et\/ou priv\u00e9es, collectivit\u00e9s territoriales, etc.<\/em><\/strong><\/p>\n\n\n\n<p><strong>Latif Belhedi<\/strong><\/p>\n\n\n\n<!--more-->\n\n\n\n<p>Pendant trois jours, les participants ont pris part \u00e0 des s\u00e9ances pl\u00e9ni\u00e8res, des ateliers th\u00e9matiques, des travaux de groupe, des discussions et des dialogues. Le but \u00e9tant de coconstruire un plaidoyer fond\u00e9 sur des solutions concr\u00e8tes et pertinentes, afin d\u2019influencer les d\u00e9cisions de la COP17.<\/p>\n\n\n\n<p>Les th\u00e8mes abord\u00e9s&nbsp;sont la transformation des syst\u00e8mes agricoles et\/ou d\u2019\u00e9levage s\u00e9dentaires&nbsp;; le soutien aux syst\u00e8mes de production mobiles (avec un accent mis sur le pastoralisme)&nbsp;; la gestion r\u00e9gionale des ressources en eau&nbsp;; et la gestion durable des territoires.<\/p>\n\n\n\n<h2 class=\"wp-block-heading\">L\u2018urgence d\u2019agir dans un contexte de crise<\/h2>\n\n\n\n<p>Les d\u00e9bats entre les d\u00e9cideurs, experts, responsables institutionnels et acteurs de terrain ont tourn\u00e9 autour d\u2019un enjeu commun : faire face \u00e0 la d\u00e9gradation des terres et aux s\u00e9cheresses dans un contexte mondial marqu\u00e9 par des crises multiples.<\/p>\n\n\n\n<p>Les participants ont pos\u00e9 les bases d\u2019un dialogue collectif, en mettant en lumi\u00e8re l\u2019urgence d\u2019agir, la n\u00e9cessit\u00e9 de renforcer la coop\u00e9ration internationale et l\u2019importance de solutions concr\u00e8tes, ancr\u00e9es dans les r\u00e9alit\u00e9s des territoires.<\/p>\n\n\n\n<p>Entre interventions de haut niveau et messages port\u00e9s par la communaut\u00e9 internationale, un appel clair a \u00e9t\u00e9 lanc\u00e9 : acc\u00e9l\u00e9rer l\u2019action, renforcer les partenariats et transformer les engagements en r\u00e9sultats.<\/p>\n\n\n\n<p>Entre 2000 et 2019, plus d\u20191,4 milliard de personnes ont \u00e9t\u00e9 touch\u00e9es par des s\u00e9cheresses. Ce chiffre de la FAO t\u00e9moigne de l\u2019ampleur du ph\u00e9nom\u00e8ne, dont la fr\u00e9quence et l\u2019intensit\u00e9 ne cesse de s\u2019accro\u00eetre au fil du temps.<\/p>\n\n\n\n<p>Au c\u0153ur des \u00e9changes lors du sommet D\u00e9sertif\u2019actions : les r\u00e9ponses que peuvent offrir les politiques publiques. Car aujourd\u2019hui, le sujet est moins technique que politique.<\/p>\n\n\n\n<p>Pour faire face \u00e0 ces \u00e9pisodes climatiques extr\u00eames, un certain nombre de solutions existent, mais elles sont trop souvent confin\u00e9es dans des zones <em>\u00abtests\u00bb<\/em> ou bien requi\u00e8rent des changements syst\u00e9miques. Les d\u00e9velopper \u00e0 l\u2019\u00e9chelle de territoires n\u00e9cessite des outils et des strat\u00e9gies politiques pas simples \u00e0 mettre en \u0153uvre.<\/p>\n\n\n\n<p>Dans le cadre du sommet, l\u2019Observatoire du Sahara et du Sahel, une Ong onusienne bas\u00e9e \u00e0 Tunis, a organis\u00e9 un atelier consacr\u00e9 aux moyens d\u2019am\u00e9liorer la couverture m\u00e9diatique des enjeux de la d\u00e9sertification.<\/p>\n\n\n\n<h2 class=\"wp-block-heading\">Le r\u00f4le crucial des m\u00e9dias<\/h2>\n\n\n\n<p>Cet atelier a permis \u00e0 plusieurs experts et professionnels des m\u00e9dias d\u2019\u00e9changer et de discuter, afin d\u2019explorer comment mieux communiquer les recommandations du sommet au grand public et aux d\u00e9cideurs.<\/p>\n\n\n\n<p>Les discussions ont mis en lumi\u00e8re le r\u00f4le crucial des m\u00e9dias pour simplifier les enjeux environnementaux, sensibiliser le public et favoriser l&rsquo;engagement face aux d\u00e9fis de la d\u00e9sertification. L\u2019importance de d\u00e9velopper des m\u00e9thodes de communication innovantes, capables de capter l\u2019attention du public et de transmettre clairement les messages, a \u00e9galement \u00e9t\u00e9 soulign\u00e9e.<\/p>\n\n\n\n<p>Les discussions ont par ailleurs insist\u00e9 sur la n\u00e9cessit\u00e9 de continuer \u00e0 couvrir les questions de d\u00e9sertification avant, pendant et apr\u00e8s les \u00e9v\u00e9nements internationaux, afin de les int\u00e9grer au d\u00e9bat public et de soutenir les efforts d\u00e9ploy\u00e9s pour les combattre.<\/p>\n\n\n\n<p>Elles ont appel\u00e9 \u00e0 renforcer le r\u00f4le des m\u00e9dias en tant que partenaire cl\u00e9 dans la diffusion des recommandations environnementales et le soutien des politiques de lutte contre la d\u00e9sertification et de construction d&rsquo;un avenir plus durable.<\/p>\n","protected":false},"excerpt":{"rendered":"<p>Le sommet international Desertif&rsquo;actions 2026 sur la r\u00e9silience face aux crises climatiques s\u2019est d\u00e9roul\u00e9 du 25 au 28 mars 2026 \u00e0 Djerba. <\/p>\n","protected":false},"author":8,"featured_media":18532069,"comment_status":"open","ping_status":"open","sticky":false,"template":"","format":"standard","meta":{"footnotes":""},"categories":[992,995,2433],"tags":[127559,127558,284,62643],"class_list":["post-18532059","post","type-post","status-publish","format-standard","has-post-thumbnail","hentry","category-a-la-une","category-economie","category-tunisie","tag-crises-climatiques","tag-desertifactions-2026","tag-djerba","tag-tunisie"],"yoast_head":"<!-- This site is optimized with the Yoast SEO plugin v26.6 - https:\/\/yoast.com\/wordpress\/plugins\/seo\/ -->\n<title>Djerba accueille Desertif&#039;actions 2026 dans un contexte de crise climatique - Kapitalis<\/title>\n<meta name=\"description\" content=\"Le sommet international Desertif&#039;actions 2026 sur la r\u00e9silience face aux crises climatiques s\u2019est d\u00e9roul\u00e9 du 25 au 28 mars 2026 \u00e0 Djerba.\" \/>\n<meta name=\"robots\" content=\"index, follow, max-snippet:-1, max-image-preview:large, max-video-preview:-1\" \/>\n<link rel=\"canonical\" href=\"https:\/\/kapitalis.com\/tunisie\/2026\/03\/28\/djerba-accueille-desertifactions-2026-dans-un-contexte-de-crise-climatique\/\" \/>\n<meta property=\"og:locale\" content=\"fr_FR\" \/>\n<meta property=\"og:type\" content=\"article\" \/>\n<meta property=\"og:title\" content=\"Djerba accueille Desertif&#039;actions 2026 dans un contexte de crise climatique - Kapitalis\" \/>\n<meta property=\"og:description\" content=\"Le sommet international Desertif&#039;actions 2026 sur la r\u00e9silience face aux crises climatiques s\u2019est d\u00e9roul\u00e9 du 25 au 28 mars 2026 \u00e0 Djerba.\" \/>\n<meta property=\"og:url\" content=\"https:\/\/kapitalis.com\/tunisie\/2026\/03\/28\/djerba-accueille-desertifactions-2026-dans-un-contexte-de-crise-climatique\/\" \/>\n<meta property=\"og:site_name\" content=\"Kapitalis\" \/>\n<meta property=\"article:publisher\" content=\"https:\/\/www.facebook.com\/KapitalisInfo\/\" \/>\n<meta property=\"article:published_time\" content=\"2026-03-28T12:14:15+00:00\" \/>\n<meta property=\"article:modified_time\" content=\"2026-03-28T12:14:17+00:00\" \/>\n<meta property=\"og:image\" content=\"https:\/\/kapitalis.com\/tunisie\/wp-content\/uploads\/2026\/03\/Desertif-Actions.jpg\" \/>\n\t<meta property=\"og:image:width\" content=\"1200\" \/>\n\t<meta property=\"og:image:height\" content=\"630\" \/>\n\t<meta property=\"og:image:type\" content=\"image\/jpeg\" \/>\n<meta name=\"author\" content=\"webmaster kapitalis\" \/>\n<meta name=\"twitter:card\" content=\"summary_large_image\" \/>\n<meta name=\"twitter:creator\" content=\"@KapitalisInfo\" \/>\n<meta name=\"twitter:site\" content=\"@KapitalisInfo\" \/>\n<meta name=\"twitter:label1\" content=\"\u00c9crit par\" \/>\n\t<meta name=\"twitter:data1\" content=\"webmaster kapitalis\" \/>\n\t<meta name=\"twitter:label2\" content=\"Dur\u00e9e de lecture estim\u00e9e\" \/>\n\t<meta name=\"twitter:data2\" content=\"4 minutes\" \/>\n<script type=\"application\/ld+json\" class=\"yoast-schema-graph\">{\"@context\":\"https:\/\/schema.org\",\"@graph\":[{\"@type\":\"Article\",\"@id\":\"https:\/\/kapitalis.com\/tunisie\/2026\/03\/28\/djerba-accueille-desertifactions-2026-dans-un-contexte-de-crise-climatique\/#article\",\"isPartOf\":{\"@id\":\"https:\/\/kapitalis.com\/tunisie\/2026\/03\/28\/djerba-accueille-desertifactions-2026-dans-un-contexte-de-crise-climatique\/\"},\"author\":{\"name\":\"webmaster kapitalis\",\"@id\":\"https:\/\/kapitalis.com\/tunisie\/#\/schema\/person\/d71f33a9ca44f7bad4698210b480c8e9\"},\"headline\":\"Djerba accueille Desertif&rsquo;actions 2026 dans un contexte de crise climatique\",\"datePublished\":\"2026-03-28T12:14:15+00:00\",\"dateModified\":\"2026-03-28T12:14:17+00:00\",\"mainEntityOfPage\":{\"@id\":\"https:\/\/kapitalis.com\/tunisie\/2026\/03\/28\/djerba-accueille-desertifactions-2026-dans-un-contexte-de-crise-climatique\/\"},\"wordCount\":660,\"commentCount\":0,\"publisher\":{\"@id\":\"https:\/\/kapitalis.com\/tunisie\/#organization\"},\"image\":{\"@id\":\"https:\/\/kapitalis.com\/tunisie\/2026\/03\/28\/djerba-accueille-desertifactions-2026-dans-un-contexte-de-crise-climatique\/#primaryimage\"},\"thumbnailUrl\":\"https:\/\/kapitalis.com\/tunisie\/wp-content\/uploads\/2026\/03\/Desertif-Actions.jpg\",\"keywords\":[\"crises climatiques\",\"Desertif'actions 2026\",\"Djerba\",\"Tunisie\"],\"articleSection\":[\"A LA UNE\",\"ECONOMIE\",\"Tunisie\"],\"inLanguage\":\"fr-FR\",\"potentialAction\":[{\"@type\":\"CommentAction\",\"name\":\"Comment\",\"target\":[\"https:\/\/kapitalis.com\/tunisie\/2026\/03\/28\/djerba-accueille-desertifactions-2026-dans-un-contexte-de-crise-climatique\/#respond\"]}]},{\"@type\":\"WebPage\",\"@id\":\"https:\/\/kapitalis.com\/tunisie\/2026\/03\/28\/djerba-accueille-desertifactions-2026-dans-un-contexte-de-crise-climatique\/\",\"url\":\"https:\/\/kapitalis.com\/tunisie\/2026\/03\/28\/djerba-accueille-desertifactions-2026-dans-un-contexte-de-crise-climatique\/\",\"name\":\"Djerba accueille Desertif'actions 2026 dans un contexte de crise climatique - Kapitalis\",\"isPartOf\":{\"@id\":\"https:\/\/kapitalis.com\/tunisie\/#website\"},\"primaryImageOfPage\":{\"@id\":\"https:\/\/kapitalis.com\/tunisie\/2026\/03\/28\/djerba-accueille-desertifactions-2026-dans-un-contexte-de-crise-climatique\/#primaryimage\"},\"image\":{\"@id\":\"https:\/\/kapitalis.com\/tunisie\/2026\/03\/28\/djerba-accueille-desertifactions-2026-dans-un-contexte-de-crise-climatique\/#primaryimage\"},\"thumbnailUrl\":\"https:\/\/kapitalis.com\/tunisie\/wp-content\/uploads\/2026\/03\/Desertif-Actions.jpg\",\"datePublished\":\"2026-03-28T12:14:15+00:00\",\"dateModified\":\"2026-03-28T12:14:17+00:00\",\"description\":\"Le sommet international Desertif'actions 2026 sur la r\u00e9silience face aux crises climatiques s\u2019est d\u00e9roul\u00e9 du 25 au 28 mars 2026 \u00e0 Djerba.\",\"breadcrumb\":{\"@id\":\"https:\/\/kapitalis.com\/tunisie\/2026\/03\/28\/djerba-accueille-desertifactions-2026-dans-un-contexte-de-crise-climatique\/#breadcrumb\"},\"inLanguage\":\"fr-FR\",\"potentialAction\":[{\"@type\":\"ReadAction\",\"target\":[\"https:\/\/kapitalis.com\/tunisie\/2026\/03\/28\/djerba-accueille-desertifactions-2026-dans-un-contexte-de-crise-climatique\/\"]}]},{\"@type\":\"ImageObject\",\"inLanguage\":\"fr-FR\",\"@id\":\"https:\/\/kapitalis.com\/tunisie\/2026\/03\/28\/djerba-accueille-desertifactions-2026-dans-un-contexte-de-crise-climatique\/#primaryimage\",\"url\":\"https:\/\/kapitalis.com\/tunisie\/wp-content\/uploads\/2026\/03\/Desertif-Actions.jpg\",\"contentUrl\":\"https:\/\/kapitalis.com\/tunisie\/wp-content\/uploads\/2026\/03\/Desertif-Actions.jpg\",\"width\":1200,\"height\":630},{\"@type\":\"BreadcrumbList\",\"@id\":\"https:\/\/kapitalis.com\/tunisie\/2026\/03\/28\/djerba-accueille-desertifactions-2026-dans-un-contexte-de-crise-climatique\/#breadcrumb\",\"itemListElement\":[{\"@type\":\"ListItem\",\"position\":1,\"name\":\"Accueil\",\"item\":\"https:\/\/kapitalis.com\/tunisie\/\"},{\"@type\":\"ListItem\",\"position\":2,\"name\":\"Djerba accueille Desertif&rsquo;actions 2026 dans un contexte de crise climatique\"}]},{\"@type\":\"WebSite\",\"@id\":\"https:\/\/kapitalis.com\/tunisie\/#website\",\"url\":\"https:\/\/kapitalis.com\/tunisie\/\",\"name\":\"Kapitalis\",\"description\":\"L&#039;actualit\u00e9 en Tunisie et dans le monde\",\"publisher\":{\"@id\":\"https:\/\/kapitalis.com\/tunisie\/#organization\"},\"potentialAction\":[{\"@type\":\"SearchAction\",\"target\":{\"@type\":\"EntryPoint\",\"urlTemplate\":\"https:\/\/kapitalis.com\/tunisie\/?s={search_term_string}\"},\"query-input\":{\"@type\":\"PropertyValueSpecification\",\"valueRequired\":true,\"valueName\":\"search_term_string\"}}],\"inLanguage\":\"fr-FR\"},{\"@type\":\"Organization\",\"@id\":\"https:\/\/kapitalis.com\/tunisie\/#organization\",\"name\":\"Kapitalis\",\"url\":\"https:\/\/kapitalis.com\/tunisie\/\",\"logo\":{\"@type\":\"ImageObject\",\"inLanguage\":\"fr-FR\",\"@id\":\"https:\/\/kapitalis.com\/tunisie\/#\/schema\/logo\/image\/\",\"url\":\"https:\/\/kapitalis.com\/tunisie\/wp-content\/uploads\/2022\/05\/Kapitalis-big-size.png\",\"contentUrl\":\"https:\/\/kapitalis.com\/tunisie\/wp-content\/uploads\/2022\/05\/Kapitalis-big-size.png\",\"width\":5000,\"height\":1500,\"caption\":\"Kapitalis\"},\"image\":{\"@id\":\"https:\/\/kapitalis.com\/tunisie\/#\/schema\/logo\/image\/\"},\"sameAs\":[\"https:\/\/www.facebook.com\/KapitalisInfo\/\",\"https:\/\/x.com\/KapitalisInfo\",\"https:\/\/www.youtube.com\/channel\/UC-yDYrHyfFBWWZaOw3FPg9Q\"]},{\"@type\":\"Person\",\"@id\":\"https:\/\/kapitalis.com\/tunisie\/#\/schema\/person\/d71f33a9ca44f7bad4698210b480c8e9\",\"name\":\"webmaster kapitalis\",\"url\":\"https:\/\/kapitalis.com\/tunisie\/author\/webmaster-kapitalis\/\"}]}<\/script>\n<!-- \/ Yoast SEO plugin. -->","yoast_head_json":{"title":"Djerba accueille Desertif'actions 2026 dans un contexte de crise climatique - Kapitalis","description":"Le sommet international Desertif'actions 2026 sur la r\u00e9silience face aux crises climatiques s\u2019est d\u00e9roul\u00e9 du 25 au 28 mars 2026 \u00e0 Djerba.","robots":{"index":"index","follow":"follow","max-snippet":"max-snippet:-1","max-image-preview":"max-image-preview:large","max-video-preview":"max-video-preview:-1"},"canonical":"https:\/\/kapitalis.com\/tunisie\/2026\/03\/28\/djerba-accueille-desertifactions-2026-dans-un-contexte-de-crise-climatique\/","og_locale":"fr_FR","og_type":"article","og_title":"Djerba accueille Desertif'actions 2026 dans un contexte de crise climatique - Kapitalis","og_description":"Le sommet international Desertif'actions 2026 sur la r\u00e9silience face aux crises climatiques s\u2019est d\u00e9roul\u00e9 du 25 au 28 mars 2026 \u00e0 Djerba.","og_url":"https:\/\/kapitalis.com\/tunisie\/2026\/03\/28\/djerba-accueille-desertifactions-2026-dans-un-contexte-de-crise-climatique\/","og_site_name":"Kapitalis","article_publisher":"https:\/\/www.facebook.com\/KapitalisInfo\/","article_published_time":"2026-03-28T12:14:15+00:00","article_modified_time":"2026-03-28T12:14:17+00:00","og_image":[{"width":1200,"height":630,"url":"https:\/\/kapitalis.com\/tunisie\/wp-content\/uploads\/2026\/03\/Desertif-Actions.jpg","type":"image\/jpeg"}],"author":"webmaster kapitalis","twitter_card":"summary_large_image","twitter_creator":"@KapitalisInfo","twitter_site":"@KapitalisInfo","twitter_misc":{"\u00c9crit par":"webmaster kapitalis","Dur\u00e9e de lecture estim\u00e9e":"4 minutes"},"schema":{"@context":"https:\/\/schema.org","@graph":[{"@type":"Article","@id":"https:\/\/kapitalis.com\/tunisie\/2026\/03\/28\/djerba-accueille-desertifactions-2026-dans-un-contexte-de-crise-climatique\/#article","isPartOf":{"@id":"https:\/\/kapitalis.com\/tunisie\/2026\/03\/28\/djerba-accueille-desertifactions-2026-dans-un-contexte-de-crise-climatique\/"},"author":{"name":"webmaster kapitalis","@id":"https:\/\/kapitalis.com\/tunisie\/#\/schema\/person\/d71f33a9ca44f7bad4698210b480c8e9"},"headline":"Djerba accueille Desertif&rsquo;actions 2026 dans un contexte de crise climatique","datePublished":"2026-03-28T12:14:15+00:00","dateModified":"2026-03-28T12:14:17+00:00","mainEntityOfPage":{"@id":"https:\/\/kapitalis.com\/tunisie\/2026\/03\/28\/djerba-accueille-desertifactions-2026-dans-un-contexte-de-crise-climatique\/"},"wordCount":660,"commentCount":0,"publisher":{"@id":"https:\/\/kapitalis.com\/tunisie\/#organization"},"image":{"@id":"https:\/\/kapitalis.com\/tunisie\/2026\/03\/28\/djerba-accueille-desertifactions-2026-dans-un-contexte-de-crise-climatique\/#primaryimage"},"thumbnailUrl":"https:\/\/kapitalis.com\/tunisie\/wp-content\/uploads\/2026\/03\/Desertif-Actions.jpg","keywords":["crises climatiques","Desertif'actions 2026","Djerba","Tunisie"],"articleSection":["A LA UNE","ECONOMIE","Tunisie"],"inLanguage":"fr-FR","potentialAction":[{"@type":"CommentAction","name":"Comment","target":["https:\/\/kapitalis.com\/tunisie\/2026\/03\/28\/djerba-accueille-desertifactions-2026-dans-un-contexte-de-crise-climatique\/#respond"]}]},{"@type":"WebPage","@id":"https:\/\/kapitalis.com\/tunisie\/2026\/03\/28\/djerba-accueille-desertifactions-2026-dans-un-contexte-de-crise-climatique\/","url":"https:\/\/kapitalis.com\/tunisie\/2026\/03\/28\/djerba-accueille-desertifactions-2026-dans-un-contexte-de-crise-climatique\/","name":"Djerba accueille Desertif'actions 2026 dans un contexte de crise climatique - Kapitalis","isPartOf":{"@id":"https:\/\/kapitalis.com\/tunisie\/#website"},"primaryImageOfPage":{"@id":"https:\/\/kapitalis.com\/tunisie\/2026\/03\/28\/djerba-accueille-desertifactions-2026-dans-un-contexte-de-crise-climatique\/#primaryimage"},"image":{"@id":"https:\/\/kapitalis.com\/tunisie\/2026\/03\/28\/djerba-accueille-desertifactions-2026-dans-un-contexte-de-crise-climatique\/#primaryimage"},"thumbnailUrl":"https:\/\/kapitalis.com\/tunisie\/wp-content\/uploads\/2026\/03\/Desertif-Actions.jpg","datePublished":"2026-03-28T12:14:15+00:00","dateModified":"2026-03-28T12:14:17+00:00","description":"Le sommet international Desertif'actions 2026 sur la r\u00e9silience face aux crises climatiques s\u2019est d\u00e9roul\u00e9 du 25 au 28 mars 2026 \u00e0 Djerba.","breadcrumb":{"@id":"https:\/\/kapitalis.com\/tunisie\/2026\/03\/28\/djerba-accueille-desertifactions-2026-dans-un-contexte-de-crise-climatique\/#breadcrumb"},"inLanguage":"fr-FR","potentialAction":[{"@type":"ReadAction","target":["https:\/\/kapitalis.com\/tunisie\/2026\/03\/28\/djerba-accueille-desertifactions-2026-dans-un-contexte-de-crise-climatique\/"]}]},{"@type":"ImageObject","inLanguage":"fr-FR","@id":"https:\/\/kapitalis.com\/tunisie\/2026\/03\/28\/djerba-accueille-desertifactions-2026-dans-un-contexte-de-crise-climatique\/#primaryimage","url":"https:\/\/kapitalis.com\/tunisie\/wp-content\/uploads\/2026\/03\/Desertif-Actions.jpg","contentUrl":"https:\/\/kapitalis.com\/tunisie\/wp-content\/uploads\/2026\/03\/Desertif-Actions.jpg","width":1200,"height":630},{"@type":"BreadcrumbList","@id":"https:\/\/kapitalis.com\/tunisie\/2026\/03\/28\/djerba-accueille-desertifactions-2026-dans-un-contexte-de-crise-climatique\/#breadcrumb","itemListElement":[{"@type":"ListItem","position":1,"name":"Accueil","item":"https:\/\/kapitalis.com\/tunisie\/"},{"@type":"ListItem","position":2,"name":"Djerba accueille Desertif&rsquo;actions 2026 dans un contexte de crise climatique"}]},{"@type":"WebSite","@id":"https:\/\/kapitalis.com\/tunisie\/#website","url":"https:\/\/kapitalis.com\/tunisie\/","name":"Kapitalis","description":"L&#039;actualit\u00e9 en Tunisie et dans le monde","publisher":{"@id":"https:\/\/kapitalis.com\/tunisie\/#organization"},"potentialAction":[{"@type":"SearchAction","target":{"@type":"EntryPoint","urlTemplate":"https:\/\/kapitalis.com\/tunisie\/?s={search_term_string}"},"query-input":{"@type":"PropertyValueSpecification","valueRequired":true,"valueName":"search_term_string"}}],"inLanguage":"fr-FR"},{"@type":"Organization","@id":"https:\/\/kapitalis.com\/tunisie\/#organization","name":"Kapitalis","url":"https:\/\/kapitalis.com\/tunisie\/","logo":{"@type":"ImageObject","inLanguage":"fr-FR","@id":"https:\/\/kapitalis.com\/tunisie\/#\/schema\/logo\/image\/","url":"https:\/\/kapitalis.com\/tunisie\/wp-content\/uploads\/2022\/05\/Kapitalis-big-size.png","contentUrl":"https:\/\/kapitalis.com\/tunisie\/wp-content\/uploads\/2022\/05\/Kapitalis-big-size.png","width":5000,"height":1500,"caption":"Kapitalis"},"image":{"@id":"https:\/\/kapitalis.com\/tunisie\/#\/schema\/logo\/image\/"},"sameAs":["https:\/\/www.facebook.com\/KapitalisInfo\/","https:\/\/x.com\/KapitalisInfo","https:\/\/www.youtube.com\/channel\/UC-yDYrHyfFBWWZaOw3FPg9Q"]},{"@type":"Person","@id":"https:\/\/kapitalis.com\/tunisie\/#\/schema\/person\/d71f33a9ca44f7bad4698210b480c8e9","name":"webmaster kapitalis","url":"https:\/\/kapitalis.com\/tunisie\/author\/webmaster-kapitalis\/"}]}},"_links":{"self":[{"href":"https:\/\/kapitalis.com\/tunisie\/wp-json\/wp\/v2\/posts\/18532059","targetHints":{"allow":["GET"]}}],"collection":[{"href":"https:\/\/kapitalis.com\/tunisie\/wp-json\/wp\/v2\/posts"}],"about":[{"href":"https:\/\/kapitalis.com\/tunisie\/wp-json\/wp\/v2\/types\/post"}],"author":[{"embeddable":true,"href":"https:\/\/kapitalis.com\/tunisie\/wp-json\/wp\/v2\/users\/8"}],"replies":[{"embeddable":true,"href":"https:\/\/kapitalis.com\/tunisie\/wp-json\/wp\/v2\/comments?post=18532059"}],"version-history":[{"count":2,"href":"https:\/\/kapitalis.com\/tunisie\/wp-json\/wp\/v2\/posts\/18532059\/revisions"}],"predecessor-version":[{"id":18536220,"href":"https:\/\/kapitalis.com\/tunisie\/wp-json\/wp\/v2\/posts\/18532059\/revisions\/18536220"}],"wp:featuredmedia":[{"embeddable":true,"href":"https:\/\/kapitalis.com\/tunisie\/wp-json\/wp\/v2\/media\/18532069"}],"wp:attachment":[{"href":"https:\/\/kapitalis.com\/tunisie\/wp-json\/wp\/v2\/media?parent=18532059"}],"wp:term":[{"taxonomy":"category","embeddable":true,"href":"https:\/\/kapitalis.com\/tunisie\/wp-json\/wp\/v2\/categories?post=18532059"},{"taxonomy":"post_tag","embeddable":true,"href":"https:\/\/kapitalis.com\/tunisie\/wp-json\/wp\/v2\/tags?post=18532059"}],"curies":[{"name":"wp","href":"https:\/\/api.w.org\/{rel}","templated":true}]}}