{"id":18535211,"date":"2026-03-29T00:11:33","date_gmt":"2026-03-28T23:11:33","guid":{"rendered":"https:\/\/kapitalis.com\/tunisie\/?p=18535211"},"modified":"2026-03-29T00:16:12","modified_gmt":"2026-03-28T23:16:12","slug":"hommage-le-nom-du-dr-jed-henchiri-desormais-grave-au-coeur-de-la-faculte","status":"publish","type":"post","link":"https:\/\/kapitalis.com\/tunisie\/2026\/03\/29\/hommage-le-nom-du-dr-jed-henchiri-desormais-grave-au-coeur-de-la-faculte\/","title":{"rendered":"Hommage | Le nom du Dr Jed Henchiri d\u00e9sormais grav\u00e9 au c\u0153ur de la Facult\u00e9"},"content":{"rendered":"\n<p><em><strong>En coordination avec l\u2019Organisation tunisienne des jeunes m\u00e9decins (OTJM), la Facult\u00e9 de m\u00e9decine de Sfax a rendu hommage, ce samedi 28 mars 2026 au regrett\u00e9 Dr Jed Henchiri.<\/strong><\/em><\/p>\n\n\n\n<!--more-->\n\n\n\n<p>Dans un communiqu\u00e9, l&rsquo;OTJM annonce que le c\u00e9l\u00e8bre amphith\u00e9\u00e2tre n\u00b04 a \u00e9t\u00e9 officiellement rebaptis\u00e9 au nom du regrett\u00e9 Dr Jed Henchiri,&nbsp; figure embl\u00e9matique de la lutte pour la dignit\u00e9 du secteur de la sant\u00e9 publique en Tunisie..<\/p>\n\n\n\n<p>Au-del\u00e0 du changement de nom, une plaque comm\u00e9morative a \u00e9t\u00e9 d\u00e9voil\u00e9e \u00e0 l\u2019entr\u00e9e de l\u2019amphith\u00e9\u00e2tre, retra\u00e7ant le parcours militant et professionnel du Dr Henchiri, offrant ainsi aux g\u00e9n\u00e9rations futures d\u2019\u00e9tudiants et de praticiens un rappel vivant de son engagement ind\u00e9fectible pour l\u2019am\u00e9lioration des conditions de soin et de travail.<\/p>\n\n\n\n<figure class=\"wp-block-gallery aligncenter has-nested-images columns-2 is-cropped wp-block-gallery-1 is-layout-flex wp-block-gallery-is-layout-flex\">\n<figure class=\"wp-block-image size-large\"><img loading=\"lazy\" decoding=\"async\" width=\"1024\" height=\"768\" data-id=\"18535250\" src=\"https:\/\/kapitalis.com\/tunisie\/wp-content\/uploads\/2026\/03\/Jed4-1024x768.jpg\" alt=\"\" class=\"wp-image-18535250\" srcset=\"https:\/\/kapitalis.com\/tunisie\/wp-content\/uploads\/2026\/03\/Jed4-1024x768.jpg 1024w, https:\/\/kapitalis.com\/tunisie\/wp-content\/uploads\/2026\/03\/Jed4-300x225.jpg 300w, https:\/\/kapitalis.com\/tunisie\/wp-content\/uploads\/2026\/03\/Jed4-768x576.jpg 768w, https:\/\/kapitalis.com\/tunisie\/wp-content\/uploads\/2026\/03\/Jed4-1536x1152.jpg 1536w, https:\/\/kapitalis.com\/tunisie\/wp-content\/uploads\/2026\/03\/Jed4-580x435.jpg 580w, https:\/\/kapitalis.com\/tunisie\/wp-content\/uploads\/2026\/03\/Jed4-860x645.jpg 860w, https:\/\/kapitalis.com\/tunisie\/wp-content\/uploads\/2026\/03\/Jed4-1160x870.jpg 1160w, https:\/\/kapitalis.com\/tunisie\/wp-content\/uploads\/2026\/03\/Jed4.jpg 2048w\" sizes=\"auto, (max-width: 1024px) 100vw, 1024px\" \/><\/figure>\n\n\n\n<figure class=\"wp-block-image size-large\"><img loading=\"lazy\" decoding=\"async\" width=\"1024\" height=\"768\" data-id=\"18535252\" src=\"https:\/\/kapitalis.com\/tunisie\/wp-content\/uploads\/2026\/03\/Jed3-1024x768.jpg\" alt=\"\" class=\"wp-image-18535252\" srcset=\"https:\/\/kapitalis.com\/tunisie\/wp-content\/uploads\/2026\/03\/Jed3-1024x768.jpg 1024w, https:\/\/kapitalis.com\/tunisie\/wp-content\/uploads\/2026\/03\/Jed3-300x225.jpg 300w, https:\/\/kapitalis.com\/tunisie\/wp-content\/uploads\/2026\/03\/Jed3-768x576.jpg 768w, https:\/\/kapitalis.com\/tunisie\/wp-content\/uploads\/2026\/03\/Jed3-1536x1152.jpg 1536w, https:\/\/kapitalis.com\/tunisie\/wp-content\/uploads\/2026\/03\/Jed3-580x435.jpg 580w, https:\/\/kapitalis.com\/tunisie\/wp-content\/uploads\/2026\/03\/Jed3-860x645.jpg 860w, https:\/\/kapitalis.com\/tunisie\/wp-content\/uploads\/2026\/03\/Jed3-1160x870.jpg 1160w, https:\/\/kapitalis.com\/tunisie\/wp-content\/uploads\/2026\/03\/Jed3.jpg 2048w\" sizes=\"auto, (max-width: 1024px) 100vw, 1024px\" \/><\/figure>\n\n\n\n<figure class=\"wp-block-image size-large\"><img loading=\"lazy\" decoding=\"async\" width=\"1024\" height=\"768\" data-id=\"18535253\" src=\"https:\/\/kapitalis.com\/tunisie\/wp-content\/uploads\/2026\/03\/Jed2-1024x768.jpg\" alt=\"\" class=\"wp-image-18535253\" srcset=\"https:\/\/kapitalis.com\/tunisie\/wp-content\/uploads\/2026\/03\/Jed2-1024x768.jpg 1024w, https:\/\/kapitalis.com\/tunisie\/wp-content\/uploads\/2026\/03\/Jed2-300x225.jpg 300w, https:\/\/kapitalis.com\/tunisie\/wp-content\/uploads\/2026\/03\/Jed2-768x576.jpg 768w, https:\/\/kapitalis.com\/tunisie\/wp-content\/uploads\/2026\/03\/Jed2-1536x1152.jpg 1536w, https:\/\/kapitalis.com\/tunisie\/wp-content\/uploads\/2026\/03\/Jed2-580x435.jpg 580w, https:\/\/kapitalis.com\/tunisie\/wp-content\/uploads\/2026\/03\/Jed2-860x645.jpg 860w, https:\/\/kapitalis.com\/tunisie\/wp-content\/uploads\/2026\/03\/Jed2-1160x870.jpg 1160w, https:\/\/kapitalis.com\/tunisie\/wp-content\/uploads\/2026\/03\/Jed2.jpg 2048w\" sizes=\"auto, (max-width: 1024px) 100vw, 1024px\" \/><\/figure>\n\n\n\n<figure class=\"wp-block-image size-large\"><img loading=\"lazy\" decoding=\"async\" width=\"768\" height=\"1024\" data-id=\"18535249\" src=\"https:\/\/kapitalis.com\/tunisie\/wp-content\/uploads\/2026\/03\/Jed-768x1024.jpg\" alt=\"\" class=\"wp-image-18535249\" srcset=\"https:\/\/kapitalis.com\/tunisie\/wp-content\/uploads\/2026\/03\/Jed-768x1024.jpg 768w, https:\/\/kapitalis.com\/tunisie\/wp-content\/uploads\/2026\/03\/Jed-225x300.jpg 225w, https:\/\/kapitalis.com\/tunisie\/wp-content\/uploads\/2026\/03\/Jed-1152x1536.jpg 1152w, https:\/\/kapitalis.com\/tunisie\/wp-content\/uploads\/2026\/03\/Jed-580x773.jpg 580w, https:\/\/kapitalis.com\/tunisie\/wp-content\/uploads\/2026\/03\/Jed-860x1147.jpg 860w, https:\/\/kapitalis.com\/tunisie\/wp-content\/uploads\/2026\/03\/Jed-1160x1547.jpg 1160w, https:\/\/kapitalis.com\/tunisie\/wp-content\/uploads\/2026\/03\/Jed.jpg 1536w\" sizes=\"auto, (max-width: 768px) 100vw, 768px\" \/><\/figure>\n\n\n\n<figure class=\"wp-block-image size-large\"><img loading=\"lazy\" decoding=\"async\" width=\"1024\" height=\"966\" data-id=\"18535251\" src=\"https:\/\/kapitalis.com\/tunisie\/wp-content\/uploads\/2026\/03\/Jed5-1024x966.jpg\" alt=\"\" class=\"wp-image-18535251\" srcset=\"https:\/\/kapitalis.com\/tunisie\/wp-content\/uploads\/2026\/03\/Jed5-1024x966.jpg 1024w, https:\/\/kapitalis.com\/tunisie\/wp-content\/uploads\/2026\/03\/Jed5-300x283.jpg 300w, https:\/\/kapitalis.com\/tunisie\/wp-content\/uploads\/2026\/03\/Jed5-768x724.jpg 768w, https:\/\/kapitalis.com\/tunisie\/wp-content\/uploads\/2026\/03\/Jed5-1536x1448.jpg 1536w, https:\/\/kapitalis.com\/tunisie\/wp-content\/uploads\/2026\/03\/Jed5-580x547.jpg 580w, https:\/\/kapitalis.com\/tunisie\/wp-content\/uploads\/2026\/03\/Jed5-860x811.jpg 860w, https:\/\/kapitalis.com\/tunisie\/wp-content\/uploads\/2026\/03\/Jed5-1160x1094.jpg 1160w, https:\/\/kapitalis.com\/tunisie\/wp-content\/uploads\/2026\/03\/Jed5.jpg 2048w\" sizes=\"auto, (max-width: 1024px) 100vw, 1024px\" \/><\/figure>\n<\/figure>\n\n\n\n<p><em>\u00ab Tisser le lien entre le pass\u00e9 et l&rsquo;avenir, c&rsquo;est aussi savoir honorer ceux qui ont b\u00e2ti, par leur courage, les fondements de nos revendications actuelles<\/em> \u00bb, ont indiqu\u00e9 les organisateur lors de la c\u00e9r\u00e9monie.<\/p>\n\n\n\n<p>Le Dr Jad Henchiri, disparu mais jamais oubli\u00e9, reste grav\u00e9 dans la m\u00e9moire collective pour son int\u00e9grit\u00e9 et sa d\u00e9termination. <\/p>\n\n\n\n<p>A travers cet hommage, ses confr\u00e8res et successeurs assurent que son combat pour une sant\u00e9 publique de qualit\u00e9 continue de r\u00e9sonner dans les couloirs de la facult\u00e9.<\/p>\n","protected":false},"excerpt":{"rendered":"<p>En coordination avec l\u2019Organisation tunisienne des jeunes m\u00e9decins (OTJM), la Facult\u00e9 de m\u00e9decine de Sfax a rendu hommage, ce samedi 28 mars 2026 au regrett\u00e9 Dr Jed Henchiri.<\/p>\n","protected":false},"author":6,"featured_media":18535248,"comment_status":"open","ping_status":"open","sticky":false,"template":"","format":"standard","meta":{"footnotes":""},"categories":[998,2433],"tags":[81597,2560,83652,88036,25814,62643],"class_list":["post-18535211","post","type-post","status-publish","format-standard","has-post-thumbnail","hentry","category-societe","category-tunisie","tag-faculte-de-medecine-de-sfax","tag-hommage","tag-jed-henchiri","tag-organisation-tunisienne-des-jeunes-medecins","tag-otjm","tag-tunisie"],"yoast_head":"<!-- This site is optimized with the Yoast SEO plugin v26.6 - https:\/\/yoast.com\/wordpress\/plugins\/seo\/ -->\n<title>Hommage | Le nom du Dr Jed Henchiri d\u00e9sormais grav\u00e9 au c\u0153ur de la Facult\u00e9 - Kapitalis<\/title>\n<meta name=\"robots\" content=\"index, follow, max-snippet:-1, max-image-preview:large, max-video-preview:-1\" \/>\n<link rel=\"canonical\" href=\"https:\/\/kapitalis.com\/tunisie\/2026\/03\/29\/hommage-le-nom-du-dr-jed-henchiri-desormais-grave-au-coeur-de-la-faculte\/\" \/>\n<meta property=\"og:locale\" content=\"fr_FR\" \/>\n<meta property=\"og:type\" content=\"article\" \/>\n<meta property=\"og:title\" content=\"Hommage | Le nom du Dr Jed Henchiri d\u00e9sormais grav\u00e9 au c\u0153ur de la Facult\u00e9 - Kapitalis\" \/>\n<meta property=\"og:description\" content=\"En coordination avec l\u2019Organisation tunisienne des jeunes m\u00e9decins (OTJM), la Facult\u00e9 de m\u00e9decine de Sfax a rendu hommage, ce samedi 28 mars 2026 au regrett\u00e9 Dr Jed Henchiri.\" \/>\n<meta property=\"og:url\" content=\"https:\/\/kapitalis.com\/tunisie\/2026\/03\/29\/hommage-le-nom-du-dr-jed-henchiri-desormais-grave-au-coeur-de-la-faculte\/\" \/>\n<meta property=\"og:site_name\" content=\"Kapitalis\" \/>\n<meta property=\"article:publisher\" content=\"https:\/\/www.facebook.com\/KapitalisInfo\/\" \/>\n<meta property=\"article:published_time\" content=\"2026-03-28T23:11:33+00:00\" \/>\n<meta property=\"article:modified_time\" content=\"2026-03-28T23:16:12+00:00\" \/>\n<meta property=\"og:image\" content=\"https:\/\/kapitalis.com\/tunisie\/wp-content\/uploads\/2026\/03\/Jed-Henchiri.jpg\" \/>\n\t<meta property=\"og:image:width\" content=\"1200\" \/>\n\t<meta property=\"og:image:height\" content=\"630\" \/>\n\t<meta property=\"og:image:type\" content=\"image\/jpeg\" \/>\n<meta name=\"author\" content=\"Yusra NY\" \/>\n<meta name=\"twitter:card\" content=\"summary_large_image\" \/>\n<meta name=\"twitter:creator\" content=\"@KapitalisInfo\" \/>\n<meta name=\"twitter:site\" content=\"@KapitalisInfo\" \/>\n<meta name=\"twitter:label1\" content=\"\u00c9crit par\" \/>\n\t<meta name=\"twitter:data1\" content=\"Yusra NY\" \/>\n\t<meta name=\"twitter:label2\" content=\"Dur\u00e9e de lecture estim\u00e9e\" \/>\n\t<meta name=\"twitter:data2\" content=\"3 minutes\" \/>\n<script type=\"application\/ld+json\" class=\"yoast-schema-graph\">{\"@context\":\"https:\/\/schema.org\",\"@graph\":[{\"@type\":\"Article\",\"@id\":\"https:\/\/kapitalis.com\/tunisie\/2026\/03\/29\/hommage-le-nom-du-dr-jed-henchiri-desormais-grave-au-coeur-de-la-faculte\/#article\",\"isPartOf\":{\"@id\":\"https:\/\/kapitalis.com\/tunisie\/2026\/03\/29\/hommage-le-nom-du-dr-jed-henchiri-desormais-grave-au-coeur-de-la-faculte\/\"},\"author\":{\"name\":\"Yusra NY\",\"@id\":\"https:\/\/kapitalis.com\/tunisie\/#\/schema\/person\/74bbde0154d49d790a92aaeac5bc01d5\"},\"headline\":\"Hommage | Le nom du Dr Jed Henchiri d\u00e9sormais grav\u00e9 au c\u0153ur de la Facult\u00e9\",\"datePublished\":\"2026-03-28T23:11:33+00:00\",\"dateModified\":\"2026-03-28T23:16:12+00:00\",\"mainEntityOfPage\":{\"@id\":\"https:\/\/kapitalis.com\/tunisie\/2026\/03\/29\/hommage-le-nom-du-dr-jed-henchiri-desormais-grave-au-coeur-de-la-faculte\/\"},\"wordCount\":237,\"commentCount\":0,\"publisher\":{\"@id\":\"https:\/\/kapitalis.com\/tunisie\/#organization\"},\"image\":{\"@id\":\"https:\/\/kapitalis.com\/tunisie\/2026\/03\/29\/hommage-le-nom-du-dr-jed-henchiri-desormais-grave-au-coeur-de-la-faculte\/#primaryimage\"},\"thumbnailUrl\":\"https:\/\/kapitalis.com\/tunisie\/wp-content\/uploads\/2026\/03\/Jed-Henchiri.jpg\",\"keywords\":[\"Facult\u00e9 de m\u00e9decine de Sfax\",\"hommage\",\"Jed Henchiri\",\"Organisation tunisienne des jeunes m\u00e9decins\",\"OTJM\",\"Tunisie\"],\"articleSection\":[\"SOCIETE\",\"Tunisie\"],\"inLanguage\":\"fr-FR\",\"potentialAction\":[{\"@type\":\"CommentAction\",\"name\":\"Comment\",\"target\":[\"https:\/\/kapitalis.com\/tunisie\/2026\/03\/29\/hommage-le-nom-du-dr-jed-henchiri-desormais-grave-au-coeur-de-la-faculte\/#respond\"]}]},{\"@type\":\"WebPage\",\"@id\":\"https:\/\/kapitalis.com\/tunisie\/2026\/03\/29\/hommage-le-nom-du-dr-jed-henchiri-desormais-grave-au-coeur-de-la-faculte\/\",\"url\":\"https:\/\/kapitalis.com\/tunisie\/2026\/03\/29\/hommage-le-nom-du-dr-jed-henchiri-desormais-grave-au-coeur-de-la-faculte\/\",\"name\":\"Hommage | Le nom du Dr Jed Henchiri d\u00e9sormais grav\u00e9 au c\u0153ur de la Facult\u00e9 - Kapitalis\",\"isPartOf\":{\"@id\":\"https:\/\/kapitalis.com\/tunisie\/#website\"},\"primaryImageOfPage\":{\"@id\":\"https:\/\/kapitalis.com\/tunisie\/2026\/03\/29\/hommage-le-nom-du-dr-jed-henchiri-desormais-grave-au-coeur-de-la-faculte\/#primaryimage\"},\"image\":{\"@id\":\"https:\/\/kapitalis.com\/tunisie\/2026\/03\/29\/hommage-le-nom-du-dr-jed-henchiri-desormais-grave-au-coeur-de-la-faculte\/#primaryimage\"},\"thumbnailUrl\":\"https:\/\/kapitalis.com\/tunisie\/wp-content\/uploads\/2026\/03\/Jed-Henchiri.jpg\",\"datePublished\":\"2026-03-28T23:11:33+00:00\",\"dateModified\":\"2026-03-28T23:16:12+00:00\",\"breadcrumb\":{\"@id\":\"https:\/\/kapitalis.com\/tunisie\/2026\/03\/29\/hommage-le-nom-du-dr-jed-henchiri-desormais-grave-au-coeur-de-la-faculte\/#breadcrumb\"},\"inLanguage\":\"fr-FR\",\"potentialAction\":[{\"@type\":\"ReadAction\",\"target\":[\"https:\/\/kapitalis.com\/tunisie\/2026\/03\/29\/hommage-le-nom-du-dr-jed-henchiri-desormais-grave-au-coeur-de-la-faculte\/\"]}]},{\"@type\":\"ImageObject\",\"inLanguage\":\"fr-FR\",\"@id\":\"https:\/\/kapitalis.com\/tunisie\/2026\/03\/29\/hommage-le-nom-du-dr-jed-henchiri-desormais-grave-au-coeur-de-la-faculte\/#primaryimage\",\"url\":\"https:\/\/kapitalis.com\/tunisie\/wp-content\/uploads\/2026\/03\/Jed-Henchiri.jpg\",\"contentUrl\":\"https:\/\/kapitalis.com\/tunisie\/wp-content\/uploads\/2026\/03\/Jed-Henchiri.jpg\",\"width\":1200,\"height\":630},{\"@type\":\"BreadcrumbList\",\"@id\":\"https:\/\/kapitalis.com\/tunisie\/2026\/03\/29\/hommage-le-nom-du-dr-jed-henchiri-desormais-grave-au-coeur-de-la-faculte\/#breadcrumb\",\"itemListElement\":[{\"@type\":\"ListItem\",\"position\":1,\"name\":\"Accueil\",\"item\":\"https:\/\/kapitalis.com\/tunisie\/\"},{\"@type\":\"ListItem\",\"position\":2,\"name\":\"Hommage | Le nom du Dr Jed Henchiri d\u00e9sormais grav\u00e9 au c\u0153ur de la Facult\u00e9\"}]},{\"@type\":\"WebSite\",\"@id\":\"https:\/\/kapitalis.com\/tunisie\/#website\",\"url\":\"https:\/\/kapitalis.com\/tunisie\/\",\"name\":\"Kapitalis\",\"description\":\"L&#039;actualit\u00e9 en Tunisie et dans le monde\",\"publisher\":{\"@id\":\"https:\/\/kapitalis.com\/tunisie\/#organization\"},\"potentialAction\":[{\"@type\":\"SearchAction\",\"target\":{\"@type\":\"EntryPoint\",\"urlTemplate\":\"https:\/\/kapitalis.com\/tunisie\/?s={search_term_string}\"},\"query-input\":{\"@type\":\"PropertyValueSpecification\",\"valueRequired\":true,\"valueName\":\"search_term_string\"}}],\"inLanguage\":\"fr-FR\"},{\"@type\":\"Organization\",\"@id\":\"https:\/\/kapitalis.com\/tunisie\/#organization\",\"name\":\"Kapitalis\",\"url\":\"https:\/\/kapitalis.com\/tunisie\/\",\"logo\":{\"@type\":\"ImageObject\",\"inLanguage\":\"fr-FR\",\"@id\":\"https:\/\/kapitalis.com\/tunisie\/#\/schema\/logo\/image\/\",\"url\":\"https:\/\/kapitalis.com\/tunisie\/wp-content\/uploads\/2022\/05\/Kapitalis-big-size.png\",\"contentUrl\":\"https:\/\/kapitalis.com\/tunisie\/wp-content\/uploads\/2022\/05\/Kapitalis-big-size.png\",\"width\":5000,\"height\":1500,\"caption\":\"Kapitalis\"},\"image\":{\"@id\":\"https:\/\/kapitalis.com\/tunisie\/#\/schema\/logo\/image\/\"},\"sameAs\":[\"https:\/\/www.facebook.com\/KapitalisInfo\/\",\"https:\/\/x.com\/KapitalisInfo\",\"https:\/\/www.youtube.com\/channel\/UC-yDYrHyfFBWWZaOw3FPg9Q\"]},{\"@type\":\"Person\",\"@id\":\"https:\/\/kapitalis.com\/tunisie\/#\/schema\/person\/74bbde0154d49d790a92aaeac5bc01d5\",\"name\":\"Yusra NY\",\"url\":\"https:\/\/kapitalis.com\/tunisie\/author\/yuza_adam\/\"}]}<\/script>\n<!-- \/ Yoast SEO plugin. -->","yoast_head_json":{"title":"Hommage | Le nom du Dr Jed Henchiri d\u00e9sormais grav\u00e9 au c\u0153ur de la Facult\u00e9 - Kapitalis","robots":{"index":"index","follow":"follow","max-snippet":"max-snippet:-1","max-image-preview":"max-image-preview:large","max-video-preview":"max-video-preview:-1"},"canonical":"https:\/\/kapitalis.com\/tunisie\/2026\/03\/29\/hommage-le-nom-du-dr-jed-henchiri-desormais-grave-au-coeur-de-la-faculte\/","og_locale":"fr_FR","og_type":"article","og_title":"Hommage | Le nom du Dr Jed Henchiri d\u00e9sormais grav\u00e9 au c\u0153ur de la Facult\u00e9 - Kapitalis","og_description":"En coordination avec l\u2019Organisation tunisienne des jeunes m\u00e9decins (OTJM), la Facult\u00e9 de m\u00e9decine de Sfax a rendu hommage, ce samedi 28 mars 2026 au regrett\u00e9 Dr Jed Henchiri.","og_url":"https:\/\/kapitalis.com\/tunisie\/2026\/03\/29\/hommage-le-nom-du-dr-jed-henchiri-desormais-grave-au-coeur-de-la-faculte\/","og_site_name":"Kapitalis","article_publisher":"https:\/\/www.facebook.com\/KapitalisInfo\/","article_published_time":"2026-03-28T23:11:33+00:00","article_modified_time":"2026-03-28T23:16:12+00:00","og_image":[{"width":1200,"height":630,"url":"https:\/\/kapitalis.com\/tunisie\/wp-content\/uploads\/2026\/03\/Jed-Henchiri.jpg","type":"image\/jpeg"}],"author":"Yusra NY","twitter_card":"summary_large_image","twitter_creator":"@KapitalisInfo","twitter_site":"@KapitalisInfo","twitter_misc":{"\u00c9crit par":"Yusra NY","Dur\u00e9e de lecture estim\u00e9e":"3 minutes"},"schema":{"@context":"https:\/\/schema.org","@graph":[{"@type":"Article","@id":"https:\/\/kapitalis.com\/tunisie\/2026\/03\/29\/hommage-le-nom-du-dr-jed-henchiri-desormais-grave-au-coeur-de-la-faculte\/#article","isPartOf":{"@id":"https:\/\/kapitalis.com\/tunisie\/2026\/03\/29\/hommage-le-nom-du-dr-jed-henchiri-desormais-grave-au-coeur-de-la-faculte\/"},"author":{"name":"Yusra NY","@id":"https:\/\/kapitalis.com\/tunisie\/#\/schema\/person\/74bbde0154d49d790a92aaeac5bc01d5"},"headline":"Hommage | Le nom du Dr Jed Henchiri d\u00e9sormais grav\u00e9 au c\u0153ur de la Facult\u00e9","datePublished":"2026-03-28T23:11:33+00:00","dateModified":"2026-03-28T23:16:12+00:00","mainEntityOfPage":{"@id":"https:\/\/kapitalis.com\/tunisie\/2026\/03\/29\/hommage-le-nom-du-dr-jed-henchiri-desormais-grave-au-coeur-de-la-faculte\/"},"wordCount":237,"commentCount":0,"publisher":{"@id":"https:\/\/kapitalis.com\/tunisie\/#organization"},"image":{"@id":"https:\/\/kapitalis.com\/tunisie\/2026\/03\/29\/hommage-le-nom-du-dr-jed-henchiri-desormais-grave-au-coeur-de-la-faculte\/#primaryimage"},"thumbnailUrl":"https:\/\/kapitalis.com\/tunisie\/wp-content\/uploads\/2026\/03\/Jed-Henchiri.jpg","keywords":["Facult\u00e9 de m\u00e9decine de Sfax","hommage","Jed Henchiri","Organisation tunisienne des jeunes m\u00e9decins","OTJM","Tunisie"],"articleSection":["SOCIETE","Tunisie"],"inLanguage":"fr-FR","potentialAction":[{"@type":"CommentAction","name":"Comment","target":["https:\/\/kapitalis.com\/tunisie\/2026\/03\/29\/hommage-le-nom-du-dr-jed-henchiri-desormais-grave-au-coeur-de-la-faculte\/#respond"]}]},{"@type":"WebPage","@id":"https:\/\/kapitalis.com\/tunisie\/2026\/03\/29\/hommage-le-nom-du-dr-jed-henchiri-desormais-grave-au-coeur-de-la-faculte\/","url":"https:\/\/kapitalis.com\/tunisie\/2026\/03\/29\/hommage-le-nom-du-dr-jed-henchiri-desormais-grave-au-coeur-de-la-faculte\/","name":"Hommage | Le nom du Dr Jed Henchiri d\u00e9sormais grav\u00e9 au c\u0153ur de la Facult\u00e9 - Kapitalis","isPartOf":{"@id":"https:\/\/kapitalis.com\/tunisie\/#website"},"primaryImageOfPage":{"@id":"https:\/\/kapitalis.com\/tunisie\/2026\/03\/29\/hommage-le-nom-du-dr-jed-henchiri-desormais-grave-au-coeur-de-la-faculte\/#primaryimage"},"image":{"@id":"https:\/\/kapitalis.com\/tunisie\/2026\/03\/29\/hommage-le-nom-du-dr-jed-henchiri-desormais-grave-au-coeur-de-la-faculte\/#primaryimage"},"thumbnailUrl":"https:\/\/kapitalis.com\/tunisie\/wp-content\/uploads\/2026\/03\/Jed-Henchiri.jpg","datePublished":"2026-03-28T23:11:33+00:00","dateModified":"2026-03-28T23:16:12+00:00","breadcrumb":{"@id":"https:\/\/kapitalis.com\/tunisie\/2026\/03\/29\/hommage-le-nom-du-dr-jed-henchiri-desormais-grave-au-coeur-de-la-faculte\/#breadcrumb"},"inLanguage":"fr-FR","potentialAction":[{"@type":"ReadAction","target":["https:\/\/kapitalis.com\/tunisie\/2026\/03\/29\/hommage-le-nom-du-dr-jed-henchiri-desormais-grave-au-coeur-de-la-faculte\/"]}]},{"@type":"ImageObject","inLanguage":"fr-FR","@id":"https:\/\/kapitalis.com\/tunisie\/2026\/03\/29\/hommage-le-nom-du-dr-jed-henchiri-desormais-grave-au-coeur-de-la-faculte\/#primaryimage","url":"https:\/\/kapitalis.com\/tunisie\/wp-content\/uploads\/2026\/03\/Jed-Henchiri.jpg","contentUrl":"https:\/\/kapitalis.com\/tunisie\/wp-content\/uploads\/2026\/03\/Jed-Henchiri.jpg","width":1200,"height":630},{"@type":"BreadcrumbList","@id":"https:\/\/kapitalis.com\/tunisie\/2026\/03\/29\/hommage-le-nom-du-dr-jed-henchiri-desormais-grave-au-coeur-de-la-faculte\/#breadcrumb","itemListElement":[{"@type":"ListItem","position":1,"name":"Accueil","item":"https:\/\/kapitalis.com\/tunisie\/"},{"@type":"ListItem","position":2,"name":"Hommage | Le nom du Dr Jed Henchiri d\u00e9sormais grav\u00e9 au c\u0153ur de la Facult\u00e9"}]},{"@type":"WebSite","@id":"https:\/\/kapitalis.com\/tunisie\/#website","url":"https:\/\/kapitalis.com\/tunisie\/","name":"Kapitalis","description":"L&#039;actualit\u00e9 en Tunisie et dans le monde","publisher":{"@id":"https:\/\/kapitalis.com\/tunisie\/#organization"},"potentialAction":[{"@type":"SearchAction","target":{"@type":"EntryPoint","urlTemplate":"https:\/\/kapitalis.com\/tunisie\/?s={search_term_string}"},"query-input":{"@type":"PropertyValueSpecification","valueRequired":true,"valueName":"search_term_string"}}],"inLanguage":"fr-FR"},{"@type":"Organization","@id":"https:\/\/kapitalis.com\/tunisie\/#organization","name":"Kapitalis","url":"https:\/\/kapitalis.com\/tunisie\/","logo":{"@type":"ImageObject","inLanguage":"fr-FR","@id":"https:\/\/kapitalis.com\/tunisie\/#\/schema\/logo\/image\/","url":"https:\/\/kapitalis.com\/tunisie\/wp-content\/uploads\/2022\/05\/Kapitalis-big-size.png","contentUrl":"https:\/\/kapitalis.com\/tunisie\/wp-content\/uploads\/2022\/05\/Kapitalis-big-size.png","width":5000,"height":1500,"caption":"Kapitalis"},"image":{"@id":"https:\/\/kapitalis.com\/tunisie\/#\/schema\/logo\/image\/"},"sameAs":["https:\/\/www.facebook.com\/KapitalisInfo\/","https:\/\/x.com\/KapitalisInfo","https:\/\/www.youtube.com\/channel\/UC-yDYrHyfFBWWZaOw3FPg9Q"]},{"@type":"Person","@id":"https:\/\/kapitalis.com\/tunisie\/#\/schema\/person\/74bbde0154d49d790a92aaeac5bc01d5","name":"Yusra NY","url":"https:\/\/kapitalis.com\/tunisie\/author\/yuza_adam\/"}]}},"_links":{"self":[{"href":"https:\/\/kapitalis.com\/tunisie\/wp-json\/wp\/v2\/posts\/18535211","targetHints":{"allow":["GET"]}}],"collection":[{"href":"https:\/\/kapitalis.com\/tunisie\/wp-json\/wp\/v2\/posts"}],"about":[{"href":"https:\/\/kapitalis.com\/tunisie\/wp-json\/wp\/v2\/types\/post"}],"author":[{"embeddable":true,"href":"https:\/\/kapitalis.com\/tunisie\/wp-json\/wp\/v2\/users\/6"}],"replies":[{"embeddable":true,"href":"https:\/\/kapitalis.com\/tunisie\/wp-json\/wp\/v2\/comments?post=18535211"}],"version-history":[{"count":2,"href":"https:\/\/kapitalis.com\/tunisie\/wp-json\/wp\/v2\/posts\/18535211\/revisions"}],"predecessor-version":[{"id":18535263,"href":"https:\/\/kapitalis.com\/tunisie\/wp-json\/wp\/v2\/posts\/18535211\/revisions\/18535263"}],"wp:featuredmedia":[{"embeddable":true,"href":"https:\/\/kapitalis.com\/tunisie\/wp-json\/wp\/v2\/media\/18535248"}],"wp:attachment":[{"href":"https:\/\/kapitalis.com\/tunisie\/wp-json\/wp\/v2\/media?parent=18535211"}],"wp:term":[{"taxonomy":"category","embeddable":true,"href":"https:\/\/kapitalis.com\/tunisie\/wp-json\/wp\/v2\/categories?post=18535211"},{"taxonomy":"post_tag","embeddable":true,"href":"https:\/\/kapitalis.com\/tunisie\/wp-json\/wp\/v2\/tags?post=18535211"}],"curies":[{"name":"wp","href":"https:\/\/api.w.org\/{rel}","templated":true}]}}