{"id":18542339,"date":"2026-03-30T07:10:28","date_gmt":"2026-03-30T06:10:28","guid":{"rendered":"https:\/\/kapitalis.com\/tunisie\/?p=18542339"},"modified":"2026-03-30T07:10:29","modified_gmt":"2026-03-30T06:10:29","slug":"tahar-bekri-de-lerrance-et-la-serenite","status":"publish","type":"post","link":"https:\/\/kapitalis.com\/tunisie\/2026\/03\/30\/tahar-bekri-de-lerrance-et-la-serenite\/","title":{"rendered":"Tahar Bekri | De l\u2019errance et la s\u00e9r\u00e9nit\u00e9"},"content":{"rendered":"\n<p><strong><em>D\u2019un bout \u00e0 l\u2019autre du dernier recueil de Tahar Bekri, \u2018\u2018Le battement des ann\u00e9es\u2019\u2019, le lecteur est invit\u00e9 \u00e0 suivre, pas \u00e0 pas, une sorte de d\u00e9ambulation \u00e0 travers un Paris transform\u00e9 par l\u2019imagination cr\u00e9atrice du po\u00e8te en un lieu correspondant parfaitement \u00e0 son \u00e9tat d\u2019\u00e2me. Cette promenade est loin d\u2019\u00eatre celle d\u2019un touriste \u00e0 la recherche du pittoresque. Les lieux parisiens sont plut\u00f4t transfigur\u00e9s par le regard d\u2019un po\u00e8te en qu\u00eate du plus profond de lui-m\u00eame, dans un espace intime, dans lequel il fut contraint de passer une grande partie de sa vie, d\u2019une part et d\u2019autre, ces m\u00eames lieux renferment tant de myst\u00e8re, ne cessent de l\u2019interpeller. <\/em><\/strong><strong><\/strong><\/p>\n\n\n\n<p><strong>Moncef Machta *<\/strong><\/p>\n\n\n\n<!--more-->\n\n\n<div class=\"wp-block-image\">\n<figure class=\"alignleft size-full\"><img loading=\"lazy\" decoding=\"async\" width=\"200\" height=\"200\" src=\"https:\/\/kapitalis.com\/tunisie\/wp-content\/uploads\/2025\/04\/Moncef-Machta.jpg\" alt=\"\" class=\"wp-image-16264519\" srcset=\"https:\/\/kapitalis.com\/tunisie\/wp-content\/uploads\/2025\/04\/Moncef-Machta.jpg 200w, https:\/\/kapitalis.com\/tunisie\/wp-content\/uploads\/2025\/04\/Moncef-Machta-150x150.jpg 150w, https:\/\/kapitalis.com\/tunisie\/wp-content\/uploads\/2025\/04\/Moncef-Machta-120x120.jpg 120w\" sizes=\"auto, (max-width: 200px) 100vw, 200px\" \/><\/figure>\n<\/div>\n\n\n<p>Il s\u2019agit donc d\u2019une po\u00e9sie de l\u2019errance qui rappelle cet accent lyrique dans le vers de Guillaume Apollinaire, extrait de<em> \u2018\u2018La chanson du mal-aim\u00e9\u2019\u2019<\/em>&nbsp;:<\/p>\n\n\n\n<p><em>\u00abJ\u2019erre \u00e0 travers mon beau Paris sans avoir le c\u0153ur d\u2019y mourir\u00bb.<\/em><\/p>\n\n\n\n<p>Cette errance semble n\u2019avoir aucune motivation particuli\u00e8re, \u00e0 part celle mobilis\u00e9e par l\u2019\u00e9tat d\u2019\u00e2me du po\u00e8te qui \u00e9prouve un profond sentiment de mal-\u00eatre, d\u2019\u00eatre, en quelque sorte, dans l\u2019entrave, dans l\u2019impossibilit\u00e9 de prendre son \u00e9lan, de revenir sur les m\u00eames lieux, les m\u00eames rues, les m\u00eames monuments&nbsp;:<\/p>\n\n\n\n<p><em>\u00abD\u2019une rue \u00e0 l\u2019autre<\/em><\/p>\n\n\n\n<p><em>&nbsp;L\u2019errance jamais souveraine&nbsp;\u00bb<\/em><\/p>\n\n\n\n<p><em>Nous d\u00e9couvrions les m\u00eames lieux<\/em><\/p>\n\n\n\n<p><em>Les m\u00eames devantures les m\u00eames portes&nbsp;\u00bb<\/em><\/p>\n\n\n\n<p><em>Nous d\u00e9ambulions\u00bb.<\/em><\/p>\n\n\n\n<p>Le po\u00e8te est comme emp\u00each\u00e9 dans son mouvement, se compare aux p\u00e9niches qui longent la Seine, fix\u00e9es au bord, enchain\u00e9es \u00e0 l\u2019anc<em>re&nbsp;:<\/em><\/p>\n\n\n\n<p><em>\u00abLes p\u00e9niches qui vont et viennent<\/em><\/p>\n\n\n\n<p><em>Les cordes qui nous enchainent \u00e0 l\u2019ancre&nbsp;\u00bb.<\/em><\/p>\n\n\n\n<p>Les lieux de la d\u00e9ambulation sont nomm\u00e9s, les uns apr\u00e8s les autres, tant\u00f4t ils ont une consonance particuli\u00e8re&nbsp;; <em>\u00abRue G\u00eet-le-C\u0153ur&nbsp;\u00bb, \u00abRue Saint-Andr\u00e9 des arts\u00bb<\/em>, tant\u00f4t, ils font r\u00e9f\u00e9rence \u00e0 des artistes, comme Picasso et son atelier. Les lieux se r\u00e9f\u00e8rent aussi \u00e0 l\u2019Histoire, au nom ancien de la capitale&nbsp;: <em>\u00abA Lut\u00e8ce\u00bb<\/em>. Le pass\u00e9 surgit du fin fond de l\u2019Histoire.<\/p>\n\n\n\n<p>D\u2019autres lieux se r\u00e9f\u00e9rent \u00e0 des personnages historiques&nbsp;; comme Voltaire, Bonaparte ou \u00e0 des po\u00e8tes comme Apollinaire, Victor Hugo, Verlaine ou Baudelaire, Sartre et Simone de Beauvoir, Rimbaud, le po\u00e8te aux semelles de vent. A travers cette errance, le po\u00e8te met ses pas dans les leurs, va sur leur trace dans les lieux qu\u2019ils avaient fr\u00e9quent\u00e9s.<\/p>\n\n\n\n<p>Au hasard de la d\u00e9ambulation, il va \u00e0 la rencontrer du marchand de ch\u00e2les de Russie, et c\u2019est l\u2019occasion de s\u2019\u00e9vader vers les terres lointaines, les paysages du Nord, cela, \u00e0 la simple vue d\u2019objets sur les \u00e9tals :<\/p>\n\n\n\n<p><em>\u00abPoils de ch\u00e8vres cachemire de laine<\/em><\/p>\n\n\n\n<p><em>Petrouchka chapka gants<\/em><\/p>\n\n\n\n<p><em>Et peaux de rennes &nbsp;<\/em><\/p>\n\n\n\n<p><em>D\u2019\u00e9tal en \u00e9tal<\/em><\/p>\n\n\n\n<p><em>Nous abolissions les fronti\u00e8res\u00bb<\/em><\/p>\n\n\n\n<p>Cette \u00e9criture repr\u00e9sente les diff\u00e9rents visages du po\u00e8te. Le po\u00e8me se veut \u00e0 la fois, une travers\u00e9e dans le besoin de rejoindre l\u2019autre et dans le m\u00eame temps, un pont qui permet de rejoindre l\u2019autre rive. Le po\u00e8te est, de ce fait, tant\u00f4t celui qui agit, tant\u00f4t, celui qui regarde agir. Il est aussi bien celui qui se laisse porter par les flots, que celui qui tient le gouvernail. Il est celui qui se d\u00e9finit par son caract\u00e8re a\u00e9rien qui lui permet de maintenir la t\u00eate hors de l\u2019eau que celui qui renonce \u00e0 poursuivre sa route, de peur d\u2019\u00eatre englouti par les flots.<\/p>\n\n\n\n<h2 class=\"wp-block-heading\">La peur de ne plus se retrouver<\/h2>\n\n\n\n<p>A travers cette errance, le po\u00e8te nous r\u00e9v\u00e8le la crainte de perdre ses rep\u00e8res jusqu\u2019\u00e0 ne plus se reconna\u00eetre, ni reconna\u00eetre le monde qui l\u2019entoure. C\u2019est la peur de ne plus \u00eatre en mesure de reconna\u00eetre les choses les plus famili\u00e8res. Cette difficult\u00e9 se traduit par la r\u00e9currence de tous les termes en rapport \u00e0 une certaine difficult\u00e9 \u00e0 retrouver les rep\u00e8res, voire, les nommer&nbsp;: <em>\u00abnommer les arbres sans les reconna\u00eetre\u00bb<\/em>.&nbsp;R\u00e9currence des termes en rapport \u00e0 la m\u00e9moire et \u00e0 l\u2019amn\u00e9sie&nbsp;: <em>\u00abMarcher sur l\u2019oubli\u00bb<\/em>, titre d\u2019un autre recueil.<\/p>\n\n\n\n<p>Il se produit ainsi une v\u00e9ritable course \u00e9perdue \u00e0 la recherche du mot juste, \u00e0 m\u00eame de traduire, de d\u00e9finir avec exactitude les sensations qu\u2019il \u00e9prouve. D\u2019o\u00f9 cet inventaire de mots qui expriment ce dont on est incapable d\u2019exprimer&nbsp;:<\/p>\n\n\n\n<p><em>\u00abMots qui tombent<\/em><\/p>\n\n\n\n<p><em>Comme des p\u00e9tales dans la rue\u00bb<\/em><\/p>\n\n\n\n<h2 class=\"wp-block-heading\">La qu\u00eate d\u2019un paradis perdu<\/h2>\n\n\n\n<p>Mais le po\u00e8te se rend compte qu\u2019en d\u00e9finitive, tous les mots qu\u2019il recherche ne font que converger vers ce qui est susceptible de fonder son \u00eatre, \u00e0 savoir, le pays natal. Et l\u00e0, ce sont les retrouvailles heureuses avec Gab\u00e8s, la ville qui l\u2019a fait na\u00eetre. Evocation de son enfance et des palmiers de son grand-p\u00e8re&nbsp;: <em>\u00abJe te retrouve\u00bb<\/em>. Un \u00eelot, un havre, un espace de qui\u00e9tude, plein de sensations susceptibles de mobiliser tous ses sens. Chaleur et lumi\u00e8re du couchant, paix, silence, fr\u00e9missement des arbres, odeur de henn\u00e9. De l\u00e0, des envol\u00e9es lyriques&nbsp;s\u2019adressant aux \u00e9l\u00e9ments comme s\u2019ils \u00e9taient des \u00eatres vivants :&nbsp;<em>\u00abDe quelle m\u00e9lancolie es-tu faite, terre&nbsp;?\u00bb, \u00abJe reviens te voir, jardin\u00bb.<\/em><\/p>\n\n\n\n<p>Le d\u00e9sir de retrouvaille avec le pays natal est associ\u00e9 \u00e0 la douleur ressentie devant les atteintes port\u00e9es par l\u2019homme \u00e0 la nature. Il semble trembler devant les d\u00e9g\u00e2ts subis par la palmeraie, dus \u00e0 la pollution caus\u00e9e par l\u2019industrie chimique.<\/p>\n\n\n\n<p>L\u2019\u00e9vocation, d\u2019une part, de moments de bonheur marqu\u00e9s par <em>\u00abl\u2019all\u00e9gresse juv\u00e9nile\u00bb<\/em> et d\u2019autre, de moments plus douloureux marqu\u00e9s par la maladie de la m\u00e8re&nbsp;: <em>\u00abM\u00e8re souffrante et douleur retenue\u00bb<\/em>. Il y a comme une jonction dans la douleur, la souffrance&nbsp;:<\/p>\n\n\n\n<p><em>\u00abVoici la mer qui vomit ses algues<\/em><\/p>\n\n\n\n<p><em>Tant de sables alourdis d\u2019huile gluante\u00bb<\/em><\/p>\n\n\n\n<p>Ce qu\u2019il souhaite, par contre, c\u2019est de retrouver sa terre natale par les \u00e9t\u00e9s br\u00fblants, la mer&nbsp;<em>\u00absans algues gluantes, sans soufre, sans fum\u00e9es\u00bb<\/em> noires ou jaunes.<\/p>\n\n\n\n<h2 class=\"wp-block-heading\">Le battement des ann\u00e9es<\/h2>\n\n\n\n<p>En d\u00e9finitive, toute cette qu\u00eate se trouve constamment travaill\u00e9e par le rythme des ann\u00e9es qui passent, dont les r\u00e9sonances se font au plus profond de soi. Les <em>\u00abbattements des ann\u00e9es\u00bb<\/em> sont associ\u00e9s au rythme du c\u0153ur, <em>\u00abvibrant de mille m\u00e9lancolies\u00bb<\/em>, o\u00f9 la libert\u00e9 est toujours pr\u00e9sente. Ils rappellent les battements d\u2019ailes d\u2019un oiseau, \u00e0 la recherche d\u2019un envol qui d\u00e9ploie une grande s\u00e9r\u00e9nit\u00e9, une ouverture sur le monde.<\/p>\n\n\n\n<p>Le recueil est une po\u00e9sie qui invite \u00e0 la contemplation, qui r\u00e9siste au fracas du monde, appelle \u00e0 la dimension solaire, empreinte de clart\u00e9, laissant de c\u00f4t\u00e9 ce qui a trait au brouillard et \u00e0 la confusion. C\u2019est une po\u00e9sie o\u00f9 la m\u00e9lancolie et l\u2019\u00e9criture de l\u2019exil opposent \u00e0 la tourmente, un besoin de paix verlainienne, qui n\u2019est pas loin de rappeler ses vers&nbsp;:<\/p>\n\n\n\n<p><em>\u00abLe ciel est par-dessus le toit<\/em><\/p>\n\n\n\n<p><em>Si bleu si calme\u00bb<\/em>.<\/p>\n\n\n\n<p><em>* Universitaire<\/em><\/p>\n","protected":false},"excerpt":{"rendered":"<p>Dans \u2018\u2018Le battement des ann\u00e9es\u2019, Tahar Bekri invite le lecteur \u00e0 une d\u00e9ambulation \u00e0 travers un Paris transform\u00e9 par l\u2019imagination du po\u00e8te. <\/p>\n","protected":false},"author":8,"featured_media":18542367,"comment_status":"open","ping_status":"open","sticky":false,"template":"","format":"standard","meta":{"footnotes":""},"categories":[992,994,2433],"tags":[127572,406,121866,1364,726,21267],"class_list":["post-18542339","post","type-post","status-publish","format-standard","has-post-thumbnail","hentry","category-a-la-une","category-culture","category-tunisie","tag-appollinaire","tag-gabes","tag-moncef-machta","tag-paris","tag-poesie","tag-tahar-bekri"],"yoast_head":"<!-- This site is optimized with the Yoast SEO plugin v26.6 - https:\/\/yoast.com\/wordpress\/plugins\/seo\/ -->\n<title>Tahar Bekri | De l\u2019errance et la s\u00e9r\u00e9nit\u00e9 - Kapitalis<\/title>\n<meta name=\"description\" content=\"Dans \u2018\u2018Le battement des ann\u00e9es\u2019, Tahar Bekri invite le lecteur \u00e0 une d\u00e9ambulation \u00e0 travers un Paris transform\u00e9 par l\u2019imagination du po\u00e8te.\" \/>\n<meta name=\"robots\" content=\"index, follow, max-snippet:-1, max-image-preview:large, max-video-preview:-1\" \/>\n<link rel=\"canonical\" href=\"https:\/\/kapitalis.com\/tunisie\/2026\/03\/30\/tahar-bekri-de-lerrance-et-la-serenite\/\" \/>\n<meta property=\"og:locale\" content=\"fr_FR\" \/>\n<meta property=\"og:type\" content=\"article\" \/>\n<meta property=\"og:title\" content=\"Tahar Bekri | De l\u2019errance et la s\u00e9r\u00e9nit\u00e9 - Kapitalis\" \/>\n<meta property=\"og:description\" content=\"Dans \u2018\u2018Le battement des ann\u00e9es\u2019, Tahar Bekri invite le lecteur \u00e0 une d\u00e9ambulation \u00e0 travers un Paris transform\u00e9 par l\u2019imagination du po\u00e8te.\" \/>\n<meta property=\"og:url\" content=\"https:\/\/kapitalis.com\/tunisie\/2026\/03\/30\/tahar-bekri-de-lerrance-et-la-serenite\/\" \/>\n<meta property=\"og:site_name\" content=\"Kapitalis\" \/>\n<meta property=\"article:publisher\" content=\"https:\/\/www.facebook.com\/KapitalisInfo\/\" \/>\n<meta property=\"article:published_time\" content=\"2026-03-30T06:10:28+00:00\" \/>\n<meta property=\"article:modified_time\" content=\"2026-03-30T06:10:29+00:00\" \/>\n<meta property=\"og:image\" content=\"https:\/\/kapitalis.com\/tunisie\/wp-content\/uploads\/2026\/03\/Tahar-Bekri-3-Anne-Savale.jpg\" \/>\n\t<meta property=\"og:image:width\" content=\"1200\" \/>\n\t<meta property=\"og:image:height\" content=\"630\" \/>\n\t<meta property=\"og:image:type\" content=\"image\/jpeg\" \/>\n<meta name=\"author\" content=\"webmaster kapitalis\" \/>\n<meta name=\"twitter:card\" content=\"summary_large_image\" \/>\n<meta name=\"twitter:creator\" content=\"@KapitalisInfo\" \/>\n<meta name=\"twitter:site\" content=\"@KapitalisInfo\" \/>\n<meta name=\"twitter:label1\" content=\"\u00c9crit par\" \/>\n\t<meta name=\"twitter:data1\" content=\"webmaster kapitalis\" \/>\n\t<meta name=\"twitter:label2\" content=\"Dur\u00e9e de lecture estim\u00e9e\" \/>\n\t<meta name=\"twitter:data2\" content=\"6 minutes\" \/>\n<script type=\"application\/ld+json\" class=\"yoast-schema-graph\">{\"@context\":\"https:\/\/schema.org\",\"@graph\":[{\"@type\":\"Article\",\"@id\":\"https:\/\/kapitalis.com\/tunisie\/2026\/03\/30\/tahar-bekri-de-lerrance-et-la-serenite\/#article\",\"isPartOf\":{\"@id\":\"https:\/\/kapitalis.com\/tunisie\/2026\/03\/30\/tahar-bekri-de-lerrance-et-la-serenite\/\"},\"author\":{\"name\":\"webmaster kapitalis\",\"@id\":\"https:\/\/kapitalis.com\/tunisie\/#\/schema\/person\/d71f33a9ca44f7bad4698210b480c8e9\"},\"headline\":\"Tahar Bekri | De l\u2019errance et la s\u00e9r\u00e9nit\u00e9\",\"datePublished\":\"2026-03-30T06:10:28+00:00\",\"dateModified\":\"2026-03-30T06:10:29+00:00\",\"mainEntityOfPage\":{\"@id\":\"https:\/\/kapitalis.com\/tunisie\/2026\/03\/30\/tahar-bekri-de-lerrance-et-la-serenite\/\"},\"wordCount\":1257,\"commentCount\":0,\"publisher\":{\"@id\":\"https:\/\/kapitalis.com\/tunisie\/#organization\"},\"image\":{\"@id\":\"https:\/\/kapitalis.com\/tunisie\/2026\/03\/30\/tahar-bekri-de-lerrance-et-la-serenite\/#primaryimage\"},\"thumbnailUrl\":\"https:\/\/kapitalis.com\/tunisie\/wp-content\/uploads\/2026\/03\/Tahar-Bekri-3-Anne-Savale.jpg\",\"keywords\":[\"Appollinaire\",\"Gab\u00e8s\",\"Moncef Machta\",\"Paris\",\"po\u00e9sie\",\"Tahar Bekri\"],\"articleSection\":[\"A LA UNE\",\"CULTURE\",\"Tunisie\"],\"inLanguage\":\"fr-FR\",\"potentialAction\":[{\"@type\":\"CommentAction\",\"name\":\"Comment\",\"target\":[\"https:\/\/kapitalis.com\/tunisie\/2026\/03\/30\/tahar-bekri-de-lerrance-et-la-serenite\/#respond\"]}]},{\"@type\":\"WebPage\",\"@id\":\"https:\/\/kapitalis.com\/tunisie\/2026\/03\/30\/tahar-bekri-de-lerrance-et-la-serenite\/\",\"url\":\"https:\/\/kapitalis.com\/tunisie\/2026\/03\/30\/tahar-bekri-de-lerrance-et-la-serenite\/\",\"name\":\"Tahar Bekri | De l\u2019errance et la s\u00e9r\u00e9nit\u00e9 - Kapitalis\",\"isPartOf\":{\"@id\":\"https:\/\/kapitalis.com\/tunisie\/#website\"},\"primaryImageOfPage\":{\"@id\":\"https:\/\/kapitalis.com\/tunisie\/2026\/03\/30\/tahar-bekri-de-lerrance-et-la-serenite\/#primaryimage\"},\"image\":{\"@id\":\"https:\/\/kapitalis.com\/tunisie\/2026\/03\/30\/tahar-bekri-de-lerrance-et-la-serenite\/#primaryimage\"},\"thumbnailUrl\":\"https:\/\/kapitalis.com\/tunisie\/wp-content\/uploads\/2026\/03\/Tahar-Bekri-3-Anne-Savale.jpg\",\"datePublished\":\"2026-03-30T06:10:28+00:00\",\"dateModified\":\"2026-03-30T06:10:29+00:00\",\"description\":\"Dans \u2018\u2018Le battement des ann\u00e9es\u2019, Tahar Bekri invite le lecteur \u00e0 une d\u00e9ambulation \u00e0 travers un Paris transform\u00e9 par l\u2019imagination du po\u00e8te.\",\"breadcrumb\":{\"@id\":\"https:\/\/kapitalis.com\/tunisie\/2026\/03\/30\/tahar-bekri-de-lerrance-et-la-serenite\/#breadcrumb\"},\"inLanguage\":\"fr-FR\",\"potentialAction\":[{\"@type\":\"ReadAction\",\"target\":[\"https:\/\/kapitalis.com\/tunisie\/2026\/03\/30\/tahar-bekri-de-lerrance-et-la-serenite\/\"]}]},{\"@type\":\"ImageObject\",\"inLanguage\":\"fr-FR\",\"@id\":\"https:\/\/kapitalis.com\/tunisie\/2026\/03\/30\/tahar-bekri-de-lerrance-et-la-serenite\/#primaryimage\",\"url\":\"https:\/\/kapitalis.com\/tunisie\/wp-content\/uploads\/2026\/03\/Tahar-Bekri-3-Anne-Savale.jpg\",\"contentUrl\":\"https:\/\/kapitalis.com\/tunisie\/wp-content\/uploads\/2026\/03\/Tahar-Bekri-3-Anne-Savale.jpg\",\"width\":1200,\"height\":630},{\"@type\":\"BreadcrumbList\",\"@id\":\"https:\/\/kapitalis.com\/tunisie\/2026\/03\/30\/tahar-bekri-de-lerrance-et-la-serenite\/#breadcrumb\",\"itemListElement\":[{\"@type\":\"ListItem\",\"position\":1,\"name\":\"Accueil\",\"item\":\"https:\/\/kapitalis.com\/tunisie\/\"},{\"@type\":\"ListItem\",\"position\":2,\"name\":\"Tahar Bekri | De l\u2019errance et la s\u00e9r\u00e9nit\u00e9\"}]},{\"@type\":\"WebSite\",\"@id\":\"https:\/\/kapitalis.com\/tunisie\/#website\",\"url\":\"https:\/\/kapitalis.com\/tunisie\/\",\"name\":\"Kapitalis\",\"description\":\"L&#039;actualit\u00e9 en Tunisie et dans le monde\",\"publisher\":{\"@id\":\"https:\/\/kapitalis.com\/tunisie\/#organization\"},\"potentialAction\":[{\"@type\":\"SearchAction\",\"target\":{\"@type\":\"EntryPoint\",\"urlTemplate\":\"https:\/\/kapitalis.com\/tunisie\/?s={search_term_string}\"},\"query-input\":{\"@type\":\"PropertyValueSpecification\",\"valueRequired\":true,\"valueName\":\"search_term_string\"}}],\"inLanguage\":\"fr-FR\"},{\"@type\":\"Organization\",\"@id\":\"https:\/\/kapitalis.com\/tunisie\/#organization\",\"name\":\"Kapitalis\",\"url\":\"https:\/\/kapitalis.com\/tunisie\/\",\"logo\":{\"@type\":\"ImageObject\",\"inLanguage\":\"fr-FR\",\"@id\":\"https:\/\/kapitalis.com\/tunisie\/#\/schema\/logo\/image\/\",\"url\":\"https:\/\/kapitalis.com\/tunisie\/wp-content\/uploads\/2022\/05\/Kapitalis-big-size.png\",\"contentUrl\":\"https:\/\/kapitalis.com\/tunisie\/wp-content\/uploads\/2022\/05\/Kapitalis-big-size.png\",\"width\":5000,\"height\":1500,\"caption\":\"Kapitalis\"},\"image\":{\"@id\":\"https:\/\/kapitalis.com\/tunisie\/#\/schema\/logo\/image\/\"},\"sameAs\":[\"https:\/\/www.facebook.com\/KapitalisInfo\/\",\"https:\/\/x.com\/KapitalisInfo\",\"https:\/\/www.youtube.com\/channel\/UC-yDYrHyfFBWWZaOw3FPg9Q\"]},{\"@type\":\"Person\",\"@id\":\"https:\/\/kapitalis.com\/tunisie\/#\/schema\/person\/d71f33a9ca44f7bad4698210b480c8e9\",\"name\":\"webmaster kapitalis\",\"url\":\"https:\/\/kapitalis.com\/tunisie\/author\/webmaster-kapitalis\/\"}]}<\/script>\n<!-- \/ Yoast SEO plugin. -->","yoast_head_json":{"title":"Tahar Bekri | De l\u2019errance et la s\u00e9r\u00e9nit\u00e9 - Kapitalis","description":"Dans \u2018\u2018Le battement des ann\u00e9es\u2019, Tahar Bekri invite le lecteur \u00e0 une d\u00e9ambulation \u00e0 travers un Paris transform\u00e9 par l\u2019imagination du po\u00e8te.","robots":{"index":"index","follow":"follow","max-snippet":"max-snippet:-1","max-image-preview":"max-image-preview:large","max-video-preview":"max-video-preview:-1"},"canonical":"https:\/\/kapitalis.com\/tunisie\/2026\/03\/30\/tahar-bekri-de-lerrance-et-la-serenite\/","og_locale":"fr_FR","og_type":"article","og_title":"Tahar Bekri | De l\u2019errance et la s\u00e9r\u00e9nit\u00e9 - Kapitalis","og_description":"Dans \u2018\u2018Le battement des ann\u00e9es\u2019, Tahar Bekri invite le lecteur \u00e0 une d\u00e9ambulation \u00e0 travers un Paris transform\u00e9 par l\u2019imagination du po\u00e8te.","og_url":"https:\/\/kapitalis.com\/tunisie\/2026\/03\/30\/tahar-bekri-de-lerrance-et-la-serenite\/","og_site_name":"Kapitalis","article_publisher":"https:\/\/www.facebook.com\/KapitalisInfo\/","article_published_time":"2026-03-30T06:10:28+00:00","article_modified_time":"2026-03-30T06:10:29+00:00","og_image":[{"width":1200,"height":630,"url":"https:\/\/kapitalis.com\/tunisie\/wp-content\/uploads\/2026\/03\/Tahar-Bekri-3-Anne-Savale.jpg","type":"image\/jpeg"}],"author":"webmaster kapitalis","twitter_card":"summary_large_image","twitter_creator":"@KapitalisInfo","twitter_site":"@KapitalisInfo","twitter_misc":{"\u00c9crit par":"webmaster kapitalis","Dur\u00e9e de lecture estim\u00e9e":"6 minutes"},"schema":{"@context":"https:\/\/schema.org","@graph":[{"@type":"Article","@id":"https:\/\/kapitalis.com\/tunisie\/2026\/03\/30\/tahar-bekri-de-lerrance-et-la-serenite\/#article","isPartOf":{"@id":"https:\/\/kapitalis.com\/tunisie\/2026\/03\/30\/tahar-bekri-de-lerrance-et-la-serenite\/"},"author":{"name":"webmaster kapitalis","@id":"https:\/\/kapitalis.com\/tunisie\/#\/schema\/person\/d71f33a9ca44f7bad4698210b480c8e9"},"headline":"Tahar Bekri | De l\u2019errance et la s\u00e9r\u00e9nit\u00e9","datePublished":"2026-03-30T06:10:28+00:00","dateModified":"2026-03-30T06:10:29+00:00","mainEntityOfPage":{"@id":"https:\/\/kapitalis.com\/tunisie\/2026\/03\/30\/tahar-bekri-de-lerrance-et-la-serenite\/"},"wordCount":1257,"commentCount":0,"publisher":{"@id":"https:\/\/kapitalis.com\/tunisie\/#organization"},"image":{"@id":"https:\/\/kapitalis.com\/tunisie\/2026\/03\/30\/tahar-bekri-de-lerrance-et-la-serenite\/#primaryimage"},"thumbnailUrl":"https:\/\/kapitalis.com\/tunisie\/wp-content\/uploads\/2026\/03\/Tahar-Bekri-3-Anne-Savale.jpg","keywords":["Appollinaire","Gab\u00e8s","Moncef Machta","Paris","po\u00e9sie","Tahar Bekri"],"articleSection":["A LA UNE","CULTURE","Tunisie"],"inLanguage":"fr-FR","potentialAction":[{"@type":"CommentAction","name":"Comment","target":["https:\/\/kapitalis.com\/tunisie\/2026\/03\/30\/tahar-bekri-de-lerrance-et-la-serenite\/#respond"]}]},{"@type":"WebPage","@id":"https:\/\/kapitalis.com\/tunisie\/2026\/03\/30\/tahar-bekri-de-lerrance-et-la-serenite\/","url":"https:\/\/kapitalis.com\/tunisie\/2026\/03\/30\/tahar-bekri-de-lerrance-et-la-serenite\/","name":"Tahar Bekri | De l\u2019errance et la s\u00e9r\u00e9nit\u00e9 - Kapitalis","isPartOf":{"@id":"https:\/\/kapitalis.com\/tunisie\/#website"},"primaryImageOfPage":{"@id":"https:\/\/kapitalis.com\/tunisie\/2026\/03\/30\/tahar-bekri-de-lerrance-et-la-serenite\/#primaryimage"},"image":{"@id":"https:\/\/kapitalis.com\/tunisie\/2026\/03\/30\/tahar-bekri-de-lerrance-et-la-serenite\/#primaryimage"},"thumbnailUrl":"https:\/\/kapitalis.com\/tunisie\/wp-content\/uploads\/2026\/03\/Tahar-Bekri-3-Anne-Savale.jpg","datePublished":"2026-03-30T06:10:28+00:00","dateModified":"2026-03-30T06:10:29+00:00","description":"Dans \u2018\u2018Le battement des ann\u00e9es\u2019, Tahar Bekri invite le lecteur \u00e0 une d\u00e9ambulation \u00e0 travers un Paris transform\u00e9 par l\u2019imagination du po\u00e8te.","breadcrumb":{"@id":"https:\/\/kapitalis.com\/tunisie\/2026\/03\/30\/tahar-bekri-de-lerrance-et-la-serenite\/#breadcrumb"},"inLanguage":"fr-FR","potentialAction":[{"@type":"ReadAction","target":["https:\/\/kapitalis.com\/tunisie\/2026\/03\/30\/tahar-bekri-de-lerrance-et-la-serenite\/"]}]},{"@type":"ImageObject","inLanguage":"fr-FR","@id":"https:\/\/kapitalis.com\/tunisie\/2026\/03\/30\/tahar-bekri-de-lerrance-et-la-serenite\/#primaryimage","url":"https:\/\/kapitalis.com\/tunisie\/wp-content\/uploads\/2026\/03\/Tahar-Bekri-3-Anne-Savale.jpg","contentUrl":"https:\/\/kapitalis.com\/tunisie\/wp-content\/uploads\/2026\/03\/Tahar-Bekri-3-Anne-Savale.jpg","width":1200,"height":630},{"@type":"BreadcrumbList","@id":"https:\/\/kapitalis.com\/tunisie\/2026\/03\/30\/tahar-bekri-de-lerrance-et-la-serenite\/#breadcrumb","itemListElement":[{"@type":"ListItem","position":1,"name":"Accueil","item":"https:\/\/kapitalis.com\/tunisie\/"},{"@type":"ListItem","position":2,"name":"Tahar Bekri | De l\u2019errance et la s\u00e9r\u00e9nit\u00e9"}]},{"@type":"WebSite","@id":"https:\/\/kapitalis.com\/tunisie\/#website","url":"https:\/\/kapitalis.com\/tunisie\/","name":"Kapitalis","description":"L&#039;actualit\u00e9 en Tunisie et dans le monde","publisher":{"@id":"https:\/\/kapitalis.com\/tunisie\/#organization"},"potentialAction":[{"@type":"SearchAction","target":{"@type":"EntryPoint","urlTemplate":"https:\/\/kapitalis.com\/tunisie\/?s={search_term_string}"},"query-input":{"@type":"PropertyValueSpecification","valueRequired":true,"valueName":"search_term_string"}}],"inLanguage":"fr-FR"},{"@type":"Organization","@id":"https:\/\/kapitalis.com\/tunisie\/#organization","name":"Kapitalis","url":"https:\/\/kapitalis.com\/tunisie\/","logo":{"@type":"ImageObject","inLanguage":"fr-FR","@id":"https:\/\/kapitalis.com\/tunisie\/#\/schema\/logo\/image\/","url":"https:\/\/kapitalis.com\/tunisie\/wp-content\/uploads\/2022\/05\/Kapitalis-big-size.png","contentUrl":"https:\/\/kapitalis.com\/tunisie\/wp-content\/uploads\/2022\/05\/Kapitalis-big-size.png","width":5000,"height":1500,"caption":"Kapitalis"},"image":{"@id":"https:\/\/kapitalis.com\/tunisie\/#\/schema\/logo\/image\/"},"sameAs":["https:\/\/www.facebook.com\/KapitalisInfo\/","https:\/\/x.com\/KapitalisInfo","https:\/\/www.youtube.com\/channel\/UC-yDYrHyfFBWWZaOw3FPg9Q"]},{"@type":"Person","@id":"https:\/\/kapitalis.com\/tunisie\/#\/schema\/person\/d71f33a9ca44f7bad4698210b480c8e9","name":"webmaster kapitalis","url":"https:\/\/kapitalis.com\/tunisie\/author\/webmaster-kapitalis\/"}]}},"_links":{"self":[{"href":"https:\/\/kapitalis.com\/tunisie\/wp-json\/wp\/v2\/posts\/18542339","targetHints":{"allow":["GET"]}}],"collection":[{"href":"https:\/\/kapitalis.com\/tunisie\/wp-json\/wp\/v2\/posts"}],"about":[{"href":"https:\/\/kapitalis.com\/tunisie\/wp-json\/wp\/v2\/types\/post"}],"author":[{"embeddable":true,"href":"https:\/\/kapitalis.com\/tunisie\/wp-json\/wp\/v2\/users\/8"}],"replies":[{"embeddable":true,"href":"https:\/\/kapitalis.com\/tunisie\/wp-json\/wp\/v2\/comments?post=18542339"}],"version-history":[{"count":1,"href":"https:\/\/kapitalis.com\/tunisie\/wp-json\/wp\/v2\/posts\/18542339\/revisions"}],"predecessor-version":[{"id":18542385,"href":"https:\/\/kapitalis.com\/tunisie\/wp-json\/wp\/v2\/posts\/18542339\/revisions\/18542385"}],"wp:featuredmedia":[{"embeddable":true,"href":"https:\/\/kapitalis.com\/tunisie\/wp-json\/wp\/v2\/media\/18542367"}],"wp:attachment":[{"href":"https:\/\/kapitalis.com\/tunisie\/wp-json\/wp\/v2\/media?parent=18542339"}],"wp:term":[{"taxonomy":"category","embeddable":true,"href":"https:\/\/kapitalis.com\/tunisie\/wp-json\/wp\/v2\/categories?post=18542339"},{"taxonomy":"post_tag","embeddable":true,"href":"https:\/\/kapitalis.com\/tunisie\/wp-json\/wp\/v2\/tags?post=18542339"}],"curies":[{"name":"wp","href":"https:\/\/api.w.org\/{rel}","templated":true}]}}