{"id":18550775,"date":"2026-03-30T19:43:37","date_gmt":"2026-03-30T18:43:37","guid":{"rendered":"https:\/\/kapitalis.com\/tunisie\/?p=18550775"},"modified":"2026-03-30T19:46:08","modified_gmt":"2026-03-30T18:46:08","slug":"meteo-pluies-et-vents-forts-attendus-cette-nuit","status":"publish","type":"post","link":"https:\/\/kapitalis.com\/tunisie\/2026\/03\/30\/meteo-pluies-et-vents-forts-attendus-cette-nuit\/","title":{"rendered":"M\u00e9t\u00e9o | Pluies et vents forts attendus cette nuit"},"content":{"rendered":"\n<p><em><strong>Selon les derni\u00e8res pr\u00e9visions de l&rsquo;Institut national de la m\u00e9t\u00e9orologie (INM), le temps restera instable avec des passages nuageux parfois denses cette nuit.<\/strong><\/em><\/p>\n\n\n\n<!--more-->\n\n\n\n<p>\u200bDes averses sont attendues, prenant par moments un caract\u00e8re orageux, principalement sur les r\u00e9gions du Nord et localement sur le Centre, indique le bulletin de l&rsquo;INM, en pr\u00e9cisant que ces pluies pourraient \u00eatre intenses sur les zones c\u00f4ti\u00e8res du Nord, accompagn\u00e9es de chutes de gr\u00eale par endroits.<\/p>\n\n\n\n<p>\u200bLa m\u00eame source ajoute que le vent sera le principal point de vigilance, il sera violent pr\u00e8s des c\u00f4tes et sur les hauteurs avec des rafales pouvant atteindre 90 km\/h.<\/p>\n\n\n\n<p>\u200bLe mercure marquera une baisse sensible durant la nuit, avec des temp\u00e9ratures minimales variant entre 3\u00b0C et 8\u00b0C sur les r\u00e9gions ouest du Nord et du Centre et entre 9\u00b0C \u00e0 14\u00b0C sur le reste des r\u00e9gions.<\/p>\n\n\n\n<p class=\"has-text-align-right\"><strong>Y. N.<\/strong><\/p>\n","protected":false},"excerpt":{"rendered":"<p>Selon les derni\u00e8res pr\u00e9visions de l&rsquo;Institut national de la m\u00e9t\u00e9orologie (INM), le temps restera instable avec des passages nuageux parfois denses cette nuit.<\/p>\n","protected":false},"author":6,"featured_media":10485912,"comment_status":"open","ping_status":"open","sticky":false,"template":"","format":"standard","meta":{"footnotes":""},"categories":[998,2433],"tags":[483,6019,1618,1664,62643,4029],"class_list":["post-18550775","post","type-post","status-publish","format-standard","has-post-thumbnail","hentry","category-societe","category-tunisie","tag-inm","tag-institut-national-de-la-meteorologie","tag-orages","tag-pluies","tag-tunisie","tag-vents"],"yoast_head":"<!-- This site is optimized with the Yoast SEO plugin v26.6 - https:\/\/yoast.com\/wordpress\/plugins\/seo\/ -->\n<title>M\u00e9t\u00e9o | Pluies et vents forts attendus cette nuit - Kapitalis<\/title>\n<meta name=\"robots\" content=\"index, follow, max-snippet:-1, max-image-preview:large, max-video-preview:-1\" \/>\n<link rel=\"canonical\" href=\"https:\/\/kapitalis.com\/tunisie\/2026\/03\/30\/meteo-pluies-et-vents-forts-attendus-cette-nuit\/\" \/>\n<meta property=\"og:locale\" content=\"fr_FR\" \/>\n<meta property=\"og:type\" content=\"article\" \/>\n<meta property=\"og:title\" content=\"M\u00e9t\u00e9o | Pluies et vents forts attendus cette nuit - Kapitalis\" \/>\n<meta property=\"og:description\" content=\"Selon les derni\u00e8res pr\u00e9visions de l&rsquo;Institut national de la m\u00e9t\u00e9orologie (INM), le temps restera instable avec des passages nuageux parfois denses cette nuit.\" \/>\n<meta property=\"og:url\" content=\"https:\/\/kapitalis.com\/tunisie\/2026\/03\/30\/meteo-pluies-et-vents-forts-attendus-cette-nuit\/\" \/>\n<meta property=\"og:site_name\" content=\"Kapitalis\" \/>\n<meta property=\"article:publisher\" content=\"https:\/\/www.facebook.com\/KapitalisInfo\/\" \/>\n<meta property=\"article:published_time\" content=\"2026-03-30T18:43:37+00:00\" \/>\n<meta property=\"article:modified_time\" content=\"2026-03-30T18:46:08+00:00\" \/>\n<meta property=\"og:image\" content=\"https:\/\/kapitalis.com\/tunisie\/wp-content\/uploads\/2023\/11\/pluies-Tunisie.jpg\" \/>\n\t<meta property=\"og:image:width\" content=\"1200\" \/>\n\t<meta property=\"og:image:height\" content=\"630\" \/>\n\t<meta property=\"og:image:type\" content=\"image\/jpeg\" \/>\n<meta name=\"author\" content=\"Yusra NY\" \/>\n<meta name=\"twitter:card\" content=\"summary_large_image\" \/>\n<meta name=\"twitter:creator\" content=\"@KapitalisInfo\" \/>\n<meta name=\"twitter:site\" content=\"@KapitalisInfo\" \/>\n<meta name=\"twitter:label1\" content=\"\u00c9crit par\" \/>\n\t<meta name=\"twitter:data1\" content=\"Yusra NY\" \/>\n\t<meta name=\"twitter:label2\" content=\"Dur\u00e9e de lecture estim\u00e9e\" \/>\n\t<meta name=\"twitter:data2\" content=\"1 minute\" \/>\n<script type=\"application\/ld+json\" class=\"yoast-schema-graph\">{\"@context\":\"https:\/\/schema.org\",\"@graph\":[{\"@type\":\"Article\",\"@id\":\"https:\/\/kapitalis.com\/tunisie\/2026\/03\/30\/meteo-pluies-et-vents-forts-attendus-cette-nuit\/#article\",\"isPartOf\":{\"@id\":\"https:\/\/kapitalis.com\/tunisie\/2026\/03\/30\/meteo-pluies-et-vents-forts-attendus-cette-nuit\/\"},\"author\":{\"name\":\"Yusra NY\",\"@id\":\"https:\/\/kapitalis.com\/tunisie\/#\/schema\/person\/74bbde0154d49d790a92aaeac5bc01d5\"},\"headline\":\"M\u00e9t\u00e9o | Pluies et vents forts attendus cette nuit\",\"datePublished\":\"2026-03-30T18:43:37+00:00\",\"dateModified\":\"2026-03-30T18:46:08+00:00\",\"mainEntityOfPage\":{\"@id\":\"https:\/\/kapitalis.com\/tunisie\/2026\/03\/30\/meteo-pluies-et-vents-forts-attendus-cette-nuit\/\"},\"wordCount\":165,\"commentCount\":0,\"publisher\":{\"@id\":\"https:\/\/kapitalis.com\/tunisie\/#organization\"},\"image\":{\"@id\":\"https:\/\/kapitalis.com\/tunisie\/2026\/03\/30\/meteo-pluies-et-vents-forts-attendus-cette-nuit\/#primaryimage\"},\"thumbnailUrl\":\"https:\/\/kapitalis.com\/tunisie\/wp-content\/uploads\/2023\/11\/pluies-Tunisie.jpg\",\"keywords\":[\"INM\",\"Institut National de la M\u00e9t\u00e9orologie\",\"orages\",\"pluies\",\"Tunisie\",\"vents\"],\"articleSection\":[\"SOCIETE\",\"Tunisie\"],\"inLanguage\":\"fr-FR\",\"potentialAction\":[{\"@type\":\"CommentAction\",\"name\":\"Comment\",\"target\":[\"https:\/\/kapitalis.com\/tunisie\/2026\/03\/30\/meteo-pluies-et-vents-forts-attendus-cette-nuit\/#respond\"]}]},{\"@type\":\"WebPage\",\"@id\":\"https:\/\/kapitalis.com\/tunisie\/2026\/03\/30\/meteo-pluies-et-vents-forts-attendus-cette-nuit\/\",\"url\":\"https:\/\/kapitalis.com\/tunisie\/2026\/03\/30\/meteo-pluies-et-vents-forts-attendus-cette-nuit\/\",\"name\":\"M\u00e9t\u00e9o | Pluies et vents forts attendus cette nuit - Kapitalis\",\"isPartOf\":{\"@id\":\"https:\/\/kapitalis.com\/tunisie\/#website\"},\"primaryImageOfPage\":{\"@id\":\"https:\/\/kapitalis.com\/tunisie\/2026\/03\/30\/meteo-pluies-et-vents-forts-attendus-cette-nuit\/#primaryimage\"},\"image\":{\"@id\":\"https:\/\/kapitalis.com\/tunisie\/2026\/03\/30\/meteo-pluies-et-vents-forts-attendus-cette-nuit\/#primaryimage\"},\"thumbnailUrl\":\"https:\/\/kapitalis.com\/tunisie\/wp-content\/uploads\/2023\/11\/pluies-Tunisie.jpg\",\"datePublished\":\"2026-03-30T18:43:37+00:00\",\"dateModified\":\"2026-03-30T18:46:08+00:00\",\"breadcrumb\":{\"@id\":\"https:\/\/kapitalis.com\/tunisie\/2026\/03\/30\/meteo-pluies-et-vents-forts-attendus-cette-nuit\/#breadcrumb\"},\"inLanguage\":\"fr-FR\",\"potentialAction\":[{\"@type\":\"ReadAction\",\"target\":[\"https:\/\/kapitalis.com\/tunisie\/2026\/03\/30\/meteo-pluies-et-vents-forts-attendus-cette-nuit\/\"]}]},{\"@type\":\"ImageObject\",\"inLanguage\":\"fr-FR\",\"@id\":\"https:\/\/kapitalis.com\/tunisie\/2026\/03\/30\/meteo-pluies-et-vents-forts-attendus-cette-nuit\/#primaryimage\",\"url\":\"https:\/\/kapitalis.com\/tunisie\/wp-content\/uploads\/2023\/11\/pluies-Tunisie.jpg\",\"contentUrl\":\"https:\/\/kapitalis.com\/tunisie\/wp-content\/uploads\/2023\/11\/pluies-Tunisie.jpg\",\"width\":1200,\"height\":630},{\"@type\":\"BreadcrumbList\",\"@id\":\"https:\/\/kapitalis.com\/tunisie\/2026\/03\/30\/meteo-pluies-et-vents-forts-attendus-cette-nuit\/#breadcrumb\",\"itemListElement\":[{\"@type\":\"ListItem\",\"position\":1,\"name\":\"Accueil\",\"item\":\"https:\/\/kapitalis.com\/tunisie\/\"},{\"@type\":\"ListItem\",\"position\":2,\"name\":\"M\u00e9t\u00e9o | Pluies et vents forts attendus cette nuit\"}]},{\"@type\":\"WebSite\",\"@id\":\"https:\/\/kapitalis.com\/tunisie\/#website\",\"url\":\"https:\/\/kapitalis.com\/tunisie\/\",\"name\":\"Kapitalis\",\"description\":\"L&#039;actualit\u00e9 en Tunisie et dans le monde\",\"publisher\":{\"@id\":\"https:\/\/kapitalis.com\/tunisie\/#organization\"},\"potentialAction\":[{\"@type\":\"SearchAction\",\"target\":{\"@type\":\"EntryPoint\",\"urlTemplate\":\"https:\/\/kapitalis.com\/tunisie\/?s={search_term_string}\"},\"query-input\":{\"@type\":\"PropertyValueSpecification\",\"valueRequired\":true,\"valueName\":\"search_term_string\"}}],\"inLanguage\":\"fr-FR\"},{\"@type\":\"Organization\",\"@id\":\"https:\/\/kapitalis.com\/tunisie\/#organization\",\"name\":\"Kapitalis\",\"url\":\"https:\/\/kapitalis.com\/tunisie\/\",\"logo\":{\"@type\":\"ImageObject\",\"inLanguage\":\"fr-FR\",\"@id\":\"https:\/\/kapitalis.com\/tunisie\/#\/schema\/logo\/image\/\",\"url\":\"https:\/\/kapitalis.com\/tunisie\/wp-content\/uploads\/2022\/05\/Kapitalis-big-size.png\",\"contentUrl\":\"https:\/\/kapitalis.com\/tunisie\/wp-content\/uploads\/2022\/05\/Kapitalis-big-size.png\",\"width\":5000,\"height\":1500,\"caption\":\"Kapitalis\"},\"image\":{\"@id\":\"https:\/\/kapitalis.com\/tunisie\/#\/schema\/logo\/image\/\"},\"sameAs\":[\"https:\/\/www.facebook.com\/KapitalisInfo\/\",\"https:\/\/x.com\/KapitalisInfo\",\"https:\/\/www.youtube.com\/channel\/UC-yDYrHyfFBWWZaOw3FPg9Q\"]},{\"@type\":\"Person\",\"@id\":\"https:\/\/kapitalis.com\/tunisie\/#\/schema\/person\/74bbde0154d49d790a92aaeac5bc01d5\",\"name\":\"Yusra NY\",\"url\":\"https:\/\/kapitalis.com\/tunisie\/author\/yuza_adam\/\"}]}<\/script>\n<!-- \/ Yoast SEO plugin. -->","yoast_head_json":{"title":"M\u00e9t\u00e9o | Pluies et vents forts attendus cette nuit - Kapitalis","robots":{"index":"index","follow":"follow","max-snippet":"max-snippet:-1","max-image-preview":"max-image-preview:large","max-video-preview":"max-video-preview:-1"},"canonical":"https:\/\/kapitalis.com\/tunisie\/2026\/03\/30\/meteo-pluies-et-vents-forts-attendus-cette-nuit\/","og_locale":"fr_FR","og_type":"article","og_title":"M\u00e9t\u00e9o | Pluies et vents forts attendus cette nuit - Kapitalis","og_description":"Selon les derni\u00e8res pr\u00e9visions de l&rsquo;Institut national de la m\u00e9t\u00e9orologie (INM), le temps restera instable avec des passages nuageux parfois denses cette nuit.","og_url":"https:\/\/kapitalis.com\/tunisie\/2026\/03\/30\/meteo-pluies-et-vents-forts-attendus-cette-nuit\/","og_site_name":"Kapitalis","article_publisher":"https:\/\/www.facebook.com\/KapitalisInfo\/","article_published_time":"2026-03-30T18:43:37+00:00","article_modified_time":"2026-03-30T18:46:08+00:00","og_image":[{"width":1200,"height":630,"url":"https:\/\/kapitalis.com\/tunisie\/wp-content\/uploads\/2023\/11\/pluies-Tunisie.jpg","type":"image\/jpeg"}],"author":"Yusra NY","twitter_card":"summary_large_image","twitter_creator":"@KapitalisInfo","twitter_site":"@KapitalisInfo","twitter_misc":{"\u00c9crit par":"Yusra NY","Dur\u00e9e de lecture estim\u00e9e":"1 minute"},"schema":{"@context":"https:\/\/schema.org","@graph":[{"@type":"Article","@id":"https:\/\/kapitalis.com\/tunisie\/2026\/03\/30\/meteo-pluies-et-vents-forts-attendus-cette-nuit\/#article","isPartOf":{"@id":"https:\/\/kapitalis.com\/tunisie\/2026\/03\/30\/meteo-pluies-et-vents-forts-attendus-cette-nuit\/"},"author":{"name":"Yusra NY","@id":"https:\/\/kapitalis.com\/tunisie\/#\/schema\/person\/74bbde0154d49d790a92aaeac5bc01d5"},"headline":"M\u00e9t\u00e9o | Pluies et vents forts attendus cette nuit","datePublished":"2026-03-30T18:43:37+00:00","dateModified":"2026-03-30T18:46:08+00:00","mainEntityOfPage":{"@id":"https:\/\/kapitalis.com\/tunisie\/2026\/03\/30\/meteo-pluies-et-vents-forts-attendus-cette-nuit\/"},"wordCount":165,"commentCount":0,"publisher":{"@id":"https:\/\/kapitalis.com\/tunisie\/#organization"},"image":{"@id":"https:\/\/kapitalis.com\/tunisie\/2026\/03\/30\/meteo-pluies-et-vents-forts-attendus-cette-nuit\/#primaryimage"},"thumbnailUrl":"https:\/\/kapitalis.com\/tunisie\/wp-content\/uploads\/2023\/11\/pluies-Tunisie.jpg","keywords":["INM","Institut National de la M\u00e9t\u00e9orologie","orages","pluies","Tunisie","vents"],"articleSection":["SOCIETE","Tunisie"],"inLanguage":"fr-FR","potentialAction":[{"@type":"CommentAction","name":"Comment","target":["https:\/\/kapitalis.com\/tunisie\/2026\/03\/30\/meteo-pluies-et-vents-forts-attendus-cette-nuit\/#respond"]}]},{"@type":"WebPage","@id":"https:\/\/kapitalis.com\/tunisie\/2026\/03\/30\/meteo-pluies-et-vents-forts-attendus-cette-nuit\/","url":"https:\/\/kapitalis.com\/tunisie\/2026\/03\/30\/meteo-pluies-et-vents-forts-attendus-cette-nuit\/","name":"M\u00e9t\u00e9o | Pluies et vents forts attendus cette nuit - Kapitalis","isPartOf":{"@id":"https:\/\/kapitalis.com\/tunisie\/#website"},"primaryImageOfPage":{"@id":"https:\/\/kapitalis.com\/tunisie\/2026\/03\/30\/meteo-pluies-et-vents-forts-attendus-cette-nuit\/#primaryimage"},"image":{"@id":"https:\/\/kapitalis.com\/tunisie\/2026\/03\/30\/meteo-pluies-et-vents-forts-attendus-cette-nuit\/#primaryimage"},"thumbnailUrl":"https:\/\/kapitalis.com\/tunisie\/wp-content\/uploads\/2023\/11\/pluies-Tunisie.jpg","datePublished":"2026-03-30T18:43:37+00:00","dateModified":"2026-03-30T18:46:08+00:00","breadcrumb":{"@id":"https:\/\/kapitalis.com\/tunisie\/2026\/03\/30\/meteo-pluies-et-vents-forts-attendus-cette-nuit\/#breadcrumb"},"inLanguage":"fr-FR","potentialAction":[{"@type":"ReadAction","target":["https:\/\/kapitalis.com\/tunisie\/2026\/03\/30\/meteo-pluies-et-vents-forts-attendus-cette-nuit\/"]}]},{"@type":"ImageObject","inLanguage":"fr-FR","@id":"https:\/\/kapitalis.com\/tunisie\/2026\/03\/30\/meteo-pluies-et-vents-forts-attendus-cette-nuit\/#primaryimage","url":"https:\/\/kapitalis.com\/tunisie\/wp-content\/uploads\/2023\/11\/pluies-Tunisie.jpg","contentUrl":"https:\/\/kapitalis.com\/tunisie\/wp-content\/uploads\/2023\/11\/pluies-Tunisie.jpg","width":1200,"height":630},{"@type":"BreadcrumbList","@id":"https:\/\/kapitalis.com\/tunisie\/2026\/03\/30\/meteo-pluies-et-vents-forts-attendus-cette-nuit\/#breadcrumb","itemListElement":[{"@type":"ListItem","position":1,"name":"Accueil","item":"https:\/\/kapitalis.com\/tunisie\/"},{"@type":"ListItem","position":2,"name":"M\u00e9t\u00e9o | Pluies et vents forts attendus cette nuit"}]},{"@type":"WebSite","@id":"https:\/\/kapitalis.com\/tunisie\/#website","url":"https:\/\/kapitalis.com\/tunisie\/","name":"Kapitalis","description":"L&#039;actualit\u00e9 en Tunisie et dans le monde","publisher":{"@id":"https:\/\/kapitalis.com\/tunisie\/#organization"},"potentialAction":[{"@type":"SearchAction","target":{"@type":"EntryPoint","urlTemplate":"https:\/\/kapitalis.com\/tunisie\/?s={search_term_string}"},"query-input":{"@type":"PropertyValueSpecification","valueRequired":true,"valueName":"search_term_string"}}],"inLanguage":"fr-FR"},{"@type":"Organization","@id":"https:\/\/kapitalis.com\/tunisie\/#organization","name":"Kapitalis","url":"https:\/\/kapitalis.com\/tunisie\/","logo":{"@type":"ImageObject","inLanguage":"fr-FR","@id":"https:\/\/kapitalis.com\/tunisie\/#\/schema\/logo\/image\/","url":"https:\/\/kapitalis.com\/tunisie\/wp-content\/uploads\/2022\/05\/Kapitalis-big-size.png","contentUrl":"https:\/\/kapitalis.com\/tunisie\/wp-content\/uploads\/2022\/05\/Kapitalis-big-size.png","width":5000,"height":1500,"caption":"Kapitalis"},"image":{"@id":"https:\/\/kapitalis.com\/tunisie\/#\/schema\/logo\/image\/"},"sameAs":["https:\/\/www.facebook.com\/KapitalisInfo\/","https:\/\/x.com\/KapitalisInfo","https:\/\/www.youtube.com\/channel\/UC-yDYrHyfFBWWZaOw3FPg9Q"]},{"@type":"Person","@id":"https:\/\/kapitalis.com\/tunisie\/#\/schema\/person\/74bbde0154d49d790a92aaeac5bc01d5","name":"Yusra NY","url":"https:\/\/kapitalis.com\/tunisie\/author\/yuza_adam\/"}]}},"_links":{"self":[{"href":"https:\/\/kapitalis.com\/tunisie\/wp-json\/wp\/v2\/posts\/18550775","targetHints":{"allow":["GET"]}}],"collection":[{"href":"https:\/\/kapitalis.com\/tunisie\/wp-json\/wp\/v2\/posts"}],"about":[{"href":"https:\/\/kapitalis.com\/tunisie\/wp-json\/wp\/v2\/types\/post"}],"author":[{"embeddable":true,"href":"https:\/\/kapitalis.com\/tunisie\/wp-json\/wp\/v2\/users\/6"}],"replies":[{"embeddable":true,"href":"https:\/\/kapitalis.com\/tunisie\/wp-json\/wp\/v2\/comments?post=18550775"}],"version-history":[{"count":1,"href":"https:\/\/kapitalis.com\/tunisie\/wp-json\/wp\/v2\/posts\/18550775\/revisions"}],"predecessor-version":[{"id":18551022,"href":"https:\/\/kapitalis.com\/tunisie\/wp-json\/wp\/v2\/posts\/18550775\/revisions\/18551022"}],"wp:featuredmedia":[{"embeddable":true,"href":"https:\/\/kapitalis.com\/tunisie\/wp-json\/wp\/v2\/media\/10485912"}],"wp:attachment":[{"href":"https:\/\/kapitalis.com\/tunisie\/wp-json\/wp\/v2\/media?parent=18550775"}],"wp:term":[{"taxonomy":"category","embeddable":true,"href":"https:\/\/kapitalis.com\/tunisie\/wp-json\/wp\/v2\/categories?post=18550775"},{"taxonomy":"post_tag","embeddable":true,"href":"https:\/\/kapitalis.com\/tunisie\/wp-json\/wp\/v2\/tags?post=18550775"}],"curies":[{"name":"wp","href":"https:\/\/api.w.org\/{rel}","templated":true}]}}