{"id":185724,"date":"2018-11-26T13:39:41","date_gmt":"2018-11-26T12:39:41","guid":{"rendered":"http:\/\/kapitalis.com\/tunisie\/?p=185724"},"modified":"2018-11-26T13:39:41","modified_gmt":"2018-11-26T12:39:41","slug":"cinematheque-tunisienne-que-peut-le-cinema-pour-la-palestine","status":"publish","type":"post","link":"https:\/\/kapitalis.com\/tunisie\/2018\/11\/26\/cinematheque-tunisienne-que-peut-le-cinema-pour-la-palestine\/","title":{"rendered":"Cin\u00e9math\u00e8que Tunisienne : Que peut le cin\u00e9ma pour la Palestine?"},"content":{"rendered":"<p style=\"text-align: center;\"><img loading=\"lazy\" decoding=\"async\" class=\"alignnone size-full wp-image-185726\" src=\"http:\/\/kapitalis.com\/tunisie\/wp-content\/uploads\/2018\/11\/Maryse-Gargour.jpg\" alt=\"\" width=\"626\" height=\"380\" \/><\/p>\n<p><em><strong>La Cin\u00e9math\u00e8que Tunisienne propose du 27 novembre au 2 d\u00e9cembre 2018, \u00e0 la Cit\u00e9 de la Culture de Tunis, un cycle intitul\u00e9 \u00abQue peut le cin\u00e9ma pour la Palestine?\u00bb, \u00e0 l\u2019occasion de la Journ\u00e9e internationale de solidarit\u00e9 avec le peuple palestinien.<\/strong> <\/em><\/p>\n<p><!--more--><\/p>\n<p>La r\u00e9alisatrice palestinienne Maryse Gargour sera l\u2019invit\u00e9e d\u2019honneur de cette semaine et pr\u00e9sentera son documentaire<em> \u2018\u2018La terre parle arabe, 2007\u2019\u2019<\/em>.<\/p>\n<p>Au programme aussi, dans le cadre des <em>\u00abMardis du cin\u00e9ma tunisien\u2019\u2019<\/em>, le film de Chawki El Mejri <em>\u2018\u2018Le royaume des Fourmis\u2019\u2019<\/em>.<\/p>\n<p style=\"text-align: right;\"><strong>I. B.\u00a0<\/strong><\/p>\n","protected":false},"excerpt":{"rendered":"<p>La Cin\u00e9math\u00e8que Tunisienne propose du 27 novembre au 2 d\u00e9cembre 2018, \u00e0 la Cit\u00e9 de la Culture de Tunis, un cycle intitul\u00e9 \u00abQue peut le cin\u00e9ma pour la Palestine?\u00bb, \u00e0 l\u2019occasion de la Journ\u00e9e internationale de solidarit\u00e9 avec le peuple palestinien.<\/p>\n","protected":false},"author":8,"featured_media":185726,"comment_status":"open","ping_status":"open","sticky":false,"template":"","format":"standard","meta":{"footnotes":""},"categories":[994,2433],"tags":[34406,43554,4026,7846],"class_list":["post-185724","post","type-post","status-publish","format-standard","has-post-thumbnail","hentry","category-culture","category-tunisie","tag-cinematheque-tunisienne","tag-cite-de-la-culture-de-tunis","tag-palestine","tag-peuple-palestinien"],"yoast_head":"<!-- This site is optimized with the Yoast SEO plugin v26.6 - https:\/\/yoast.com\/wordpress\/plugins\/seo\/ -->\n<title>Cin\u00e9math\u00e8que Tunisienne : Que peut le cin\u00e9ma pour la Palestine? - Kapitalis<\/title>\n<meta name=\"robots\" content=\"index, follow, max-snippet:-1, max-image-preview:large, max-video-preview:-1\" \/>\n<link rel=\"canonical\" href=\"https:\/\/kapitalis.com\/tunisie\/2018\/11\/26\/cinematheque-tunisienne-que-peut-le-cinema-pour-la-palestine\/\" \/>\n<meta property=\"og:locale\" content=\"fr_FR\" \/>\n<meta property=\"og:type\" content=\"article\" \/>\n<meta property=\"og:title\" content=\"Cin\u00e9math\u00e8que Tunisienne : Que peut le cin\u00e9ma pour la Palestine? - Kapitalis\" \/>\n<meta property=\"og:description\" content=\"La Cin\u00e9math\u00e8que Tunisienne propose du 27 novembre au 2 d\u00e9cembre 2018, \u00e0 la Cit\u00e9 de la Culture de Tunis, un cycle intitul\u00e9 \u00abQue peut le cin\u00e9ma pour la Palestine?\u00bb, \u00e0 l\u2019occasion de la Journ\u00e9e internationale de solidarit\u00e9 avec le peuple palestinien.\" \/>\n<meta property=\"og:url\" content=\"https:\/\/kapitalis.com\/tunisie\/2018\/11\/26\/cinematheque-tunisienne-que-peut-le-cinema-pour-la-palestine\/\" \/>\n<meta property=\"og:site_name\" content=\"Kapitalis\" \/>\n<meta property=\"article:publisher\" content=\"https:\/\/www.facebook.com\/KapitalisInfo\/\" \/>\n<meta property=\"article:published_time\" content=\"2018-11-26T12:39:41+00:00\" \/>\n<meta property=\"og:image\" content=\"https:\/\/kapitalis.com\/tunisie\/wp-content\/uploads\/2022\/05\/kapitalis-logo-fb.png\" \/>\n\t<meta property=\"og:image:width\" content=\"1200\" \/>\n\t<meta property=\"og:image:height\" content=\"630\" \/>\n\t<meta property=\"og:image:type\" content=\"image\/png\" \/>\n<meta name=\"author\" content=\"webmaster kapitalis\" \/>\n<meta name=\"twitter:card\" content=\"summary_large_image\" \/>\n<meta name=\"twitter:creator\" content=\"@KapitalisInfo\" \/>\n<meta name=\"twitter:site\" content=\"@KapitalisInfo\" \/>\n<meta name=\"twitter:label1\" content=\"\u00c9crit par\" \/>\n\t<meta name=\"twitter:data1\" content=\"webmaster kapitalis\" \/>\n<script type=\"application\/ld+json\" class=\"yoast-schema-graph\">{\"@context\":\"https:\/\/schema.org\",\"@graph\":[{\"@type\":\"Article\",\"@id\":\"https:\/\/kapitalis.com\/tunisie\/2018\/11\/26\/cinematheque-tunisienne-que-peut-le-cinema-pour-la-palestine\/#article\",\"isPartOf\":{\"@id\":\"https:\/\/kapitalis.com\/tunisie\/2018\/11\/26\/cinematheque-tunisienne-que-peut-le-cinema-pour-la-palestine\/\"},\"author\":{\"name\":\"webmaster kapitalis\",\"@id\":\"https:\/\/kapitalis.com\/tunisie\/#\/schema\/person\/d71f33a9ca44f7bad4698210b480c8e9\"},\"headline\":\"Cin\u00e9math\u00e8que Tunisienne : Que peut le cin\u00e9ma pour la Palestine?\",\"datePublished\":\"2018-11-26T12:39:41+00:00\",\"mainEntityOfPage\":{\"@id\":\"https:\/\/kapitalis.com\/tunisie\/2018\/11\/26\/cinematheque-tunisienne-que-peut-le-cinema-pour-la-palestine\/\"},\"wordCount\":102,\"commentCount\":0,\"publisher\":{\"@id\":\"https:\/\/kapitalis.com\/tunisie\/#organization\"},\"image\":{\"@id\":\"https:\/\/kapitalis.com\/tunisie\/2018\/11\/26\/cinematheque-tunisienne-que-peut-le-cinema-pour-la-palestine\/#primaryimage\"},\"thumbnailUrl\":\"\",\"keywords\":[\"Cin\u00e9math\u00e8que tunisienne\",\"Cit\u00e9 de la Culture de Tunis\",\"Palestine\",\"peuple palestinien\"],\"articleSection\":[\"CULTURE\",\"Tunisie\"],\"inLanguage\":\"fr-FR\",\"potentialAction\":[{\"@type\":\"CommentAction\",\"name\":\"Comment\",\"target\":[\"https:\/\/kapitalis.com\/tunisie\/2018\/11\/26\/cinematheque-tunisienne-que-peut-le-cinema-pour-la-palestine\/#respond\"]}]},{\"@type\":\"WebPage\",\"@id\":\"https:\/\/kapitalis.com\/tunisie\/2018\/11\/26\/cinematheque-tunisienne-que-peut-le-cinema-pour-la-palestine\/\",\"url\":\"https:\/\/kapitalis.com\/tunisie\/2018\/11\/26\/cinematheque-tunisienne-que-peut-le-cinema-pour-la-palestine\/\",\"name\":\"Cin\u00e9math\u00e8que Tunisienne : Que peut le cin\u00e9ma pour la Palestine? - Kapitalis\",\"isPartOf\":{\"@id\":\"https:\/\/kapitalis.com\/tunisie\/#website\"},\"primaryImageOfPage\":{\"@id\":\"https:\/\/kapitalis.com\/tunisie\/2018\/11\/26\/cinematheque-tunisienne-que-peut-le-cinema-pour-la-palestine\/#primaryimage\"},\"image\":{\"@id\":\"https:\/\/kapitalis.com\/tunisie\/2018\/11\/26\/cinematheque-tunisienne-que-peut-le-cinema-pour-la-palestine\/#primaryimage\"},\"thumbnailUrl\":\"\",\"datePublished\":\"2018-11-26T12:39:41+00:00\",\"breadcrumb\":{\"@id\":\"https:\/\/kapitalis.com\/tunisie\/2018\/11\/26\/cinematheque-tunisienne-que-peut-le-cinema-pour-la-palestine\/#breadcrumb\"},\"inLanguage\":\"fr-FR\",\"potentialAction\":[{\"@type\":\"ReadAction\",\"target\":[\"https:\/\/kapitalis.com\/tunisie\/2018\/11\/26\/cinematheque-tunisienne-que-peut-le-cinema-pour-la-palestine\/\"]}]},{\"@type\":\"ImageObject\",\"inLanguage\":\"fr-FR\",\"@id\":\"https:\/\/kapitalis.com\/tunisie\/2018\/11\/26\/cinematheque-tunisienne-que-peut-le-cinema-pour-la-palestine\/#primaryimage\",\"url\":\"\",\"contentUrl\":\"\"},{\"@type\":\"BreadcrumbList\",\"@id\":\"https:\/\/kapitalis.com\/tunisie\/2018\/11\/26\/cinematheque-tunisienne-que-peut-le-cinema-pour-la-palestine\/#breadcrumb\",\"itemListElement\":[{\"@type\":\"ListItem\",\"position\":1,\"name\":\"Accueil\",\"item\":\"https:\/\/kapitalis.com\/tunisie\/\"},{\"@type\":\"ListItem\",\"position\":2,\"name\":\"Cin\u00e9math\u00e8que Tunisienne : Que peut le cin\u00e9ma pour la Palestine?\"}]},{\"@type\":\"WebSite\",\"@id\":\"https:\/\/kapitalis.com\/tunisie\/#website\",\"url\":\"https:\/\/kapitalis.com\/tunisie\/\",\"name\":\"Kapitalis\",\"description\":\"L&#039;actualit\u00e9 en Tunisie et dans le monde\",\"publisher\":{\"@id\":\"https:\/\/kapitalis.com\/tunisie\/#organization\"},\"potentialAction\":[{\"@type\":\"SearchAction\",\"target\":{\"@type\":\"EntryPoint\",\"urlTemplate\":\"https:\/\/kapitalis.com\/tunisie\/?s={search_term_string}\"},\"query-input\":{\"@type\":\"PropertyValueSpecification\",\"valueRequired\":true,\"valueName\":\"search_term_string\"}}],\"inLanguage\":\"fr-FR\"},{\"@type\":\"Organization\",\"@id\":\"https:\/\/kapitalis.com\/tunisie\/#organization\",\"name\":\"Kapitalis\",\"url\":\"https:\/\/kapitalis.com\/tunisie\/\",\"logo\":{\"@type\":\"ImageObject\",\"inLanguage\":\"fr-FR\",\"@id\":\"https:\/\/kapitalis.com\/tunisie\/#\/schema\/logo\/image\/\",\"url\":\"https:\/\/kapitalis.com\/tunisie\/wp-content\/uploads\/2022\/05\/Kapitalis-big-size.png\",\"contentUrl\":\"https:\/\/kapitalis.com\/tunisie\/wp-content\/uploads\/2022\/05\/Kapitalis-big-size.png\",\"width\":5000,\"height\":1500,\"caption\":\"Kapitalis\"},\"image\":{\"@id\":\"https:\/\/kapitalis.com\/tunisie\/#\/schema\/logo\/image\/\"},\"sameAs\":[\"https:\/\/www.facebook.com\/KapitalisInfo\/\",\"https:\/\/x.com\/KapitalisInfo\",\"https:\/\/www.youtube.com\/channel\/UC-yDYrHyfFBWWZaOw3FPg9Q\"]},{\"@type\":\"Person\",\"@id\":\"https:\/\/kapitalis.com\/tunisie\/#\/schema\/person\/d71f33a9ca44f7bad4698210b480c8e9\",\"name\":\"webmaster kapitalis\",\"url\":\"https:\/\/kapitalis.com\/tunisie\/author\/webmaster-kapitalis\/\"}]}<\/script>\n<!-- \/ Yoast SEO plugin. -->","yoast_head_json":{"title":"Cin\u00e9math\u00e8que Tunisienne : Que peut le cin\u00e9ma pour la Palestine? - Kapitalis","robots":{"index":"index","follow":"follow","max-snippet":"max-snippet:-1","max-image-preview":"max-image-preview:large","max-video-preview":"max-video-preview:-1"},"canonical":"https:\/\/kapitalis.com\/tunisie\/2018\/11\/26\/cinematheque-tunisienne-que-peut-le-cinema-pour-la-palestine\/","og_locale":"fr_FR","og_type":"article","og_title":"Cin\u00e9math\u00e8que Tunisienne : Que peut le cin\u00e9ma pour la Palestine? - Kapitalis","og_description":"La Cin\u00e9math\u00e8que Tunisienne propose du 27 novembre au 2 d\u00e9cembre 2018, \u00e0 la Cit\u00e9 de la Culture de Tunis, un cycle intitul\u00e9 \u00abQue peut le cin\u00e9ma pour la Palestine?\u00bb, \u00e0 l\u2019occasion de la Journ\u00e9e internationale de solidarit\u00e9 avec le peuple palestinien.","og_url":"https:\/\/kapitalis.com\/tunisie\/2018\/11\/26\/cinematheque-tunisienne-que-peut-le-cinema-pour-la-palestine\/","og_site_name":"Kapitalis","article_publisher":"https:\/\/www.facebook.com\/KapitalisInfo\/","article_published_time":"2018-11-26T12:39:41+00:00","og_image":[{"width":1200,"height":630,"url":"https:\/\/kapitalis.com\/tunisie\/wp-content\/uploads\/2022\/05\/kapitalis-logo-fb.png","type":"image\/png"}],"author":"webmaster kapitalis","twitter_card":"summary_large_image","twitter_creator":"@KapitalisInfo","twitter_site":"@KapitalisInfo","twitter_misc":{"\u00c9crit par":"webmaster kapitalis"},"schema":{"@context":"https:\/\/schema.org","@graph":[{"@type":"Article","@id":"https:\/\/kapitalis.com\/tunisie\/2018\/11\/26\/cinematheque-tunisienne-que-peut-le-cinema-pour-la-palestine\/#article","isPartOf":{"@id":"https:\/\/kapitalis.com\/tunisie\/2018\/11\/26\/cinematheque-tunisienne-que-peut-le-cinema-pour-la-palestine\/"},"author":{"name":"webmaster kapitalis","@id":"https:\/\/kapitalis.com\/tunisie\/#\/schema\/person\/d71f33a9ca44f7bad4698210b480c8e9"},"headline":"Cin\u00e9math\u00e8que Tunisienne : Que peut le cin\u00e9ma pour la Palestine?","datePublished":"2018-11-26T12:39:41+00:00","mainEntityOfPage":{"@id":"https:\/\/kapitalis.com\/tunisie\/2018\/11\/26\/cinematheque-tunisienne-que-peut-le-cinema-pour-la-palestine\/"},"wordCount":102,"commentCount":0,"publisher":{"@id":"https:\/\/kapitalis.com\/tunisie\/#organization"},"image":{"@id":"https:\/\/kapitalis.com\/tunisie\/2018\/11\/26\/cinematheque-tunisienne-que-peut-le-cinema-pour-la-palestine\/#primaryimage"},"thumbnailUrl":"","keywords":["Cin\u00e9math\u00e8que tunisienne","Cit\u00e9 de la Culture de Tunis","Palestine","peuple palestinien"],"articleSection":["CULTURE","Tunisie"],"inLanguage":"fr-FR","potentialAction":[{"@type":"CommentAction","name":"Comment","target":["https:\/\/kapitalis.com\/tunisie\/2018\/11\/26\/cinematheque-tunisienne-que-peut-le-cinema-pour-la-palestine\/#respond"]}]},{"@type":"WebPage","@id":"https:\/\/kapitalis.com\/tunisie\/2018\/11\/26\/cinematheque-tunisienne-que-peut-le-cinema-pour-la-palestine\/","url":"https:\/\/kapitalis.com\/tunisie\/2018\/11\/26\/cinematheque-tunisienne-que-peut-le-cinema-pour-la-palestine\/","name":"Cin\u00e9math\u00e8que Tunisienne : Que peut le cin\u00e9ma pour la Palestine? - Kapitalis","isPartOf":{"@id":"https:\/\/kapitalis.com\/tunisie\/#website"},"primaryImageOfPage":{"@id":"https:\/\/kapitalis.com\/tunisie\/2018\/11\/26\/cinematheque-tunisienne-que-peut-le-cinema-pour-la-palestine\/#primaryimage"},"image":{"@id":"https:\/\/kapitalis.com\/tunisie\/2018\/11\/26\/cinematheque-tunisienne-que-peut-le-cinema-pour-la-palestine\/#primaryimage"},"thumbnailUrl":"","datePublished":"2018-11-26T12:39:41+00:00","breadcrumb":{"@id":"https:\/\/kapitalis.com\/tunisie\/2018\/11\/26\/cinematheque-tunisienne-que-peut-le-cinema-pour-la-palestine\/#breadcrumb"},"inLanguage":"fr-FR","potentialAction":[{"@type":"ReadAction","target":["https:\/\/kapitalis.com\/tunisie\/2018\/11\/26\/cinematheque-tunisienne-que-peut-le-cinema-pour-la-palestine\/"]}]},{"@type":"ImageObject","inLanguage":"fr-FR","@id":"https:\/\/kapitalis.com\/tunisie\/2018\/11\/26\/cinematheque-tunisienne-que-peut-le-cinema-pour-la-palestine\/#primaryimage","url":"","contentUrl":""},{"@type":"BreadcrumbList","@id":"https:\/\/kapitalis.com\/tunisie\/2018\/11\/26\/cinematheque-tunisienne-que-peut-le-cinema-pour-la-palestine\/#breadcrumb","itemListElement":[{"@type":"ListItem","position":1,"name":"Accueil","item":"https:\/\/kapitalis.com\/tunisie\/"},{"@type":"ListItem","position":2,"name":"Cin\u00e9math\u00e8que Tunisienne : Que peut le cin\u00e9ma pour la Palestine?"}]},{"@type":"WebSite","@id":"https:\/\/kapitalis.com\/tunisie\/#website","url":"https:\/\/kapitalis.com\/tunisie\/","name":"Kapitalis","description":"L&#039;actualit\u00e9 en Tunisie et dans le monde","publisher":{"@id":"https:\/\/kapitalis.com\/tunisie\/#organization"},"potentialAction":[{"@type":"SearchAction","target":{"@type":"EntryPoint","urlTemplate":"https:\/\/kapitalis.com\/tunisie\/?s={search_term_string}"},"query-input":{"@type":"PropertyValueSpecification","valueRequired":true,"valueName":"search_term_string"}}],"inLanguage":"fr-FR"},{"@type":"Organization","@id":"https:\/\/kapitalis.com\/tunisie\/#organization","name":"Kapitalis","url":"https:\/\/kapitalis.com\/tunisie\/","logo":{"@type":"ImageObject","inLanguage":"fr-FR","@id":"https:\/\/kapitalis.com\/tunisie\/#\/schema\/logo\/image\/","url":"https:\/\/kapitalis.com\/tunisie\/wp-content\/uploads\/2022\/05\/Kapitalis-big-size.png","contentUrl":"https:\/\/kapitalis.com\/tunisie\/wp-content\/uploads\/2022\/05\/Kapitalis-big-size.png","width":5000,"height":1500,"caption":"Kapitalis"},"image":{"@id":"https:\/\/kapitalis.com\/tunisie\/#\/schema\/logo\/image\/"},"sameAs":["https:\/\/www.facebook.com\/KapitalisInfo\/","https:\/\/x.com\/KapitalisInfo","https:\/\/www.youtube.com\/channel\/UC-yDYrHyfFBWWZaOw3FPg9Q"]},{"@type":"Person","@id":"https:\/\/kapitalis.com\/tunisie\/#\/schema\/person\/d71f33a9ca44f7bad4698210b480c8e9","name":"webmaster kapitalis","url":"https:\/\/kapitalis.com\/tunisie\/author\/webmaster-kapitalis\/"}]}},"_links":{"self":[{"href":"https:\/\/kapitalis.com\/tunisie\/wp-json\/wp\/v2\/posts\/185724","targetHints":{"allow":["GET"]}}],"collection":[{"href":"https:\/\/kapitalis.com\/tunisie\/wp-json\/wp\/v2\/posts"}],"about":[{"href":"https:\/\/kapitalis.com\/tunisie\/wp-json\/wp\/v2\/types\/post"}],"author":[{"embeddable":true,"href":"https:\/\/kapitalis.com\/tunisie\/wp-json\/wp\/v2\/users\/8"}],"replies":[{"embeddable":true,"href":"https:\/\/kapitalis.com\/tunisie\/wp-json\/wp\/v2\/comments?post=185724"}],"version-history":[{"count":0,"href":"https:\/\/kapitalis.com\/tunisie\/wp-json\/wp\/v2\/posts\/185724\/revisions"}],"wp:featuredmedia":[{"embeddable":true,"href":"https:\/\/kapitalis.com\/tunisie\/wp-json\/wp\/v2\/media\/185726"}],"wp:attachment":[{"href":"https:\/\/kapitalis.com\/tunisie\/wp-json\/wp\/v2\/media?parent=185724"}],"wp:term":[{"taxonomy":"category","embeddable":true,"href":"https:\/\/kapitalis.com\/tunisie\/wp-json\/wp\/v2\/categories?post=185724"},{"taxonomy":"post_tag","embeddable":true,"href":"https:\/\/kapitalis.com\/tunisie\/wp-json\/wp\/v2\/tags?post=185724"}],"curies":[{"name":"wp","href":"https:\/\/api.w.org\/{rel}","templated":true}]}}