{"id":18572471,"date":"2026-04-01T21:42:29","date_gmt":"2026-04-01T20:42:29","guid":{"rendered":"https:\/\/kapitalis.com\/tunisie\/?p=18572471"},"modified":"2026-04-01T22:12:45","modified_gmt":"2026-04-01T21:12:45","slug":"fin-du-controle-judiciaire-pour-halima-ben-ali-qui-reste-en-france","status":"publish","type":"post","link":"https:\/\/kapitalis.com\/tunisie\/2026\/04\/01\/fin-du-controle-judiciaire-pour-halima-ben-ali-qui-reste-en-france\/","title":{"rendered":"Fin du contr\u00f4le judiciaire pour Halima Ben Ali qui reste en France"},"content":{"rendered":"\n<p><strong><em>Dans un arr\u00eat rendu ce mercredi 1er avril, la Cour d\u2019appel de Paris s\u2019est prononc\u00e9e contre l\u2019extradition de Halima Ben Ali vers la Tunisie, qui r\u00e9clamaient la remise de la fille cadette de l&rsquo;ancien pr\u00e9sident.<\/em><\/strong><\/p>\n\n\n\n<!--more-->\n\n\n\n<p>Vis\u00e9e par des poursuites pour d\u00e9lits financiers en Tunisie, Halima Ben Ali avait \u00e9t\u00e9 interpell\u00e9e dans un a\u00e9roport parisien \u00e0 l\u2019automne 2025. Durant la proc\u00e9dure, sa d\u00e9fense, men\u00e9e par Me Samia Maktouf, avait plaid\u00e9 contre son extradition, affirmant qu\u2019un retour forc\u00e9 dans son pays d\u2019origine \u00e9quivaudrait \u00e0 \u00ab<em> une condamnation \u00e0 mort \u00bb<\/em>.<\/p>\n\n\n\n<p>\u00c0 l&rsquo;annonce du verdict, l&rsquo;avocate a exprim\u00e9 \u00e0 l&rsquo;AFP son \u00ab<em> immense soulagement \u00bb<\/em>, saluant une d\u00e9cision \u00ab conforme au droit \u00bb.<\/p>\n\n\n\n<p>Si la fille de l&rsquo;ancien pr\u00e9sident a choisi de garder le silence, elle repart libre : la cour d\u2019appel a ordonn\u00e9 la lev\u00e9e imm\u00e9diate de son contr\u00f4le judiciaire.<\/p>\n\n\n\n<p class=\"has-text-align-right\"><strong>Y. N.<\/strong><\/p>\n","protected":false},"excerpt":{"rendered":"<p>Dans un arr\u00eat rendu ce mercredi 1er avril, la Cour d\u2019appel de Paris s\u2019est prononc\u00e9e contre l\u2019extradition de Halima Ben Ali vers la Tunisie, qui r\u00e9clamaient la remise de la fille cadette de l&rsquo;ancien pr\u00e9sident.<\/p>\n","protected":false},"author":6,"featured_media":17578360,"comment_status":"open","ping_status":"open","sticky":false,"template":"","format":"standard","meta":{"footnotes":""},"categories":[997,998,2433],"tags":[127620,127619,124855,124879,62643],"class_list":["post-18572471","post","type-post","status-publish","format-standard","has-post-thumbnail","hentry","category-politique","category-societe","category-tunisie","tag-controle-judiciaire","tag-cour-dappel-de-paris-2","tag-halima-ben-ali","tag-samia-maktouf","tag-tunisie"],"yoast_head":"<!-- This site is optimized with the Yoast SEO plugin v26.6 - https:\/\/yoast.com\/wordpress\/plugins\/seo\/ -->\n<title>Fin du contr\u00f4le judiciaire pour Halima Ben Ali qui reste en France - Kapitalis<\/title>\n<meta name=\"robots\" content=\"index, follow, max-snippet:-1, max-image-preview:large, max-video-preview:-1\" \/>\n<link rel=\"canonical\" href=\"https:\/\/kapitalis.com\/tunisie\/2026\/04\/01\/fin-du-controle-judiciaire-pour-halima-ben-ali-qui-reste-en-france\/\" \/>\n<meta property=\"og:locale\" content=\"fr_FR\" \/>\n<meta property=\"og:type\" content=\"article\" \/>\n<meta property=\"og:title\" content=\"Fin du contr\u00f4le judiciaire pour Halima Ben Ali qui reste en France - Kapitalis\" \/>\n<meta property=\"og:description\" content=\"Dans un arr\u00eat rendu ce mercredi 1er avril, la Cour d\u2019appel de Paris s\u2019est prononc\u00e9e contre l\u2019extradition de Halima Ben Ali vers la Tunisie, qui r\u00e9clamaient la remise de la fille cadette de l&rsquo;ancien pr\u00e9sident.\" \/>\n<meta property=\"og:url\" content=\"https:\/\/kapitalis.com\/tunisie\/2026\/04\/01\/fin-du-controle-judiciaire-pour-halima-ben-ali-qui-reste-en-france\/\" \/>\n<meta property=\"og:site_name\" content=\"Kapitalis\" \/>\n<meta property=\"article:publisher\" content=\"https:\/\/www.facebook.com\/KapitalisInfo\/\" \/>\n<meta property=\"article:published_time\" content=\"2026-04-01T20:42:29+00:00\" \/>\n<meta property=\"article:modified_time\" content=\"2026-04-01T21:12:45+00:00\" \/>\n<meta property=\"og:image\" content=\"https:\/\/kapitalis.com\/tunisie\/wp-content\/uploads\/2025\/10\/Halima-Ben-Ali.jpg\" \/>\n\t<meta property=\"og:image:width\" content=\"1200\" \/>\n\t<meta property=\"og:image:height\" content=\"630\" \/>\n\t<meta property=\"og:image:type\" content=\"image\/jpeg\" \/>\n<meta name=\"author\" content=\"Yusra NY\" \/>\n<meta name=\"twitter:card\" content=\"summary_large_image\" \/>\n<meta name=\"twitter:creator\" content=\"@KapitalisInfo\" \/>\n<meta name=\"twitter:site\" content=\"@KapitalisInfo\" \/>\n<meta name=\"twitter:label1\" content=\"\u00c9crit par\" \/>\n\t<meta name=\"twitter:data1\" content=\"Yusra NY\" \/>\n\t<meta name=\"twitter:label2\" content=\"Dur\u00e9e de lecture estim\u00e9e\" \/>\n\t<meta name=\"twitter:data2\" content=\"1 minute\" \/>\n<script type=\"application\/ld+json\" class=\"yoast-schema-graph\">{\"@context\":\"https:\/\/schema.org\",\"@graph\":[{\"@type\":\"Article\",\"@id\":\"https:\/\/kapitalis.com\/tunisie\/2026\/04\/01\/fin-du-controle-judiciaire-pour-halima-ben-ali-qui-reste-en-france\/#article\",\"isPartOf\":{\"@id\":\"https:\/\/kapitalis.com\/tunisie\/2026\/04\/01\/fin-du-controle-judiciaire-pour-halima-ben-ali-qui-reste-en-france\/\"},\"author\":{\"name\":\"Yusra NY\",\"@id\":\"https:\/\/kapitalis.com\/tunisie\/#\/schema\/person\/74bbde0154d49d790a92aaeac5bc01d5\"},\"headline\":\"Fin du contr\u00f4le judiciaire pour Halima Ben Ali qui reste en France\",\"datePublished\":\"2026-04-01T20:42:29+00:00\",\"dateModified\":\"2026-04-01T21:12:45+00:00\",\"mainEntityOfPage\":{\"@id\":\"https:\/\/kapitalis.com\/tunisie\/2026\/04\/01\/fin-du-controle-judiciaire-pour-halima-ben-ali-qui-reste-en-france\/\"},\"wordCount\":163,\"commentCount\":0,\"publisher\":{\"@id\":\"https:\/\/kapitalis.com\/tunisie\/#organization\"},\"image\":{\"@id\":\"https:\/\/kapitalis.com\/tunisie\/2026\/04\/01\/fin-du-controle-judiciaire-pour-halima-ben-ali-qui-reste-en-france\/#primaryimage\"},\"thumbnailUrl\":\"https:\/\/kapitalis.com\/tunisie\/wp-content\/uploads\/2025\/10\/Halima-Ben-Ali.jpg\",\"keywords\":[\"contr\u00f4le judiciaire\",\"Cour d\u2019appel de Paris\",\"Halima Ben Ali\",\"Samia Maktouf\",\"Tunisie\"],\"articleSection\":[\"POLITIQUE\",\"SOCIETE\",\"Tunisie\"],\"inLanguage\":\"fr-FR\",\"potentialAction\":[{\"@type\":\"CommentAction\",\"name\":\"Comment\",\"target\":[\"https:\/\/kapitalis.com\/tunisie\/2026\/04\/01\/fin-du-controle-judiciaire-pour-halima-ben-ali-qui-reste-en-france\/#respond\"]}]},{\"@type\":\"WebPage\",\"@id\":\"https:\/\/kapitalis.com\/tunisie\/2026\/04\/01\/fin-du-controle-judiciaire-pour-halima-ben-ali-qui-reste-en-france\/\",\"url\":\"https:\/\/kapitalis.com\/tunisie\/2026\/04\/01\/fin-du-controle-judiciaire-pour-halima-ben-ali-qui-reste-en-france\/\",\"name\":\"Fin du contr\u00f4le judiciaire pour Halima Ben Ali qui reste en France - Kapitalis\",\"isPartOf\":{\"@id\":\"https:\/\/kapitalis.com\/tunisie\/#website\"},\"primaryImageOfPage\":{\"@id\":\"https:\/\/kapitalis.com\/tunisie\/2026\/04\/01\/fin-du-controle-judiciaire-pour-halima-ben-ali-qui-reste-en-france\/#primaryimage\"},\"image\":{\"@id\":\"https:\/\/kapitalis.com\/tunisie\/2026\/04\/01\/fin-du-controle-judiciaire-pour-halima-ben-ali-qui-reste-en-france\/#primaryimage\"},\"thumbnailUrl\":\"https:\/\/kapitalis.com\/tunisie\/wp-content\/uploads\/2025\/10\/Halima-Ben-Ali.jpg\",\"datePublished\":\"2026-04-01T20:42:29+00:00\",\"dateModified\":\"2026-04-01T21:12:45+00:00\",\"breadcrumb\":{\"@id\":\"https:\/\/kapitalis.com\/tunisie\/2026\/04\/01\/fin-du-controle-judiciaire-pour-halima-ben-ali-qui-reste-en-france\/#breadcrumb\"},\"inLanguage\":\"fr-FR\",\"potentialAction\":[{\"@type\":\"ReadAction\",\"target\":[\"https:\/\/kapitalis.com\/tunisie\/2026\/04\/01\/fin-du-controle-judiciaire-pour-halima-ben-ali-qui-reste-en-france\/\"]}]},{\"@type\":\"ImageObject\",\"inLanguage\":\"fr-FR\",\"@id\":\"https:\/\/kapitalis.com\/tunisie\/2026\/04\/01\/fin-du-controle-judiciaire-pour-halima-ben-ali-qui-reste-en-france\/#primaryimage\",\"url\":\"https:\/\/kapitalis.com\/tunisie\/wp-content\/uploads\/2025\/10\/Halima-Ben-Ali.jpg\",\"contentUrl\":\"https:\/\/kapitalis.com\/tunisie\/wp-content\/uploads\/2025\/10\/Halima-Ben-Ali.jpg\",\"width\":1200,\"height\":630},{\"@type\":\"BreadcrumbList\",\"@id\":\"https:\/\/kapitalis.com\/tunisie\/2026\/04\/01\/fin-du-controle-judiciaire-pour-halima-ben-ali-qui-reste-en-france\/#breadcrumb\",\"itemListElement\":[{\"@type\":\"ListItem\",\"position\":1,\"name\":\"Accueil\",\"item\":\"https:\/\/kapitalis.com\/tunisie\/\"},{\"@type\":\"ListItem\",\"position\":2,\"name\":\"Fin du contr\u00f4le judiciaire pour Halima Ben Ali qui reste en France\"}]},{\"@type\":\"WebSite\",\"@id\":\"https:\/\/kapitalis.com\/tunisie\/#website\",\"url\":\"https:\/\/kapitalis.com\/tunisie\/\",\"name\":\"Kapitalis\",\"description\":\"L&#039;actualit\u00e9 en Tunisie et dans le monde\",\"publisher\":{\"@id\":\"https:\/\/kapitalis.com\/tunisie\/#organization\"},\"potentialAction\":[{\"@type\":\"SearchAction\",\"target\":{\"@type\":\"EntryPoint\",\"urlTemplate\":\"https:\/\/kapitalis.com\/tunisie\/?s={search_term_string}\"},\"query-input\":{\"@type\":\"PropertyValueSpecification\",\"valueRequired\":true,\"valueName\":\"search_term_string\"}}],\"inLanguage\":\"fr-FR\"},{\"@type\":\"Organization\",\"@id\":\"https:\/\/kapitalis.com\/tunisie\/#organization\",\"name\":\"Kapitalis\",\"url\":\"https:\/\/kapitalis.com\/tunisie\/\",\"logo\":{\"@type\":\"ImageObject\",\"inLanguage\":\"fr-FR\",\"@id\":\"https:\/\/kapitalis.com\/tunisie\/#\/schema\/logo\/image\/\",\"url\":\"https:\/\/kapitalis.com\/tunisie\/wp-content\/uploads\/2022\/05\/Kapitalis-big-size.png\",\"contentUrl\":\"https:\/\/kapitalis.com\/tunisie\/wp-content\/uploads\/2022\/05\/Kapitalis-big-size.png\",\"width\":5000,\"height\":1500,\"caption\":\"Kapitalis\"},\"image\":{\"@id\":\"https:\/\/kapitalis.com\/tunisie\/#\/schema\/logo\/image\/\"},\"sameAs\":[\"https:\/\/www.facebook.com\/KapitalisInfo\/\",\"https:\/\/x.com\/KapitalisInfo\",\"https:\/\/www.youtube.com\/channel\/UC-yDYrHyfFBWWZaOw3FPg9Q\"]},{\"@type\":\"Person\",\"@id\":\"https:\/\/kapitalis.com\/tunisie\/#\/schema\/person\/74bbde0154d49d790a92aaeac5bc01d5\",\"name\":\"Yusra NY\",\"url\":\"https:\/\/kapitalis.com\/tunisie\/author\/yuza_adam\/\"}]}<\/script>\n<!-- \/ Yoast SEO plugin. -->","yoast_head_json":{"title":"Fin du contr\u00f4le judiciaire pour Halima Ben Ali qui reste en France - Kapitalis","robots":{"index":"index","follow":"follow","max-snippet":"max-snippet:-1","max-image-preview":"max-image-preview:large","max-video-preview":"max-video-preview:-1"},"canonical":"https:\/\/kapitalis.com\/tunisie\/2026\/04\/01\/fin-du-controle-judiciaire-pour-halima-ben-ali-qui-reste-en-france\/","og_locale":"fr_FR","og_type":"article","og_title":"Fin du contr\u00f4le judiciaire pour Halima Ben Ali qui reste en France - Kapitalis","og_description":"Dans un arr\u00eat rendu ce mercredi 1er avril, la Cour d\u2019appel de Paris s\u2019est prononc\u00e9e contre l\u2019extradition de Halima Ben Ali vers la Tunisie, qui r\u00e9clamaient la remise de la fille cadette de l&rsquo;ancien pr\u00e9sident.","og_url":"https:\/\/kapitalis.com\/tunisie\/2026\/04\/01\/fin-du-controle-judiciaire-pour-halima-ben-ali-qui-reste-en-france\/","og_site_name":"Kapitalis","article_publisher":"https:\/\/www.facebook.com\/KapitalisInfo\/","article_published_time":"2026-04-01T20:42:29+00:00","article_modified_time":"2026-04-01T21:12:45+00:00","og_image":[{"width":1200,"height":630,"url":"https:\/\/kapitalis.com\/tunisie\/wp-content\/uploads\/2025\/10\/Halima-Ben-Ali.jpg","type":"image\/jpeg"}],"author":"Yusra NY","twitter_card":"summary_large_image","twitter_creator":"@KapitalisInfo","twitter_site":"@KapitalisInfo","twitter_misc":{"\u00c9crit par":"Yusra NY","Dur\u00e9e de lecture estim\u00e9e":"1 minute"},"schema":{"@context":"https:\/\/schema.org","@graph":[{"@type":"Article","@id":"https:\/\/kapitalis.com\/tunisie\/2026\/04\/01\/fin-du-controle-judiciaire-pour-halima-ben-ali-qui-reste-en-france\/#article","isPartOf":{"@id":"https:\/\/kapitalis.com\/tunisie\/2026\/04\/01\/fin-du-controle-judiciaire-pour-halima-ben-ali-qui-reste-en-france\/"},"author":{"name":"Yusra NY","@id":"https:\/\/kapitalis.com\/tunisie\/#\/schema\/person\/74bbde0154d49d790a92aaeac5bc01d5"},"headline":"Fin du contr\u00f4le judiciaire pour Halima Ben Ali qui reste en France","datePublished":"2026-04-01T20:42:29+00:00","dateModified":"2026-04-01T21:12:45+00:00","mainEntityOfPage":{"@id":"https:\/\/kapitalis.com\/tunisie\/2026\/04\/01\/fin-du-controle-judiciaire-pour-halima-ben-ali-qui-reste-en-france\/"},"wordCount":163,"commentCount":0,"publisher":{"@id":"https:\/\/kapitalis.com\/tunisie\/#organization"},"image":{"@id":"https:\/\/kapitalis.com\/tunisie\/2026\/04\/01\/fin-du-controle-judiciaire-pour-halima-ben-ali-qui-reste-en-france\/#primaryimage"},"thumbnailUrl":"https:\/\/kapitalis.com\/tunisie\/wp-content\/uploads\/2025\/10\/Halima-Ben-Ali.jpg","keywords":["contr\u00f4le judiciaire","Cour d\u2019appel de Paris","Halima Ben Ali","Samia Maktouf","Tunisie"],"articleSection":["POLITIQUE","SOCIETE","Tunisie"],"inLanguage":"fr-FR","potentialAction":[{"@type":"CommentAction","name":"Comment","target":["https:\/\/kapitalis.com\/tunisie\/2026\/04\/01\/fin-du-controle-judiciaire-pour-halima-ben-ali-qui-reste-en-france\/#respond"]}]},{"@type":"WebPage","@id":"https:\/\/kapitalis.com\/tunisie\/2026\/04\/01\/fin-du-controle-judiciaire-pour-halima-ben-ali-qui-reste-en-france\/","url":"https:\/\/kapitalis.com\/tunisie\/2026\/04\/01\/fin-du-controle-judiciaire-pour-halima-ben-ali-qui-reste-en-france\/","name":"Fin du contr\u00f4le judiciaire pour Halima Ben Ali qui reste en France - Kapitalis","isPartOf":{"@id":"https:\/\/kapitalis.com\/tunisie\/#website"},"primaryImageOfPage":{"@id":"https:\/\/kapitalis.com\/tunisie\/2026\/04\/01\/fin-du-controle-judiciaire-pour-halima-ben-ali-qui-reste-en-france\/#primaryimage"},"image":{"@id":"https:\/\/kapitalis.com\/tunisie\/2026\/04\/01\/fin-du-controle-judiciaire-pour-halima-ben-ali-qui-reste-en-france\/#primaryimage"},"thumbnailUrl":"https:\/\/kapitalis.com\/tunisie\/wp-content\/uploads\/2025\/10\/Halima-Ben-Ali.jpg","datePublished":"2026-04-01T20:42:29+00:00","dateModified":"2026-04-01T21:12:45+00:00","breadcrumb":{"@id":"https:\/\/kapitalis.com\/tunisie\/2026\/04\/01\/fin-du-controle-judiciaire-pour-halima-ben-ali-qui-reste-en-france\/#breadcrumb"},"inLanguage":"fr-FR","potentialAction":[{"@type":"ReadAction","target":["https:\/\/kapitalis.com\/tunisie\/2026\/04\/01\/fin-du-controle-judiciaire-pour-halima-ben-ali-qui-reste-en-france\/"]}]},{"@type":"ImageObject","inLanguage":"fr-FR","@id":"https:\/\/kapitalis.com\/tunisie\/2026\/04\/01\/fin-du-controle-judiciaire-pour-halima-ben-ali-qui-reste-en-france\/#primaryimage","url":"https:\/\/kapitalis.com\/tunisie\/wp-content\/uploads\/2025\/10\/Halima-Ben-Ali.jpg","contentUrl":"https:\/\/kapitalis.com\/tunisie\/wp-content\/uploads\/2025\/10\/Halima-Ben-Ali.jpg","width":1200,"height":630},{"@type":"BreadcrumbList","@id":"https:\/\/kapitalis.com\/tunisie\/2026\/04\/01\/fin-du-controle-judiciaire-pour-halima-ben-ali-qui-reste-en-france\/#breadcrumb","itemListElement":[{"@type":"ListItem","position":1,"name":"Accueil","item":"https:\/\/kapitalis.com\/tunisie\/"},{"@type":"ListItem","position":2,"name":"Fin du contr\u00f4le judiciaire pour Halima Ben Ali qui reste en France"}]},{"@type":"WebSite","@id":"https:\/\/kapitalis.com\/tunisie\/#website","url":"https:\/\/kapitalis.com\/tunisie\/","name":"Kapitalis","description":"L&#039;actualit\u00e9 en Tunisie et dans le monde","publisher":{"@id":"https:\/\/kapitalis.com\/tunisie\/#organization"},"potentialAction":[{"@type":"SearchAction","target":{"@type":"EntryPoint","urlTemplate":"https:\/\/kapitalis.com\/tunisie\/?s={search_term_string}"},"query-input":{"@type":"PropertyValueSpecification","valueRequired":true,"valueName":"search_term_string"}}],"inLanguage":"fr-FR"},{"@type":"Organization","@id":"https:\/\/kapitalis.com\/tunisie\/#organization","name":"Kapitalis","url":"https:\/\/kapitalis.com\/tunisie\/","logo":{"@type":"ImageObject","inLanguage":"fr-FR","@id":"https:\/\/kapitalis.com\/tunisie\/#\/schema\/logo\/image\/","url":"https:\/\/kapitalis.com\/tunisie\/wp-content\/uploads\/2022\/05\/Kapitalis-big-size.png","contentUrl":"https:\/\/kapitalis.com\/tunisie\/wp-content\/uploads\/2022\/05\/Kapitalis-big-size.png","width":5000,"height":1500,"caption":"Kapitalis"},"image":{"@id":"https:\/\/kapitalis.com\/tunisie\/#\/schema\/logo\/image\/"},"sameAs":["https:\/\/www.facebook.com\/KapitalisInfo\/","https:\/\/x.com\/KapitalisInfo","https:\/\/www.youtube.com\/channel\/UC-yDYrHyfFBWWZaOw3FPg9Q"]},{"@type":"Person","@id":"https:\/\/kapitalis.com\/tunisie\/#\/schema\/person\/74bbde0154d49d790a92aaeac5bc01d5","name":"Yusra NY","url":"https:\/\/kapitalis.com\/tunisie\/author\/yuza_adam\/"}]}},"_links":{"self":[{"href":"https:\/\/kapitalis.com\/tunisie\/wp-json\/wp\/v2\/posts\/18572471","targetHints":{"allow":["GET"]}}],"collection":[{"href":"https:\/\/kapitalis.com\/tunisie\/wp-json\/wp\/v2\/posts"}],"about":[{"href":"https:\/\/kapitalis.com\/tunisie\/wp-json\/wp\/v2\/types\/post"}],"author":[{"embeddable":true,"href":"https:\/\/kapitalis.com\/tunisie\/wp-json\/wp\/v2\/users\/6"}],"replies":[{"embeddable":true,"href":"https:\/\/kapitalis.com\/tunisie\/wp-json\/wp\/v2\/comments?post=18572471"}],"version-history":[{"count":3,"href":"https:\/\/kapitalis.com\/tunisie\/wp-json\/wp\/v2\/posts\/18572471\/revisions"}],"predecessor-version":[{"id":18572485,"href":"https:\/\/kapitalis.com\/tunisie\/wp-json\/wp\/v2\/posts\/18572471\/revisions\/18572485"}],"wp:featuredmedia":[{"embeddable":true,"href":"https:\/\/kapitalis.com\/tunisie\/wp-json\/wp\/v2\/media\/17578360"}],"wp:attachment":[{"href":"https:\/\/kapitalis.com\/tunisie\/wp-json\/wp\/v2\/media?parent=18572471"}],"wp:term":[{"taxonomy":"category","embeddable":true,"href":"https:\/\/kapitalis.com\/tunisie\/wp-json\/wp\/v2\/categories?post=18572471"},{"taxonomy":"post_tag","embeddable":true,"href":"https:\/\/kapitalis.com\/tunisie\/wp-json\/wp\/v2\/tags?post=18572471"}],"curies":[{"name":"wp","href":"https:\/\/api.w.org\/{rel}","templated":true}]}}