{"id":18595278,"date":"2026-04-07T13:32:48","date_gmt":"2026-04-07T12:32:48","guid":{"rendered":"https:\/\/kapitalis.com\/tunisie\/?p=18595278"},"modified":"2026-04-07T13:32:50","modified_gmt":"2026-04-07T12:32:50","slug":"amt-le-verdict-contre-anas-hmadi-est-un-dangereux-precedent","status":"publish","type":"post","link":"https:\/\/kapitalis.com\/tunisie\/2026\/04\/07\/amt-le-verdict-contre-anas-hmadi-est-un-dangereux-precedent\/","title":{"rendered":"AMT\u00a0| \u00abLe verdict contre Anas Hmadi est un dangereux pr\u00e9c\u00e9dent\u00bb"},"content":{"rendered":"\n<p><strong><em>Le bureau ex\u00e9cutif de l\u2019Association des magistrats tunisiens (AMT) a d\u00e9nonc\u00e9 le <a href=\"https:\/\/kapitalis.com\/tunisie\/2026\/04\/06\/verdict-dans-laffaire-visant-anas-hmaidi\/\" target=\"_blank\" rel=\"noreferrer noopener\">verdict <\/a>rendu, hier soir, lundi 6 avril 2026, par la sixi\u00e8me chambre criminelle du tribunal de premi\u00e8re instance de Tunis, condamnant son pr\u00e9sident, Anas Hmadi, \u00e0 un an de prison pour \u00abentrave \u00e0 la libert\u00e9 de travail\u00bb.<\/em><\/strong><\/p>\n\n\n\n<!--more-->\n\n\n\n<p>L\u2019AMT a estim\u00e9 que ce verdict est <em>\u00abinjuste, bas\u00e9 sur une s\u00e9rie de proc\u00e9dures infond\u00e9es et de faits fabriqu\u00e9s de toutes pi\u00e8ces\u00bb<\/em>, selon un communiqu\u00e9 qu\u2019elle a publi\u00e9 aujourd\u2019hui sur sa page <a href=\"https:\/\/www.facebook.com\/AmtTunisie\" target=\"_blank\" rel=\"noreferrer noopener\">Facebook<\/a>. L\u2019association a ajout\u00e9 que <em>\u00abce verdict constitue un dangereux pr\u00e9c\u00e9dent dans l\u2019histoire du pays, car jamais auparavant des juges n\u2019avaient \u00e9t\u00e9 poursuivis pour leurs activit\u00e9s syndicales et associatives. Il repr\u00e9sente \u00e9galement une r\u00e9gression flagrante du droit des juges \u00e0 se r\u00e9unir, \u00e0 s\u2019exprimer et \u00e0 d\u00e9fendre leur ind\u00e9pendance.\u00bb<\/em><\/p>\n\n\n\n<p>L\u2019AMT a indiqu\u00e9 que son pr\u00e9sident exercera tous les recours l\u00e9gaux contre le verdict prononc\u00e9 \u00e0 son encontre, appelant les magistrats \u00e0 respecter leur serment professionnel de prot\u00e9ger les droits et libert\u00e9s et de statuer avec justice et \u00e9quit\u00e9 dans toutes les affaires qui leur sont soumises.<\/p>\n\n\n\n<p>Le bureau ex\u00e9cutif de l\u2019AMT a annonc\u00e9 la tenue d\u2019une conf\u00e9rence de presse le vendredi 10 avril afin d\u2019informer le public des derniers d\u00e9veloppements concernant la condamnation de son pr\u00e9sident.<\/p>\n\n\n\n<p class=\"has-text-align-right\"><strong>I. B.<\/strong><\/p>\n\n\n\n<p class=\"has-text-align-right\"> <\/p>\n","protected":false},"excerpt":{"rendered":"<p>Selon l&rsquo;AMT, le verdict rendu contre son pr\u00e9sident Anas Hmadi est \u00abinjuste et bas\u00e9 sur une s\u00e9rie de proc\u00e9dures infond\u00e9es\u00bb. <\/p>\n","protected":false},"author":8,"featured_media":14044230,"comment_status":"open","ping_status":"open","sticky":false,"template":"","format":"standard","meta":{"footnotes":""},"categories":[997,2433],"tags":[71,100883,4650,62643],"class_list":["post-18595278","post","type-post","status-publish","format-standard","has-post-thumbnail","hentry","category-politique","category-tunisie","tag-amt","tag-anas-hmadi","tag-magistrats","tag-tunisie"],"yoast_head":"<!-- This site is optimized with the Yoast SEO plugin v26.6 - https:\/\/yoast.com\/wordpress\/plugins\/seo\/ -->\n<title>AMT\u00a0| \u00abLe verdict contre Anas Hmadi est un dangereux pr\u00e9c\u00e9dent\u00bb - Kapitalis<\/title>\n<meta name=\"description\" content=\"Selon l&#039;AMT, le verdict rendu contre son pr\u00e9sident Anas Hmadi est \u00abinjuste et bas\u00e9 sur une s\u00e9rie de proc\u00e9dures infond\u00e9es\u00bb.\" \/>\n<meta name=\"robots\" content=\"index, follow, max-snippet:-1, max-image-preview:large, max-video-preview:-1\" \/>\n<link rel=\"canonical\" href=\"https:\/\/kapitalis.com\/tunisie\/2026\/04\/07\/amt-le-verdict-contre-anas-hmadi-est-un-dangereux-precedent\/\" \/>\n<meta property=\"og:locale\" content=\"fr_FR\" \/>\n<meta property=\"og:type\" content=\"article\" \/>\n<meta property=\"og:title\" content=\"AMT\u00a0| \u00abLe verdict contre Anas Hmadi est un dangereux pr\u00e9c\u00e9dent\u00bb - Kapitalis\" \/>\n<meta property=\"og:description\" content=\"Selon l&#039;AMT, le verdict rendu contre son pr\u00e9sident Anas Hmadi est \u00abinjuste et bas\u00e9 sur une s\u00e9rie de proc\u00e9dures infond\u00e9es\u00bb.\" \/>\n<meta property=\"og:url\" content=\"https:\/\/kapitalis.com\/tunisie\/2026\/04\/07\/amt-le-verdict-contre-anas-hmadi-est-un-dangereux-precedent\/\" \/>\n<meta property=\"og:site_name\" content=\"Kapitalis\" \/>\n<meta property=\"article:publisher\" content=\"https:\/\/www.facebook.com\/KapitalisInfo\/\" \/>\n<meta property=\"article:published_time\" content=\"2026-04-07T12:32:48+00:00\" \/>\n<meta property=\"article:modified_time\" content=\"2026-04-07T12:32:50+00:00\" \/>\n<meta property=\"og:image\" content=\"https:\/\/kapitalis.com\/tunisie\/wp-content\/uploads\/2024\/09\/AMT-Magistrats.jpg\" \/>\n\t<meta property=\"og:image:width\" content=\"1200\" \/>\n\t<meta property=\"og:image:height\" content=\"630\" \/>\n\t<meta property=\"og:image:type\" content=\"image\/jpeg\" \/>\n<meta name=\"author\" content=\"webmaster kapitalis\" \/>\n<meta name=\"twitter:card\" content=\"summary_large_image\" \/>\n<meta name=\"twitter:creator\" content=\"@KapitalisInfo\" \/>\n<meta name=\"twitter:site\" content=\"@KapitalisInfo\" \/>\n<meta name=\"twitter:label1\" content=\"\u00c9crit par\" \/>\n\t<meta name=\"twitter:data1\" content=\"webmaster kapitalis\" \/>\n\t<meta name=\"twitter:label2\" content=\"Dur\u00e9e de lecture estim\u00e9e\" \/>\n\t<meta name=\"twitter:data2\" content=\"2 minutes\" \/>\n<script type=\"application\/ld+json\" class=\"yoast-schema-graph\">{\"@context\":\"https:\/\/schema.org\",\"@graph\":[{\"@type\":\"Article\",\"@id\":\"https:\/\/kapitalis.com\/tunisie\/2026\/04\/07\/amt-le-verdict-contre-anas-hmadi-est-un-dangereux-precedent\/#article\",\"isPartOf\":{\"@id\":\"https:\/\/kapitalis.com\/tunisie\/2026\/04\/07\/amt-le-verdict-contre-anas-hmadi-est-un-dangereux-precedent\/\"},\"author\":{\"name\":\"webmaster kapitalis\",\"@id\":\"https:\/\/kapitalis.com\/tunisie\/#\/schema\/person\/d71f33a9ca44f7bad4698210b480c8e9\"},\"headline\":\"AMT\u00a0| \u00abLe verdict contre Anas Hmadi est un dangereux pr\u00e9c\u00e9dent\u00bb\",\"datePublished\":\"2026-04-07T12:32:48+00:00\",\"dateModified\":\"2026-04-07T12:32:50+00:00\",\"mainEntityOfPage\":{\"@id\":\"https:\/\/kapitalis.com\/tunisie\/2026\/04\/07\/amt-le-verdict-contre-anas-hmadi-est-un-dangereux-precedent\/\"},\"wordCount\":249,\"commentCount\":0,\"publisher\":{\"@id\":\"https:\/\/kapitalis.com\/tunisie\/#organization\"},\"image\":{\"@id\":\"https:\/\/kapitalis.com\/tunisie\/2026\/04\/07\/amt-le-verdict-contre-anas-hmadi-est-un-dangereux-precedent\/#primaryimage\"},\"thumbnailUrl\":\"https:\/\/kapitalis.com\/tunisie\/wp-content\/uploads\/2024\/09\/AMT-Magistrats.jpg\",\"keywords\":[\"AMT\",\"Anas Hmadi\",\"magistrats\",\"Tunisie\"],\"articleSection\":[\"POLITIQUE\",\"Tunisie\"],\"inLanguage\":\"fr-FR\",\"potentialAction\":[{\"@type\":\"CommentAction\",\"name\":\"Comment\",\"target\":[\"https:\/\/kapitalis.com\/tunisie\/2026\/04\/07\/amt-le-verdict-contre-anas-hmadi-est-un-dangereux-precedent\/#respond\"]}]},{\"@type\":\"WebPage\",\"@id\":\"https:\/\/kapitalis.com\/tunisie\/2026\/04\/07\/amt-le-verdict-contre-anas-hmadi-est-un-dangereux-precedent\/\",\"url\":\"https:\/\/kapitalis.com\/tunisie\/2026\/04\/07\/amt-le-verdict-contre-anas-hmadi-est-un-dangereux-precedent\/\",\"name\":\"AMT\u00a0| \u00abLe verdict contre Anas Hmadi est un dangereux pr\u00e9c\u00e9dent\u00bb - Kapitalis\",\"isPartOf\":{\"@id\":\"https:\/\/kapitalis.com\/tunisie\/#website\"},\"primaryImageOfPage\":{\"@id\":\"https:\/\/kapitalis.com\/tunisie\/2026\/04\/07\/amt-le-verdict-contre-anas-hmadi-est-un-dangereux-precedent\/#primaryimage\"},\"image\":{\"@id\":\"https:\/\/kapitalis.com\/tunisie\/2026\/04\/07\/amt-le-verdict-contre-anas-hmadi-est-un-dangereux-precedent\/#primaryimage\"},\"thumbnailUrl\":\"https:\/\/kapitalis.com\/tunisie\/wp-content\/uploads\/2024\/09\/AMT-Magistrats.jpg\",\"datePublished\":\"2026-04-07T12:32:48+00:00\",\"dateModified\":\"2026-04-07T12:32:50+00:00\",\"description\":\"Selon l'AMT, le verdict rendu contre son pr\u00e9sident Anas Hmadi est \u00abinjuste et bas\u00e9 sur une s\u00e9rie de proc\u00e9dures infond\u00e9es\u00bb.\",\"breadcrumb\":{\"@id\":\"https:\/\/kapitalis.com\/tunisie\/2026\/04\/07\/amt-le-verdict-contre-anas-hmadi-est-un-dangereux-precedent\/#breadcrumb\"},\"inLanguage\":\"fr-FR\",\"potentialAction\":[{\"@type\":\"ReadAction\",\"target\":[\"https:\/\/kapitalis.com\/tunisie\/2026\/04\/07\/amt-le-verdict-contre-anas-hmadi-est-un-dangereux-precedent\/\"]}]},{\"@type\":\"ImageObject\",\"inLanguage\":\"fr-FR\",\"@id\":\"https:\/\/kapitalis.com\/tunisie\/2026\/04\/07\/amt-le-verdict-contre-anas-hmadi-est-un-dangereux-precedent\/#primaryimage\",\"url\":\"https:\/\/kapitalis.com\/tunisie\/wp-content\/uploads\/2024\/09\/AMT-Magistrats.jpg\",\"contentUrl\":\"https:\/\/kapitalis.com\/tunisie\/wp-content\/uploads\/2024\/09\/AMT-Magistrats.jpg\",\"width\":1200,\"height\":630},{\"@type\":\"BreadcrumbList\",\"@id\":\"https:\/\/kapitalis.com\/tunisie\/2026\/04\/07\/amt-le-verdict-contre-anas-hmadi-est-un-dangereux-precedent\/#breadcrumb\",\"itemListElement\":[{\"@type\":\"ListItem\",\"position\":1,\"name\":\"Accueil\",\"item\":\"https:\/\/kapitalis.com\/tunisie\/\"},{\"@type\":\"ListItem\",\"position\":2,\"name\":\"AMT\u00a0| \u00abLe verdict contre Anas Hmadi est un dangereux pr\u00e9c\u00e9dent\u00bb\"}]},{\"@type\":\"WebSite\",\"@id\":\"https:\/\/kapitalis.com\/tunisie\/#website\",\"url\":\"https:\/\/kapitalis.com\/tunisie\/\",\"name\":\"Kapitalis\",\"description\":\"L&#039;actualit\u00e9 en Tunisie et dans le monde\",\"publisher\":{\"@id\":\"https:\/\/kapitalis.com\/tunisie\/#organization\"},\"potentialAction\":[{\"@type\":\"SearchAction\",\"target\":{\"@type\":\"EntryPoint\",\"urlTemplate\":\"https:\/\/kapitalis.com\/tunisie\/?s={search_term_string}\"},\"query-input\":{\"@type\":\"PropertyValueSpecification\",\"valueRequired\":true,\"valueName\":\"search_term_string\"}}],\"inLanguage\":\"fr-FR\"},{\"@type\":\"Organization\",\"@id\":\"https:\/\/kapitalis.com\/tunisie\/#organization\",\"name\":\"Kapitalis\",\"url\":\"https:\/\/kapitalis.com\/tunisie\/\",\"logo\":{\"@type\":\"ImageObject\",\"inLanguage\":\"fr-FR\",\"@id\":\"https:\/\/kapitalis.com\/tunisie\/#\/schema\/logo\/image\/\",\"url\":\"https:\/\/kapitalis.com\/tunisie\/wp-content\/uploads\/2022\/05\/Kapitalis-big-size.png\",\"contentUrl\":\"https:\/\/kapitalis.com\/tunisie\/wp-content\/uploads\/2022\/05\/Kapitalis-big-size.png\",\"width\":5000,\"height\":1500,\"caption\":\"Kapitalis\"},\"image\":{\"@id\":\"https:\/\/kapitalis.com\/tunisie\/#\/schema\/logo\/image\/\"},\"sameAs\":[\"https:\/\/www.facebook.com\/KapitalisInfo\/\",\"https:\/\/x.com\/KapitalisInfo\",\"https:\/\/www.youtube.com\/channel\/UC-yDYrHyfFBWWZaOw3FPg9Q\"]},{\"@type\":\"Person\",\"@id\":\"https:\/\/kapitalis.com\/tunisie\/#\/schema\/person\/d71f33a9ca44f7bad4698210b480c8e9\",\"name\":\"webmaster kapitalis\",\"url\":\"https:\/\/kapitalis.com\/tunisie\/author\/webmaster-kapitalis\/\"}]}<\/script>\n<!-- \/ Yoast SEO plugin. -->","yoast_head_json":{"title":"AMT\u00a0| \u00abLe verdict contre Anas Hmadi est un dangereux pr\u00e9c\u00e9dent\u00bb - Kapitalis","description":"Selon l'AMT, le verdict rendu contre son pr\u00e9sident Anas Hmadi est \u00abinjuste et bas\u00e9 sur une s\u00e9rie de proc\u00e9dures infond\u00e9es\u00bb.","robots":{"index":"index","follow":"follow","max-snippet":"max-snippet:-1","max-image-preview":"max-image-preview:large","max-video-preview":"max-video-preview:-1"},"canonical":"https:\/\/kapitalis.com\/tunisie\/2026\/04\/07\/amt-le-verdict-contre-anas-hmadi-est-un-dangereux-precedent\/","og_locale":"fr_FR","og_type":"article","og_title":"AMT\u00a0| \u00abLe verdict contre Anas Hmadi est un dangereux pr\u00e9c\u00e9dent\u00bb - Kapitalis","og_description":"Selon l'AMT, le verdict rendu contre son pr\u00e9sident Anas Hmadi est \u00abinjuste et bas\u00e9 sur une s\u00e9rie de proc\u00e9dures infond\u00e9es\u00bb.","og_url":"https:\/\/kapitalis.com\/tunisie\/2026\/04\/07\/amt-le-verdict-contre-anas-hmadi-est-un-dangereux-precedent\/","og_site_name":"Kapitalis","article_publisher":"https:\/\/www.facebook.com\/KapitalisInfo\/","article_published_time":"2026-04-07T12:32:48+00:00","article_modified_time":"2026-04-07T12:32:50+00:00","og_image":[{"width":1200,"height":630,"url":"https:\/\/kapitalis.com\/tunisie\/wp-content\/uploads\/2024\/09\/AMT-Magistrats.jpg","type":"image\/jpeg"}],"author":"webmaster kapitalis","twitter_card":"summary_large_image","twitter_creator":"@KapitalisInfo","twitter_site":"@KapitalisInfo","twitter_misc":{"\u00c9crit par":"webmaster kapitalis","Dur\u00e9e de lecture estim\u00e9e":"2 minutes"},"schema":{"@context":"https:\/\/schema.org","@graph":[{"@type":"Article","@id":"https:\/\/kapitalis.com\/tunisie\/2026\/04\/07\/amt-le-verdict-contre-anas-hmadi-est-un-dangereux-precedent\/#article","isPartOf":{"@id":"https:\/\/kapitalis.com\/tunisie\/2026\/04\/07\/amt-le-verdict-contre-anas-hmadi-est-un-dangereux-precedent\/"},"author":{"name":"webmaster kapitalis","@id":"https:\/\/kapitalis.com\/tunisie\/#\/schema\/person\/d71f33a9ca44f7bad4698210b480c8e9"},"headline":"AMT\u00a0| \u00abLe verdict contre Anas Hmadi est un dangereux pr\u00e9c\u00e9dent\u00bb","datePublished":"2026-04-07T12:32:48+00:00","dateModified":"2026-04-07T12:32:50+00:00","mainEntityOfPage":{"@id":"https:\/\/kapitalis.com\/tunisie\/2026\/04\/07\/amt-le-verdict-contre-anas-hmadi-est-un-dangereux-precedent\/"},"wordCount":249,"commentCount":0,"publisher":{"@id":"https:\/\/kapitalis.com\/tunisie\/#organization"},"image":{"@id":"https:\/\/kapitalis.com\/tunisie\/2026\/04\/07\/amt-le-verdict-contre-anas-hmadi-est-un-dangereux-precedent\/#primaryimage"},"thumbnailUrl":"https:\/\/kapitalis.com\/tunisie\/wp-content\/uploads\/2024\/09\/AMT-Magistrats.jpg","keywords":["AMT","Anas Hmadi","magistrats","Tunisie"],"articleSection":["POLITIQUE","Tunisie"],"inLanguage":"fr-FR","potentialAction":[{"@type":"CommentAction","name":"Comment","target":["https:\/\/kapitalis.com\/tunisie\/2026\/04\/07\/amt-le-verdict-contre-anas-hmadi-est-un-dangereux-precedent\/#respond"]}]},{"@type":"WebPage","@id":"https:\/\/kapitalis.com\/tunisie\/2026\/04\/07\/amt-le-verdict-contre-anas-hmadi-est-un-dangereux-precedent\/","url":"https:\/\/kapitalis.com\/tunisie\/2026\/04\/07\/amt-le-verdict-contre-anas-hmadi-est-un-dangereux-precedent\/","name":"AMT\u00a0| \u00abLe verdict contre Anas Hmadi est un dangereux pr\u00e9c\u00e9dent\u00bb - Kapitalis","isPartOf":{"@id":"https:\/\/kapitalis.com\/tunisie\/#website"},"primaryImageOfPage":{"@id":"https:\/\/kapitalis.com\/tunisie\/2026\/04\/07\/amt-le-verdict-contre-anas-hmadi-est-un-dangereux-precedent\/#primaryimage"},"image":{"@id":"https:\/\/kapitalis.com\/tunisie\/2026\/04\/07\/amt-le-verdict-contre-anas-hmadi-est-un-dangereux-precedent\/#primaryimage"},"thumbnailUrl":"https:\/\/kapitalis.com\/tunisie\/wp-content\/uploads\/2024\/09\/AMT-Magistrats.jpg","datePublished":"2026-04-07T12:32:48+00:00","dateModified":"2026-04-07T12:32:50+00:00","description":"Selon l'AMT, le verdict rendu contre son pr\u00e9sident Anas Hmadi est \u00abinjuste et bas\u00e9 sur une s\u00e9rie de proc\u00e9dures infond\u00e9es\u00bb.","breadcrumb":{"@id":"https:\/\/kapitalis.com\/tunisie\/2026\/04\/07\/amt-le-verdict-contre-anas-hmadi-est-un-dangereux-precedent\/#breadcrumb"},"inLanguage":"fr-FR","potentialAction":[{"@type":"ReadAction","target":["https:\/\/kapitalis.com\/tunisie\/2026\/04\/07\/amt-le-verdict-contre-anas-hmadi-est-un-dangereux-precedent\/"]}]},{"@type":"ImageObject","inLanguage":"fr-FR","@id":"https:\/\/kapitalis.com\/tunisie\/2026\/04\/07\/amt-le-verdict-contre-anas-hmadi-est-un-dangereux-precedent\/#primaryimage","url":"https:\/\/kapitalis.com\/tunisie\/wp-content\/uploads\/2024\/09\/AMT-Magistrats.jpg","contentUrl":"https:\/\/kapitalis.com\/tunisie\/wp-content\/uploads\/2024\/09\/AMT-Magistrats.jpg","width":1200,"height":630},{"@type":"BreadcrumbList","@id":"https:\/\/kapitalis.com\/tunisie\/2026\/04\/07\/amt-le-verdict-contre-anas-hmadi-est-un-dangereux-precedent\/#breadcrumb","itemListElement":[{"@type":"ListItem","position":1,"name":"Accueil","item":"https:\/\/kapitalis.com\/tunisie\/"},{"@type":"ListItem","position":2,"name":"AMT\u00a0| \u00abLe verdict contre Anas Hmadi est un dangereux pr\u00e9c\u00e9dent\u00bb"}]},{"@type":"WebSite","@id":"https:\/\/kapitalis.com\/tunisie\/#website","url":"https:\/\/kapitalis.com\/tunisie\/","name":"Kapitalis","description":"L&#039;actualit\u00e9 en Tunisie et dans le monde","publisher":{"@id":"https:\/\/kapitalis.com\/tunisie\/#organization"},"potentialAction":[{"@type":"SearchAction","target":{"@type":"EntryPoint","urlTemplate":"https:\/\/kapitalis.com\/tunisie\/?s={search_term_string}"},"query-input":{"@type":"PropertyValueSpecification","valueRequired":true,"valueName":"search_term_string"}}],"inLanguage":"fr-FR"},{"@type":"Organization","@id":"https:\/\/kapitalis.com\/tunisie\/#organization","name":"Kapitalis","url":"https:\/\/kapitalis.com\/tunisie\/","logo":{"@type":"ImageObject","inLanguage":"fr-FR","@id":"https:\/\/kapitalis.com\/tunisie\/#\/schema\/logo\/image\/","url":"https:\/\/kapitalis.com\/tunisie\/wp-content\/uploads\/2022\/05\/Kapitalis-big-size.png","contentUrl":"https:\/\/kapitalis.com\/tunisie\/wp-content\/uploads\/2022\/05\/Kapitalis-big-size.png","width":5000,"height":1500,"caption":"Kapitalis"},"image":{"@id":"https:\/\/kapitalis.com\/tunisie\/#\/schema\/logo\/image\/"},"sameAs":["https:\/\/www.facebook.com\/KapitalisInfo\/","https:\/\/x.com\/KapitalisInfo","https:\/\/www.youtube.com\/channel\/UC-yDYrHyfFBWWZaOw3FPg9Q"]},{"@type":"Person","@id":"https:\/\/kapitalis.com\/tunisie\/#\/schema\/person\/d71f33a9ca44f7bad4698210b480c8e9","name":"webmaster kapitalis","url":"https:\/\/kapitalis.com\/tunisie\/author\/webmaster-kapitalis\/"}]}},"_links":{"self":[{"href":"https:\/\/kapitalis.com\/tunisie\/wp-json\/wp\/v2\/posts\/18595278","targetHints":{"allow":["GET"]}}],"collection":[{"href":"https:\/\/kapitalis.com\/tunisie\/wp-json\/wp\/v2\/posts"}],"about":[{"href":"https:\/\/kapitalis.com\/tunisie\/wp-json\/wp\/v2\/types\/post"}],"author":[{"embeddable":true,"href":"https:\/\/kapitalis.com\/tunisie\/wp-json\/wp\/v2\/users\/8"}],"replies":[{"embeddable":true,"href":"https:\/\/kapitalis.com\/tunisie\/wp-json\/wp\/v2\/comments?post=18595278"}],"version-history":[{"count":1,"href":"https:\/\/kapitalis.com\/tunisie\/wp-json\/wp\/v2\/posts\/18595278\/revisions"}],"predecessor-version":[{"id":18595315,"href":"https:\/\/kapitalis.com\/tunisie\/wp-json\/wp\/v2\/posts\/18595278\/revisions\/18595315"}],"wp:featuredmedia":[{"embeddable":true,"href":"https:\/\/kapitalis.com\/tunisie\/wp-json\/wp\/v2\/media\/14044230"}],"wp:attachment":[{"href":"https:\/\/kapitalis.com\/tunisie\/wp-json\/wp\/v2\/media?parent=18595278"}],"wp:term":[{"taxonomy":"category","embeddable":true,"href":"https:\/\/kapitalis.com\/tunisie\/wp-json\/wp\/v2\/categories?post=18595278"},{"taxonomy":"post_tag","embeddable":true,"href":"https:\/\/kapitalis.com\/tunisie\/wp-json\/wp\/v2\/tags?post=18595278"}],"curies":[{"name":"wp","href":"https:\/\/api.w.org\/{rel}","templated":true}]}}