{"id":186157,"date":"2018-11-28T13:05:08","date_gmt":"2018-11-28T12:05:08","guid":{"rendered":"http:\/\/kapitalis.com\/tunisie\/?p=186157"},"modified":"2018-11-28T13:05:08","modified_gmt":"2018-11-28T12:05:08","slug":"un-nourrisson-brule-aux-bras-dans-une-creche-a-bizerte","status":"publish","type":"post","link":"https:\/\/kapitalis.com\/tunisie\/2018\/11\/28\/un-nourrisson-brule-aux-bras-dans-une-creche-a-bizerte\/","title":{"rendered":"Un nourrisson br\u00fbl\u00e9 aux bras dans une cr\u00e8che \u00e0 Bizerte"},"content":{"rendered":"<p style=\"text-align: center;\"><img loading=\"lazy\" decoding=\"async\" class=\"alignnone size-full wp-image-186162\" src=\"http:\/\/kapitalis.com\/tunisie\/wp-content\/uploads\/2018\/11\/Nabeul-b\u00e9b\u00e9-br\u00fbl\u00e9-creche-ferm\u00e9e.jpg\" alt=\"\" width=\"626\" height=\"380\" \/><\/p>\n<p><em><strong>Une cr\u00e8che situ\u00e9e \u00e0 la cit\u00e9 Ennakhla \u00e0 Bizerte a \u00e9t\u00e9 ferm\u00e9e par les autorit\u00e9s aujourd\u2019hui, mercredi 28 novembre 2018. Cette d\u00e9cision survient quelques jours apr\u00e8s un incident majeur\u00a0: un b\u00e9b\u00e9 de quelques mois a \u00e9t\u00e9 br\u00fbl\u00e9 aux bras.<\/strong><\/em><!--more--><\/p>\n<p>Dans un communiqu\u00e9, le minist\u00e8re de la Femme, de la Famille, de l&rsquo;Enfance et des Personnes \u00e2g\u00e9es a pr\u00e9cis\u00e9 que l\u2019enqu\u00eate men\u00e9e par la d\u00e9l\u00e9gation r\u00e9gionale de la protection de l\u2019Enfance confirme la responsabilit\u00e9 des \u00e9ducateurs dans cet accident.<\/p>\n<p>\u00ab<em>De graves br\u00fblures au niveau des membres sup\u00e9rieurs du b\u00e9b\u00e9 ont \u00e9t\u00e9 constat\u00e9es par les m\u00e9decins charg\u00e9s par la protection de l\u2019enfance<\/em>\u00bb, ajoute le communiqu\u00e9.<\/p>\n<p>A la r\u00e9ception du rapport complet, ce matin, la ministre Naziha Laabidi a ordonn\u00e9 la fermeture imm\u00e9diate de cette institution pour n\u00e9gligences av\u00e9r\u00e9es.<\/p>\n<p>Mme Laabidi a pr\u00e9cis\u00e9 que son d\u00e9partement intensifie ses efforts pour lutter contre les espaces qui ne garantissent pas l&rsquo;int\u00e9grit\u00e9 physique et psychologique des enfants.<\/p>\n<p style=\"text-align: right;\"><strong>Y. N.<\/strong><\/p>\n<blockquote class=\"wp-embedded-content\" data-secret=\"Hl4Y6TPnZo\"><p><a href=\"https:\/\/kapitalis.com\/tunisie\/2017\/07\/10\/tunis-enquete-sur-lagression-dun-enfant-dans-une-maternelle\/\">Tunisie : Enqu\u00eate sur l\u2019agression d\u2019un enfant dans une maternelle<\/a><\/p><\/blockquote>\n<p><iframe loading=\"lazy\" class=\"wp-embedded-content\" sandbox=\"allow-scripts\" security=\"restricted\" style=\"position: absolute; clip: rect(1px, 1px, 1px, 1px);\" title=\"\u00ab\u00a0Tunisie : Enqu\u00eate sur l\u2019agression d\u2019un enfant dans une maternelle\u00a0\u00bb &#8212; Kapitalis\" src=\"https:\/\/kapitalis.com\/tunisie\/2017\/07\/10\/tunis-enquete-sur-lagression-dun-enfant-dans-une-maternelle\/embed\/#?secret=LW0tQ7X2ww#?secret=Hl4Y6TPnZo\" data-secret=\"Hl4Y6TPnZo\" width=\"600\" height=\"338\" frameborder=\"0\" marginwidth=\"0\" marginheight=\"0\" scrolling=\"no\"><\/iframe><\/p>\n<blockquote class=\"wp-embedded-content\" data-secret=\"SxHP3sH2Xe\"><p><a href=\"https:\/\/kapitalis.com\/tunisie\/2018\/08\/30\/rentree-scolaire-2018-liste-des-jardins-denfants-et-creches-autorises\/\">Rentr\u00e9e scolaire 2018 : Liste des jardins d&rsquo;enfants et cr\u00e8ches autoris\u00e9s<\/a><\/p><\/blockquote>\n<p><iframe loading=\"lazy\" class=\"wp-embedded-content\" sandbox=\"allow-scripts\" security=\"restricted\" style=\"position: absolute; clip: rect(1px, 1px, 1px, 1px);\" title=\"\u00ab\u00a0Rentr\u00e9e scolaire 2018 : Liste des jardins d&rsquo;enfants et cr\u00e8ches autoris\u00e9s\u00a0\u00bb &#8212; Kapitalis\" src=\"https:\/\/kapitalis.com\/tunisie\/2018\/08\/30\/rentree-scolaire-2018-liste-des-jardins-denfants-et-creches-autorises\/embed\/#?secret=1YYsSLKrg8#?secret=SxHP3sH2Xe\" data-secret=\"SxHP3sH2Xe\" width=\"600\" height=\"338\" frameborder=\"0\" marginwidth=\"0\" marginheight=\"0\" scrolling=\"no\"><\/iframe><\/p>\n","protected":false},"excerpt":{"rendered":"<p>Une cr\u00e8che situ\u00e9e \u00e0 la cit\u00e9 Ennakhla \u00e0 Bizerte a \u00e9t\u00e9 ferm\u00e9e par les autorit\u00e9s aujourd\u2019hui, mercredi 28 novembre 2018. Cette d\u00e9cision survient quelques jours apr\u00e8s un incident majeur\u00a0: un b\u00e9b\u00e9 de quelques mois a \u00e9t\u00e9 br\u00fbl\u00e9 aux bras.<\/p>\n","protected":false},"author":6,"featured_media":186162,"comment_status":"open","ping_status":"open","sticky":false,"template":"","format":"standard","meta":{"footnotes":""},"categories":[998,2433],"tags":[3954,148,1778,2874,25091,3467,3272],"class_list":["post-186157","post","type-post","status-publish","format-standard","has-post-thumbnail","hentry","category-societe","category-tunisie","tag-bebe","tag-bizerte","tag-brulures","tag-ministere-de-la-femme","tag-naziha-laabidi","tag-nourrisson","tag-protection-enfance"],"yoast_head":"<!-- This site is optimized with the Yoast SEO plugin v26.6 - https:\/\/yoast.com\/wordpress\/plugins\/seo\/ -->\n<title>Un nourrisson br\u00fbl\u00e9 aux bras dans une cr\u00e8che \u00e0 Bizerte - Kapitalis<\/title>\n<meta name=\"robots\" content=\"index, follow, max-snippet:-1, max-image-preview:large, max-video-preview:-1\" \/>\n<link rel=\"canonical\" href=\"https:\/\/kapitalis.com\/tunisie\/2018\/11\/28\/un-nourrisson-brule-aux-bras-dans-une-creche-a-bizerte\/\" \/>\n<meta property=\"og:locale\" content=\"fr_FR\" \/>\n<meta property=\"og:type\" content=\"article\" \/>\n<meta property=\"og:title\" content=\"Un nourrisson br\u00fbl\u00e9 aux bras dans une cr\u00e8che \u00e0 Bizerte - Kapitalis\" \/>\n<meta property=\"og:description\" content=\"Une cr\u00e8che situ\u00e9e \u00e0 la cit\u00e9 Ennakhla \u00e0 Bizerte a \u00e9t\u00e9 ferm\u00e9e par les autorit\u00e9s aujourd\u2019hui, mercredi 28 novembre 2018. Cette d\u00e9cision survient quelques jours apr\u00e8s un incident majeur\u00a0: un b\u00e9b\u00e9 de quelques mois a \u00e9t\u00e9 br\u00fbl\u00e9 aux bras.\" \/>\n<meta property=\"og:url\" content=\"https:\/\/kapitalis.com\/tunisie\/2018\/11\/28\/un-nourrisson-brule-aux-bras-dans-une-creche-a-bizerte\/\" \/>\n<meta property=\"og:site_name\" content=\"Kapitalis\" \/>\n<meta property=\"article:publisher\" content=\"https:\/\/www.facebook.com\/KapitalisInfo\/\" \/>\n<meta property=\"article:published_time\" content=\"2018-11-28T12:05:08+00:00\" \/>\n<meta property=\"og:image\" content=\"https:\/\/kapitalis.com\/tunisie\/wp-content\/uploads\/2022\/05\/kapitalis-logo-fb.png\" \/>\n\t<meta property=\"og:image:width\" content=\"1200\" \/>\n\t<meta property=\"og:image:height\" content=\"630\" \/>\n\t<meta property=\"og:image:type\" content=\"image\/png\" \/>\n<meta name=\"author\" content=\"Yusra NY\" \/>\n<meta name=\"twitter:card\" content=\"summary_large_image\" \/>\n<meta name=\"twitter:creator\" content=\"@KapitalisInfo\" \/>\n<meta name=\"twitter:site\" content=\"@KapitalisInfo\" \/>\n<meta name=\"twitter:label1\" content=\"\u00c9crit par\" \/>\n\t<meta name=\"twitter:data1\" content=\"Yusra NY\" \/>\n\t<meta name=\"twitter:label2\" content=\"Dur\u00e9e de lecture estim\u00e9e\" \/>\n\t<meta name=\"twitter:data2\" content=\"1 minute\" \/>\n<script type=\"application\/ld+json\" class=\"yoast-schema-graph\">{\"@context\":\"https:\/\/schema.org\",\"@graph\":[{\"@type\":\"Article\",\"@id\":\"https:\/\/kapitalis.com\/tunisie\/2018\/11\/28\/un-nourrisson-brule-aux-bras-dans-une-creche-a-bizerte\/#article\",\"isPartOf\":{\"@id\":\"https:\/\/kapitalis.com\/tunisie\/2018\/11\/28\/un-nourrisson-brule-aux-bras-dans-une-creche-a-bizerte\/\"},\"author\":{\"name\":\"Yusra NY\",\"@id\":\"https:\/\/kapitalis.com\/tunisie\/#\/schema\/person\/74bbde0154d49d790a92aaeac5bc01d5\"},\"headline\":\"Un nourrisson br\u00fbl\u00e9 aux bras dans une cr\u00e8che \u00e0 Bizerte\",\"datePublished\":\"2018-11-28T12:05:08+00:00\",\"mainEntityOfPage\":{\"@id\":\"https:\/\/kapitalis.com\/tunisie\/2018\/11\/28\/un-nourrisson-brule-aux-bras-dans-une-creche-a-bizerte\/\"},\"wordCount\":205,\"commentCount\":0,\"publisher\":{\"@id\":\"https:\/\/kapitalis.com\/tunisie\/#organization\"},\"image\":{\"@id\":\"https:\/\/kapitalis.com\/tunisie\/2018\/11\/28\/un-nourrisson-brule-aux-bras-dans-une-creche-a-bizerte\/#primaryimage\"},\"thumbnailUrl\":\"\",\"keywords\":[\"b\u00e9b\u00e9\",\"Bizerte\",\"br\u00fblures\",\"minist\u00e8re de la Femme\",\"Naziha La\u00e2bidi\",\"nourrisson\",\"protection enfance\"],\"articleSection\":[\"SOCIETE\",\"Tunisie\"],\"inLanguage\":\"fr-FR\",\"potentialAction\":[{\"@type\":\"CommentAction\",\"name\":\"Comment\",\"target\":[\"https:\/\/kapitalis.com\/tunisie\/2018\/11\/28\/un-nourrisson-brule-aux-bras-dans-une-creche-a-bizerte\/#respond\"]}]},{\"@type\":\"WebPage\",\"@id\":\"https:\/\/kapitalis.com\/tunisie\/2018\/11\/28\/un-nourrisson-brule-aux-bras-dans-une-creche-a-bizerte\/\",\"url\":\"https:\/\/kapitalis.com\/tunisie\/2018\/11\/28\/un-nourrisson-brule-aux-bras-dans-une-creche-a-bizerte\/\",\"name\":\"Un nourrisson br\u00fbl\u00e9 aux bras dans une cr\u00e8che \u00e0 Bizerte - Kapitalis\",\"isPartOf\":{\"@id\":\"https:\/\/kapitalis.com\/tunisie\/#website\"},\"primaryImageOfPage\":{\"@id\":\"https:\/\/kapitalis.com\/tunisie\/2018\/11\/28\/un-nourrisson-brule-aux-bras-dans-une-creche-a-bizerte\/#primaryimage\"},\"image\":{\"@id\":\"https:\/\/kapitalis.com\/tunisie\/2018\/11\/28\/un-nourrisson-brule-aux-bras-dans-une-creche-a-bizerte\/#primaryimage\"},\"thumbnailUrl\":\"\",\"datePublished\":\"2018-11-28T12:05:08+00:00\",\"breadcrumb\":{\"@id\":\"https:\/\/kapitalis.com\/tunisie\/2018\/11\/28\/un-nourrisson-brule-aux-bras-dans-une-creche-a-bizerte\/#breadcrumb\"},\"inLanguage\":\"fr-FR\",\"potentialAction\":[{\"@type\":\"ReadAction\",\"target\":[\"https:\/\/kapitalis.com\/tunisie\/2018\/11\/28\/un-nourrisson-brule-aux-bras-dans-une-creche-a-bizerte\/\"]}]},{\"@type\":\"ImageObject\",\"inLanguage\":\"fr-FR\",\"@id\":\"https:\/\/kapitalis.com\/tunisie\/2018\/11\/28\/un-nourrisson-brule-aux-bras-dans-une-creche-a-bizerte\/#primaryimage\",\"url\":\"\",\"contentUrl\":\"\"},{\"@type\":\"BreadcrumbList\",\"@id\":\"https:\/\/kapitalis.com\/tunisie\/2018\/11\/28\/un-nourrisson-brule-aux-bras-dans-une-creche-a-bizerte\/#breadcrumb\",\"itemListElement\":[{\"@type\":\"ListItem\",\"position\":1,\"name\":\"Accueil\",\"item\":\"https:\/\/kapitalis.com\/tunisie\/\"},{\"@type\":\"ListItem\",\"position\":2,\"name\":\"Un nourrisson br\u00fbl\u00e9 aux bras dans une cr\u00e8che \u00e0 Bizerte\"}]},{\"@type\":\"WebSite\",\"@id\":\"https:\/\/kapitalis.com\/tunisie\/#website\",\"url\":\"https:\/\/kapitalis.com\/tunisie\/\",\"name\":\"Kapitalis\",\"description\":\"L&#039;actualit\u00e9 en Tunisie et dans le monde\",\"publisher\":{\"@id\":\"https:\/\/kapitalis.com\/tunisie\/#organization\"},\"potentialAction\":[{\"@type\":\"SearchAction\",\"target\":{\"@type\":\"EntryPoint\",\"urlTemplate\":\"https:\/\/kapitalis.com\/tunisie\/?s={search_term_string}\"},\"query-input\":{\"@type\":\"PropertyValueSpecification\",\"valueRequired\":true,\"valueName\":\"search_term_string\"}}],\"inLanguage\":\"fr-FR\"},{\"@type\":\"Organization\",\"@id\":\"https:\/\/kapitalis.com\/tunisie\/#organization\",\"name\":\"Kapitalis\",\"url\":\"https:\/\/kapitalis.com\/tunisie\/\",\"logo\":{\"@type\":\"ImageObject\",\"inLanguage\":\"fr-FR\",\"@id\":\"https:\/\/kapitalis.com\/tunisie\/#\/schema\/logo\/image\/\",\"url\":\"https:\/\/kapitalis.com\/tunisie\/wp-content\/uploads\/2022\/05\/Kapitalis-big-size.png\",\"contentUrl\":\"https:\/\/kapitalis.com\/tunisie\/wp-content\/uploads\/2022\/05\/Kapitalis-big-size.png\",\"width\":5000,\"height\":1500,\"caption\":\"Kapitalis\"},\"image\":{\"@id\":\"https:\/\/kapitalis.com\/tunisie\/#\/schema\/logo\/image\/\"},\"sameAs\":[\"https:\/\/www.facebook.com\/KapitalisInfo\/\",\"https:\/\/x.com\/KapitalisInfo\",\"https:\/\/www.youtube.com\/channel\/UC-yDYrHyfFBWWZaOw3FPg9Q\"]},{\"@type\":\"Person\",\"@id\":\"https:\/\/kapitalis.com\/tunisie\/#\/schema\/person\/74bbde0154d49d790a92aaeac5bc01d5\",\"name\":\"Yusra NY\",\"url\":\"https:\/\/kapitalis.com\/tunisie\/author\/yuza_adam\/\"}]}<\/script>\n<!-- \/ Yoast SEO plugin. -->","yoast_head_json":{"title":"Un nourrisson br\u00fbl\u00e9 aux bras dans une cr\u00e8che \u00e0 Bizerte - Kapitalis","robots":{"index":"index","follow":"follow","max-snippet":"max-snippet:-1","max-image-preview":"max-image-preview:large","max-video-preview":"max-video-preview:-1"},"canonical":"https:\/\/kapitalis.com\/tunisie\/2018\/11\/28\/un-nourrisson-brule-aux-bras-dans-une-creche-a-bizerte\/","og_locale":"fr_FR","og_type":"article","og_title":"Un nourrisson br\u00fbl\u00e9 aux bras dans une cr\u00e8che \u00e0 Bizerte - Kapitalis","og_description":"Une cr\u00e8che situ\u00e9e \u00e0 la cit\u00e9 Ennakhla \u00e0 Bizerte a \u00e9t\u00e9 ferm\u00e9e par les autorit\u00e9s aujourd\u2019hui, mercredi 28 novembre 2018. Cette d\u00e9cision survient quelques jours apr\u00e8s un incident majeur\u00a0: un b\u00e9b\u00e9 de quelques mois a \u00e9t\u00e9 br\u00fbl\u00e9 aux bras.","og_url":"https:\/\/kapitalis.com\/tunisie\/2018\/11\/28\/un-nourrisson-brule-aux-bras-dans-une-creche-a-bizerte\/","og_site_name":"Kapitalis","article_publisher":"https:\/\/www.facebook.com\/KapitalisInfo\/","article_published_time":"2018-11-28T12:05:08+00:00","og_image":[{"width":1200,"height":630,"url":"https:\/\/kapitalis.com\/tunisie\/wp-content\/uploads\/2022\/05\/kapitalis-logo-fb.png","type":"image\/png"}],"author":"Yusra NY","twitter_card":"summary_large_image","twitter_creator":"@KapitalisInfo","twitter_site":"@KapitalisInfo","twitter_misc":{"\u00c9crit par":"Yusra NY","Dur\u00e9e de lecture estim\u00e9e":"1 minute"},"schema":{"@context":"https:\/\/schema.org","@graph":[{"@type":"Article","@id":"https:\/\/kapitalis.com\/tunisie\/2018\/11\/28\/un-nourrisson-brule-aux-bras-dans-une-creche-a-bizerte\/#article","isPartOf":{"@id":"https:\/\/kapitalis.com\/tunisie\/2018\/11\/28\/un-nourrisson-brule-aux-bras-dans-une-creche-a-bizerte\/"},"author":{"name":"Yusra NY","@id":"https:\/\/kapitalis.com\/tunisie\/#\/schema\/person\/74bbde0154d49d790a92aaeac5bc01d5"},"headline":"Un nourrisson br\u00fbl\u00e9 aux bras dans une cr\u00e8che \u00e0 Bizerte","datePublished":"2018-11-28T12:05:08+00:00","mainEntityOfPage":{"@id":"https:\/\/kapitalis.com\/tunisie\/2018\/11\/28\/un-nourrisson-brule-aux-bras-dans-une-creche-a-bizerte\/"},"wordCount":205,"commentCount":0,"publisher":{"@id":"https:\/\/kapitalis.com\/tunisie\/#organization"},"image":{"@id":"https:\/\/kapitalis.com\/tunisie\/2018\/11\/28\/un-nourrisson-brule-aux-bras-dans-une-creche-a-bizerte\/#primaryimage"},"thumbnailUrl":"","keywords":["b\u00e9b\u00e9","Bizerte","br\u00fblures","minist\u00e8re de la Femme","Naziha La\u00e2bidi","nourrisson","protection enfance"],"articleSection":["SOCIETE","Tunisie"],"inLanguage":"fr-FR","potentialAction":[{"@type":"CommentAction","name":"Comment","target":["https:\/\/kapitalis.com\/tunisie\/2018\/11\/28\/un-nourrisson-brule-aux-bras-dans-une-creche-a-bizerte\/#respond"]}]},{"@type":"WebPage","@id":"https:\/\/kapitalis.com\/tunisie\/2018\/11\/28\/un-nourrisson-brule-aux-bras-dans-une-creche-a-bizerte\/","url":"https:\/\/kapitalis.com\/tunisie\/2018\/11\/28\/un-nourrisson-brule-aux-bras-dans-une-creche-a-bizerte\/","name":"Un nourrisson br\u00fbl\u00e9 aux bras dans une cr\u00e8che \u00e0 Bizerte - Kapitalis","isPartOf":{"@id":"https:\/\/kapitalis.com\/tunisie\/#website"},"primaryImageOfPage":{"@id":"https:\/\/kapitalis.com\/tunisie\/2018\/11\/28\/un-nourrisson-brule-aux-bras-dans-une-creche-a-bizerte\/#primaryimage"},"image":{"@id":"https:\/\/kapitalis.com\/tunisie\/2018\/11\/28\/un-nourrisson-brule-aux-bras-dans-une-creche-a-bizerte\/#primaryimage"},"thumbnailUrl":"","datePublished":"2018-11-28T12:05:08+00:00","breadcrumb":{"@id":"https:\/\/kapitalis.com\/tunisie\/2018\/11\/28\/un-nourrisson-brule-aux-bras-dans-une-creche-a-bizerte\/#breadcrumb"},"inLanguage":"fr-FR","potentialAction":[{"@type":"ReadAction","target":["https:\/\/kapitalis.com\/tunisie\/2018\/11\/28\/un-nourrisson-brule-aux-bras-dans-une-creche-a-bizerte\/"]}]},{"@type":"ImageObject","inLanguage":"fr-FR","@id":"https:\/\/kapitalis.com\/tunisie\/2018\/11\/28\/un-nourrisson-brule-aux-bras-dans-une-creche-a-bizerte\/#primaryimage","url":"","contentUrl":""},{"@type":"BreadcrumbList","@id":"https:\/\/kapitalis.com\/tunisie\/2018\/11\/28\/un-nourrisson-brule-aux-bras-dans-une-creche-a-bizerte\/#breadcrumb","itemListElement":[{"@type":"ListItem","position":1,"name":"Accueil","item":"https:\/\/kapitalis.com\/tunisie\/"},{"@type":"ListItem","position":2,"name":"Un nourrisson br\u00fbl\u00e9 aux bras dans une cr\u00e8che \u00e0 Bizerte"}]},{"@type":"WebSite","@id":"https:\/\/kapitalis.com\/tunisie\/#website","url":"https:\/\/kapitalis.com\/tunisie\/","name":"Kapitalis","description":"L&#039;actualit\u00e9 en Tunisie et dans le monde","publisher":{"@id":"https:\/\/kapitalis.com\/tunisie\/#organization"},"potentialAction":[{"@type":"SearchAction","target":{"@type":"EntryPoint","urlTemplate":"https:\/\/kapitalis.com\/tunisie\/?s={search_term_string}"},"query-input":{"@type":"PropertyValueSpecification","valueRequired":true,"valueName":"search_term_string"}}],"inLanguage":"fr-FR"},{"@type":"Organization","@id":"https:\/\/kapitalis.com\/tunisie\/#organization","name":"Kapitalis","url":"https:\/\/kapitalis.com\/tunisie\/","logo":{"@type":"ImageObject","inLanguage":"fr-FR","@id":"https:\/\/kapitalis.com\/tunisie\/#\/schema\/logo\/image\/","url":"https:\/\/kapitalis.com\/tunisie\/wp-content\/uploads\/2022\/05\/Kapitalis-big-size.png","contentUrl":"https:\/\/kapitalis.com\/tunisie\/wp-content\/uploads\/2022\/05\/Kapitalis-big-size.png","width":5000,"height":1500,"caption":"Kapitalis"},"image":{"@id":"https:\/\/kapitalis.com\/tunisie\/#\/schema\/logo\/image\/"},"sameAs":["https:\/\/www.facebook.com\/KapitalisInfo\/","https:\/\/x.com\/KapitalisInfo","https:\/\/www.youtube.com\/channel\/UC-yDYrHyfFBWWZaOw3FPg9Q"]},{"@type":"Person","@id":"https:\/\/kapitalis.com\/tunisie\/#\/schema\/person\/74bbde0154d49d790a92aaeac5bc01d5","name":"Yusra NY","url":"https:\/\/kapitalis.com\/tunisie\/author\/yuza_adam\/"}]}},"_links":{"self":[{"href":"https:\/\/kapitalis.com\/tunisie\/wp-json\/wp\/v2\/posts\/186157","targetHints":{"allow":["GET"]}}],"collection":[{"href":"https:\/\/kapitalis.com\/tunisie\/wp-json\/wp\/v2\/posts"}],"about":[{"href":"https:\/\/kapitalis.com\/tunisie\/wp-json\/wp\/v2\/types\/post"}],"author":[{"embeddable":true,"href":"https:\/\/kapitalis.com\/tunisie\/wp-json\/wp\/v2\/users\/6"}],"replies":[{"embeddable":true,"href":"https:\/\/kapitalis.com\/tunisie\/wp-json\/wp\/v2\/comments?post=186157"}],"version-history":[{"count":0,"href":"https:\/\/kapitalis.com\/tunisie\/wp-json\/wp\/v2\/posts\/186157\/revisions"}],"wp:featuredmedia":[{"embeddable":true,"href":"https:\/\/kapitalis.com\/tunisie\/wp-json\/wp\/v2\/media\/186162"}],"wp:attachment":[{"href":"https:\/\/kapitalis.com\/tunisie\/wp-json\/wp\/v2\/media?parent=186157"}],"wp:term":[{"taxonomy":"category","embeddable":true,"href":"https:\/\/kapitalis.com\/tunisie\/wp-json\/wp\/v2\/categories?post=186157"},{"taxonomy":"post_tag","embeddable":true,"href":"https:\/\/kapitalis.com\/tunisie\/wp-json\/wp\/v2\/tags?post=186157"}],"curies":[{"name":"wp","href":"https:\/\/api.w.org\/{rel}","templated":true}]}}