{"id":186161,"date":"2018-11-28T12:59:26","date_gmt":"2018-11-28T11:59:26","guid":{"rendered":"http:\/\/kapitalis.com\/tunisie\/?p=186161"},"modified":"2018-11-28T12:59:26","modified_gmt":"2018-11-28T11:59:26","slug":"les-enfants-en-marge-de-la-transition-democratique-tunisienne","status":"publish","type":"post","link":"https:\/\/kapitalis.com\/tunisie\/2018\/11\/28\/les-enfants-en-marge-de-la-transition-democratique-tunisienne\/","title":{"rendered":"Les enfants en marge de la transition d\u00e9mocratique tunisienne"},"content":{"rendered":"<p style=\"text-align: center;\"><img loading=\"lazy\" decoding=\"async\" class=\"alignnone size-full wp-image-105913\" src=\"http:\/\/kapitalis.com\/tunisie\/wp-content\/uploads\/2017\/07\/ado-enfants-viol-enlevement.jpg\" alt=\"\" width=\"626\" height=\"380\" \/><\/p>\n<p><em><strong>Les comportements suicidaires des enfants doivent toujours \u00eatre pris tr\u00e8s au s\u00e9rieux. Il est n\u00e9cessaire que tous les acteurs concern\u00e9s articulent leurs actions afin de soutenir une d\u00e9marche de pr\u00e9vention coh\u00e9rente ainsi qu\u2019une prise en charge adapt\u00e9e aux jeunes.<\/strong> <\/em><\/p>\n<p>Par <strong>Najet Zammouri<\/strong> *<\/p>\n<p><!--more--><\/p>\n<p><img loading=\"lazy\" decoding=\"async\" class=\"wp-image-158936 alignleft\" src=\"http:\/\/kapitalis.com\/tunisie\/wp-content\/uploads\/2018\/06\/Najet-Zammouri.jpg\" alt=\"\" width=\"200\" height=\"200\" \/>Nous savons tous que les droits de l\u2019enfant sont des droits humains sp\u00e9cifiquement adapt\u00e9s \u00e0 l\u2019enfant car ils tiennent compte de sa fragilit\u00e9, de ses sp\u00e9cificit\u00e9s et des besoins propres \u00e0 son \u00e2ge. Ces droits tiennent compte de la n\u00e9cessit\u00e9 de d\u00e9veloppement de l\u2019enfant qui a donc le droit de vivre et de se d\u00e9velopper convenablement tant physiquement qu\u2019intellectuellement. Or nous remarquons que les menaces contre l\u2019enfance persistent encore.<\/p>\n<p>Les enfants sont victimes de toute sorte d\u2019abus dont on a longuement discut\u00e9 de certains mais il faudrait focaliser sur deux probl\u00e8mes majeurs dont souffrent les enfants actuellement, l\u2019un \u00e0 une dimension universelle, l\u2019autre est plut\u00f4t sp\u00e9cifique.<\/p>\n<h3>La guerre, les \u00e9pid\u00e9mies et les catastrophes naturelles<\/h3>\n<p>Au cours de ces dix derni\u00e8res ann\u00e9es, les conflits arm\u00e9s ont tu\u00e9 plus de 2 millions d\u2019enfants dans le monde. Six millions ont \u00e9t\u00e9 bless\u00e9s ou mutil\u00e9s \u00e0 vie et on d\u00e9nombre un million d\u2019orphelins.<\/p>\n<p>On estime aujourd\u2019hui \u00e0 plus de 300.000 le nombre d\u2019enfants enr\u00f4l\u00e9s de force dans des milices ou des groupes arm\u00e9s. Ils sont contraints de se battre et la moiti\u00e9 de ceux qu\u2019ils tuent sont eux-m\u00eames des enfants. Que ce soit en Afghanistan, en Irak ou dans des r\u00e9gions d\u2019Afrique d\u00e9vast\u00e9es par les conflits, l\u2019Unesco a jou\u00e9 un r\u00f4le capital en apportant secours et \u00e9ducation.<\/p>\n<p>De la m\u00eame fa\u00e7on, lors de catastrophes naturelles, les premiers \u00e0 souffrir du manque d\u2019installations sanitaires, d\u2019infrastructure et d\u2019ordre sont les plus vuln\u00e9rables : les enfants. Ce sont les premi\u00e8res victimes des \u00e9pid\u00e9mies engendr\u00e9es par les catastrophes naturelles.<\/p>\n<p>En Tunisie, un ph\u00e9nom\u00e8ne social qui commence \u00e0 prendre de l\u2019ampleur en Tunisie depuis 2011, \u00e0 savoir la disparition des enfants et le suicide. En effet, 77 avis de disparition d&rsquo;enfants et 54 cas de suicide (20 gar\u00e7ons et 34 filles) et tentatives de suicide ont \u00e9t\u00e9 enregistr\u00e9s depuis le d\u00e9but de 2018.<\/p>\n<p>La chert\u00e9 de la vie, la pauvret\u00e9 et la pr\u00e9carit\u00e9 financi\u00e8re sont les principales raisons de ces ph\u00e9nom\u00e8nes \u00e0 hauteur de 61%, notamment dans le gouvernorat de Sidi Bouzid; la r\u00e9gion ou a \u00e9t\u00e9 d\u00e9clench\u00e9e la premi\u00e8re \u00e9tincelle de la r\u00e9volution de 2011 et o\u00f9 on enregistre le plus de fugues et de tentatives de suicide. C\u2019est aussi la pauvret\u00e9 essentiellement dans les r\u00e9gions int\u00e9rieures qui favorise davantage l\u2019augmentation de d\u00e9linquance et de cas de suicide chez les enfants.<\/p>\n<p>En outre, les diff\u00e9rents probl\u00e8mes sociaux, entre autres, l\u2019injustice, la marginalisation, la pauvret\u00e9, poussent \u00e0 l\u2019acte extr\u00eame. Face \u00e0 cet inqui\u00e9tant ph\u00e9nom\u00e8ne, les autorit\u00e9s restent, pour l\u2019heure, sans r\u00e9action !<\/p>\n<p>Cependant, le mal-\u00eatre des mineurs ne concerne pas que les familles pauvres. En effet, le facteur \u00e9conomique ne peut pas \u00eatre \u00e0 lui seul la cause de suicide, c\u2019est multifactoriel et il y a des personnalit\u00e9s plus vuln\u00e9rables que d&rsquo;autres.<\/p>\n<p>Un autre facteur existe aussi : ce sont les m\u00e9dias et leur regard <em>\u00absimpliste\u00bb<\/em> sur le suicide: la m\u00e9diatisation excessive des cas de suicides contribue \u00e0 l&rsquo;amplification de nombre de passage \u00e0 l&rsquo;acte.<\/p>\n<p>On a constat\u00e9 qu\u2019\u00e0 chaque fois que des m\u00e9dias en parlent, on voit arriver le lendemain des mineurs qui ont fait une tentative de suicide, c\u2019est syst\u00e9matique, on cite \u00e9galement d\u2019autres supports comme Facebook, les feuilletons t\u00e9l\u00e9vis\u00e9s, les films&#8230;<\/p>\n<p>Il faut reconna\u00eetre que la d\u00e9pression, l\u2019anxi\u00e9t\u00e9 ont beaucoup augment\u00e9 depuis six ans. Mais la m\u00e9diatisation demeure un <em>\u00abfacteur de pr\u00e9cipitation au passage \u00e0 l\u2019acte\u00bb<\/em>.<\/p>\n<p>Les cha\u00eenes de t\u00e9l\u00e9vision doivent respecter certaines r\u00e8gles telles que les mentions (-12) ou (-18) lorsqu\u2019elles \u00e9voquent des sujets sensibles. Malheureusement, notre soci\u00e9t\u00e9 assimile la maladie psychique \u00e0 une d\u00e9viance honteuse et qui per\u00e7oit la consultation aupr\u00e8s d\u2019un professionnel en la mati\u00e8re comme <em>\u00abune honte \u00e0 cacher\u00bb.<\/em><\/p>\n<p>Au lieu de simplifier les causes qui sont souvent multiples, il faut chercher \u00e0 poser les vrais d\u00e9bats. Les mineurs en souffrance psychiques sont souvent des victimes d\u2019abus sexuels, \u00e9manant parfois des membres de leur propre famille<\/p>\n<h3>Mise en place d\u2019une politique de pr\u00e9vention<\/h3>\n<p>Suite \u00e0 la multiplication des cas de suicide chez les enfants en Tunisie, nous recommandons la mise en place d\u2019une politique de pr\u00e9vention. Il s\u2019agit notamment d\u2019installer un bureau d\u2019assistance psychologique dans les diff\u00e9rents \u00e9tablissements scolaires afin d\u2019\u00eatre \u00e0 l\u2019\u00e9coute des pr\u00e9occupations des jeunes. La pr\u00e9vention commence par la reconnaissance de l\u2019enfant en souffrance, le diagnostic du comportement suicidaire et l\u2019\u00e9valuation des facteurs de risque par les professionnels.<\/p>\n<p>En conclusion, le suicide est un ph\u00e9nom\u00e8ne complexe qui a suscit\u00e9 des opinions oscillant entre la condamnation, la r\u00e9probation et la tol\u00e9rance. C\u2019est dans ce contexte que les comportements suicidaires des enfants doivent toujours \u00eatre pris tr\u00e8s au s\u00e9rieux. Il est n\u00e9cessaire que tous les acteurs (institutionnels, professionnels et b\u00e9n\u00e9voles) articulent leurs actions afin de soutenir une d\u00e9marche de pr\u00e9vention coh\u00e9rente ainsi qu\u2019une prise en charge adapt\u00e9e aux jeunes.<\/p>\n<p><em>* Membre du comit\u00e9 directeur de la Ligue tunisienne de d\u00e9fense des droits de l\u2019homme (LTDH).<\/em><\/p>\n<p><em><strong>Articles de la m\u00eame auteure publi\u00e9s dans Kapitalis :<\/strong><\/em><\/p>\n<blockquote class=\"wp-embedded-content\" data-secret=\"p98XL4JJuJ\"><p><a href=\"https:\/\/kapitalis.com\/tunisie\/2018\/08\/12\/colibe-pour-un-debat-constructif-loin-des-recuperations-politiques\/\">Colibe : pour un d\u00e9bat constructif loin des r\u00e9cup\u00e9rations politiques<\/a><\/p><\/blockquote>\n<p><iframe loading=\"lazy\" class=\"wp-embedded-content\" sandbox=\"allow-scripts\" security=\"restricted\" style=\"position: absolute; clip: rect(1px, 1px, 1px, 1px);\" title=\"\u00ab\u00a0Colibe : pour un d\u00e9bat constructif loin des r\u00e9cup\u00e9rations politiques\u00a0\u00bb &#8212; Kapitalis\" src=\"https:\/\/kapitalis.com\/tunisie\/2018\/08\/12\/colibe-pour-un-debat-constructif-loin-des-recuperations-politiques\/embed\/#?secret=oDQGMr3Rvk#?secret=p98XL4JJuJ\" data-secret=\"p98XL4JJuJ\" width=\"600\" height=\"338\" frameborder=\"0\" marginwidth=\"0\" marginheight=\"0\" scrolling=\"no\"><\/iframe><\/p>\n<blockquote class=\"wp-embedded-content\" data-secret=\"dH22opRUdh\"><p><a href=\"https:\/\/kapitalis.com\/tunisie\/2018\/06\/11\/lapproche-genre-dans-la-justice-transitionnelle-en-tunisie\/\">L&rsquo;approche genre dans la justice transitionnelle en Tunisie<\/a><\/p><\/blockquote>\n<p><iframe loading=\"lazy\" class=\"wp-embedded-content\" sandbox=\"allow-scripts\" security=\"restricted\" style=\"position: absolute; clip: rect(1px, 1px, 1px, 1px);\" title=\"\u00ab\u00a0L&rsquo;approche genre dans la justice transitionnelle en Tunisie\u00a0\u00bb &#8212; Kapitalis\" src=\"https:\/\/kapitalis.com\/tunisie\/2018\/06\/11\/lapproche-genre-dans-la-justice-transitionnelle-en-tunisie\/embed\/#?secret=wdWRs8QifF#?secret=dH22opRUdh\" data-secret=\"dH22opRUdh\" width=\"600\" height=\"338\" frameborder=\"0\" marginwidth=\"0\" marginheight=\"0\" scrolling=\"no\"><\/iframe><\/p>\n","protected":false},"excerpt":{"rendered":"<p>Les comportements suicidaires des enfants doivent toujours \u00eatre pris tr\u00e8s au s\u00e9rieux. Il est n\u00e9cessaire que tous les acteurs concern\u00e9s articulent leurs actions afin de soutenir une d\u00e9marche de pr\u00e9vention coh\u00e9rente ainsi qu\u2019une prise en charge adapt\u00e9e aux jeunes. Par Najet Zammouri *<\/p>\n","protected":false},"author":8,"featured_media":0,"comment_status":"open","ping_status":"open","sticky":false,"template":"","format":"standard","meta":{"footnotes":""},"categories":[992,998,1000,2433],"tags":[321],"class_list":["post-186161","post","type-post","status-publish","format-standard","hentry","category-a-la-une","category-societe","category-tribune","category-tunisie","tag-enfants"],"yoast_head":"<!-- This site is optimized with the Yoast SEO plugin v26.6 - https:\/\/yoast.com\/wordpress\/plugins\/seo\/ -->\n<title>Les enfants en marge de la transition d\u00e9mocratique tunisienne - Kapitalis<\/title>\n<meta name=\"robots\" content=\"index, follow, max-snippet:-1, max-image-preview:large, max-video-preview:-1\" \/>\n<link rel=\"canonical\" href=\"https:\/\/kapitalis.com\/tunisie\/2018\/11\/28\/les-enfants-en-marge-de-la-transition-democratique-tunisienne\/\" \/>\n<meta property=\"og:locale\" content=\"fr_FR\" \/>\n<meta property=\"og:type\" content=\"article\" \/>\n<meta property=\"og:title\" content=\"Les enfants en marge de la transition d\u00e9mocratique tunisienne - Kapitalis\" \/>\n<meta property=\"og:description\" content=\"Les comportements suicidaires des enfants doivent toujours \u00eatre pris tr\u00e8s au s\u00e9rieux. Il est n\u00e9cessaire que tous les acteurs concern\u00e9s articulent leurs actions afin de soutenir une d\u00e9marche de pr\u00e9vention coh\u00e9rente ainsi qu\u2019une prise en charge adapt\u00e9e aux jeunes. Par Najet Zammouri *\" \/>\n<meta property=\"og:url\" content=\"https:\/\/kapitalis.com\/tunisie\/2018\/11\/28\/les-enfants-en-marge-de-la-transition-democratique-tunisienne\/\" \/>\n<meta property=\"og:site_name\" content=\"Kapitalis\" \/>\n<meta property=\"article:publisher\" content=\"https:\/\/www.facebook.com\/KapitalisInfo\/\" \/>\n<meta property=\"article:published_time\" content=\"2018-11-28T11:59:26+00:00\" \/>\n<meta property=\"og:image\" content=\"http:\/\/kapitalis.com\/tunisie\/wp-content\/uploads\/2017\/07\/ado-enfants-viol-enlevement.jpg\" \/>\n<meta name=\"author\" content=\"webmaster kapitalis\" \/>\n<meta name=\"twitter:card\" content=\"summary_large_image\" \/>\n<meta name=\"twitter:creator\" content=\"@KapitalisInfo\" \/>\n<meta name=\"twitter:site\" content=\"@KapitalisInfo\" \/>\n<meta name=\"twitter:label1\" content=\"\u00c9crit par\" \/>\n\t<meta name=\"twitter:data1\" content=\"webmaster kapitalis\" \/>\n\t<meta name=\"twitter:label2\" content=\"Dur\u00e9e de lecture estim\u00e9e\" \/>\n\t<meta name=\"twitter:data2\" content=\"5 minutes\" \/>\n<script type=\"application\/ld+json\" class=\"yoast-schema-graph\">{\"@context\":\"https:\/\/schema.org\",\"@graph\":[{\"@type\":\"Article\",\"@id\":\"https:\/\/kapitalis.com\/tunisie\/2018\/11\/28\/les-enfants-en-marge-de-la-transition-democratique-tunisienne\/#article\",\"isPartOf\":{\"@id\":\"https:\/\/kapitalis.com\/tunisie\/2018\/11\/28\/les-enfants-en-marge-de-la-transition-democratique-tunisienne\/\"},\"author\":{\"name\":\"webmaster kapitalis\",\"@id\":\"https:\/\/kapitalis.com\/tunisie\/#\/schema\/person\/d71f33a9ca44f7bad4698210b480c8e9\"},\"headline\":\"Les enfants en marge de la transition d\u00e9mocratique tunisienne\",\"datePublished\":\"2018-11-28T11:59:26+00:00\",\"mainEntityOfPage\":{\"@id\":\"https:\/\/kapitalis.com\/tunisie\/2018\/11\/28\/les-enfants-en-marge-de-la-transition-democratique-tunisienne\/\"},\"wordCount\":985,\"commentCount\":1,\"publisher\":{\"@id\":\"https:\/\/kapitalis.com\/tunisie\/#organization\"},\"image\":{\"@id\":\"https:\/\/kapitalis.com\/tunisie\/2018\/11\/28\/les-enfants-en-marge-de-la-transition-democratique-tunisienne\/#primaryimage\"},\"thumbnailUrl\":\"http:\/\/kapitalis.com\/tunisie\/wp-content\/uploads\/2017\/07\/ado-enfants-viol-enlevement.jpg\",\"keywords\":[\"enfants\"],\"articleSection\":[\"A LA UNE\",\"SOCIETE\",\"TRIBUNE\",\"Tunisie\"],\"inLanguage\":\"fr-FR\",\"potentialAction\":[{\"@type\":\"CommentAction\",\"name\":\"Comment\",\"target\":[\"https:\/\/kapitalis.com\/tunisie\/2018\/11\/28\/les-enfants-en-marge-de-la-transition-democratique-tunisienne\/#respond\"]}]},{\"@type\":\"WebPage\",\"@id\":\"https:\/\/kapitalis.com\/tunisie\/2018\/11\/28\/les-enfants-en-marge-de-la-transition-democratique-tunisienne\/\",\"url\":\"https:\/\/kapitalis.com\/tunisie\/2018\/11\/28\/les-enfants-en-marge-de-la-transition-democratique-tunisienne\/\",\"name\":\"Les enfants en marge de la transition d\u00e9mocratique tunisienne - Kapitalis\",\"isPartOf\":{\"@id\":\"https:\/\/kapitalis.com\/tunisie\/#website\"},\"primaryImageOfPage\":{\"@id\":\"https:\/\/kapitalis.com\/tunisie\/2018\/11\/28\/les-enfants-en-marge-de-la-transition-democratique-tunisienne\/#primaryimage\"},\"image\":{\"@id\":\"https:\/\/kapitalis.com\/tunisie\/2018\/11\/28\/les-enfants-en-marge-de-la-transition-democratique-tunisienne\/#primaryimage\"},\"thumbnailUrl\":\"http:\/\/kapitalis.com\/tunisie\/wp-content\/uploads\/2017\/07\/ado-enfants-viol-enlevement.jpg\",\"datePublished\":\"2018-11-28T11:59:26+00:00\",\"breadcrumb\":{\"@id\":\"https:\/\/kapitalis.com\/tunisie\/2018\/11\/28\/les-enfants-en-marge-de-la-transition-democratique-tunisienne\/#breadcrumb\"},\"inLanguage\":\"fr-FR\",\"potentialAction\":[{\"@type\":\"ReadAction\",\"target\":[\"https:\/\/kapitalis.com\/tunisie\/2018\/11\/28\/les-enfants-en-marge-de-la-transition-democratique-tunisienne\/\"]}]},{\"@type\":\"ImageObject\",\"inLanguage\":\"fr-FR\",\"@id\":\"https:\/\/kapitalis.com\/tunisie\/2018\/11\/28\/les-enfants-en-marge-de-la-transition-democratique-tunisienne\/#primaryimage\",\"url\":\"http:\/\/kapitalis.com\/tunisie\/wp-content\/uploads\/2017\/07\/ado-enfants-viol-enlevement.jpg\",\"contentUrl\":\"http:\/\/kapitalis.com\/tunisie\/wp-content\/uploads\/2017\/07\/ado-enfants-viol-enlevement.jpg\"},{\"@type\":\"BreadcrumbList\",\"@id\":\"https:\/\/kapitalis.com\/tunisie\/2018\/11\/28\/les-enfants-en-marge-de-la-transition-democratique-tunisienne\/#breadcrumb\",\"itemListElement\":[{\"@type\":\"ListItem\",\"position\":1,\"name\":\"Accueil\",\"item\":\"https:\/\/kapitalis.com\/tunisie\/\"},{\"@type\":\"ListItem\",\"position\":2,\"name\":\"Les enfants en marge de la transition d\u00e9mocratique tunisienne\"}]},{\"@type\":\"WebSite\",\"@id\":\"https:\/\/kapitalis.com\/tunisie\/#website\",\"url\":\"https:\/\/kapitalis.com\/tunisie\/\",\"name\":\"Kapitalis\",\"description\":\"L&#039;actualit\u00e9 en Tunisie et dans le monde\",\"publisher\":{\"@id\":\"https:\/\/kapitalis.com\/tunisie\/#organization\"},\"potentialAction\":[{\"@type\":\"SearchAction\",\"target\":{\"@type\":\"EntryPoint\",\"urlTemplate\":\"https:\/\/kapitalis.com\/tunisie\/?s={search_term_string}\"},\"query-input\":{\"@type\":\"PropertyValueSpecification\",\"valueRequired\":true,\"valueName\":\"search_term_string\"}}],\"inLanguage\":\"fr-FR\"},{\"@type\":\"Organization\",\"@id\":\"https:\/\/kapitalis.com\/tunisie\/#organization\",\"name\":\"Kapitalis\",\"url\":\"https:\/\/kapitalis.com\/tunisie\/\",\"logo\":{\"@type\":\"ImageObject\",\"inLanguage\":\"fr-FR\",\"@id\":\"https:\/\/kapitalis.com\/tunisie\/#\/schema\/logo\/image\/\",\"url\":\"https:\/\/kapitalis.com\/tunisie\/wp-content\/uploads\/2022\/05\/Kapitalis-big-size.png\",\"contentUrl\":\"https:\/\/kapitalis.com\/tunisie\/wp-content\/uploads\/2022\/05\/Kapitalis-big-size.png\",\"width\":5000,\"height\":1500,\"caption\":\"Kapitalis\"},\"image\":{\"@id\":\"https:\/\/kapitalis.com\/tunisie\/#\/schema\/logo\/image\/\"},\"sameAs\":[\"https:\/\/www.facebook.com\/KapitalisInfo\/\",\"https:\/\/x.com\/KapitalisInfo\",\"https:\/\/www.youtube.com\/channel\/UC-yDYrHyfFBWWZaOw3FPg9Q\"]},{\"@type\":\"Person\",\"@id\":\"https:\/\/kapitalis.com\/tunisie\/#\/schema\/person\/d71f33a9ca44f7bad4698210b480c8e9\",\"name\":\"webmaster kapitalis\",\"url\":\"https:\/\/kapitalis.com\/tunisie\/author\/webmaster-kapitalis\/\"}]}<\/script>\n<!-- \/ Yoast SEO plugin. -->","yoast_head_json":{"title":"Les enfants en marge de la transition d\u00e9mocratique tunisienne - Kapitalis","robots":{"index":"index","follow":"follow","max-snippet":"max-snippet:-1","max-image-preview":"max-image-preview:large","max-video-preview":"max-video-preview:-1"},"canonical":"https:\/\/kapitalis.com\/tunisie\/2018\/11\/28\/les-enfants-en-marge-de-la-transition-democratique-tunisienne\/","og_locale":"fr_FR","og_type":"article","og_title":"Les enfants en marge de la transition d\u00e9mocratique tunisienne - Kapitalis","og_description":"Les comportements suicidaires des enfants doivent toujours \u00eatre pris tr\u00e8s au s\u00e9rieux. Il est n\u00e9cessaire que tous les acteurs concern\u00e9s articulent leurs actions afin de soutenir une d\u00e9marche de pr\u00e9vention coh\u00e9rente ainsi qu\u2019une prise en charge adapt\u00e9e aux jeunes. Par Najet Zammouri *","og_url":"https:\/\/kapitalis.com\/tunisie\/2018\/11\/28\/les-enfants-en-marge-de-la-transition-democratique-tunisienne\/","og_site_name":"Kapitalis","article_publisher":"https:\/\/www.facebook.com\/KapitalisInfo\/","article_published_time":"2018-11-28T11:59:26+00:00","og_image":[{"url":"http:\/\/kapitalis.com\/tunisie\/wp-content\/uploads\/2017\/07\/ado-enfants-viol-enlevement.jpg","type":"","width":"","height":""}],"author":"webmaster kapitalis","twitter_card":"summary_large_image","twitter_creator":"@KapitalisInfo","twitter_site":"@KapitalisInfo","twitter_misc":{"\u00c9crit par":"webmaster kapitalis","Dur\u00e9e de lecture estim\u00e9e":"5 minutes"},"schema":{"@context":"https:\/\/schema.org","@graph":[{"@type":"Article","@id":"https:\/\/kapitalis.com\/tunisie\/2018\/11\/28\/les-enfants-en-marge-de-la-transition-democratique-tunisienne\/#article","isPartOf":{"@id":"https:\/\/kapitalis.com\/tunisie\/2018\/11\/28\/les-enfants-en-marge-de-la-transition-democratique-tunisienne\/"},"author":{"name":"webmaster kapitalis","@id":"https:\/\/kapitalis.com\/tunisie\/#\/schema\/person\/d71f33a9ca44f7bad4698210b480c8e9"},"headline":"Les enfants en marge de la transition d\u00e9mocratique tunisienne","datePublished":"2018-11-28T11:59:26+00:00","mainEntityOfPage":{"@id":"https:\/\/kapitalis.com\/tunisie\/2018\/11\/28\/les-enfants-en-marge-de-la-transition-democratique-tunisienne\/"},"wordCount":985,"commentCount":1,"publisher":{"@id":"https:\/\/kapitalis.com\/tunisie\/#organization"},"image":{"@id":"https:\/\/kapitalis.com\/tunisie\/2018\/11\/28\/les-enfants-en-marge-de-la-transition-democratique-tunisienne\/#primaryimage"},"thumbnailUrl":"http:\/\/kapitalis.com\/tunisie\/wp-content\/uploads\/2017\/07\/ado-enfants-viol-enlevement.jpg","keywords":["enfants"],"articleSection":["A LA UNE","SOCIETE","TRIBUNE","Tunisie"],"inLanguage":"fr-FR","potentialAction":[{"@type":"CommentAction","name":"Comment","target":["https:\/\/kapitalis.com\/tunisie\/2018\/11\/28\/les-enfants-en-marge-de-la-transition-democratique-tunisienne\/#respond"]}]},{"@type":"WebPage","@id":"https:\/\/kapitalis.com\/tunisie\/2018\/11\/28\/les-enfants-en-marge-de-la-transition-democratique-tunisienne\/","url":"https:\/\/kapitalis.com\/tunisie\/2018\/11\/28\/les-enfants-en-marge-de-la-transition-democratique-tunisienne\/","name":"Les enfants en marge de la transition d\u00e9mocratique tunisienne - Kapitalis","isPartOf":{"@id":"https:\/\/kapitalis.com\/tunisie\/#website"},"primaryImageOfPage":{"@id":"https:\/\/kapitalis.com\/tunisie\/2018\/11\/28\/les-enfants-en-marge-de-la-transition-democratique-tunisienne\/#primaryimage"},"image":{"@id":"https:\/\/kapitalis.com\/tunisie\/2018\/11\/28\/les-enfants-en-marge-de-la-transition-democratique-tunisienne\/#primaryimage"},"thumbnailUrl":"http:\/\/kapitalis.com\/tunisie\/wp-content\/uploads\/2017\/07\/ado-enfants-viol-enlevement.jpg","datePublished":"2018-11-28T11:59:26+00:00","breadcrumb":{"@id":"https:\/\/kapitalis.com\/tunisie\/2018\/11\/28\/les-enfants-en-marge-de-la-transition-democratique-tunisienne\/#breadcrumb"},"inLanguage":"fr-FR","potentialAction":[{"@type":"ReadAction","target":["https:\/\/kapitalis.com\/tunisie\/2018\/11\/28\/les-enfants-en-marge-de-la-transition-democratique-tunisienne\/"]}]},{"@type":"ImageObject","inLanguage":"fr-FR","@id":"https:\/\/kapitalis.com\/tunisie\/2018\/11\/28\/les-enfants-en-marge-de-la-transition-democratique-tunisienne\/#primaryimage","url":"http:\/\/kapitalis.com\/tunisie\/wp-content\/uploads\/2017\/07\/ado-enfants-viol-enlevement.jpg","contentUrl":"http:\/\/kapitalis.com\/tunisie\/wp-content\/uploads\/2017\/07\/ado-enfants-viol-enlevement.jpg"},{"@type":"BreadcrumbList","@id":"https:\/\/kapitalis.com\/tunisie\/2018\/11\/28\/les-enfants-en-marge-de-la-transition-democratique-tunisienne\/#breadcrumb","itemListElement":[{"@type":"ListItem","position":1,"name":"Accueil","item":"https:\/\/kapitalis.com\/tunisie\/"},{"@type":"ListItem","position":2,"name":"Les enfants en marge de la transition d\u00e9mocratique tunisienne"}]},{"@type":"WebSite","@id":"https:\/\/kapitalis.com\/tunisie\/#website","url":"https:\/\/kapitalis.com\/tunisie\/","name":"Kapitalis","description":"L&#039;actualit\u00e9 en Tunisie et dans le monde","publisher":{"@id":"https:\/\/kapitalis.com\/tunisie\/#organization"},"potentialAction":[{"@type":"SearchAction","target":{"@type":"EntryPoint","urlTemplate":"https:\/\/kapitalis.com\/tunisie\/?s={search_term_string}"},"query-input":{"@type":"PropertyValueSpecification","valueRequired":true,"valueName":"search_term_string"}}],"inLanguage":"fr-FR"},{"@type":"Organization","@id":"https:\/\/kapitalis.com\/tunisie\/#organization","name":"Kapitalis","url":"https:\/\/kapitalis.com\/tunisie\/","logo":{"@type":"ImageObject","inLanguage":"fr-FR","@id":"https:\/\/kapitalis.com\/tunisie\/#\/schema\/logo\/image\/","url":"https:\/\/kapitalis.com\/tunisie\/wp-content\/uploads\/2022\/05\/Kapitalis-big-size.png","contentUrl":"https:\/\/kapitalis.com\/tunisie\/wp-content\/uploads\/2022\/05\/Kapitalis-big-size.png","width":5000,"height":1500,"caption":"Kapitalis"},"image":{"@id":"https:\/\/kapitalis.com\/tunisie\/#\/schema\/logo\/image\/"},"sameAs":["https:\/\/www.facebook.com\/KapitalisInfo\/","https:\/\/x.com\/KapitalisInfo","https:\/\/www.youtube.com\/channel\/UC-yDYrHyfFBWWZaOw3FPg9Q"]},{"@type":"Person","@id":"https:\/\/kapitalis.com\/tunisie\/#\/schema\/person\/d71f33a9ca44f7bad4698210b480c8e9","name":"webmaster kapitalis","url":"https:\/\/kapitalis.com\/tunisie\/author\/webmaster-kapitalis\/"}]}},"_links":{"self":[{"href":"https:\/\/kapitalis.com\/tunisie\/wp-json\/wp\/v2\/posts\/186161","targetHints":{"allow":["GET"]}}],"collection":[{"href":"https:\/\/kapitalis.com\/tunisie\/wp-json\/wp\/v2\/posts"}],"about":[{"href":"https:\/\/kapitalis.com\/tunisie\/wp-json\/wp\/v2\/types\/post"}],"author":[{"embeddable":true,"href":"https:\/\/kapitalis.com\/tunisie\/wp-json\/wp\/v2\/users\/8"}],"replies":[{"embeddable":true,"href":"https:\/\/kapitalis.com\/tunisie\/wp-json\/wp\/v2\/comments?post=186161"}],"version-history":[{"count":0,"href":"https:\/\/kapitalis.com\/tunisie\/wp-json\/wp\/v2\/posts\/186161\/revisions"}],"wp:attachment":[{"href":"https:\/\/kapitalis.com\/tunisie\/wp-json\/wp\/v2\/media?parent=186161"}],"wp:term":[{"taxonomy":"category","embeddable":true,"href":"https:\/\/kapitalis.com\/tunisie\/wp-json\/wp\/v2\/categories?post=186161"},{"taxonomy":"post_tag","embeddable":true,"href":"https:\/\/kapitalis.com\/tunisie\/wp-json\/wp\/v2\/tags?post=186161"}],"curies":[{"name":"wp","href":"https:\/\/api.w.org\/{rel}","templated":true}]}}