{"id":1866228,"date":"2022-06-30T07:50:16","date_gmt":"2022-06-30T06:50:16","guid":{"rendered":"https:\/\/kapitalis.com\/tunisie\/?p=1866228"},"modified":"2022-06-30T07:50:17","modified_gmt":"2022-06-30T06:50:17","slug":"tunisie-referendum-populaire-ou-passage-en-force","status":"publish","type":"post","link":"https:\/\/kapitalis.com\/tunisie\/2022\/06\/30\/tunisie-referendum-populaire-ou-passage-en-force\/","title":{"rendered":"Tunisie\u00a0: r\u00e9f\u00e9rendum populaire ou passage en force\u00a0?"},"content":{"rendered":"\n<p><strong><em>Le conseiller juridique de Democracy Reporting International (DRI), Amin Thabet, a d\u00e9clar\u00e9 hier, mercredi 29 juin 2022, que les normes internationales pour la conduite des r\u00e9f\u00e9rendums n&rsquo;ont pas \u00e9t\u00e9 pleinement respect\u00e9es en Tunisie, faisant r\u00e9f\u00e9rence au r\u00e9f\u00e9rendum du 25 juillet \u00a0sur la nouvelle constitution dont le texte devrait \u00eatre publi\u00e9 aujourd\u2019hui, jeudi 30 juin.<\/em><\/strong><\/p>\n\n\n\n<!--more-->\n\n\n\n<p>Lors d&rsquo;un atelier intitul\u00e9 : <em>\u00abLe r\u00e9f\u00e9rendum sur la nouvelle constitution&#8230; Quel r\u00e9gime politique ?\u00bb<\/em>, M. Thabet a d\u00e9nonc\u00e9 le manque de temps n\u00e9cessaire pour informer et orienter les \u00e9lecteurs sur le contenu du nouveau projet de constitution.<\/p>\n\n\n\n<p>Le conseiller juridique de DRI a \u00e9galement regrett\u00e9 l&rsquo;absence de seuil l\u00e9gal pour le r\u00e9f\u00e9rendum qui, selon lui, devrait d\u00e9terminer la l\u00e9gitimit\u00e9 et la cr\u00e9dibilit\u00e9 de la nouvelle constitution.<\/p>\n\n\n\n<p>\u00abDans le cas o\u00f9 les \u00e9lecteurs voteront \u00ab\u00a0non\u00a0\u00bb lors du r\u00e9f\u00e9rendum du 25 juillet, la Constitution de 2014 sera r\u00e9tablie, des l\u00e9gislations anticip\u00e9es organis\u00e9es et il y aura un retour au fonctionnement normal de l&rsquo;appareil de l&rsquo;\u00c9tat, conform\u00e9ment \u00e0 la constitution de 2014\u00bb, il a pr\u00e9conis\u00e9.<\/p>\n\n\n\n<p>De son c\u00f4t\u00e9, Kaouthar Debbeche, professeure de droit public \u00e0 l&rsquo;Universit\u00e9 de Carthage, a soulign\u00e9 qu&rsquo;<em>\u00abune large participation au r\u00e9f\u00e9rendum pourrait donner plus de cr\u00e9dibilit\u00e9 aux r\u00e9sultats attendus et de l\u00e9gitimit\u00e9 \u00e0 la nouvelle constitution\u00bb<\/em>. A cet \u00e9gard, elle a appel\u00e9 ceux qui souhaitent boycotter le r\u00e9f\u00e9rendum \u00e0 <em>\u00abrenoncer \u00e0 leur d\u00e9cision et \u00e0 s&rsquo;exprimer sur cette importante question\u00bb<\/em>.<\/p>\n\n\n\n<p>On sait, cependant, qu\u2019aucun seuil n\u2019a \u00e9t\u00e9 pr\u00e9cis\u00e9 pour le vote du 25 juillet et tout semble indiquer que le pr\u00e9sident de la r\u00e9publique Ka\u00efs Sa\u00efed, initiateur du r\u00e9f\u00e9rendum que personne n\u2019avait demand\u00e9, est en train de faire un passage en force pour imposer sa vision personnelle des r\u00e9formes politiques en Tunisie, avec notamment le r\u00e9tablissement d\u2019un r\u00e9gime pr\u00e9sidentiel fort comme celui que la r\u00e9volution de 2011 avait cru balayer.<\/p>\n\n\n\n<p class=\"has-text-align-right\"><strong>I. B. \u00a0<\/strong><\/p>\n","protected":false},"excerpt":{"rendered":"<p>Les normes internationales pour la conduite des r\u00e9f\u00e9rendums n&rsquo;ont pas \u00e9t\u00e9 pleinement respect\u00e9es en Tunisie pour la tenue du r\u00e9f\u00e9rendum du 25 juillet\u00a0sur la nouvelle constitution.<\/p>\n","protected":false},"author":8,"featured_media":1866251,"comment_status":"open","ping_status":"open","sticky":false,"template":"","format":"standard","meta":{"footnotes":""},"categories":[997,2433],"tags":[101059,86311,76012,101060,100059,99694,62643],"class_list":["post-1866228","post","type-post","status-publish","format-standard","has-post-thumbnail","hentry","category-politique","category-tunisie","tag-amin-thabet","tag-democracy-reporting-international","tag-kais-saied-2","tag-kaouthar-debbeche","tag-nouvelle-constitution","tag-referendum-du-25-juillet","tag-tunisie"],"yoast_head":"<!-- This site is optimized with the Yoast SEO plugin v26.6 - https:\/\/yoast.com\/wordpress\/plugins\/seo\/ -->\n<title>Tunisie\u00a0: r\u00e9f\u00e9rendum populaire ou passage en force\u00a0? - Kapitalis<\/title>\n<meta name=\"robots\" content=\"index, follow, max-snippet:-1, max-image-preview:large, max-video-preview:-1\" \/>\n<link rel=\"canonical\" href=\"https:\/\/kapitalis.com\/tunisie\/2022\/06\/30\/tunisie-referendum-populaire-ou-passage-en-force\/\" \/>\n<meta property=\"og:locale\" content=\"fr_FR\" \/>\n<meta property=\"og:type\" content=\"article\" \/>\n<meta property=\"og:title\" content=\"Tunisie\u00a0: r\u00e9f\u00e9rendum populaire ou passage en force\u00a0? - Kapitalis\" \/>\n<meta property=\"og:description\" content=\"Les normes internationales pour la conduite des r\u00e9f\u00e9rendums n&#039;ont pas \u00e9t\u00e9 pleinement respect\u00e9es en Tunisie pour la tenue du r\u00e9f\u00e9rendum du 25 juillet\u00a0sur la nouvelle constitution.\" \/>\n<meta property=\"og:url\" content=\"https:\/\/kapitalis.com\/tunisie\/2022\/06\/30\/tunisie-referendum-populaire-ou-passage-en-force\/\" \/>\n<meta property=\"og:site_name\" content=\"Kapitalis\" \/>\n<meta property=\"article:publisher\" content=\"https:\/\/www.facebook.com\/KapitalisInfo\/\" \/>\n<meta property=\"article:published_time\" content=\"2022-06-30T06:50:16+00:00\" \/>\n<meta property=\"article:modified_time\" content=\"2022-06-30T06:50:17+00:00\" \/>\n<meta property=\"og:image\" content=\"https:\/\/kapitalis.com\/tunisie\/wp-content\/uploads\/2022\/06\/Democracy-Reporting-International.jpg\" \/>\n\t<meta property=\"og:image:width\" content=\"1200\" \/>\n\t<meta property=\"og:image:height\" content=\"630\" \/>\n\t<meta property=\"og:image:type\" content=\"image\/jpeg\" \/>\n<meta name=\"author\" content=\"webmaster kapitalis\" \/>\n<meta name=\"twitter:card\" content=\"summary_large_image\" \/>\n<meta name=\"twitter:creator\" content=\"@KapitalisInfo\" \/>\n<meta name=\"twitter:site\" content=\"@KapitalisInfo\" \/>\n<meta name=\"twitter:label1\" content=\"\u00c9crit par\" \/>\n\t<meta name=\"twitter:data1\" content=\"webmaster kapitalis\" \/>\n\t<meta name=\"twitter:label2\" content=\"Dur\u00e9e de lecture estim\u00e9e\" \/>\n\t<meta name=\"twitter:data2\" content=\"2 minutes\" \/>\n<script type=\"application\/ld+json\" class=\"yoast-schema-graph\">{\"@context\":\"https:\/\/schema.org\",\"@graph\":[{\"@type\":\"Article\",\"@id\":\"https:\/\/kapitalis.com\/tunisie\/2022\/06\/30\/tunisie-referendum-populaire-ou-passage-en-force\/#article\",\"isPartOf\":{\"@id\":\"https:\/\/kapitalis.com\/tunisie\/2022\/06\/30\/tunisie-referendum-populaire-ou-passage-en-force\/\"},\"author\":{\"name\":\"webmaster kapitalis\",\"@id\":\"https:\/\/kapitalis.com\/tunisie\/#\/schema\/person\/d71f33a9ca44f7bad4698210b480c8e9\"},\"headline\":\"Tunisie\u00a0: r\u00e9f\u00e9rendum populaire ou passage en force\u00a0?\",\"datePublished\":\"2022-06-30T06:50:16+00:00\",\"dateModified\":\"2022-06-30T06:50:17+00:00\",\"mainEntityOfPage\":{\"@id\":\"https:\/\/kapitalis.com\/tunisie\/2022\/06\/30\/tunisie-referendum-populaire-ou-passage-en-force\/\"},\"wordCount\":345,\"commentCount\":2,\"publisher\":{\"@id\":\"https:\/\/kapitalis.com\/tunisie\/#organization\"},\"image\":{\"@id\":\"https:\/\/kapitalis.com\/tunisie\/2022\/06\/30\/tunisie-referendum-populaire-ou-passage-en-force\/#primaryimage\"},\"thumbnailUrl\":\"https:\/\/kapitalis.com\/tunisie\/wp-content\/uploads\/2022\/06\/Democracy-Reporting-International.jpg\",\"keywords\":[\"Amin Thabet\",\"Democracy Reporting International\",\"Ka\u00efs Sa\u00efed\",\"Kaouthar Debbeche\",\"nouvelle constitution\",\"r\u00e9f\u00e9rendum du 25 juillet\",\"Tunisie\"],\"articleSection\":[\"POLITIQUE\",\"Tunisie\"],\"inLanguage\":\"fr-FR\",\"potentialAction\":[{\"@type\":\"CommentAction\",\"name\":\"Comment\",\"target\":[\"https:\/\/kapitalis.com\/tunisie\/2022\/06\/30\/tunisie-referendum-populaire-ou-passage-en-force\/#respond\"]}]},{\"@type\":\"WebPage\",\"@id\":\"https:\/\/kapitalis.com\/tunisie\/2022\/06\/30\/tunisie-referendum-populaire-ou-passage-en-force\/\",\"url\":\"https:\/\/kapitalis.com\/tunisie\/2022\/06\/30\/tunisie-referendum-populaire-ou-passage-en-force\/\",\"name\":\"Tunisie\u00a0: r\u00e9f\u00e9rendum populaire ou passage en force\u00a0? - Kapitalis\",\"isPartOf\":{\"@id\":\"https:\/\/kapitalis.com\/tunisie\/#website\"},\"primaryImageOfPage\":{\"@id\":\"https:\/\/kapitalis.com\/tunisie\/2022\/06\/30\/tunisie-referendum-populaire-ou-passage-en-force\/#primaryimage\"},\"image\":{\"@id\":\"https:\/\/kapitalis.com\/tunisie\/2022\/06\/30\/tunisie-referendum-populaire-ou-passage-en-force\/#primaryimage\"},\"thumbnailUrl\":\"https:\/\/kapitalis.com\/tunisie\/wp-content\/uploads\/2022\/06\/Democracy-Reporting-International.jpg\",\"datePublished\":\"2022-06-30T06:50:16+00:00\",\"dateModified\":\"2022-06-30T06:50:17+00:00\",\"breadcrumb\":{\"@id\":\"https:\/\/kapitalis.com\/tunisie\/2022\/06\/30\/tunisie-referendum-populaire-ou-passage-en-force\/#breadcrumb\"},\"inLanguage\":\"fr-FR\",\"potentialAction\":[{\"@type\":\"ReadAction\",\"target\":[\"https:\/\/kapitalis.com\/tunisie\/2022\/06\/30\/tunisie-referendum-populaire-ou-passage-en-force\/\"]}]},{\"@type\":\"ImageObject\",\"inLanguage\":\"fr-FR\",\"@id\":\"https:\/\/kapitalis.com\/tunisie\/2022\/06\/30\/tunisie-referendum-populaire-ou-passage-en-force\/#primaryimage\",\"url\":\"https:\/\/kapitalis.com\/tunisie\/wp-content\/uploads\/2022\/06\/Democracy-Reporting-International.jpg\",\"contentUrl\":\"https:\/\/kapitalis.com\/tunisie\/wp-content\/uploads\/2022\/06\/Democracy-Reporting-International.jpg\",\"width\":1200,\"height\":630},{\"@type\":\"BreadcrumbList\",\"@id\":\"https:\/\/kapitalis.com\/tunisie\/2022\/06\/30\/tunisie-referendum-populaire-ou-passage-en-force\/#breadcrumb\",\"itemListElement\":[{\"@type\":\"ListItem\",\"position\":1,\"name\":\"Accueil\",\"item\":\"https:\/\/kapitalis.com\/tunisie\/\"},{\"@type\":\"ListItem\",\"position\":2,\"name\":\"Tunisie\u00a0: r\u00e9f\u00e9rendum populaire ou passage en force\u00a0?\"}]},{\"@type\":\"WebSite\",\"@id\":\"https:\/\/kapitalis.com\/tunisie\/#website\",\"url\":\"https:\/\/kapitalis.com\/tunisie\/\",\"name\":\"Kapitalis\",\"description\":\"L&#039;actualit\u00e9 en Tunisie et dans le monde\",\"publisher\":{\"@id\":\"https:\/\/kapitalis.com\/tunisie\/#organization\"},\"potentialAction\":[{\"@type\":\"SearchAction\",\"target\":{\"@type\":\"EntryPoint\",\"urlTemplate\":\"https:\/\/kapitalis.com\/tunisie\/?s={search_term_string}\"},\"query-input\":{\"@type\":\"PropertyValueSpecification\",\"valueRequired\":true,\"valueName\":\"search_term_string\"}}],\"inLanguage\":\"fr-FR\"},{\"@type\":\"Organization\",\"@id\":\"https:\/\/kapitalis.com\/tunisie\/#organization\",\"name\":\"Kapitalis\",\"url\":\"https:\/\/kapitalis.com\/tunisie\/\",\"logo\":{\"@type\":\"ImageObject\",\"inLanguage\":\"fr-FR\",\"@id\":\"https:\/\/kapitalis.com\/tunisie\/#\/schema\/logo\/image\/\",\"url\":\"https:\/\/kapitalis.com\/tunisie\/wp-content\/uploads\/2022\/05\/Kapitalis-big-size.png\",\"contentUrl\":\"https:\/\/kapitalis.com\/tunisie\/wp-content\/uploads\/2022\/05\/Kapitalis-big-size.png\",\"width\":5000,\"height\":1500,\"caption\":\"Kapitalis\"},\"image\":{\"@id\":\"https:\/\/kapitalis.com\/tunisie\/#\/schema\/logo\/image\/\"},\"sameAs\":[\"https:\/\/www.facebook.com\/KapitalisInfo\/\",\"https:\/\/x.com\/KapitalisInfo\",\"https:\/\/www.youtube.com\/channel\/UC-yDYrHyfFBWWZaOw3FPg9Q\"]},{\"@type\":\"Person\",\"@id\":\"https:\/\/kapitalis.com\/tunisie\/#\/schema\/person\/d71f33a9ca44f7bad4698210b480c8e9\",\"name\":\"webmaster kapitalis\",\"url\":\"https:\/\/kapitalis.com\/tunisie\/author\/webmaster-kapitalis\/\"}]}<\/script>\n<!-- \/ Yoast SEO plugin. -->","yoast_head_json":{"title":"Tunisie\u00a0: r\u00e9f\u00e9rendum populaire ou passage en force\u00a0? - Kapitalis","robots":{"index":"index","follow":"follow","max-snippet":"max-snippet:-1","max-image-preview":"max-image-preview:large","max-video-preview":"max-video-preview:-1"},"canonical":"https:\/\/kapitalis.com\/tunisie\/2022\/06\/30\/tunisie-referendum-populaire-ou-passage-en-force\/","og_locale":"fr_FR","og_type":"article","og_title":"Tunisie\u00a0: r\u00e9f\u00e9rendum populaire ou passage en force\u00a0? - Kapitalis","og_description":"Les normes internationales pour la conduite des r\u00e9f\u00e9rendums n'ont pas \u00e9t\u00e9 pleinement respect\u00e9es en Tunisie pour la tenue du r\u00e9f\u00e9rendum du 25 juillet\u00a0sur la nouvelle constitution.","og_url":"https:\/\/kapitalis.com\/tunisie\/2022\/06\/30\/tunisie-referendum-populaire-ou-passage-en-force\/","og_site_name":"Kapitalis","article_publisher":"https:\/\/www.facebook.com\/KapitalisInfo\/","article_published_time":"2022-06-30T06:50:16+00:00","article_modified_time":"2022-06-30T06:50:17+00:00","og_image":[{"width":1200,"height":630,"url":"https:\/\/kapitalis.com\/tunisie\/wp-content\/uploads\/2022\/06\/Democracy-Reporting-International.jpg","type":"image\/jpeg"}],"author":"webmaster kapitalis","twitter_card":"summary_large_image","twitter_creator":"@KapitalisInfo","twitter_site":"@KapitalisInfo","twitter_misc":{"\u00c9crit par":"webmaster kapitalis","Dur\u00e9e de lecture estim\u00e9e":"2 minutes"},"schema":{"@context":"https:\/\/schema.org","@graph":[{"@type":"Article","@id":"https:\/\/kapitalis.com\/tunisie\/2022\/06\/30\/tunisie-referendum-populaire-ou-passage-en-force\/#article","isPartOf":{"@id":"https:\/\/kapitalis.com\/tunisie\/2022\/06\/30\/tunisie-referendum-populaire-ou-passage-en-force\/"},"author":{"name":"webmaster kapitalis","@id":"https:\/\/kapitalis.com\/tunisie\/#\/schema\/person\/d71f33a9ca44f7bad4698210b480c8e9"},"headline":"Tunisie\u00a0: r\u00e9f\u00e9rendum populaire ou passage en force\u00a0?","datePublished":"2022-06-30T06:50:16+00:00","dateModified":"2022-06-30T06:50:17+00:00","mainEntityOfPage":{"@id":"https:\/\/kapitalis.com\/tunisie\/2022\/06\/30\/tunisie-referendum-populaire-ou-passage-en-force\/"},"wordCount":345,"commentCount":2,"publisher":{"@id":"https:\/\/kapitalis.com\/tunisie\/#organization"},"image":{"@id":"https:\/\/kapitalis.com\/tunisie\/2022\/06\/30\/tunisie-referendum-populaire-ou-passage-en-force\/#primaryimage"},"thumbnailUrl":"https:\/\/kapitalis.com\/tunisie\/wp-content\/uploads\/2022\/06\/Democracy-Reporting-International.jpg","keywords":["Amin Thabet","Democracy Reporting International","Ka\u00efs Sa\u00efed","Kaouthar Debbeche","nouvelle constitution","r\u00e9f\u00e9rendum du 25 juillet","Tunisie"],"articleSection":["POLITIQUE","Tunisie"],"inLanguage":"fr-FR","potentialAction":[{"@type":"CommentAction","name":"Comment","target":["https:\/\/kapitalis.com\/tunisie\/2022\/06\/30\/tunisie-referendum-populaire-ou-passage-en-force\/#respond"]}]},{"@type":"WebPage","@id":"https:\/\/kapitalis.com\/tunisie\/2022\/06\/30\/tunisie-referendum-populaire-ou-passage-en-force\/","url":"https:\/\/kapitalis.com\/tunisie\/2022\/06\/30\/tunisie-referendum-populaire-ou-passage-en-force\/","name":"Tunisie\u00a0: r\u00e9f\u00e9rendum populaire ou passage en force\u00a0? - Kapitalis","isPartOf":{"@id":"https:\/\/kapitalis.com\/tunisie\/#website"},"primaryImageOfPage":{"@id":"https:\/\/kapitalis.com\/tunisie\/2022\/06\/30\/tunisie-referendum-populaire-ou-passage-en-force\/#primaryimage"},"image":{"@id":"https:\/\/kapitalis.com\/tunisie\/2022\/06\/30\/tunisie-referendum-populaire-ou-passage-en-force\/#primaryimage"},"thumbnailUrl":"https:\/\/kapitalis.com\/tunisie\/wp-content\/uploads\/2022\/06\/Democracy-Reporting-International.jpg","datePublished":"2022-06-30T06:50:16+00:00","dateModified":"2022-06-30T06:50:17+00:00","breadcrumb":{"@id":"https:\/\/kapitalis.com\/tunisie\/2022\/06\/30\/tunisie-referendum-populaire-ou-passage-en-force\/#breadcrumb"},"inLanguage":"fr-FR","potentialAction":[{"@type":"ReadAction","target":["https:\/\/kapitalis.com\/tunisie\/2022\/06\/30\/tunisie-referendum-populaire-ou-passage-en-force\/"]}]},{"@type":"ImageObject","inLanguage":"fr-FR","@id":"https:\/\/kapitalis.com\/tunisie\/2022\/06\/30\/tunisie-referendum-populaire-ou-passage-en-force\/#primaryimage","url":"https:\/\/kapitalis.com\/tunisie\/wp-content\/uploads\/2022\/06\/Democracy-Reporting-International.jpg","contentUrl":"https:\/\/kapitalis.com\/tunisie\/wp-content\/uploads\/2022\/06\/Democracy-Reporting-International.jpg","width":1200,"height":630},{"@type":"BreadcrumbList","@id":"https:\/\/kapitalis.com\/tunisie\/2022\/06\/30\/tunisie-referendum-populaire-ou-passage-en-force\/#breadcrumb","itemListElement":[{"@type":"ListItem","position":1,"name":"Accueil","item":"https:\/\/kapitalis.com\/tunisie\/"},{"@type":"ListItem","position":2,"name":"Tunisie\u00a0: r\u00e9f\u00e9rendum populaire ou passage en force\u00a0?"}]},{"@type":"WebSite","@id":"https:\/\/kapitalis.com\/tunisie\/#website","url":"https:\/\/kapitalis.com\/tunisie\/","name":"Kapitalis","description":"L&#039;actualit\u00e9 en Tunisie et dans le monde","publisher":{"@id":"https:\/\/kapitalis.com\/tunisie\/#organization"},"potentialAction":[{"@type":"SearchAction","target":{"@type":"EntryPoint","urlTemplate":"https:\/\/kapitalis.com\/tunisie\/?s={search_term_string}"},"query-input":{"@type":"PropertyValueSpecification","valueRequired":true,"valueName":"search_term_string"}}],"inLanguage":"fr-FR"},{"@type":"Organization","@id":"https:\/\/kapitalis.com\/tunisie\/#organization","name":"Kapitalis","url":"https:\/\/kapitalis.com\/tunisie\/","logo":{"@type":"ImageObject","inLanguage":"fr-FR","@id":"https:\/\/kapitalis.com\/tunisie\/#\/schema\/logo\/image\/","url":"https:\/\/kapitalis.com\/tunisie\/wp-content\/uploads\/2022\/05\/Kapitalis-big-size.png","contentUrl":"https:\/\/kapitalis.com\/tunisie\/wp-content\/uploads\/2022\/05\/Kapitalis-big-size.png","width":5000,"height":1500,"caption":"Kapitalis"},"image":{"@id":"https:\/\/kapitalis.com\/tunisie\/#\/schema\/logo\/image\/"},"sameAs":["https:\/\/www.facebook.com\/KapitalisInfo\/","https:\/\/x.com\/KapitalisInfo","https:\/\/www.youtube.com\/channel\/UC-yDYrHyfFBWWZaOw3FPg9Q"]},{"@type":"Person","@id":"https:\/\/kapitalis.com\/tunisie\/#\/schema\/person\/d71f33a9ca44f7bad4698210b480c8e9","name":"webmaster kapitalis","url":"https:\/\/kapitalis.com\/tunisie\/author\/webmaster-kapitalis\/"}]}},"_links":{"self":[{"href":"https:\/\/kapitalis.com\/tunisie\/wp-json\/wp\/v2\/posts\/1866228","targetHints":{"allow":["GET"]}}],"collection":[{"href":"https:\/\/kapitalis.com\/tunisie\/wp-json\/wp\/v2\/posts"}],"about":[{"href":"https:\/\/kapitalis.com\/tunisie\/wp-json\/wp\/v2\/types\/post"}],"author":[{"embeddable":true,"href":"https:\/\/kapitalis.com\/tunisie\/wp-json\/wp\/v2\/users\/8"}],"replies":[{"embeddable":true,"href":"https:\/\/kapitalis.com\/tunisie\/wp-json\/wp\/v2\/comments?post=1866228"}],"version-history":[{"count":0,"href":"https:\/\/kapitalis.com\/tunisie\/wp-json\/wp\/v2\/posts\/1866228\/revisions"}],"wp:featuredmedia":[{"embeddable":true,"href":"https:\/\/kapitalis.com\/tunisie\/wp-json\/wp\/v2\/media\/1866251"}],"wp:attachment":[{"href":"https:\/\/kapitalis.com\/tunisie\/wp-json\/wp\/v2\/media?parent=1866228"}],"wp:term":[{"taxonomy":"category","embeddable":true,"href":"https:\/\/kapitalis.com\/tunisie\/wp-json\/wp\/v2\/categories?post=1866228"},{"taxonomy":"post_tag","embeddable":true,"href":"https:\/\/kapitalis.com\/tunisie\/wp-json\/wp\/v2\/tags?post=1866228"}],"curies":[{"name":"wp","href":"https:\/\/api.w.org\/{rel}","templated":true}]}}