{"id":18686210,"date":"2026-04-25T08:09:54","date_gmt":"2026-04-25T07:09:54","guid":{"rendered":"https:\/\/kapitalis.com\/tunisie\/?p=18686210"},"modified":"2026-04-25T08:09:55","modified_gmt":"2026-04-25T07:09:55","slug":"ibn-rochd-et-al-ghazali-dans-la-tunisie-contemporaine","status":"publish","type":"post","link":"https:\/\/kapitalis.com\/tunisie\/2026\/04\/25\/ibn-rochd-et-al-ghazali-dans-la-tunisie-contemporaine\/","title":{"rendered":"Ibn Rochd et Al-Ghazali dans la Tunisie contemporaine"},"content":{"rendered":"\n<p><strong>\u00c0 l\u2019occasion de la comm\u00e9moration mondiale du 9<sup>\u00e8me<\/sup> centenaire de la naissance d\u2019Ibn Rochd (Averro\u00e8s), la projection-d\u00e9bat \u00a0du film \u2018\u2018Le Destin\u2019\u2019, de Youssef Chahine \u00e0 l\u2019\u00c9cole de cin\u00e9ma de Gammarth, et le colloque consacr\u00e9 au philosophe \u00e0 la Foire internationale du livre de Tunis ce\u00a0 dimanche 26 avril 2026 constituent les moments phare de cette comm\u00e9moration. <\/strong><\/p>\n\n\n\n<p><strong>Abdelhamid Largu\u00e8che<\/strong> *<\/p>\n\n\n\n<!--more-->\n\n\n<div class=\"wp-block-image\">\n<figure class=\"alignleft size-full\"><img loading=\"lazy\" decoding=\"async\" width=\"200\" height=\"200\" src=\"https:\/\/kapitalis.com\/tunisie\/wp-content\/uploads\/2026\/01\/Abdelhamid-Largueche-Timbre.jpg\" alt=\"\" class=\"wp-image-18218829\" srcset=\"https:\/\/kapitalis.com\/tunisie\/wp-content\/uploads\/2026\/01\/Abdelhamid-Largueche-Timbre.jpg 200w, https:\/\/kapitalis.com\/tunisie\/wp-content\/uploads\/2026\/01\/Abdelhamid-Largueche-Timbre-150x150.jpg 150w, https:\/\/kapitalis.com\/tunisie\/wp-content\/uploads\/2026\/01\/Abdelhamid-Largueche-Timbre-120x120.jpg 120w\" sizes=\"auto, (max-width: 200px) 100vw, 200px\" \/><\/figure>\n<\/div>\n\n\n<p>L\u2019exil d\u2019Averro\u00e8s port\u00e9 \u00e0 l\u2019\u00e9cran depuis pr\u00e8s de 30 ans par Chahine marque la fin d\u2019un monde, mais aussi le d\u00e9but d\u2019un autre. En quittant Cordoue, la pens\u00e9e perd son ancrage imm\u00e9diat mais gagne en extension. Chahine rejoint ici une v\u00e9rit\u00e9 historique : marginalis\u00e9 dans le monde musulman, Ibn Rochd devient une r\u00e9f\u00e9rence majeure dans l\u2019Europe m\u00e9di\u00e9vale, influen\u00e7ant notamment Thomas d\u2019Aquin.<\/p>\n\n\n\n<p>Le film propose ainsi une r\u00e9flexion profonde sur la temporalit\u00e9 des id\u00e9es. La d\u00e9faite est imm\u00e9diate, la victoire diff\u00e9r\u00e9e. La raison ne triomphe pas dans l\u2019instant, mais elle survit dans la dur\u00e9e.<\/p>\n\n\n\n<p><em>\u2018\u2018<\/em><em>Le Destin<\/em><em>\u2019\u2019<\/em> n\u2019est pas un simple film historique ni un biopic philosophique. C\u2019est un manifeste cin\u00e9matographique en faveur de la libert\u00e9 intellectuelle. En articulant critique du pouvoir, analyse de l\u2019extr\u00e9misme et c\u00e9l\u00e9bration de la transmission, Chahine propose une \u0153uvre d\u2019une actualit\u00e9 persistante.<\/p>\n\n\n\n<p>Sa th\u00e8se, d\u2019une simplicit\u00e9 redoutable, traverse le film : toute soci\u00e9t\u00e9 est confront\u00e9e, t\u00f4t ou tard, \u00e0 un choix d\u00e9cisif&nbsp;: &nbsp;prot\u00e9ger ses penseurs ou les livrer au feu.<\/p>\n\n\n\n<p>Le reste, comme le sugg\u00e8re la derni\u00e8re image du film, n\u2019est qu\u2019une question de temps : les id\u00e9es, elles, ont des ailes.<\/p>\n\n\n\n<p>Ce film nous a inspir\u00e9 cette r\u00e9flexion consacr\u00e9e au d\u00e9bat \u00e9ternel et insoluble entre Averro\u00e8s et Al-Ghazali, d\u00e9bat qui continue \u00e0 hanter nos esprits au pr\u00e9sent.<\/p>\n\n\n\n<h2 class=\"wp-block-heading\">Une tension qui ne passe pas\u00a0<\/h2>\n\n\n\n<p>Il est des conflits que l\u2019histoire ne r\u00e9sout pas. Celui qui oppose la raison philosophique \u00e0 la transcendance religieuse est de ceux-l\u00e0. Depuis des si\u00e8cles, on tente de le d\u00e9passer : en conciliant, en hi\u00e9rarchisant, en subordonnant. Mais rien n\u2019y fait. La tension demeure.<\/p>\n\n\n\n<p>C\u2019est dans la confrontation entre Averro\u00e8s et Al-Ghazali que cette tension appara\u00eet dans sa forme la plus nette. Non comme un simple d\u00e9saccord, mais comme une v\u00e9ritable <em>\u00ab<\/em><em>aporie<\/em><em>\u00bb<\/em> : une contradiction que la pens\u00e9e ne parvient pas \u00e0 d\u00e9passer sans se contredire elle-m\u00eame.<\/p>\n\n\n\n<p>Toute la difficult\u00e9 tient dans une pr\u00e9tention : celle de la raison \u00e0 \u00eatre universelle et autonome. La raison d\u00e9monstrative \u2014 h\u00e9rit\u00e9e d\u2019Aristote \u2014 veut \u00e9tablir des v\u00e9rit\u00e9s valables pour tous, ind\u00e9pendamment des croyances.<\/p>\n\n\n\n<p>Mais cette pr\u00e9tention est fragile. Car la raison ne pense jamais hors sol. Elle d\u00e9pend des sens, du langage, de l\u2019histoire et des contextes culturels.<\/p>\n\n\n\n<p>Elle veut \u00eatre fondement, mais elle est elle-m\u00eame situ\u00e9e. Elle veut \u00eatre juge, mais elle est aussi partie prenante.<\/p>\n\n\n\n<p>C\u2019est cette contradiction qu\u2019Al-Ghazali met en lumi\u00e8re avec une radicalit\u00e9 troublante.<\/p>\n\n\n\n<h2 class=\"wp-block-heading\">Al-Ghazali : la limite de la causalit\u00e9<\/h2>\n\n\n\n<p>Prenons un exemple concret : la causalit\u00e9. Pour la philosophie aristot\u00e9licienne, reprise par Averro\u00e8s, le monde est structur\u00e9 par des causes n\u00e9cessaires. Le feu br\u00fble le coton, non par hasard, mais parce qu\u2019il existe un lien r\u00e9el entre les deux.<\/p>\n\n\n\n<p>Al-Ghazali conteste cette \u00e9vidence. Pour lui, ce que nous appelons <em>\u00ab<\/em><em>cause<\/em><em>\u00bb<\/em> n\u2019est qu\u2019une <em>\u00ab<\/em><em>habitude de perception<\/em><em>\u00bb<\/em>. Nous voyons le feu br\u00fbler le coton, mais rien ne prouve que le feu est la cause du br\u00fblement. Dieu pourrait tr\u00e8s bien produire l\u2019effet sans la cause.<\/p>\n\n\n\n<p>Autrement dit : il n\u2019y a pas de n\u00e9cessit\u00e9 dans le monde, seulement une r\u00e9gularit\u00e9 voulue par Dieu.<\/p>\n\n\n\n<p>Cette critique est redoutable. Elle introduit un doute radical : si la causalit\u00e9 n\u2019est pas n\u00e9cessaire, alors toute science devient fragile.<\/p>\n\n\n\n<h2 class=\"wp-block-heading\">La r\u00e9ponse d\u2019Averro\u00e8s : sauver l\u2019intelligibilit\u00e9 du monde<\/h2>\n\n\n\n<p>Averro\u00e8s ne peut accepter cette conclusion. Car sans causalit\u00e9, il n\u2019y a plus de science, plus de connaissance possible.<\/p>\n\n\n\n<p>Sa r\u00e9ponse est nette : nier les causes, c\u2019est nier la rationalit\u00e9 du monde. Et nier la rationalit\u00e9 du monde, c\u2019est rendre impossible toute pens\u00e9e.<\/p>\n\n\n\n<p>Pour lui, Dieu n\u2019est pas un arbitre capricieux qui suspend les lois \u00e0 chaque instant. Il est au contraire le garant de l\u2019ordre du monde. Les causes sont r\u00e9elles, et leur r\u00e9gularit\u00e9 est ce qui rend la connaissance possible.<\/p>\n\n\n\n<p>Derri\u00e8re ce d\u00e9saccord, il y a deux visions incompatibles :<\/p>\n\n\n\n<p>&#8211; un monde d\u00e9pendant \u00e0 chaque instant de la volont\u00e9 divine (Al-Ghazali)&nbsp;;<\/p>\n\n\n\n<p>&#8211; un monde intelligible par lui-m\u00eame, structur\u00e9 par des lois (Averro\u00e8s).<\/p>\n\n\n\n<h2 class=\"wp-block-heading\">L\u2019\u00e9ternit\u00e9 du monde : un second point de rupture<\/h2>\n\n\n\n<p>Un autre exemple \u00e9claire cette opposition : la question de l\u2019\u00e9ternit\u00e9 du monde.<\/p>\n\n\n\n<p>Dans la tradition religieuse, le monde a un commencement : il est cr\u00e9\u00e9 par Dieu \u00e0 un moment donn\u00e9.<\/p>\n\n\n\n<p>Mais pour Aristote, suivi par Averro\u00e8s, le monde est \u00e9ternel. Il n\u2019a pas de d\u00e9but dans le temps. Il existe n\u00e9cessairement.<\/p>\n\n\n\n<p>Al-Ghazali y voit une h\u00e9r\u00e9sie majeure. Car si le monde est \u00e9ternel, alors Dieu n\u2019est plus cr\u00e9ateur au sens fort.<\/p>\n\n\n\n<p>Averro\u00e8s r\u00e9pond en distinguant deux registres :<\/p>\n\n\n\n<p>&#8211; la v\u00e9rit\u00e9 philosophique, qui d\u00e9montre l\u2019\u00e9ternit\u00e9 du monde,<\/p>\n\n\n\n<p>&#8211; la v\u00e9rit\u00e9 religieuse, qui parle de cr\u00e9ation dans un langage accessible.<\/p>\n\n\n\n<p>Mais cette solution cr\u00e9e une tension suppl\u00e9mentaire : peut-on accepter deux v\u00e9rit\u00e9s sans les faire entrer en conflit ?<\/p>\n\n\n\n<h2 class=\"wp-block-heading\">Une solution \u00e9litiste et fragile<\/h2>\n\n\n\n<p>Pour sortir de l\u2019impasse, Averro\u00e8s propose une hi\u00e9rarchie des publics :<\/p>\n\n\n\n<p>&#8211; les philosophes acc\u00e8dent \u00e0 la v\u00e9rit\u00e9 d\u00e9monstrative&nbsp;;<\/p>\n\n\n\n<p>&#8211; la majorit\u00e9 re\u00e7oit des images adapt\u00e9es \u00e0 sa compr\u00e9hension.<\/p>\n\n\n\n<p>La religion devient alors une p\u00e9dagogie du vrai.<\/p>\n\n\n\n<p>Mais cette solution est fragile. Elle suppose une s\u00e9paration durable entre savoir et croyance, entre \u00e9lite et masse. Elle pose aussi une question politique : qui d\u00e9cide de ce que chacun doit croire ?<\/p>\n\n\n\n<h2 class=\"wp-block-heading\"><strong>Une tension toujours actuelle : le cas tunisien<\/strong><strong><\/strong><\/h2>\n\n\n\n<p>Ce d\u00e9bat n\u2019appartient pas au pass\u00e9. Il traverse encore nos, et notamment la Tunisie contemporaine.<\/p>\n\n\n\n<p>Depuis la r\u00e9volution de 2011, une question revient avec insistance : <em>\u00abQ<\/em><em>uelle place pour la religion dans l\u2019espace public ?<\/em><em>\u00bb<\/em>. Faut-il un espace public neutre, fond\u00e9 sur la raison et le droit ? ou un espace travers\u00e9 par les r\u00e9f\u00e9rences religieuses, comme expression d\u2019une identit\u00e9 collective ?<\/p>\n\n\n\n<p>Derri\u00e8re ces positions, on retrouve, sous d\u2019autres formes, le conflit entre Averro\u00e8s et Al-Ghazali : ceux qui d\u00e9fendent l\u2019autonomie du politique et du rationnel, et ceux qui affirment la primaut\u00e9 du r\u00e9f\u00e9rent religieux.<\/p>\n\n\n\n<p>La question de la causalit\u00e9 devient aujourd\u2019hui celle de la science et de son autorit\u00e9.<\/p>\n\n\n\n<p>La question de l\u2019\u00e9ternit\u00e9 du monde devient celle du rapport entre savoir scientifique et v\u00e9rit\u00e9 religieuse.<\/p>\n\n\n\n<p>La question de la hi\u00e9rarchie des publics devient celle de l\u2019\u00e9ducation, de la libert\u00e9 de conscience et du r\u00f4le de l\u2019\u00c9tat.<\/p>\n\n\n\n<h2 class=\"wp-block-heading\">Raison et foi : une aporie vivante<\/h2>\n\n\n\n<p>Il est tentant de vouloir trancher. De choisir un camp. D\u2019imposer une synth\u00e8se. Mais peut-\u00eatre faut-il reconna\u00eetre que cette tension est irr\u00e9ductible.<\/p>\n\n\n\n<p>La raison est notre seul outil pour penser le monde. Mais elle est limit\u00e9e, situ\u00e9e, expos\u00e9e au doute.<\/p>\n\n\n\n<p>La foi r\u00e9pond \u00e0 des attentes que la raison ne peut ni dissoudre ni remplacer.<\/p>\n\n\n\n<p>Vouloir \u00e9liminer l\u2019une au profit de l\u2019autre, c\u2019est mutiler notre exp\u00e9rience du r\u00e9el.<\/p>\n\n\n\n<p>Averro\u00e8s et Al-Ghazali ne nous offrent pas une solution. Ils nous obligent \u00e0 penser dans l\u2019inconfort. Et dans une soci\u00e9t\u00e9 comme la n\u00f4tre, cet inconfort n\u2019est pas un \u00e9chec. C\u2019est peut-\u00eatre la condition m\u00eame de la libert\u00e9.<\/p>\n\n\n\n<p>* <em>Historien et \u00e9crivain.  <\/em><\/p>\n","protected":false},"excerpt":{"rendered":"<p>A l\u2019occasion de la comm\u00e9moration mondiale du 9\u00e8me centenaire de la naissance d\u2019Ibn Rochd (Averro\u00e8s), retour au d\u00e9bat Ibn Rochd &#8211; Al-Ghazali.<\/p>\n","protected":false},"author":8,"featured_media":18686225,"comment_status":"open","ping_status":"open","sticky":false,"template":"","format":"standard","meta":{"footnotes":""},"categories":[992,994,1000,2433],"tags":[128005,128006,102086,105070,128004,128007,123263,71978],"class_list":["post-18686210","post","type-post","status-publish","format-standard","has-post-thumbnail","hentry","category-a-la-une","category-culture","category-tribune","category-tunisie","tag-al-ghazali","tag-aristote","tag-averroes","tag-cordoue","tag-ibn-rochd","tag-ibn-rushd","tag-thomas-daquin","tag-youssef-chahine"],"yoast_head":"<!-- This site is optimized with the Yoast SEO plugin v26.6 - https:\/\/yoast.com\/wordpress\/plugins\/seo\/ -->\n<title>Ibn Rochd et Al-Ghazali dans la Tunisie contemporaine - Kapitalis<\/title>\n<meta name=\"description\" content=\"A l\u2019occasion de la comm\u00e9moration mondiale du 9\u00e8me centenaire de la naissance d\u2019Ibn Rochd (Averro\u00e8s), retour au d\u00e9bat Ibn Rochd - Al-Ghazali.\" \/>\n<meta name=\"robots\" content=\"index, follow, max-snippet:-1, max-image-preview:large, max-video-preview:-1\" \/>\n<link rel=\"canonical\" href=\"https:\/\/kapitalis.com\/tunisie\/2026\/04\/25\/ibn-rochd-et-al-ghazali-dans-la-tunisie-contemporaine\/\" \/>\n<meta property=\"og:locale\" content=\"fr_FR\" \/>\n<meta property=\"og:type\" content=\"article\" \/>\n<meta property=\"og:title\" content=\"Ibn Rochd et Al-Ghazali dans la Tunisie contemporaine - Kapitalis\" \/>\n<meta property=\"og:description\" content=\"A l\u2019occasion de la comm\u00e9moration mondiale du 9\u00e8me centenaire de la naissance d\u2019Ibn Rochd (Averro\u00e8s), retour au d\u00e9bat Ibn Rochd - Al-Ghazali.\" \/>\n<meta property=\"og:url\" content=\"https:\/\/kapitalis.com\/tunisie\/2026\/04\/25\/ibn-rochd-et-al-ghazali-dans-la-tunisie-contemporaine\/\" \/>\n<meta property=\"og:site_name\" content=\"Kapitalis\" \/>\n<meta property=\"article:publisher\" content=\"https:\/\/www.facebook.com\/KapitalisInfo\/\" \/>\n<meta property=\"article:published_time\" content=\"2026-04-25T07:09:54+00:00\" \/>\n<meta property=\"article:modified_time\" content=\"2026-04-25T07:09:55+00:00\" \/>\n<meta property=\"og:image\" content=\"https:\/\/kapitalis.com\/tunisie\/wp-content\/uploads\/2026\/04\/Ibn-Rochd-Le-Destin-Youssef-Chahine.jpg\" \/>\n\t<meta property=\"og:image:width\" content=\"1200\" \/>\n\t<meta property=\"og:image:height\" content=\"630\" \/>\n\t<meta property=\"og:image:type\" content=\"image\/jpeg\" \/>\n<meta name=\"author\" content=\"webmaster kapitalis\" \/>\n<meta name=\"twitter:card\" content=\"summary_large_image\" \/>\n<meta name=\"twitter:creator\" content=\"@KapitalisInfo\" \/>\n<meta name=\"twitter:site\" content=\"@KapitalisInfo\" \/>\n<meta name=\"twitter:label1\" content=\"\u00c9crit par\" \/>\n\t<meta name=\"twitter:data1\" content=\"webmaster kapitalis\" \/>\n\t<meta name=\"twitter:label2\" content=\"Dur\u00e9e de lecture estim\u00e9e\" \/>\n\t<meta name=\"twitter:data2\" content=\"7 minutes\" \/>\n<script type=\"application\/ld+json\" class=\"yoast-schema-graph\">{\"@context\":\"https:\/\/schema.org\",\"@graph\":[{\"@type\":\"Article\",\"@id\":\"https:\/\/kapitalis.com\/tunisie\/2026\/04\/25\/ibn-rochd-et-al-ghazali-dans-la-tunisie-contemporaine\/#article\",\"isPartOf\":{\"@id\":\"https:\/\/kapitalis.com\/tunisie\/2026\/04\/25\/ibn-rochd-et-al-ghazali-dans-la-tunisie-contemporaine\/\"},\"author\":{\"name\":\"webmaster kapitalis\",\"@id\":\"https:\/\/kapitalis.com\/tunisie\/#\/schema\/person\/d71f33a9ca44f7bad4698210b480c8e9\"},\"headline\":\"Ibn Rochd et Al-Ghazali dans la Tunisie contemporaine\",\"datePublished\":\"2026-04-25T07:09:54+00:00\",\"dateModified\":\"2026-04-25T07:09:55+00:00\",\"mainEntityOfPage\":{\"@id\":\"https:\/\/kapitalis.com\/tunisie\/2026\/04\/25\/ibn-rochd-et-al-ghazali-dans-la-tunisie-contemporaine\/\"},\"wordCount\":1345,\"commentCount\":0,\"publisher\":{\"@id\":\"https:\/\/kapitalis.com\/tunisie\/#organization\"},\"image\":{\"@id\":\"https:\/\/kapitalis.com\/tunisie\/2026\/04\/25\/ibn-rochd-et-al-ghazali-dans-la-tunisie-contemporaine\/#primaryimage\"},\"thumbnailUrl\":\"https:\/\/kapitalis.com\/tunisie\/wp-content\/uploads\/2026\/04\/Ibn-Rochd-Le-Destin-Youssef-Chahine.jpg\",\"keywords\":[\"Al-Ghazali\",\"Aristote\",\"Averro\u00e8s\",\"Cordoue\",\"Ibn Rochd\",\"Ibn Rushd\",\"Thomas d\u2019Aquin\",\"Youssef Chahine\"],\"articleSection\":[\"A LA UNE\",\"CULTURE\",\"TRIBUNE\",\"Tunisie\"],\"inLanguage\":\"fr-FR\",\"potentialAction\":[{\"@type\":\"CommentAction\",\"name\":\"Comment\",\"target\":[\"https:\/\/kapitalis.com\/tunisie\/2026\/04\/25\/ibn-rochd-et-al-ghazali-dans-la-tunisie-contemporaine\/#respond\"]}]},{\"@type\":\"WebPage\",\"@id\":\"https:\/\/kapitalis.com\/tunisie\/2026\/04\/25\/ibn-rochd-et-al-ghazali-dans-la-tunisie-contemporaine\/\",\"url\":\"https:\/\/kapitalis.com\/tunisie\/2026\/04\/25\/ibn-rochd-et-al-ghazali-dans-la-tunisie-contemporaine\/\",\"name\":\"Ibn Rochd et Al-Ghazali dans la Tunisie contemporaine - Kapitalis\",\"isPartOf\":{\"@id\":\"https:\/\/kapitalis.com\/tunisie\/#website\"},\"primaryImageOfPage\":{\"@id\":\"https:\/\/kapitalis.com\/tunisie\/2026\/04\/25\/ibn-rochd-et-al-ghazali-dans-la-tunisie-contemporaine\/#primaryimage\"},\"image\":{\"@id\":\"https:\/\/kapitalis.com\/tunisie\/2026\/04\/25\/ibn-rochd-et-al-ghazali-dans-la-tunisie-contemporaine\/#primaryimage\"},\"thumbnailUrl\":\"https:\/\/kapitalis.com\/tunisie\/wp-content\/uploads\/2026\/04\/Ibn-Rochd-Le-Destin-Youssef-Chahine.jpg\",\"datePublished\":\"2026-04-25T07:09:54+00:00\",\"dateModified\":\"2026-04-25T07:09:55+00:00\",\"description\":\"A l\u2019occasion de la comm\u00e9moration mondiale du 9\u00e8me centenaire de la naissance d\u2019Ibn Rochd (Averro\u00e8s), retour au d\u00e9bat Ibn Rochd - Al-Ghazali.\",\"breadcrumb\":{\"@id\":\"https:\/\/kapitalis.com\/tunisie\/2026\/04\/25\/ibn-rochd-et-al-ghazali-dans-la-tunisie-contemporaine\/#breadcrumb\"},\"inLanguage\":\"fr-FR\",\"potentialAction\":[{\"@type\":\"ReadAction\",\"target\":[\"https:\/\/kapitalis.com\/tunisie\/2026\/04\/25\/ibn-rochd-et-al-ghazali-dans-la-tunisie-contemporaine\/\"]}]},{\"@type\":\"ImageObject\",\"inLanguage\":\"fr-FR\",\"@id\":\"https:\/\/kapitalis.com\/tunisie\/2026\/04\/25\/ibn-rochd-et-al-ghazali-dans-la-tunisie-contemporaine\/#primaryimage\",\"url\":\"https:\/\/kapitalis.com\/tunisie\/wp-content\/uploads\/2026\/04\/Ibn-Rochd-Le-Destin-Youssef-Chahine.jpg\",\"contentUrl\":\"https:\/\/kapitalis.com\/tunisie\/wp-content\/uploads\/2026\/04\/Ibn-Rochd-Le-Destin-Youssef-Chahine.jpg\",\"width\":1200,\"height\":630},{\"@type\":\"BreadcrumbList\",\"@id\":\"https:\/\/kapitalis.com\/tunisie\/2026\/04\/25\/ibn-rochd-et-al-ghazali-dans-la-tunisie-contemporaine\/#breadcrumb\",\"itemListElement\":[{\"@type\":\"ListItem\",\"position\":1,\"name\":\"Accueil\",\"item\":\"https:\/\/kapitalis.com\/tunisie\/\"},{\"@type\":\"ListItem\",\"position\":2,\"name\":\"Ibn Rochd et Al-Ghazali dans la Tunisie contemporaine\"}]},{\"@type\":\"WebSite\",\"@id\":\"https:\/\/kapitalis.com\/tunisie\/#website\",\"url\":\"https:\/\/kapitalis.com\/tunisie\/\",\"name\":\"Kapitalis\",\"description\":\"L&#039;actualit\u00e9 en Tunisie et dans le monde\",\"publisher\":{\"@id\":\"https:\/\/kapitalis.com\/tunisie\/#organization\"},\"potentialAction\":[{\"@type\":\"SearchAction\",\"target\":{\"@type\":\"EntryPoint\",\"urlTemplate\":\"https:\/\/kapitalis.com\/tunisie\/?s={search_term_string}\"},\"query-input\":{\"@type\":\"PropertyValueSpecification\",\"valueRequired\":true,\"valueName\":\"search_term_string\"}}],\"inLanguage\":\"fr-FR\"},{\"@type\":\"Organization\",\"@id\":\"https:\/\/kapitalis.com\/tunisie\/#organization\",\"name\":\"Kapitalis\",\"url\":\"https:\/\/kapitalis.com\/tunisie\/\",\"logo\":{\"@type\":\"ImageObject\",\"inLanguage\":\"fr-FR\",\"@id\":\"https:\/\/kapitalis.com\/tunisie\/#\/schema\/logo\/image\/\",\"url\":\"https:\/\/kapitalis.com\/tunisie\/wp-content\/uploads\/2022\/05\/Kapitalis-big-size.png\",\"contentUrl\":\"https:\/\/kapitalis.com\/tunisie\/wp-content\/uploads\/2022\/05\/Kapitalis-big-size.png\",\"width\":5000,\"height\":1500,\"caption\":\"Kapitalis\"},\"image\":{\"@id\":\"https:\/\/kapitalis.com\/tunisie\/#\/schema\/logo\/image\/\"},\"sameAs\":[\"https:\/\/www.facebook.com\/KapitalisInfo\/\",\"https:\/\/x.com\/KapitalisInfo\",\"https:\/\/www.youtube.com\/channel\/UC-yDYrHyfFBWWZaOw3FPg9Q\"]},{\"@type\":\"Person\",\"@id\":\"https:\/\/kapitalis.com\/tunisie\/#\/schema\/person\/d71f33a9ca44f7bad4698210b480c8e9\",\"name\":\"webmaster kapitalis\",\"url\":\"https:\/\/kapitalis.com\/tunisie\/author\/webmaster-kapitalis\/\"}]}<\/script>\n<!-- \/ Yoast SEO plugin. -->","yoast_head_json":{"title":"Ibn Rochd et Al-Ghazali dans la Tunisie contemporaine - Kapitalis","description":"A l\u2019occasion de la comm\u00e9moration mondiale du 9\u00e8me centenaire de la naissance d\u2019Ibn Rochd (Averro\u00e8s), retour au d\u00e9bat Ibn Rochd - Al-Ghazali.","robots":{"index":"index","follow":"follow","max-snippet":"max-snippet:-1","max-image-preview":"max-image-preview:large","max-video-preview":"max-video-preview:-1"},"canonical":"https:\/\/kapitalis.com\/tunisie\/2026\/04\/25\/ibn-rochd-et-al-ghazali-dans-la-tunisie-contemporaine\/","og_locale":"fr_FR","og_type":"article","og_title":"Ibn Rochd et Al-Ghazali dans la Tunisie contemporaine - Kapitalis","og_description":"A l\u2019occasion de la comm\u00e9moration mondiale du 9\u00e8me centenaire de la naissance d\u2019Ibn Rochd (Averro\u00e8s), retour au d\u00e9bat Ibn Rochd - Al-Ghazali.","og_url":"https:\/\/kapitalis.com\/tunisie\/2026\/04\/25\/ibn-rochd-et-al-ghazali-dans-la-tunisie-contemporaine\/","og_site_name":"Kapitalis","article_publisher":"https:\/\/www.facebook.com\/KapitalisInfo\/","article_published_time":"2026-04-25T07:09:54+00:00","article_modified_time":"2026-04-25T07:09:55+00:00","og_image":[{"width":1200,"height":630,"url":"https:\/\/kapitalis.com\/tunisie\/wp-content\/uploads\/2026\/04\/Ibn-Rochd-Le-Destin-Youssef-Chahine.jpg","type":"image\/jpeg"}],"author":"webmaster kapitalis","twitter_card":"summary_large_image","twitter_creator":"@KapitalisInfo","twitter_site":"@KapitalisInfo","twitter_misc":{"\u00c9crit par":"webmaster kapitalis","Dur\u00e9e de lecture estim\u00e9e":"7 minutes"},"schema":{"@context":"https:\/\/schema.org","@graph":[{"@type":"Article","@id":"https:\/\/kapitalis.com\/tunisie\/2026\/04\/25\/ibn-rochd-et-al-ghazali-dans-la-tunisie-contemporaine\/#article","isPartOf":{"@id":"https:\/\/kapitalis.com\/tunisie\/2026\/04\/25\/ibn-rochd-et-al-ghazali-dans-la-tunisie-contemporaine\/"},"author":{"name":"webmaster kapitalis","@id":"https:\/\/kapitalis.com\/tunisie\/#\/schema\/person\/d71f33a9ca44f7bad4698210b480c8e9"},"headline":"Ibn Rochd et Al-Ghazali dans la Tunisie contemporaine","datePublished":"2026-04-25T07:09:54+00:00","dateModified":"2026-04-25T07:09:55+00:00","mainEntityOfPage":{"@id":"https:\/\/kapitalis.com\/tunisie\/2026\/04\/25\/ibn-rochd-et-al-ghazali-dans-la-tunisie-contemporaine\/"},"wordCount":1345,"commentCount":0,"publisher":{"@id":"https:\/\/kapitalis.com\/tunisie\/#organization"},"image":{"@id":"https:\/\/kapitalis.com\/tunisie\/2026\/04\/25\/ibn-rochd-et-al-ghazali-dans-la-tunisie-contemporaine\/#primaryimage"},"thumbnailUrl":"https:\/\/kapitalis.com\/tunisie\/wp-content\/uploads\/2026\/04\/Ibn-Rochd-Le-Destin-Youssef-Chahine.jpg","keywords":["Al-Ghazali","Aristote","Averro\u00e8s","Cordoue","Ibn Rochd","Ibn Rushd","Thomas d\u2019Aquin","Youssef Chahine"],"articleSection":["A LA UNE","CULTURE","TRIBUNE","Tunisie"],"inLanguage":"fr-FR","potentialAction":[{"@type":"CommentAction","name":"Comment","target":["https:\/\/kapitalis.com\/tunisie\/2026\/04\/25\/ibn-rochd-et-al-ghazali-dans-la-tunisie-contemporaine\/#respond"]}]},{"@type":"WebPage","@id":"https:\/\/kapitalis.com\/tunisie\/2026\/04\/25\/ibn-rochd-et-al-ghazali-dans-la-tunisie-contemporaine\/","url":"https:\/\/kapitalis.com\/tunisie\/2026\/04\/25\/ibn-rochd-et-al-ghazali-dans-la-tunisie-contemporaine\/","name":"Ibn Rochd et Al-Ghazali dans la Tunisie contemporaine - Kapitalis","isPartOf":{"@id":"https:\/\/kapitalis.com\/tunisie\/#website"},"primaryImageOfPage":{"@id":"https:\/\/kapitalis.com\/tunisie\/2026\/04\/25\/ibn-rochd-et-al-ghazali-dans-la-tunisie-contemporaine\/#primaryimage"},"image":{"@id":"https:\/\/kapitalis.com\/tunisie\/2026\/04\/25\/ibn-rochd-et-al-ghazali-dans-la-tunisie-contemporaine\/#primaryimage"},"thumbnailUrl":"https:\/\/kapitalis.com\/tunisie\/wp-content\/uploads\/2026\/04\/Ibn-Rochd-Le-Destin-Youssef-Chahine.jpg","datePublished":"2026-04-25T07:09:54+00:00","dateModified":"2026-04-25T07:09:55+00:00","description":"A l\u2019occasion de la comm\u00e9moration mondiale du 9\u00e8me centenaire de la naissance d\u2019Ibn Rochd (Averro\u00e8s), retour au d\u00e9bat Ibn Rochd - Al-Ghazali.","breadcrumb":{"@id":"https:\/\/kapitalis.com\/tunisie\/2026\/04\/25\/ibn-rochd-et-al-ghazali-dans-la-tunisie-contemporaine\/#breadcrumb"},"inLanguage":"fr-FR","potentialAction":[{"@type":"ReadAction","target":["https:\/\/kapitalis.com\/tunisie\/2026\/04\/25\/ibn-rochd-et-al-ghazali-dans-la-tunisie-contemporaine\/"]}]},{"@type":"ImageObject","inLanguage":"fr-FR","@id":"https:\/\/kapitalis.com\/tunisie\/2026\/04\/25\/ibn-rochd-et-al-ghazali-dans-la-tunisie-contemporaine\/#primaryimage","url":"https:\/\/kapitalis.com\/tunisie\/wp-content\/uploads\/2026\/04\/Ibn-Rochd-Le-Destin-Youssef-Chahine.jpg","contentUrl":"https:\/\/kapitalis.com\/tunisie\/wp-content\/uploads\/2026\/04\/Ibn-Rochd-Le-Destin-Youssef-Chahine.jpg","width":1200,"height":630},{"@type":"BreadcrumbList","@id":"https:\/\/kapitalis.com\/tunisie\/2026\/04\/25\/ibn-rochd-et-al-ghazali-dans-la-tunisie-contemporaine\/#breadcrumb","itemListElement":[{"@type":"ListItem","position":1,"name":"Accueil","item":"https:\/\/kapitalis.com\/tunisie\/"},{"@type":"ListItem","position":2,"name":"Ibn Rochd et Al-Ghazali dans la Tunisie contemporaine"}]},{"@type":"WebSite","@id":"https:\/\/kapitalis.com\/tunisie\/#website","url":"https:\/\/kapitalis.com\/tunisie\/","name":"Kapitalis","description":"L&#039;actualit\u00e9 en Tunisie et dans le monde","publisher":{"@id":"https:\/\/kapitalis.com\/tunisie\/#organization"},"potentialAction":[{"@type":"SearchAction","target":{"@type":"EntryPoint","urlTemplate":"https:\/\/kapitalis.com\/tunisie\/?s={search_term_string}"},"query-input":{"@type":"PropertyValueSpecification","valueRequired":true,"valueName":"search_term_string"}}],"inLanguage":"fr-FR"},{"@type":"Organization","@id":"https:\/\/kapitalis.com\/tunisie\/#organization","name":"Kapitalis","url":"https:\/\/kapitalis.com\/tunisie\/","logo":{"@type":"ImageObject","inLanguage":"fr-FR","@id":"https:\/\/kapitalis.com\/tunisie\/#\/schema\/logo\/image\/","url":"https:\/\/kapitalis.com\/tunisie\/wp-content\/uploads\/2022\/05\/Kapitalis-big-size.png","contentUrl":"https:\/\/kapitalis.com\/tunisie\/wp-content\/uploads\/2022\/05\/Kapitalis-big-size.png","width":5000,"height":1500,"caption":"Kapitalis"},"image":{"@id":"https:\/\/kapitalis.com\/tunisie\/#\/schema\/logo\/image\/"},"sameAs":["https:\/\/www.facebook.com\/KapitalisInfo\/","https:\/\/x.com\/KapitalisInfo","https:\/\/www.youtube.com\/channel\/UC-yDYrHyfFBWWZaOw3FPg9Q"]},{"@type":"Person","@id":"https:\/\/kapitalis.com\/tunisie\/#\/schema\/person\/d71f33a9ca44f7bad4698210b480c8e9","name":"webmaster kapitalis","url":"https:\/\/kapitalis.com\/tunisie\/author\/webmaster-kapitalis\/"}]}},"_links":{"self":[{"href":"https:\/\/kapitalis.com\/tunisie\/wp-json\/wp\/v2\/posts\/18686210","targetHints":{"allow":["GET"]}}],"collection":[{"href":"https:\/\/kapitalis.com\/tunisie\/wp-json\/wp\/v2\/posts"}],"about":[{"href":"https:\/\/kapitalis.com\/tunisie\/wp-json\/wp\/v2\/types\/post"}],"author":[{"embeddable":true,"href":"https:\/\/kapitalis.com\/tunisie\/wp-json\/wp\/v2\/users\/8"}],"replies":[{"embeddable":true,"href":"https:\/\/kapitalis.com\/tunisie\/wp-json\/wp\/v2\/comments?post=18686210"}],"version-history":[{"count":1,"href":"https:\/\/kapitalis.com\/tunisie\/wp-json\/wp\/v2\/posts\/18686210\/revisions"}],"predecessor-version":[{"id":18686252,"href":"https:\/\/kapitalis.com\/tunisie\/wp-json\/wp\/v2\/posts\/18686210\/revisions\/18686252"}],"wp:featuredmedia":[{"embeddable":true,"href":"https:\/\/kapitalis.com\/tunisie\/wp-json\/wp\/v2\/media\/18686225"}],"wp:attachment":[{"href":"https:\/\/kapitalis.com\/tunisie\/wp-json\/wp\/v2\/media?parent=18686210"}],"wp:term":[{"taxonomy":"category","embeddable":true,"href":"https:\/\/kapitalis.com\/tunisie\/wp-json\/wp\/v2\/categories?post=18686210"},{"taxonomy":"post_tag","embeddable":true,"href":"https:\/\/kapitalis.com\/tunisie\/wp-json\/wp\/v2\/tags?post=18686210"}],"curies":[{"name":"wp","href":"https:\/\/api.w.org\/{rel}","templated":true}]}}