{"id":186881,"date":"2018-12-02T09:06:21","date_gmt":"2018-12-02T08:06:21","guid":{"rendered":"http:\/\/kapitalis.com\/tunisie\/?p=186881"},"modified":"2018-12-02T09:06:21","modified_gmt":"2018-12-02T08:06:21","slug":"franck-kom-quittera-t-il-lesperance-a-la-fin-de-la-saison","status":"publish","type":"post","link":"https:\/\/kapitalis.com\/tunisie\/2018\/12\/02\/franck-kom-quittera-t-il-lesperance-a-la-fin-de-la-saison\/","title":{"rendered":"Franck Kom quittera-t-il l\u2019Esp\u00e9rance \u00e0 la fin de la saison ?"},"content":{"rendered":"<p style=\"text-align: center;\"><img loading=\"lazy\" decoding=\"async\" class=\"alignnone size-full wp-image-139501\" src=\"http:\/\/kapitalis.com\/tunisie\/wp-content\/uploads\/2018\/02\/Franck-Kom.jpg\" alt=\"\" width=\"626\" height=\"380\" \/><\/p>\n<p><em><strong>Franck Kom restera jusqu\u2019\u00e0 la fin de la saison 2018-2019 \u00e0 l\u2019Esp\u00e9rance sportive de Tunis, rapporte le site \u2018\u2018Foot 24\u2019\u2019, citant l\u2019agent du joueur.<\/strong> <\/em><\/p>\n<p><!--more--><\/p>\n<p>Ce dernier avait rencontr\u00e9 avant-hier, vendredi 30 novembre 2018, le pr\u00e9sident de l\u2019Esp\u00e9rance, Hamdi Meddeb, pour parler de l\u2019avenir du joueur avec les \u00abSang et or\u00bb, d\u2019autant que les offres ne manquent pas notamment d\u2019Al-Ahly du Caire et de clubs saoudiens qui cherchent \u00e0 l\u2019engager d\u00e8s ce mercato d\u2019hiver.<\/p>\n<p>L\u2019agent de Franck Kom a confirm\u00e9 que le milieu de terrain camerounais poursuivra, selon un accord formel avec Hamdi Meddeb, l\u2019exp\u00e9rience avec l\u2019Esp\u00e9rance, au moins jusqu\u2019\u00e0 la fin de la saison, car l\u2019EST est engag\u00e9 sur plusieurs fronts, notamment la Super Coupe d\u2019Afrique, le championnat de Tunisie, ainsi que la Ligue des champions d&rsquo;Afrique 2019.<\/p>\n<p>Hamdi Meddeb a obtenu de garder le joueur en contrepartie de n\u00e9gocier le contrat de son joueur en fin de saison. Kom obtiendrait-il une prolongation cons\u00e9quente ou serait-il amen\u00e9 \u00e0 \u00e9courter son contrat qui court jusqu\u2019\u00e0 juin 2020 et \u00e0 partir sous d\u2019autres cieux?<\/p>\n<p>Le solide pivot camerounais, devenu l\u2019un des piliers du nouveau champion d\u2019Afrique, \u00e9tait arriv\u00e9 en 2012 en Tunisie apr\u00e8s un essai non concluant \u00e0 Rennes. Il s\u2019est engag\u00e9 avec l\u2019Etoile sportive du Sahel puis a \u00e9t\u00e9 transf\u00e9r\u00e9 au club allemand de seconde division Karlsruher SC. En juillet 2017, il revient en Tunisie pour signer pour 3 saisons avec l\u2019EST, au terme d\u2019un bras de fer avec l\u2019Etoile qui tenait \u00e0 r\u00e9cup\u00e9rer son ex-joueur.<\/p>\n<p style=\"text-align: right;\"><strong>H. M.<\/strong><\/p>\n<blockquote class=\"wp-embedded-content\" data-secret=\"vxIKmR0CeX\"><p><a href=\"https:\/\/kapitalis.com\/tunisie\/2018\/11\/27\/esperance-apres-kom-et-badri-coulibaly-convoite-par-al-ahly\/\">Esp\u00e9rance : Apr\u00e8s Kom et Badri, Coulibaly convoit\u00e9 par Al-Ahly<\/a><\/p><\/blockquote>\n<p><iframe loading=\"lazy\" class=\"wp-embedded-content\" sandbox=\"allow-scripts\" security=\"restricted\" style=\"position: absolute; clip: rect(1px, 1px, 1px, 1px);\" title=\"\u00ab\u00a0Esp\u00e9rance : Apr\u00e8s Kom et Badri, Coulibaly convoit\u00e9 par Al-Ahly\u00a0\u00bb &#8212; Kapitalis\" src=\"https:\/\/kapitalis.com\/tunisie\/2018\/11\/27\/esperance-apres-kom-et-badri-coulibaly-convoite-par-al-ahly\/embed\/#?secret=zRpwWPRcCx#?secret=vxIKmR0CeX\" data-secret=\"vxIKmR0CeX\" width=\"600\" height=\"338\" frameborder=\"0\" marginwidth=\"0\" marginheight=\"0\" scrolling=\"no\"><\/iframe><\/p>\n","protected":false},"excerpt":{"rendered":"<p>Franck Kom restera jusqu\u2019\u00e0 la fin de la saison 2018-2019 \u00e0 l\u2019Esp\u00e9rance sportive de Tunis, rapporte le site \u2018\u2018Foot 24\u2019\u2019, citant l\u2019agent du joueur.<\/p>\n","protected":false},"author":8,"featured_media":0,"comment_status":"open","ping_status":"open","sticky":false,"template":"","format":"standard","meta":{"footnotes":""},"categories":[999,2433],"tags":[32450,3261,4701,2472,14013],"class_list":["post-186881","post","type-post","status-publish","format-standard","hentry","category-sport","category-tunisie","tag-al-ahly-du-caire","tag-esperance-sportive-de-tunis","tag-franck-kom","tag-hamdi-meddeb","tag-ligue-des-champions-dafrique"],"yoast_head":"<!-- This site is optimized with the Yoast SEO plugin v26.6 - https:\/\/yoast.com\/wordpress\/plugins\/seo\/ -->\n<title>Franck Kom quittera-t-il l\u2019Esp\u00e9rance \u00e0 la fin de la saison ? - Kapitalis<\/title>\n<meta name=\"robots\" content=\"index, follow, max-snippet:-1, max-image-preview:large, max-video-preview:-1\" \/>\n<link rel=\"canonical\" href=\"https:\/\/kapitalis.com\/tunisie\/2018\/12\/02\/franck-kom-quittera-t-il-lesperance-a-la-fin-de-la-saison\/\" \/>\n<meta property=\"og:locale\" content=\"fr_FR\" \/>\n<meta property=\"og:type\" content=\"article\" \/>\n<meta property=\"og:title\" content=\"Franck Kom quittera-t-il l\u2019Esp\u00e9rance \u00e0 la fin de la saison ? - Kapitalis\" \/>\n<meta property=\"og:description\" content=\"Franck Kom restera jusqu\u2019\u00e0 la fin de la saison 2018-2019 \u00e0 l\u2019Esp\u00e9rance sportive de Tunis, rapporte le site \u2018\u2018Foot 24\u2019\u2019, citant l\u2019agent du joueur.\" \/>\n<meta property=\"og:url\" content=\"https:\/\/kapitalis.com\/tunisie\/2018\/12\/02\/franck-kom-quittera-t-il-lesperance-a-la-fin-de-la-saison\/\" \/>\n<meta property=\"og:site_name\" content=\"Kapitalis\" \/>\n<meta property=\"article:publisher\" content=\"https:\/\/www.facebook.com\/KapitalisInfo\/\" \/>\n<meta property=\"article:published_time\" content=\"2018-12-02T08:06:21+00:00\" \/>\n<meta property=\"og:image\" content=\"http:\/\/kapitalis.com\/tunisie\/wp-content\/uploads\/2018\/02\/Franck-Kom.jpg\" \/>\n<meta name=\"author\" content=\"webmaster kapitalis\" \/>\n<meta name=\"twitter:card\" content=\"summary_large_image\" \/>\n<meta name=\"twitter:creator\" content=\"@KapitalisInfo\" \/>\n<meta name=\"twitter:site\" content=\"@KapitalisInfo\" \/>\n<meta name=\"twitter:label1\" content=\"\u00c9crit par\" \/>\n\t<meta name=\"twitter:data1\" content=\"webmaster kapitalis\" \/>\n\t<meta name=\"twitter:label2\" content=\"Dur\u00e9e de lecture estim\u00e9e\" \/>\n\t<meta name=\"twitter:data2\" content=\"1 minute\" \/>\n<script type=\"application\/ld+json\" class=\"yoast-schema-graph\">{\"@context\":\"https:\/\/schema.org\",\"@graph\":[{\"@type\":\"Article\",\"@id\":\"https:\/\/kapitalis.com\/tunisie\/2018\/12\/02\/franck-kom-quittera-t-il-lesperance-a-la-fin-de-la-saison\/#article\",\"isPartOf\":{\"@id\":\"https:\/\/kapitalis.com\/tunisie\/2018\/12\/02\/franck-kom-quittera-t-il-lesperance-a-la-fin-de-la-saison\/\"},\"author\":{\"name\":\"webmaster kapitalis\",\"@id\":\"https:\/\/kapitalis.com\/tunisie\/#\/schema\/person\/d71f33a9ca44f7bad4698210b480c8e9\"},\"headline\":\"Franck Kom quittera-t-il l\u2019Esp\u00e9rance \u00e0 la fin de la saison ?\",\"datePublished\":\"2018-12-02T08:06:21+00:00\",\"mainEntityOfPage\":{\"@id\":\"https:\/\/kapitalis.com\/tunisie\/2018\/12\/02\/franck-kom-quittera-t-il-lesperance-a-la-fin-de-la-saison\/\"},\"wordCount\":282,\"commentCount\":1,\"publisher\":{\"@id\":\"https:\/\/kapitalis.com\/tunisie\/#organization\"},\"image\":{\"@id\":\"https:\/\/kapitalis.com\/tunisie\/2018\/12\/02\/franck-kom-quittera-t-il-lesperance-a-la-fin-de-la-saison\/#primaryimage\"},\"thumbnailUrl\":\"http:\/\/kapitalis.com\/tunisie\/wp-content\/uploads\/2018\/02\/Franck-Kom.jpg\",\"keywords\":[\"Al Ahly du Caire\",\"Esp\u00e9rance sportive de Tunis\",\"Franck Kom\",\"Hamdi Meddeb\",\"Ligue des champions d\u2019Afrique\"],\"articleSection\":[\"SPORT\",\"Tunisie\"],\"inLanguage\":\"fr-FR\",\"potentialAction\":[{\"@type\":\"CommentAction\",\"name\":\"Comment\",\"target\":[\"https:\/\/kapitalis.com\/tunisie\/2018\/12\/02\/franck-kom-quittera-t-il-lesperance-a-la-fin-de-la-saison\/#respond\"]}]},{\"@type\":\"WebPage\",\"@id\":\"https:\/\/kapitalis.com\/tunisie\/2018\/12\/02\/franck-kom-quittera-t-il-lesperance-a-la-fin-de-la-saison\/\",\"url\":\"https:\/\/kapitalis.com\/tunisie\/2018\/12\/02\/franck-kom-quittera-t-il-lesperance-a-la-fin-de-la-saison\/\",\"name\":\"Franck Kom quittera-t-il l\u2019Esp\u00e9rance \u00e0 la fin de la saison ? - Kapitalis\",\"isPartOf\":{\"@id\":\"https:\/\/kapitalis.com\/tunisie\/#website\"},\"primaryImageOfPage\":{\"@id\":\"https:\/\/kapitalis.com\/tunisie\/2018\/12\/02\/franck-kom-quittera-t-il-lesperance-a-la-fin-de-la-saison\/#primaryimage\"},\"image\":{\"@id\":\"https:\/\/kapitalis.com\/tunisie\/2018\/12\/02\/franck-kom-quittera-t-il-lesperance-a-la-fin-de-la-saison\/#primaryimage\"},\"thumbnailUrl\":\"http:\/\/kapitalis.com\/tunisie\/wp-content\/uploads\/2018\/02\/Franck-Kom.jpg\",\"datePublished\":\"2018-12-02T08:06:21+00:00\",\"breadcrumb\":{\"@id\":\"https:\/\/kapitalis.com\/tunisie\/2018\/12\/02\/franck-kom-quittera-t-il-lesperance-a-la-fin-de-la-saison\/#breadcrumb\"},\"inLanguage\":\"fr-FR\",\"potentialAction\":[{\"@type\":\"ReadAction\",\"target\":[\"https:\/\/kapitalis.com\/tunisie\/2018\/12\/02\/franck-kom-quittera-t-il-lesperance-a-la-fin-de-la-saison\/\"]}]},{\"@type\":\"ImageObject\",\"inLanguage\":\"fr-FR\",\"@id\":\"https:\/\/kapitalis.com\/tunisie\/2018\/12\/02\/franck-kom-quittera-t-il-lesperance-a-la-fin-de-la-saison\/#primaryimage\",\"url\":\"http:\/\/kapitalis.com\/tunisie\/wp-content\/uploads\/2018\/02\/Franck-Kom.jpg\",\"contentUrl\":\"http:\/\/kapitalis.com\/tunisie\/wp-content\/uploads\/2018\/02\/Franck-Kom.jpg\"},{\"@type\":\"BreadcrumbList\",\"@id\":\"https:\/\/kapitalis.com\/tunisie\/2018\/12\/02\/franck-kom-quittera-t-il-lesperance-a-la-fin-de-la-saison\/#breadcrumb\",\"itemListElement\":[{\"@type\":\"ListItem\",\"position\":1,\"name\":\"Accueil\",\"item\":\"https:\/\/kapitalis.com\/tunisie\/\"},{\"@type\":\"ListItem\",\"position\":2,\"name\":\"Franck Kom quittera-t-il l\u2019Esp\u00e9rance \u00e0 la fin de la saison ?\"}]},{\"@type\":\"WebSite\",\"@id\":\"https:\/\/kapitalis.com\/tunisie\/#website\",\"url\":\"https:\/\/kapitalis.com\/tunisie\/\",\"name\":\"Kapitalis\",\"description\":\"L&#039;actualit\u00e9 en Tunisie et dans le monde\",\"publisher\":{\"@id\":\"https:\/\/kapitalis.com\/tunisie\/#organization\"},\"potentialAction\":[{\"@type\":\"SearchAction\",\"target\":{\"@type\":\"EntryPoint\",\"urlTemplate\":\"https:\/\/kapitalis.com\/tunisie\/?s={search_term_string}\"},\"query-input\":{\"@type\":\"PropertyValueSpecification\",\"valueRequired\":true,\"valueName\":\"search_term_string\"}}],\"inLanguage\":\"fr-FR\"},{\"@type\":\"Organization\",\"@id\":\"https:\/\/kapitalis.com\/tunisie\/#organization\",\"name\":\"Kapitalis\",\"url\":\"https:\/\/kapitalis.com\/tunisie\/\",\"logo\":{\"@type\":\"ImageObject\",\"inLanguage\":\"fr-FR\",\"@id\":\"https:\/\/kapitalis.com\/tunisie\/#\/schema\/logo\/image\/\",\"url\":\"https:\/\/kapitalis.com\/tunisie\/wp-content\/uploads\/2022\/05\/Kapitalis-big-size.png\",\"contentUrl\":\"https:\/\/kapitalis.com\/tunisie\/wp-content\/uploads\/2022\/05\/Kapitalis-big-size.png\",\"width\":5000,\"height\":1500,\"caption\":\"Kapitalis\"},\"image\":{\"@id\":\"https:\/\/kapitalis.com\/tunisie\/#\/schema\/logo\/image\/\"},\"sameAs\":[\"https:\/\/www.facebook.com\/KapitalisInfo\/\",\"https:\/\/x.com\/KapitalisInfo\",\"https:\/\/www.youtube.com\/channel\/UC-yDYrHyfFBWWZaOw3FPg9Q\"]},{\"@type\":\"Person\",\"@id\":\"https:\/\/kapitalis.com\/tunisie\/#\/schema\/person\/d71f33a9ca44f7bad4698210b480c8e9\",\"name\":\"webmaster kapitalis\",\"url\":\"https:\/\/kapitalis.com\/tunisie\/author\/webmaster-kapitalis\/\"}]}<\/script>\n<!-- \/ Yoast SEO plugin. -->","yoast_head_json":{"title":"Franck Kom quittera-t-il l\u2019Esp\u00e9rance \u00e0 la fin de la saison ? - Kapitalis","robots":{"index":"index","follow":"follow","max-snippet":"max-snippet:-1","max-image-preview":"max-image-preview:large","max-video-preview":"max-video-preview:-1"},"canonical":"https:\/\/kapitalis.com\/tunisie\/2018\/12\/02\/franck-kom-quittera-t-il-lesperance-a-la-fin-de-la-saison\/","og_locale":"fr_FR","og_type":"article","og_title":"Franck Kom quittera-t-il l\u2019Esp\u00e9rance \u00e0 la fin de la saison ? - Kapitalis","og_description":"Franck Kom restera jusqu\u2019\u00e0 la fin de la saison 2018-2019 \u00e0 l\u2019Esp\u00e9rance sportive de Tunis, rapporte le site \u2018\u2018Foot 24\u2019\u2019, citant l\u2019agent du joueur.","og_url":"https:\/\/kapitalis.com\/tunisie\/2018\/12\/02\/franck-kom-quittera-t-il-lesperance-a-la-fin-de-la-saison\/","og_site_name":"Kapitalis","article_publisher":"https:\/\/www.facebook.com\/KapitalisInfo\/","article_published_time":"2018-12-02T08:06:21+00:00","og_image":[{"url":"http:\/\/kapitalis.com\/tunisie\/wp-content\/uploads\/2018\/02\/Franck-Kom.jpg","type":"","width":"","height":""}],"author":"webmaster kapitalis","twitter_card":"summary_large_image","twitter_creator":"@KapitalisInfo","twitter_site":"@KapitalisInfo","twitter_misc":{"\u00c9crit par":"webmaster kapitalis","Dur\u00e9e de lecture estim\u00e9e":"1 minute"},"schema":{"@context":"https:\/\/schema.org","@graph":[{"@type":"Article","@id":"https:\/\/kapitalis.com\/tunisie\/2018\/12\/02\/franck-kom-quittera-t-il-lesperance-a-la-fin-de-la-saison\/#article","isPartOf":{"@id":"https:\/\/kapitalis.com\/tunisie\/2018\/12\/02\/franck-kom-quittera-t-il-lesperance-a-la-fin-de-la-saison\/"},"author":{"name":"webmaster kapitalis","@id":"https:\/\/kapitalis.com\/tunisie\/#\/schema\/person\/d71f33a9ca44f7bad4698210b480c8e9"},"headline":"Franck Kom quittera-t-il l\u2019Esp\u00e9rance \u00e0 la fin de la saison ?","datePublished":"2018-12-02T08:06:21+00:00","mainEntityOfPage":{"@id":"https:\/\/kapitalis.com\/tunisie\/2018\/12\/02\/franck-kom-quittera-t-il-lesperance-a-la-fin-de-la-saison\/"},"wordCount":282,"commentCount":1,"publisher":{"@id":"https:\/\/kapitalis.com\/tunisie\/#organization"},"image":{"@id":"https:\/\/kapitalis.com\/tunisie\/2018\/12\/02\/franck-kom-quittera-t-il-lesperance-a-la-fin-de-la-saison\/#primaryimage"},"thumbnailUrl":"http:\/\/kapitalis.com\/tunisie\/wp-content\/uploads\/2018\/02\/Franck-Kom.jpg","keywords":["Al Ahly du Caire","Esp\u00e9rance sportive de Tunis","Franck Kom","Hamdi Meddeb","Ligue des champions d\u2019Afrique"],"articleSection":["SPORT","Tunisie"],"inLanguage":"fr-FR","potentialAction":[{"@type":"CommentAction","name":"Comment","target":["https:\/\/kapitalis.com\/tunisie\/2018\/12\/02\/franck-kom-quittera-t-il-lesperance-a-la-fin-de-la-saison\/#respond"]}]},{"@type":"WebPage","@id":"https:\/\/kapitalis.com\/tunisie\/2018\/12\/02\/franck-kom-quittera-t-il-lesperance-a-la-fin-de-la-saison\/","url":"https:\/\/kapitalis.com\/tunisie\/2018\/12\/02\/franck-kom-quittera-t-il-lesperance-a-la-fin-de-la-saison\/","name":"Franck Kom quittera-t-il l\u2019Esp\u00e9rance \u00e0 la fin de la saison ? - Kapitalis","isPartOf":{"@id":"https:\/\/kapitalis.com\/tunisie\/#website"},"primaryImageOfPage":{"@id":"https:\/\/kapitalis.com\/tunisie\/2018\/12\/02\/franck-kom-quittera-t-il-lesperance-a-la-fin-de-la-saison\/#primaryimage"},"image":{"@id":"https:\/\/kapitalis.com\/tunisie\/2018\/12\/02\/franck-kom-quittera-t-il-lesperance-a-la-fin-de-la-saison\/#primaryimage"},"thumbnailUrl":"http:\/\/kapitalis.com\/tunisie\/wp-content\/uploads\/2018\/02\/Franck-Kom.jpg","datePublished":"2018-12-02T08:06:21+00:00","breadcrumb":{"@id":"https:\/\/kapitalis.com\/tunisie\/2018\/12\/02\/franck-kom-quittera-t-il-lesperance-a-la-fin-de-la-saison\/#breadcrumb"},"inLanguage":"fr-FR","potentialAction":[{"@type":"ReadAction","target":["https:\/\/kapitalis.com\/tunisie\/2018\/12\/02\/franck-kom-quittera-t-il-lesperance-a-la-fin-de-la-saison\/"]}]},{"@type":"ImageObject","inLanguage":"fr-FR","@id":"https:\/\/kapitalis.com\/tunisie\/2018\/12\/02\/franck-kom-quittera-t-il-lesperance-a-la-fin-de-la-saison\/#primaryimage","url":"http:\/\/kapitalis.com\/tunisie\/wp-content\/uploads\/2018\/02\/Franck-Kom.jpg","contentUrl":"http:\/\/kapitalis.com\/tunisie\/wp-content\/uploads\/2018\/02\/Franck-Kom.jpg"},{"@type":"BreadcrumbList","@id":"https:\/\/kapitalis.com\/tunisie\/2018\/12\/02\/franck-kom-quittera-t-il-lesperance-a-la-fin-de-la-saison\/#breadcrumb","itemListElement":[{"@type":"ListItem","position":1,"name":"Accueil","item":"https:\/\/kapitalis.com\/tunisie\/"},{"@type":"ListItem","position":2,"name":"Franck Kom quittera-t-il l\u2019Esp\u00e9rance \u00e0 la fin de la saison ?"}]},{"@type":"WebSite","@id":"https:\/\/kapitalis.com\/tunisie\/#website","url":"https:\/\/kapitalis.com\/tunisie\/","name":"Kapitalis","description":"L&#039;actualit\u00e9 en Tunisie et dans le monde","publisher":{"@id":"https:\/\/kapitalis.com\/tunisie\/#organization"},"potentialAction":[{"@type":"SearchAction","target":{"@type":"EntryPoint","urlTemplate":"https:\/\/kapitalis.com\/tunisie\/?s={search_term_string}"},"query-input":{"@type":"PropertyValueSpecification","valueRequired":true,"valueName":"search_term_string"}}],"inLanguage":"fr-FR"},{"@type":"Organization","@id":"https:\/\/kapitalis.com\/tunisie\/#organization","name":"Kapitalis","url":"https:\/\/kapitalis.com\/tunisie\/","logo":{"@type":"ImageObject","inLanguage":"fr-FR","@id":"https:\/\/kapitalis.com\/tunisie\/#\/schema\/logo\/image\/","url":"https:\/\/kapitalis.com\/tunisie\/wp-content\/uploads\/2022\/05\/Kapitalis-big-size.png","contentUrl":"https:\/\/kapitalis.com\/tunisie\/wp-content\/uploads\/2022\/05\/Kapitalis-big-size.png","width":5000,"height":1500,"caption":"Kapitalis"},"image":{"@id":"https:\/\/kapitalis.com\/tunisie\/#\/schema\/logo\/image\/"},"sameAs":["https:\/\/www.facebook.com\/KapitalisInfo\/","https:\/\/x.com\/KapitalisInfo","https:\/\/www.youtube.com\/channel\/UC-yDYrHyfFBWWZaOw3FPg9Q"]},{"@type":"Person","@id":"https:\/\/kapitalis.com\/tunisie\/#\/schema\/person\/d71f33a9ca44f7bad4698210b480c8e9","name":"webmaster kapitalis","url":"https:\/\/kapitalis.com\/tunisie\/author\/webmaster-kapitalis\/"}]}},"_links":{"self":[{"href":"https:\/\/kapitalis.com\/tunisie\/wp-json\/wp\/v2\/posts\/186881","targetHints":{"allow":["GET"]}}],"collection":[{"href":"https:\/\/kapitalis.com\/tunisie\/wp-json\/wp\/v2\/posts"}],"about":[{"href":"https:\/\/kapitalis.com\/tunisie\/wp-json\/wp\/v2\/types\/post"}],"author":[{"embeddable":true,"href":"https:\/\/kapitalis.com\/tunisie\/wp-json\/wp\/v2\/users\/8"}],"replies":[{"embeddable":true,"href":"https:\/\/kapitalis.com\/tunisie\/wp-json\/wp\/v2\/comments?post=186881"}],"version-history":[{"count":0,"href":"https:\/\/kapitalis.com\/tunisie\/wp-json\/wp\/v2\/posts\/186881\/revisions"}],"wp:attachment":[{"href":"https:\/\/kapitalis.com\/tunisie\/wp-json\/wp\/v2\/media?parent=186881"}],"wp:term":[{"taxonomy":"category","embeddable":true,"href":"https:\/\/kapitalis.com\/tunisie\/wp-json\/wp\/v2\/categories?post=186881"},{"taxonomy":"post_tag","embeddable":true,"href":"https:\/\/kapitalis.com\/tunisie\/wp-json\/wp\/v2\/tags?post=186881"}],"curies":[{"name":"wp","href":"https:\/\/api.w.org\/{rel}","templated":true}]}}